{"id":59534,"date":"2021-01-18T16:45:32","date_gmt":"2021-01-18T16:45:32","guid":{"rendered":"https:\/\/www.altominho.tv\/site\/?p=59534"},"modified":"2021-01-18T16:45:35","modified_gmt":"2021-01-18T16:45:35","slug":"lar-em-vila-nova-de-cerveira-regista-quatro-mortes","status":"publish","type":"post","link":"https:\/\/www.altominho.tv\/site\/2021\/01\/18\/lar-em-vila-nova-de-cerveira-regista-quatro-mortes\/","title":{"rendered":"Lar em Vila Nova de Cerveira regista quatro mortes"},"content":{"rendered":"\n<p>Quatro dos 41 utentes do Lar Maria Lu\u00edsa, da Miseric\u00f3rdia de Vila Nova de Cerveira, no distrito de Viana do Castelo, infetados com o v\u00edrus SARS-CoV-2 morreram nos \u00faltimos tr\u00eas dias, disse hoje \u00e0 Lusa o provedor.<\/p>\n\n\n\n<p><br>&#8220;Hoje morreu o quarto utente. No domingo morrem dois e no s\u00e1bado regist\u00e1mos a primeira morte por covid-19, sendo que, do total de mortes, duas ocorreram na institui\u00e7\u00e3o e outras duas no hospital. Todos os utentes tinham mais de 80 anos&#8221;, especificou Rui Cruz.<\/p>\n\n\n\n<p><br>O respons\u00e1vel adiantou que, &#8220;dos 37 utentes infetados, um encontra-se hospitalizado, encontrando-se todos est\u00e1veis&#8221;.<\/p>\n\n\n\n<p><br>O lar Maria Lu\u00edsa tem cerca de 70 utentes e 48 funcion\u00e1rios, dos quais nove infetados com o v\u00edrus SARS-CoV-2.<br>&#8220;Hoje volt\u00e1mos a testar todos os utentes e funcion\u00e1rios da institui\u00e7\u00e3o&#8221;, referiu Rui Cruz.<\/p>\n\n\n\n<p><br>Os idosos que &#8220;n\u00e3o est\u00e3o infetados est\u00e3o isolados em alas existentes na institui\u00e7\u00e3o&#8221;.<br>O primeiro surto que atingiu a institui\u00e7\u00e3o teve in\u00edcio no dia 12.<br>Na altura, \u00e0 Lusa, o provedor explicou que &#8220;um utente sofreu uma queda e foi transportado ao hospital de Santa Luzia, em Viana do Castelo, tendo sido testado no hospital e confirmada a infe\u00e7\u00e3o pelo v\u00edrus SARS-Cov-2, que provoca a covid-19&#8221;.<\/p>\n\n\n\n<p><br>A pandemia de covid-19 provocou, pelo menos, 2.031.048 mortos resultantes de mais de 94,9 milh\u00f5es de casos de infe\u00e7\u00e3o em todo o mundo, segundo um balan\u00e7o feito pela ag\u00eancia francesa AFP.<\/p>\n\n\n\n<p><br>Em Portugal, morreram 9.028 pessoas dos 556.503 casos de infe\u00e7\u00e3o confirmados, de acordo com o boletim mais recente da Dire\u00e7\u00e3o-Geral da Sa\u00fade.<br>A doen\u00e7a \u00e9 transmitida por um novo coronav\u00edrus detetado no final de dezembro de 2019, em Wuhan, uma cidade do centro da China.<\/p>\n","protected":false},"excerpt":{"rendered":"<p>Quatro dos 41 utentes do Lar Maria Lu\u00edsa, da Miseric\u00f3rdia de Vila Nova de Cerveira, no distrito de Viana do Castelo, infetados com o v\u00edrus SARS-CoV-2 morreram nos \u00faltimos tr\u00eas dias, disse hoje \u00e0 Lusa o provedor. &#8220;Hoje morreu o quarto utente. No domingo morrem dois e no s\u00e1bado regist\u00e1mos a primeira morte por covid-19, [&hellip;]<\/p>\n","protected":false},"author":1,"featured_media":59535,"comment_status":"closed","ping_status":"closed","sticky":false,"template":"","format":"standard","meta":{"_exactmetrics_skip_tracking":false,"_exactmetrics_sitenote_active":false,"_exactmetrics_sitenote_note":"","_exactmetrics_sitenote_category":0,"footnotes":""},"categories":[15],"tags":[27],"class_list":["post-59534","post","type-post","status-publish","format-standard","has-post-thumbnail","hentry","category-vila-nova-de-cerveira","tag-sociedade"],"yoast_head":"<!-- This site is optimized with the Yoast SEO Premium plugin v27.5 (Yoast SEO v27.5) - https:\/\/yoast.com\/product\/yoast-seo-premium-wordpress\/ -->\n<title>Lar em Vila Nova de Cerveira regista quatro mortes<\/title>\n<meta name=\"robots\" content=\"index, follow, max-snippet:-1, max-image-preview:large, max-video-preview:-1\" \/>\n<link rel=\"canonical\" href=\"https:\/\/www.altominho.tv\/site\/2021\/01\/18\/lar-em-vila-nova-de-cerveira-regista-quatro-mortes\/\" \/>\n<meta property=\"og:locale\" content=\"pt_PT\" \/>\n<meta property=\"og:type\" content=\"article\" \/>\n<meta property=\"og:title\" content=\"Lar em Vila Nova de Cerveira regista quatro mortes\" \/>\n<meta property=\"og:description\" content=\"Quatro dos 41 utentes do Lar Maria Lu\u00edsa, da Miseric\u00f3rdia de Vila Nova de Cerveira, no distrito de Viana do Castelo, infetados com o v\u00edrus SARS-CoV-2 morreram nos \u00faltimos tr\u00eas dias, disse hoje \u00e0 Lusa o provedor. &#8220;Hoje morreu o quarto utente. No domingo morrem dois e no s\u00e1bado regist\u00e1mos a primeira morte por covid-19, [&hellip;]\" \/>\n<meta property=\"og:url\" content=\"https:\/\/www.altominho.tv\/site\/2021\/01\/18\/lar-em-vila-nova-de-cerveira-regista-quatro-mortes\/\" \/>\n<meta property=\"og:site_name\" content=\"Altominho.tv\" \/>\n<meta property=\"article:publisher\" content=\"https:\/\/www.facebook.com\/altominhotv\" \/>\n<meta property=\"article:published_time\" content=\"2021-01-18T16:45:32+00:00\" \/>\n<meta property=\"article:modified_time\" content=\"2021-01-18T16:45:35+00:00\" \/>\n<meta property=\"og:image\" content=\"https:\/\/www.altominho.tv\/site\/wp-content\/uploads\/2021\/01\/lar.jpg\" \/>\n\t<meta property=\"og:image:width\" content=\"1066\" \/>\n\t<meta property=\"og:image:height\" content=\"800\" \/>\n\t<meta property=\"og:image:type\" content=\"image\/jpeg\" \/>\n<meta name=\"author\" content=\"Altominho.tv\" \/>\n<meta name=\"twitter:card\" content=\"summary_large_image\" \/>\n<meta name=\"twitter:creator\" content=\"@altominhoTV\" \/>\n<meta name=\"twitter:site\" content=\"@altominhoTV\" \/>\n<meta name=\"twitter:label1\" content=\"Escrito por\" \/>\n\t<meta name=\"twitter:data1\" content=\"Altominho.tv\" \/>\n\t<meta name=\"twitter:label2\" content=\"Tempo estimado de leitura\" \/>\n\t<meta name=\"twitter:data2\" content=\"1 minuto\" \/>\n<script type=\"application\/ld+json\" class=\"yoast-schema-graph\">{\"@context\":\"https:\\\/\\\/schema.org\",\"@graph\":[{\"@type\":\"Article\",\"@id\":\"https:\\\/\\\/www.altominho.tv\\\/site\\\/2021\\\/01\\\/18\\\/lar-em-vila-nova-de-cerveira-regista-quatro-mortes\\\/#article\",\"isPartOf\":{\"@id\":\"https:\\\/\\\/www.altominho.tv\\\/site\\\/2021\\\/01\\\/18\\\/lar-em-vila-nova-de-cerveira-regista-quatro-mortes\\\/\"},\"author\":{\"name\":\"Altominho.tv\",\"@id\":\"https:\\\/\\\/www.altominho.tv\\\/site\\\/#\\\/schema\\\/person\\\/4e536851627d7914baf3dac752b6af22\"},\"headline\":\"Lar em Vila Nova de Cerveira regista quatro mortes\",\"datePublished\":\"2021-01-18T16:45:32+00:00\",\"dateModified\":\"2021-01-18T16:45:35+00:00\",\"mainEntityOfPage\":{\"@id\":\"https:\\\/\\\/www.altominho.tv\\\/site\\\/2021\\\/01\\\/18\\\/lar-em-vila-nova-de-cerveira-regista-quatro-mortes\\\/\"},\"wordCount\":298,\"image\":{\"@id\":\"https:\\\/\\\/www.altominho.tv\\\/site\\\/2021\\\/01\\\/18\\\/lar-em-vila-nova-de-cerveira-regista-quatro-mortes\\\/#primaryimage\"},\"thumbnailUrl\":\"https:\\\/\\\/www.altominho.tv\\\/site\\\/wp-content\\\/uploads\\\/2021\\\/01\\\/lar.jpg\",\"keywords\":[\"Sociedade\"],\"articleSection\":[\"Vila Nova de Cerveira\"],\"inLanguage\":\"pt-PT\",\"copyrightYear\":\"2021\",\"copyrightHolder\":{\"@id\":\"https:\\\/\\\/www.altominho.tv\\\/site\\\/#organization\"}},{\"@type\":\"WebPage\",\"@id\":\"https:\\\/\\\/www.altominho.tv\\\/site\\\/2021\\\/01\\\/18\\\/lar-em-vila-nova-de-cerveira-regista-quatro-mortes\\\/\",\"url\":\"https:\\\/\\\/www.altominho.tv\\\/site\\\/2021\\\/01\\\/18\\\/lar-em-vila-nova-de-cerveira-regista-quatro-mortes\\\/\",\"name\":\"Lar em Vila Nova de Cerveira regista quatro mortes\",\"isPartOf\":{\"@id\":\"https:\\\/\\\/www.altominho.tv\\\/site\\\/#website\"},\"primaryImageOfPage\":{\"@id\":\"https:\\\/\\\/www.altominho.tv\\\/site\\\/2021\\\/01\\\/18\\\/lar-em-vila-nova-de-cerveira-regista-quatro-mortes\\\/#primaryimage\"},\"image\":{\"@id\":\"https:\\\/\\\/www.altominho.tv\\\/site\\\/2021\\\/01\\\/18\\\/lar-em-vila-nova-de-cerveira-regista-quatro-mortes\\\/#primaryimage\"},\"thumbnailUrl\":\"https:\\\/\\\/www.altominho.tv\\\/site\\\/wp-content\\\/uploads\\\/2021\\\/01\\\/lar.jpg\",\"datePublished\":\"2021-01-18T16:45:32+00:00\",\"dateModified\":\"2021-01-18T16:45:35+00:00\",\"author\":{\"@id\":\"https:\\\/\\\/www.altominho.tv\\\/site\\\/#\\\/schema\\\/person\\\/4e536851627d7914baf3dac752b6af22\"},\"breadcrumb\":{\"@id\":\"https:\\\/\\\/www.altominho.tv\\\/site\\\/2021\\\/01\\\/18\\\/lar-em-vila-nova-de-cerveira-regista-quatro-mortes\\\/#breadcrumb\"},\"inLanguage\":\"pt-PT\",\"potentialAction\":[{\"@type\":\"ReadAction\",\"target\":[\"https:\\\/\\\/www.altominho.tv\\\/site\\\/2021\\\/01\\\/18\\\/lar-em-vila-nova-de-cerveira-regista-quatro-mortes\\\/\"]}]},{\"@type\":\"ImageObject\",\"inLanguage\":\"pt-PT\",\"@id\":\"https:\\\/\\\/www.altominho.tv\\\/site\\\/2021\\\/01\\\/18\\\/lar-em-vila-nova-de-cerveira-regista-quatro-mortes\\\/#primaryimage\",\"url\":\"https:\\\/\\\/www.altominho.tv\\\/site\\\/wp-content\\\/uploads\\\/2021\\\/01\\\/lar.jpg\",\"contentUrl\":\"https:\\\/\\\/www.altominho.tv\\\/site\\\/wp-content\\\/uploads\\\/2021\\\/01\\\/lar.jpg\",\"width\":1066,\"height\":800},{\"@type\":\"BreadcrumbList\",\"@id\":\"https:\\\/\\\/www.altominho.tv\\\/site\\\/2021\\\/01\\\/18\\\/lar-em-vila-nova-de-cerveira-regista-quatro-mortes\\\/#breadcrumb\",\"itemListElement\":[{\"@type\":\"ListItem\",\"position\":1,\"name\":\"In\u00edcio\",\"item\":\"https:\\\/\\\/www.altominho.tv\\\/site\\\/\"},{\"@type\":\"ListItem\",\"position\":2,\"name\":\"Lar em Vila Nova de Cerveira regista quatro mortes\"}]},{\"@type\":\"WebSite\",\"@id\":\"https:\\\/\\\/www.altominho.tv\\\/site\\\/#website\",\"url\":\"https:\\\/\\\/www.altominho.tv\\\/site\\\/\",\"name\":\"Altominho.tv\",\"description\":\"A sua regi\u00e3o \u00e0 dist\u00e2ncia de um clique...\",\"potentialAction\":[{\"@type\":\"SearchAction\",\"target\":{\"@type\":\"EntryPoint\",\"urlTemplate\":\"https:\\\/\\\/www.altominho.tv\\\/site\\\/?s={search_term_string}\"},\"query-input\":{\"@type\":\"PropertyValueSpecification\",\"valueRequired\":true,\"valueName\":\"search_term_string\"}}],\"inLanguage\":\"pt-PT\"},{\"@type\":\"Person\",\"@id\":\"https:\\\/\\\/www.altominho.tv\\\/site\\\/#\\\/schema\\\/person\\\/4e536851627d7914baf3dac752b6af22\",\"name\":\"Altominho.tv\",\"image\":{\"@type\":\"ImageObject\",\"inLanguage\":\"pt-PT\",\"@id\":\"https:\\\/\\\/www.altominho.tv\\\/site\\\/wp-content\\\/uploads\\\/2019\\\/11\\\/Logo_Avatar_2-150x150.jpg\",\"url\":\"https:\\\/\\\/www.altominho.tv\\\/site\\\/wp-content\\\/uploads\\\/2019\\\/11\\\/Logo_Avatar_2-150x150.jpg\",\"contentUrl\":\"https:\\\/\\\/www.altominho.tv\\\/site\\\/wp-content\\\/uploads\\\/2019\\\/11\\\/Logo_Avatar_2-150x150.jpg\",\"caption\":\"Altominho.tv\"},\"url\":\"https:\\\/\\\/www.altominho.tv\\\/site\\\/author\\\/altominhotv-tecnico\\\/\"}]}<\/script>\n<!-- \/ Yoast SEO Premium plugin. -->","yoast_head_json":{"title":"Lar em Vila Nova de Cerveira regista quatro mortes","robots":{"index":"index","follow":"follow","max-snippet":"max-snippet:-1","max-image-preview":"max-image-preview:large","max-video-preview":"max-video-preview:-1"},"canonical":"https:\/\/www.altominho.tv\/site\/2021\/01\/18\/lar-em-vila-nova-de-cerveira-regista-quatro-mortes\/","og_locale":"pt_PT","og_type":"article","og_title":"Lar em Vila Nova de Cerveira regista quatro mortes","og_description":"Quatro dos 41 utentes do Lar Maria Lu\u00edsa, da Miseric\u00f3rdia de Vila Nova de Cerveira, no distrito de Viana do Castelo, infetados com o v\u00edrus SARS-CoV-2 morreram nos \u00faltimos tr\u00eas dias, disse hoje \u00e0 Lusa o provedor. &#8220;Hoje morreu o quarto utente. No domingo morrem dois e no s\u00e1bado regist\u00e1mos a primeira morte por covid-19, [&hellip;]","og_url":"https:\/\/www.altominho.tv\/site\/2021\/01\/18\/lar-em-vila-nova-de-cerveira-regista-quatro-mortes\/","og_site_name":"Altominho.tv","article_publisher":"https:\/\/www.facebook.com\/altominhotv","article_published_time":"2021-01-18T16:45:32+00:00","article_modified_time":"2021-01-18T16:45:35+00:00","og_image":[{"width":1066,"height":800,"url":"https:\/\/www.altominho.tv\/site\/wp-content\/uploads\/2021\/01\/lar.jpg","type":"image\/jpeg"}],"author":"Altominho.tv","twitter_card":"summary_large_image","twitter_creator":"@altominhoTV","twitter_site":"@altominhoTV","twitter_misc":{"Escrito por":"Altominho.tv","Tempo estimado de leitura":"1 minuto"},"schema":{"@context":"https:\/\/schema.org","@graph":[{"@type":"Article","@id":"https:\/\/www.altominho.tv\/site\/2021\/01\/18\/lar-em-vila-nova-de-cerveira-regista-quatro-mortes\/#article","isPartOf":{"@id":"https:\/\/www.altominho.tv\/site\/2021\/01\/18\/lar-em-vila-nova-de-cerveira-regista-quatro-mortes\/"},"author":{"name":"Altominho.tv","@id":"https:\/\/www.altominho.tv\/site\/#\/schema\/person\/4e536851627d7914baf3dac752b6af22"},"headline":"Lar em Vila Nova de Cerveira regista quatro mortes","datePublished":"2021-01-18T16:45:32+00:00","dateModified":"2021-01-18T16:45:35+00:00","mainEntityOfPage":{"@id":"https:\/\/www.altominho.tv\/site\/2021\/01\/18\/lar-em-vila-nova-de-cerveira-regista-quatro-mortes\/"},"wordCount":298,"image":{"@id":"https:\/\/www.altominho.tv\/site\/2021\/01\/18\/lar-em-vila-nova-de-cerveira-regista-quatro-mortes\/#primaryimage"},"thumbnailUrl":"https:\/\/www.altominho.tv\/site\/wp-content\/uploads\/2021\/01\/lar.jpg","keywords":["Sociedade"],"articleSection":["Vila Nova de Cerveira"],"inLanguage":"pt-PT","copyrightYear":"2021","copyrightHolder":{"@id":"https:\/\/www.altominho.tv\/site\/#organization"}},{"@type":"WebPage","@id":"https:\/\/www.altominho.tv\/site\/2021\/01\/18\/lar-em-vila-nova-de-cerveira-regista-quatro-mortes\/","url":"https:\/\/www.altominho.tv\/site\/2021\/01\/18\/lar-em-vila-nova-de-cerveira-regista-quatro-mortes\/","name":"Lar em Vila Nova de Cerveira regista quatro mortes","isPartOf":{"@id":"https:\/\/www.altominho.tv\/site\/#website"},"primaryImageOfPage":{"@id":"https:\/\/www.altominho.tv\/site\/2021\/01\/18\/lar-em-vila-nova-de-cerveira-regista-quatro-mortes\/#primaryimage"},"image":{"@id":"https:\/\/www.altominho.tv\/site\/2021\/01\/18\/lar-em-vila-nova-de-cerveira-regista-quatro-mortes\/#primaryimage"},"thumbnailUrl":"https:\/\/www.altominho.tv\/site\/wp-content\/uploads\/2021\/01\/lar.jpg","datePublished":"2021-01-18T16:45:32+00:00","dateModified":"2021-01-18T16:45:35+00:00","author":{"@id":"https:\/\/www.altominho.tv\/site\/#\/schema\/person\/4e536851627d7914baf3dac752b6af22"},"breadcrumb":{"@id":"https:\/\/www.altominho.tv\/site\/2021\/01\/18\/lar-em-vila-nova-de-cerveira-regista-quatro-mortes\/#breadcrumb"},"inLanguage":"pt-PT","potentialAction":[{"@type":"ReadAction","target":["https:\/\/www.altominho.tv\/site\/2021\/01\/18\/lar-em-vila-nova-de-cerveira-regista-quatro-mortes\/"]}]},{"@type":"ImageObject","inLanguage":"pt-PT","@id":"https:\/\/www.altominho.tv\/site\/2021\/01\/18\/lar-em-vila-nova-de-cerveira-regista-quatro-mortes\/#primaryimage","url":"https:\/\/www.altominho.tv\/site\/wp-content\/uploads\/2021\/01\/lar.jpg","contentUrl":"https:\/\/www.altominho.tv\/site\/wp-content\/uploads\/2021\/01\/lar.jpg","width":1066,"height":800},{"@type":"BreadcrumbList","@id":"https:\/\/www.altominho.tv\/site\/2021\/01\/18\/lar-em-vila-nova-de-cerveira-regista-quatro-mortes\/#breadcrumb","itemListElement":[{"@type":"ListItem","position":1,"name":"In\u00edcio","item":"https:\/\/www.altominho.tv\/site\/"},{"@type":"ListItem","position":2,"name":"Lar em Vila Nova de Cerveira regista quatro mortes"}]},{"@type":"WebSite","@id":"https:\/\/www.altominho.tv\/site\/#website","url":"https:\/\/www.altominho.tv\/site\/","name":"Altominho.tv","description":"A sua regi\u00e3o \u00e0 dist\u00e2ncia de um clique...","potentialAction":[{"@type":"SearchAction","target":{"@type":"EntryPoint","urlTemplate":"https:\/\/www.altominho.tv\/site\/?s={search_term_string}"},"query-input":{"@type":"PropertyValueSpecification","valueRequired":true,"valueName":"search_term_string"}}],"inLanguage":"pt-PT"},{"@type":"Person","@id":"https:\/\/www.altominho.tv\/site\/#\/schema\/person\/4e536851627d7914baf3dac752b6af22","name":"Altominho.tv","image":{"@type":"ImageObject","inLanguage":"pt-PT","@id":"https:\/\/www.altominho.tv\/site\/wp-content\/uploads\/2019\/11\/Logo_Avatar_2-150x150.jpg","url":"https:\/\/www.altominho.tv\/site\/wp-content\/uploads\/2019\/11\/Logo_Avatar_2-150x150.jpg","contentUrl":"https:\/\/www.altominho.tv\/site\/wp-content\/uploads\/2019\/11\/Logo_Avatar_2-150x150.jpg","caption":"Altominho.tv"},"url":"https:\/\/www.altominho.tv\/site\/author\/altominhotv-tecnico\/"}]}},"_links":{"self":[{"href":"https:\/\/www.altominho.tv\/site\/wp-json\/wp\/v2\/posts\/59534","targetHints":{"allow":["GET"]}}],"collection":[{"href":"https:\/\/www.altominho.tv\/site\/wp-json\/wp\/v2\/posts"}],"about":[{"href":"https:\/\/www.altominho.tv\/site\/wp-json\/wp\/v2\/types\/post"}],"author":[{"embeddable":true,"href":"https:\/\/www.altominho.tv\/site\/wp-json\/wp\/v2\/users\/1"}],"replies":[{"embeddable":true,"href":"https:\/\/www.altominho.tv\/site\/wp-json\/wp\/v2\/comments?post=59534"}],"version-history":[{"count":0,"href":"https:\/\/www.altominho.tv\/site\/wp-json\/wp\/v2\/posts\/59534\/revisions"}],"wp:featuredmedia":[{"embeddable":true,"href":"https:\/\/www.altominho.tv\/site\/wp-json\/wp\/v2\/media\/59535"}],"wp:attachment":[{"href":"https:\/\/www.altominho.tv\/site\/wp-json\/wp\/v2\/media?parent=59534"}],"wp:term":[{"taxonomy":"category","embeddable":true,"href":"https:\/\/www.altominho.tv\/site\/wp-json\/wp\/v2\/categories?post=59534"},{"taxonomy":"post_tag","embeddable":true,"href":"https:\/\/www.altominho.tv\/site\/wp-json\/wp\/v2\/tags?post=59534"}],"curies":[{"name":"wp","href":"https:\/\/api.w.org\/{rel}","templated":true}]}}