{"id":59286,"date":"2021-01-15T09:25:56","date_gmt":"2021-01-15T09:25:56","guid":{"rendered":"https:\/\/www.altominho.tv\/site\/?p=59286"},"modified":"2021-01-15T09:26:00","modified_gmt":"2021-01-15T09:26:00","slug":"mais-de-246-mil-eleitores-pediram-para-votar-ja-este-domingo","status":"publish","type":"post","link":"https:\/\/www.altominho.tv\/site\/2021\/01\/15\/mais-de-246-mil-eleitores-pediram-para-votar-ja-este-domingo\/","title":{"rendered":"Mais de 246 mil eleitores pediram para votar j\u00e1 este domingo"},"content":{"rendered":"\n<p class=\"wp-block-paragraph\">Mais de 246 mil pessoas pediram o voto antecipado em mobilidade para as presidenciais de 24 de janeiro em quatro dias, disse hoje \u00e0 Lusa fonte do Minist\u00e9rio da Administra\u00e7\u00e3o Interna (MAI).<\/p>\n\n\n\n<p class=\"wp-block-paragraph\">At\u00e9 \u00e0s 23:59 de quinta-feira, prazo final para o voto antecipado, inscreveram-se 246.876 eleitores.<\/p>\n\n\n\n<p class=\"wp-block-paragraph\">Segundo o MAI, estes ainda n\u00e3o s\u00e3o n\u00fameros finais, dado que ainda falta contabilizar as inscri\u00e7\u00f5es por correio.<\/p>\n\n\n\n<p class=\"wp-block-paragraph\">Em tempos de pandemia de covid-19 e numa altura em que se espera novo confinamento geral, batem-se diariamente recordes na inscri\u00e7\u00e3o para o voto antecipado.<\/p>\n\n\n\n<p class=\"wp-block-paragraph\">Nas \u00faltimas legislativas, em 2019, 50.638 eleitores votaram antecipadamente, tendo-se inscrito 56.287.<\/p>\n\n\n\n<p class=\"wp-block-paragraph\">Os portugueses que n\u00e3o puderem votar nas presidenciais em 24 de janeiro podiam pedir, at\u00e9 \u00e0s 24:00 de quinta-feira, para exercer o seu direito de voto uma semana antes, numa mesa de voto \u00e0 sua escolha.<\/p>\n\n\n\n<p class=\"wp-block-paragraph\">O voto antecipado em mobilidade foi alargado por lei aprovada no parlamento e pode ser feito na sede de cada um dos 308 concelhos do pa\u00eds, em vez da sede do distrito, como aconteceu nas elei\u00e7\u00f5es europeias e legislativas de 2019.<\/p>\n\n\n\n<p class=\"wp-block-paragraph\">Assim, quem queria antecipar o seu voto para 17 de janeiro, numa qualquer c\u00e2mara municipal, em vez do dia 24 na mesa de voto onde est\u00e1 inscrito, tinha de pedir at\u00e9 ao fim do dia de quinta-feira.<\/p>\n\n\n\n<p class=\"wp-block-paragraph\">O pedido era feito por via eletr\u00f3nica junto do Minist\u00e9rio da Administra\u00e7\u00e3o Interna no &#8220;site&#8221; www.votoantecipado.mai.gov.pt ou atrav\u00e9s de correio normal.<\/p>\n\n\n\n<p class=\"wp-block-paragraph\">No dia 17 de janeiro, o eleitor vota na mesa do local escolhido, de acordo com a altera\u00e7\u00e3o \u00e0 lei, aprovada em outubro pela Assembleia da Rep\u00fablica.<\/p>\n\n\n\n<p class=\"wp-block-paragraph\">A pandemia de covid-19 provocou pelo menos 1.979.596 mortos resultantes de mais de 92,3 milh\u00f5es de casos de infe\u00e7\u00e3o em todo o mundo, segundo um balan\u00e7o feito pela ag\u00eancia francesa AFP.<\/p>\n\n\n\n<p class=\"wp-block-paragraph\">Em Portugal, morreram 8.384 pessoas dos 517.806 casos de infe\u00e7\u00e3o confirmados, de acordo com o boletim mais recente da Dire\u00e7\u00e3o-Geral da Sa\u00fade.<\/p>\n\n\n\n<p class=\"wp-block-paragraph\">As elei\u00e7\u00f5es presidenciais, que se realizam em plena epidemia de covid-19 em Portugal, est\u00e3o marcadas para 24 de janeiro e esta \u00e9 a 10.\u00aa vez que os portugueses s\u00e3o chamados a escolher o Presidente da Rep\u00fablica em democracia, desde 1976.<\/p>\n\n\n\n<p class=\"wp-block-paragraph\">A campanha eleitoral come\u00e7ou no dia 10 e termina em 22 de janeiro. Concorrem \u00e0s elei\u00e7\u00f5es sete candidatos, Marisa Matias (apoiada pelo Bloco de Esquerda), Marcelo Rebelo de Sousa (PSD e CDS\/PP) Tiago Mayan Gon\u00e7alves (Iniciativa Liberal), Andr\u00e9 Ventura (Chega), Vitorino Silva, mais conhecido por Tino de Rans, Jo\u00e3o Ferreira (PCP e PEV) e a militante do PS Ana Gomes (PAN e Livre).<\/p>\n","protected":false},"excerpt":{"rendered":"<p>Mais de 246 mil pessoas pediram o voto antecipado em mobilidade para as presidenciais de 24 de janeiro em quatro dias, disse hoje \u00e0 Lusa fonte do Minist\u00e9rio da Administra\u00e7\u00e3o Interna (MAI). At\u00e9 \u00e0s 23:59 de quinta-feira, prazo final para o voto antecipado, inscreveram-se 246.876 eleitores. Segundo o MAI, estes ainda n\u00e3o s\u00e3o n\u00fameros finais, [&hellip;]<\/p>\n","protected":false},"author":13,"featured_media":59287,"comment_status":"closed","ping_status":"closed","sticky":false,"template":"","format":"standard","meta":{"_exactmetrics_skip_tracking":false,"footnotes":""},"categories":[73],"tags":[27],"class_list":["post-59286","post","type-post","status-publish","format-standard","has-post-thumbnail","hentry","category-alto-minho","tag-sociedade"],"yoast_head":"<!-- This site is optimized with the Yoast SEO Premium plugin v28.3 (Yoast SEO v28.3) - https:\/\/yoast.com\/product\/yoast-seo-premium-wordpress\/ -->\n<title>Mais de 246 mil eleitores pediram para votar j\u00e1 este domingo<\/title>\n<meta name=\"robots\" content=\"index, follow, max-snippet:-1, max-image-preview:large, max-video-preview:-1\" \/>\n<link rel=\"canonical\" href=\"https:\/\/www.altominho.tv\/site\/2021\/01\/15\/mais-de-246-mil-eleitores-pediram-para-votar-ja-este-domingo\/\" \/>\n<meta property=\"og:locale\" content=\"pt_PT\" \/>\n<meta property=\"og:type\" content=\"article\" \/>\n<meta property=\"og:title\" content=\"Mais de 246 mil eleitores pediram para votar j\u00e1 este domingo\" \/>\n<meta property=\"og:description\" content=\"Mais de 246 mil pessoas pediram o voto antecipado em mobilidade para as presidenciais de 24 de janeiro em quatro dias, disse hoje \u00e0 Lusa fonte do Minist\u00e9rio da Administra\u00e7\u00e3o Interna (MAI). At\u00e9 \u00e0s 23:59 de quinta-feira, prazo final para o voto antecipado, inscreveram-se 246.876 eleitores. Segundo o MAI, estes ainda n\u00e3o s\u00e3o n\u00fameros finais, [&hellip;]\" \/>\n<meta property=\"og:url\" content=\"https:\/\/www.altominho.tv\/site\/2021\/01\/15\/mais-de-246-mil-eleitores-pediram-para-votar-ja-este-domingo\/\" \/>\n<meta property=\"og:site_name\" content=\"Altominho.tv\" \/>\n<meta property=\"article:publisher\" content=\"https:\/\/www.facebook.com\/altominhotv\" \/>\n<meta property=\"article:published_time\" content=\"2021-01-15T09:25:56+00:00\" \/>\n<meta property=\"article:modified_time\" content=\"2021-01-15T09:26:00+00:00\" \/>\n<meta property=\"og:image\" content=\"https:\/\/www.altominho.tv\/site\/wp-content\/uploads\/2021\/01\/image-1.jpeg\" \/>\n\t<meta property=\"og:image:width\" content=\"744\" \/>\n\t<meta property=\"og:image:height\" content=\"495\" \/>\n\t<meta property=\"og:image:type\" content=\"image\/jpeg\" \/>\n<meta name=\"author\" content=\"Lusa\" \/>\n<meta name=\"twitter:card\" content=\"summary_large_image\" \/>\n<meta name=\"twitter:creator\" content=\"@altominhoTV\" \/>\n<meta name=\"twitter:site\" content=\"@altominhoTV\" \/>\n<meta name=\"twitter:label1\" content=\"Escrito por\" \/>\n\t<meta name=\"twitter:data1\" content=\"Lusa\" \/>\n\t<meta name=\"twitter:label2\" content=\"Tempo estimado de leitura\" \/>\n\t<meta name=\"twitter:data2\" content=\"2 minutos\" \/>\n<script type=\"application\/ld+json\" class=\"yoast-schema-graph\">{\"@context\":\"https:\\\/\\\/schema.org\",\"@graph\":[{\"@type\":\"Article\",\"@id\":\"https:\\\/\\\/www.altominho.tv\\\/site\\\/2021\\\/01\\\/15\\\/mais-de-246-mil-eleitores-pediram-para-votar-ja-este-domingo\\\/#article\",\"isPartOf\":{\"@id\":\"https:\\\/\\\/www.altominho.tv\\\/site\\\/2021\\\/01\\\/15\\\/mais-de-246-mil-eleitores-pediram-para-votar-ja-este-domingo\\\/\"},\"author\":{\"name\":\"Lusa\",\"@id\":\"https:\\\/\\\/www.altominho.tv\\\/site\\\/#\\\/schema\\\/person\\\/63f693da3e1899361cbe955c46f3232e\"},\"headline\":\"Mais de 246 mil eleitores pediram para votar j\u00e1 este domingo\",\"datePublished\":\"2021-01-15T09:25:56+00:00\",\"dateModified\":\"2021-01-15T09:26:00+00:00\",\"mainEntityOfPage\":{\"@id\":\"https:\\\/\\\/www.altominho.tv\\\/site\\\/2021\\\/01\\\/15\\\/mais-de-246-mil-eleitores-pediram-para-votar-ja-este-domingo\\\/\"},\"wordCount\":439,\"image\":{\"@id\":\"https:\\\/\\\/www.altominho.tv\\\/site\\\/2021\\\/01\\\/15\\\/mais-de-246-mil-eleitores-pediram-para-votar-ja-este-domingo\\\/#primaryimage\"},\"thumbnailUrl\":\"https:\\\/\\\/www.altominho.tv\\\/site\\\/wp-content\\\/uploads\\\/2021\\\/01\\\/image-1.jpeg\",\"keywords\":[\"Sociedade\"],\"articleSection\":[\"Alto Minho\"],\"inLanguage\":\"pt-PT\",\"copyrightYear\":\"2021\",\"copyrightHolder\":{\"@id\":\"https:\\\/\\\/www.altominho.tv\\\/site\\\/#organization\"}},{\"@type\":\"WebPage\",\"@id\":\"https:\\\/\\\/www.altominho.tv\\\/site\\\/2021\\\/01\\\/15\\\/mais-de-246-mil-eleitores-pediram-para-votar-ja-este-domingo\\\/\",\"url\":\"https:\\\/\\\/www.altominho.tv\\\/site\\\/2021\\\/01\\\/15\\\/mais-de-246-mil-eleitores-pediram-para-votar-ja-este-domingo\\\/\",\"name\":\"Mais de 246 mil eleitores pediram para votar j\u00e1 este domingo\",\"isPartOf\":{\"@id\":\"https:\\\/\\\/www.altominho.tv\\\/site\\\/#website\"},\"primaryImageOfPage\":{\"@id\":\"https:\\\/\\\/www.altominho.tv\\\/site\\\/2021\\\/01\\\/15\\\/mais-de-246-mil-eleitores-pediram-para-votar-ja-este-domingo\\\/#primaryimage\"},\"image\":{\"@id\":\"https:\\\/\\\/www.altominho.tv\\\/site\\\/2021\\\/01\\\/15\\\/mais-de-246-mil-eleitores-pediram-para-votar-ja-este-domingo\\\/#primaryimage\"},\"thumbnailUrl\":\"https:\\\/\\\/www.altominho.tv\\\/site\\\/wp-content\\\/uploads\\\/2021\\\/01\\\/image-1.jpeg\",\"datePublished\":\"2021-01-15T09:25:56+00:00\",\"dateModified\":\"2021-01-15T09:26:00+00:00\",\"author\":{\"@id\":\"https:\\\/\\\/www.altominho.tv\\\/site\\\/#\\\/schema\\\/person\\\/63f693da3e1899361cbe955c46f3232e\"},\"breadcrumb\":{\"@id\":\"https:\\\/\\\/www.altominho.tv\\\/site\\\/2021\\\/01\\\/15\\\/mais-de-246-mil-eleitores-pediram-para-votar-ja-este-domingo\\\/#breadcrumb\"},\"inLanguage\":\"pt-PT\",\"potentialAction\":[{\"@type\":\"ReadAction\",\"target\":[\"https:\\\/\\\/www.altominho.tv\\\/site\\\/2021\\\/01\\\/15\\\/mais-de-246-mil-eleitores-pediram-para-votar-ja-este-domingo\\\/\"]}]},{\"@type\":\"ImageObject\",\"inLanguage\":\"pt-PT\",\"@id\":\"https:\\\/\\\/www.altominho.tv\\\/site\\\/2021\\\/01\\\/15\\\/mais-de-246-mil-eleitores-pediram-para-votar-ja-este-domingo\\\/#primaryimage\",\"url\":\"https:\\\/\\\/www.altominho.tv\\\/site\\\/wp-content\\\/uploads\\\/2021\\\/01\\\/image-1.jpeg\",\"contentUrl\":\"https:\\\/\\\/www.altominho.tv\\\/site\\\/wp-content\\\/uploads\\\/2021\\\/01\\\/image-1.jpeg\",\"width\":744,\"height\":495},{\"@type\":\"BreadcrumbList\",\"@id\":\"https:\\\/\\\/www.altominho.tv\\\/site\\\/2021\\\/01\\\/15\\\/mais-de-246-mil-eleitores-pediram-para-votar-ja-este-domingo\\\/#breadcrumb\",\"itemListElement\":[{\"@type\":\"ListItem\",\"position\":1,\"name\":\"In\u00edcio\",\"item\":\"https:\\\/\\\/www.altominho.tv\\\/site\\\/\"},{\"@type\":\"ListItem\",\"position\":2,\"name\":\"Mais de 246 mil eleitores pediram para votar j\u00e1 este domingo\"}]},{\"@type\":\"WebSite\",\"@id\":\"https:\\\/\\\/www.altominho.tv\\\/site\\\/#website\",\"url\":\"https:\\\/\\\/www.altominho.tv\\\/site\\\/\",\"name\":\"Altominho.tv\",\"description\":\"A sua regi\u00e3o \u00e0 dist\u00e2ncia de um clique...\",\"potentialAction\":[{\"@type\":\"SearchAction\",\"target\":{\"@type\":\"EntryPoint\",\"urlTemplate\":\"https:\\\/\\\/www.altominho.tv\\\/site\\\/?s={search_term_string}\"},\"query-input\":{\"@type\":\"PropertyValueSpecification\",\"valueRequired\":true,\"valueName\":\"search_term_string\"}}],\"inLanguage\":\"pt-PT\"},{\"@type\":\"Person\",\"@id\":\"https:\\\/\\\/www.altominho.tv\\\/site\\\/#\\\/schema\\\/person\\\/63f693da3e1899361cbe955c46f3232e\",\"name\":\"Lusa\",\"image\":{\"@type\":\"ImageObject\",\"inLanguage\":\"pt-PT\",\"@id\":\"https:\\\/\\\/www.altominho.tv\\\/site\\\/wp-content\\\/uploads\\\/2019\\\/08\\\/LUSA_Logo.gif\",\"url\":\"https:\\\/\\\/www.altominho.tv\\\/site\\\/wp-content\\\/uploads\\\/2019\\\/08\\\/LUSA_Logo.gif\",\"contentUrl\":\"https:\\\/\\\/www.altominho.tv\\\/site\\\/wp-content\\\/uploads\\\/2019\\\/08\\\/LUSA_Logo.gif\",\"caption\":\"Lusa\"},\"sameAs\":[\"http:\\\/\\\/\\\/\\\/www.altominho.tv\\\/site\"],\"url\":\"https:\\\/\\\/www.altominho.tv\\\/site\\\/author\\\/lusa\\\/\"}]}<\/script>\n<!-- \/ Yoast SEO Premium plugin. -->","yoast_head_json":{"title":"Mais de 246 mil eleitores pediram para votar j\u00e1 este domingo","robots":{"index":"index","follow":"follow","max-snippet":"max-snippet:-1","max-image-preview":"max-image-preview:large","max-video-preview":"max-video-preview:-1"},"canonical":"https:\/\/www.altominho.tv\/site\/2021\/01\/15\/mais-de-246-mil-eleitores-pediram-para-votar-ja-este-domingo\/","og_locale":"pt_PT","og_type":"article","og_title":"Mais de 246 mil eleitores pediram para votar j\u00e1 este domingo","og_description":"Mais de 246 mil pessoas pediram o voto antecipado em mobilidade para as presidenciais de 24 de janeiro em quatro dias, disse hoje \u00e0 Lusa fonte do Minist\u00e9rio da Administra\u00e7\u00e3o Interna (MAI). At\u00e9 \u00e0s 23:59 de quinta-feira, prazo final para o voto antecipado, inscreveram-se 246.876 eleitores. Segundo o MAI, estes ainda n\u00e3o s\u00e3o n\u00fameros finais, [&hellip;]","og_url":"https:\/\/www.altominho.tv\/site\/2021\/01\/15\/mais-de-246-mil-eleitores-pediram-para-votar-ja-este-domingo\/","og_site_name":"Altominho.tv","article_publisher":"https:\/\/www.facebook.com\/altominhotv","article_published_time":"2021-01-15T09:25:56+00:00","article_modified_time":"2021-01-15T09:26:00+00:00","og_image":[{"width":744,"height":495,"url":"https:\/\/www.altominho.tv\/site\/wp-content\/uploads\/2021\/01\/image-1.jpeg","type":"image\/jpeg"}],"author":"Lusa","twitter_card":"summary_large_image","twitter_creator":"@altominhoTV","twitter_site":"@altominhoTV","twitter_misc":{"Escrito por":"Lusa","Tempo estimado de leitura":"2 minutos"},"schema":{"@context":"https:\/\/schema.org","@graph":[{"@type":"Article","@id":"https:\/\/www.altominho.tv\/site\/2021\/01\/15\/mais-de-246-mil-eleitores-pediram-para-votar-ja-este-domingo\/#article","isPartOf":{"@id":"https:\/\/www.altominho.tv\/site\/2021\/01\/15\/mais-de-246-mil-eleitores-pediram-para-votar-ja-este-domingo\/"},"author":{"name":"Lusa","@id":"https:\/\/www.altominho.tv\/site\/#\/schema\/person\/63f693da3e1899361cbe955c46f3232e"},"headline":"Mais de 246 mil eleitores pediram para votar j\u00e1 este domingo","datePublished":"2021-01-15T09:25:56+00:00","dateModified":"2021-01-15T09:26:00+00:00","mainEntityOfPage":{"@id":"https:\/\/www.altominho.tv\/site\/2021\/01\/15\/mais-de-246-mil-eleitores-pediram-para-votar-ja-este-domingo\/"},"wordCount":439,"image":{"@id":"https:\/\/www.altominho.tv\/site\/2021\/01\/15\/mais-de-246-mil-eleitores-pediram-para-votar-ja-este-domingo\/#primaryimage"},"thumbnailUrl":"https:\/\/www.altominho.tv\/site\/wp-content\/uploads\/2021\/01\/image-1.jpeg","keywords":["Sociedade"],"articleSection":["Alto Minho"],"inLanguage":"pt-PT","copyrightYear":"2021","copyrightHolder":{"@id":"https:\/\/www.altominho.tv\/site\/#organization"}},{"@type":"WebPage","@id":"https:\/\/www.altominho.tv\/site\/2021\/01\/15\/mais-de-246-mil-eleitores-pediram-para-votar-ja-este-domingo\/","url":"https:\/\/www.altominho.tv\/site\/2021\/01\/15\/mais-de-246-mil-eleitores-pediram-para-votar-ja-este-domingo\/","name":"Mais de 246 mil eleitores pediram para votar j\u00e1 este domingo","isPartOf":{"@id":"https:\/\/www.altominho.tv\/site\/#website"},"primaryImageOfPage":{"@id":"https:\/\/www.altominho.tv\/site\/2021\/01\/15\/mais-de-246-mil-eleitores-pediram-para-votar-ja-este-domingo\/#primaryimage"},"image":{"@id":"https:\/\/www.altominho.tv\/site\/2021\/01\/15\/mais-de-246-mil-eleitores-pediram-para-votar-ja-este-domingo\/#primaryimage"},"thumbnailUrl":"https:\/\/www.altominho.tv\/site\/wp-content\/uploads\/2021\/01\/image-1.jpeg","datePublished":"2021-01-15T09:25:56+00:00","dateModified":"2021-01-15T09:26:00+00:00","author":{"@id":"https:\/\/www.altominho.tv\/site\/#\/schema\/person\/63f693da3e1899361cbe955c46f3232e"},"breadcrumb":{"@id":"https:\/\/www.altominho.tv\/site\/2021\/01\/15\/mais-de-246-mil-eleitores-pediram-para-votar-ja-este-domingo\/#breadcrumb"},"inLanguage":"pt-PT","potentialAction":[{"@type":"ReadAction","target":["https:\/\/www.altominho.tv\/site\/2021\/01\/15\/mais-de-246-mil-eleitores-pediram-para-votar-ja-este-domingo\/"]}]},{"@type":"ImageObject","inLanguage":"pt-PT","@id":"https:\/\/www.altominho.tv\/site\/2021\/01\/15\/mais-de-246-mil-eleitores-pediram-para-votar-ja-este-domingo\/#primaryimage","url":"https:\/\/www.altominho.tv\/site\/wp-content\/uploads\/2021\/01\/image-1.jpeg","contentUrl":"https:\/\/www.altominho.tv\/site\/wp-content\/uploads\/2021\/01\/image-1.jpeg","width":744,"height":495},{"@type":"BreadcrumbList","@id":"https:\/\/www.altominho.tv\/site\/2021\/01\/15\/mais-de-246-mil-eleitores-pediram-para-votar-ja-este-domingo\/#breadcrumb","itemListElement":[{"@type":"ListItem","position":1,"name":"In\u00edcio","item":"https:\/\/www.altominho.tv\/site\/"},{"@type":"ListItem","position":2,"name":"Mais de 246 mil eleitores pediram para votar j\u00e1 este domingo"}]},{"@type":"WebSite","@id":"https:\/\/www.altominho.tv\/site\/#website","url":"https:\/\/www.altominho.tv\/site\/","name":"Altominho.tv","description":"A sua regi\u00e3o \u00e0 dist\u00e2ncia de um clique...","potentialAction":[{"@type":"SearchAction","target":{"@type":"EntryPoint","urlTemplate":"https:\/\/www.altominho.tv\/site\/?s={search_term_string}"},"query-input":{"@type":"PropertyValueSpecification","valueRequired":true,"valueName":"search_term_string"}}],"inLanguage":"pt-PT"},{"@type":"Person","@id":"https:\/\/www.altominho.tv\/site\/#\/schema\/person\/63f693da3e1899361cbe955c46f3232e","name":"Lusa","image":{"@type":"ImageObject","inLanguage":"pt-PT","@id":"https:\/\/www.altominho.tv\/site\/wp-content\/uploads\/2019\/08\/LUSA_Logo.gif","url":"https:\/\/www.altominho.tv\/site\/wp-content\/uploads\/2019\/08\/LUSA_Logo.gif","contentUrl":"https:\/\/www.altominho.tv\/site\/wp-content\/uploads\/2019\/08\/LUSA_Logo.gif","caption":"Lusa"},"sameAs":["http:\/\/\/\/www.altominho.tv\/site"],"url":"https:\/\/www.altominho.tv\/site\/author\/lusa\/"}]}},"_links":{"self":[{"href":"https:\/\/www.altominho.tv\/site\/wp-json\/wp\/v2\/posts\/59286","targetHints":{"allow":["GET"]}}],"collection":[{"href":"https:\/\/www.altominho.tv\/site\/wp-json\/wp\/v2\/posts"}],"about":[{"href":"https:\/\/www.altominho.tv\/site\/wp-json\/wp\/v2\/types\/post"}],"author":[{"embeddable":true,"href":"https:\/\/www.altominho.tv\/site\/wp-json\/wp\/v2\/users\/13"}],"replies":[{"embeddable":true,"href":"https:\/\/www.altominho.tv\/site\/wp-json\/wp\/v2\/comments?post=59286"}],"version-history":[{"count":0,"href":"https:\/\/www.altominho.tv\/site\/wp-json\/wp\/v2\/posts\/59286\/revisions"}],"wp:featuredmedia":[{"embeddable":true,"href":"https:\/\/www.altominho.tv\/site\/wp-json\/wp\/v2\/media\/59287"}],"wp:attachment":[{"href":"https:\/\/www.altominho.tv\/site\/wp-json\/wp\/v2\/media?parent=59286"}],"wp:term":[{"taxonomy":"category","embeddable":true,"href":"https:\/\/www.altominho.tv\/site\/wp-json\/wp\/v2\/categories?post=59286"},{"taxonomy":"post_tag","embeddable":true,"href":"https:\/\/www.altominho.tv\/site\/wp-json\/wp\/v2\/tags?post=59286"}],"curies":[{"name":"wp","href":"https:\/\/api.w.org\/{rel}","templated":true}]}}