{"id":59263,"date":"2021-01-14T18:08:50","date_gmt":"2021-01-14T18:08:50","guid":{"rendered":"https:\/\/www.altominho.tv\/site\/?p=59263"},"modified":"2021-01-14T18:08:54","modified_gmt":"2021-01-14T18:08:54","slug":"marcelo-faz-teste-de-diagnostico-e-reavaliacao-da-sua-situacao-no-sabado","status":"publish","type":"post","link":"https:\/\/www.altominho.tv\/site\/2021\/01\/14\/marcelo-faz-teste-de-diagnostico-e-reavaliacao-da-sua-situacao-no-sabado\/","title":{"rendered":"Marcelo faz teste de diagn\u00f3stico e reavalia\u00e7\u00e3o da sua situa\u00e7\u00e3o no s\u00e1bado"},"content":{"rendered":"\n<p>O Presidente da Rep\u00fablica e recandidato ao cargo, Marcelo Rebelo de Sousa, disse hoje \u00e0 Lusa que, por indica\u00e7\u00e3o das autoridades sanit\u00e1rias, vai fazer novo teste de diagn\u00f3stico do SARS-CoV-2 e reavalia\u00e7\u00e3o da sua situa\u00e7\u00e3o no s\u00e1bado.<\/p>\n\n\n\n<p>Marcelo Rebelo de Sousa adiantou \u00e0 ag\u00eancia Lusa que, embora esteja inscrito para o voto antecipado no concelho de Lisboa, no pr\u00f3ximo domingo, tenciona votar em Celorico de Basto, no distrito de Braga, no dia das elei\u00e7\u00f5es presidenciais, 24 de janeiro, como habitualmente: &#8220;Voto em Celorico. S\u00f3 votaria em Lisboa se tivesse de ficar em Lisboa&#8221;.<\/p>\n\n\n\n<p>O chefe de Estado e candidato presidencial encontra-se em vigil\u00e2ncia passiva desde a semana passada, por ter tido contactos considerados de baixo risco com dois infetados com o novo coronav\u00edrus, devendo por isso monitorizar sintomas e restringir os contactos sociais, evitando &#8220;grandes aglomera\u00e7\u00f5es&#8221;.<\/p>\n\n\n\n<p>Em declara\u00e7\u00f5es \u00e0 ag\u00eancia Lusa, Marcelo Rebelo de Sousa contou que na quarta-feira fez &#8220;uma ligeira incurs\u00e3o fora do Pal\u00e1cio de Bel\u00e9m, para ir ao \u00faltimo dia de abertura de um alfarrabista na rua do Alecrim&#8221;, em Lisboa, onde comprou alguns livros, antes de gravar uma entrevista \u00e0 Antena 1.<\/p>\n\n\n\n<p>Hoje, esteve no Museu Nacional de Arte Antiga, em Lisboa, onde deu uma entrevista ao canal de televis\u00e3o franc\u00eas M6, e dar\u00e1 uma entrevista como Presidente da Rep\u00fablica ao jornal franc\u00eas Le Monde, e na sexta-feira ir\u00e1 \u00e0s instala\u00e7\u00f5es da Renascen\u00e7a gravar uma entrevista a esta r\u00e1dio e ao jornal P\u00fablico.<\/p>\n\n\n\n<p>&#8220;Depois, farei no s\u00e1bado um teste do INEM. Fui contactado para fazer uma avalia\u00e7\u00e3o da situa\u00e7\u00e3o no s\u00e1bado. Insistiram muito para evitar, para j\u00e1, grandes aglomera\u00e7\u00f5es&#8221;, acrescentou.<\/p>\n\n\n\n<p>Questionado se ter\u00e1 outras sa\u00eddas nos pr\u00f3ximos dias, respondeu: &#8220;Poderei fazer outras, vamos ver, depois do teste de s\u00e1bado. Tem de se ver caso a caso. Mas, para j\u00e1, at\u00e9 ao fim de semana n\u00e3o h\u00e1 nenhuma outra sa\u00edda prevista, a n\u00e3o ser a ida \u00e0 Renascen\u00e7a&#8221;.<\/p>\n","protected":false},"excerpt":{"rendered":"<p>O Presidente da Rep\u00fablica e recandidato ao cargo, Marcelo Rebelo de Sousa, disse hoje \u00e0 Lusa que, por indica\u00e7\u00e3o das autoridades sanit\u00e1rias, vai fazer novo teste de diagn\u00f3stico do SARS-CoV-2 e reavalia\u00e7\u00e3o da sua situa\u00e7\u00e3o no s\u00e1bado. Marcelo Rebelo de Sousa adiantou \u00e0 ag\u00eancia Lusa que, embora esteja inscrito para o voto antecipado no concelho [&hellip;]<\/p>\n","protected":false},"author":16,"featured_media":58739,"comment_status":"closed","ping_status":"closed","sticky":false,"template":"","format":"standard","meta":{"_exactmetrics_skip_tracking":false,"_exactmetrics_sitenote_active":false,"_exactmetrics_sitenote_note":"","_exactmetrics_sitenote_category":0,"footnotes":""},"categories":[42722],"tags":[26],"class_list":["post-59263","post","type-post","status-publish","format-standard","has-post-thumbnail","hentry","category-covid-19","tag-saude"],"yoast_head":"<!-- This site is optimized with the Yoast SEO Premium plugin v27.5 (Yoast SEO v27.5) - https:\/\/yoast.com\/product\/yoast-seo-premium-wordpress\/ -->\n<title>Marcelo faz teste de diagn\u00f3stico e reavalia\u00e7\u00e3o da sua situa\u00e7\u00e3o no s\u00e1bado<\/title>\n<meta name=\"robots\" content=\"index, follow, max-snippet:-1, max-image-preview:large, max-video-preview:-1\" \/>\n<link rel=\"canonical\" href=\"https:\/\/www.altominho.tv\/site\/2021\/01\/14\/marcelo-faz-teste-de-diagnostico-e-reavaliacao-da-sua-situacao-no-sabado\/\" \/>\n<meta property=\"og:locale\" content=\"pt_PT\" \/>\n<meta property=\"og:type\" content=\"article\" \/>\n<meta property=\"og:title\" content=\"Marcelo faz teste de diagn\u00f3stico e reavalia\u00e7\u00e3o da sua situa\u00e7\u00e3o no s\u00e1bado\" \/>\n<meta property=\"og:description\" content=\"O Presidente da Rep\u00fablica e recandidato ao cargo, Marcelo Rebelo de Sousa, disse hoje \u00e0 Lusa que, por indica\u00e7\u00e3o das autoridades sanit\u00e1rias, vai fazer novo teste de diagn\u00f3stico do SARS-CoV-2 e reavalia\u00e7\u00e3o da sua situa\u00e7\u00e3o no s\u00e1bado. Marcelo Rebelo de Sousa adiantou \u00e0 ag\u00eancia Lusa que, embora esteja inscrito para o voto antecipado no concelho [&hellip;]\" \/>\n<meta property=\"og:url\" content=\"https:\/\/www.altominho.tv\/site\/2021\/01\/14\/marcelo-faz-teste-de-diagnostico-e-reavaliacao-da-sua-situacao-no-sabado\/\" \/>\n<meta property=\"og:site_name\" content=\"Altominho.tv\" \/>\n<meta property=\"article:publisher\" content=\"https:\/\/www.facebook.com\/altominhotv\" \/>\n<meta property=\"article:published_time\" content=\"2021-01-14T18:08:50+00:00\" \/>\n<meta property=\"article:modified_time\" content=\"2021-01-14T18:08:54+00:00\" \/>\n<meta property=\"og:image\" content=\"https:\/\/www.altominho.tv\/site\/wp-content\/uploads\/2021\/01\/marcelo-1.jpg\" \/>\n\t<meta property=\"og:image:width\" content=\"800\" \/>\n\t<meta property=\"og:image:height\" content=\"533\" \/>\n\t<meta property=\"og:image:type\" content=\"image\/jpeg\" \/>\n<meta name=\"author\" content=\"Andreia Cunha | Lusa\" \/>\n<meta name=\"twitter:card\" content=\"summary_large_image\" \/>\n<meta name=\"twitter:creator\" content=\"@altominhoTV\" \/>\n<meta name=\"twitter:site\" content=\"@altominhoTV\" \/>\n<meta name=\"twitter:label1\" content=\"Escrito por\" \/>\n\t<meta name=\"twitter:data1\" content=\"Andreia Cunha | Lusa\" \/>\n\t<meta name=\"twitter:label2\" content=\"Tempo estimado de leitura\" \/>\n\t<meta name=\"twitter:data2\" content=\"2 minutos\" \/>\n<script type=\"application\/ld+json\" class=\"yoast-schema-graph\">{\"@context\":\"https:\\\/\\\/schema.org\",\"@graph\":[{\"@type\":\"Article\",\"@id\":\"https:\\\/\\\/www.altominho.tv\\\/site\\\/2021\\\/01\\\/14\\\/marcelo-faz-teste-de-diagnostico-e-reavaliacao-da-sua-situacao-no-sabado\\\/#article\",\"isPartOf\":{\"@id\":\"https:\\\/\\\/www.altominho.tv\\\/site\\\/2021\\\/01\\\/14\\\/marcelo-faz-teste-de-diagnostico-e-reavaliacao-da-sua-situacao-no-sabado\\\/\"},\"author\":{\"name\":\"Andreia Cunha | Lusa\",\"@id\":\"https:\\\/\\\/www.altominho.tv\\\/site\\\/#\\\/schema\\\/person\\\/dbaf181c01b51ff40c9f461a905d321e\"},\"headline\":\"Marcelo faz teste de diagn\u00f3stico e reavalia\u00e7\u00e3o da sua situa\u00e7\u00e3o no s\u00e1bado\",\"datePublished\":\"2021-01-14T18:08:50+00:00\",\"dateModified\":\"2021-01-14T18:08:54+00:00\",\"mainEntityOfPage\":{\"@id\":\"https:\\\/\\\/www.altominho.tv\\\/site\\\/2021\\\/01\\\/14\\\/marcelo-faz-teste-de-diagnostico-e-reavaliacao-da-sua-situacao-no-sabado\\\/\"},\"wordCount\":358,\"image\":{\"@id\":\"https:\\\/\\\/www.altominho.tv\\\/site\\\/2021\\\/01\\\/14\\\/marcelo-faz-teste-de-diagnostico-e-reavaliacao-da-sua-situacao-no-sabado\\\/#primaryimage\"},\"thumbnailUrl\":\"https:\\\/\\\/www.altominho.tv\\\/site\\\/wp-content\\\/uploads\\\/2021\\\/01\\\/marcelo-1.jpg\",\"keywords\":[\"Sa\u00fade\"],\"articleSection\":[\"Coronav\u00edrus\"],\"inLanguage\":\"pt-PT\",\"copyrightYear\":\"2021\",\"copyrightHolder\":{\"@id\":\"https:\\\/\\\/www.altominho.tv\\\/site\\\/#organization\"}},{\"@type\":\"WebPage\",\"@id\":\"https:\\\/\\\/www.altominho.tv\\\/site\\\/2021\\\/01\\\/14\\\/marcelo-faz-teste-de-diagnostico-e-reavaliacao-da-sua-situacao-no-sabado\\\/\",\"url\":\"https:\\\/\\\/www.altominho.tv\\\/site\\\/2021\\\/01\\\/14\\\/marcelo-faz-teste-de-diagnostico-e-reavaliacao-da-sua-situacao-no-sabado\\\/\",\"name\":\"Marcelo faz teste de diagn\u00f3stico e reavalia\u00e7\u00e3o da sua situa\u00e7\u00e3o no s\u00e1bado\",\"isPartOf\":{\"@id\":\"https:\\\/\\\/www.altominho.tv\\\/site\\\/#website\"},\"primaryImageOfPage\":{\"@id\":\"https:\\\/\\\/www.altominho.tv\\\/site\\\/2021\\\/01\\\/14\\\/marcelo-faz-teste-de-diagnostico-e-reavaliacao-da-sua-situacao-no-sabado\\\/#primaryimage\"},\"image\":{\"@id\":\"https:\\\/\\\/www.altominho.tv\\\/site\\\/2021\\\/01\\\/14\\\/marcelo-faz-teste-de-diagnostico-e-reavaliacao-da-sua-situacao-no-sabado\\\/#primaryimage\"},\"thumbnailUrl\":\"https:\\\/\\\/www.altominho.tv\\\/site\\\/wp-content\\\/uploads\\\/2021\\\/01\\\/marcelo-1.jpg\",\"datePublished\":\"2021-01-14T18:08:50+00:00\",\"dateModified\":\"2021-01-14T18:08:54+00:00\",\"author\":{\"@id\":\"https:\\\/\\\/www.altominho.tv\\\/site\\\/#\\\/schema\\\/person\\\/dbaf181c01b51ff40c9f461a905d321e\"},\"breadcrumb\":{\"@id\":\"https:\\\/\\\/www.altominho.tv\\\/site\\\/2021\\\/01\\\/14\\\/marcelo-faz-teste-de-diagnostico-e-reavaliacao-da-sua-situacao-no-sabado\\\/#breadcrumb\"},\"inLanguage\":\"pt-PT\",\"potentialAction\":[{\"@type\":\"ReadAction\",\"target\":[\"https:\\\/\\\/www.altominho.tv\\\/site\\\/2021\\\/01\\\/14\\\/marcelo-faz-teste-de-diagnostico-e-reavaliacao-da-sua-situacao-no-sabado\\\/\"]}]},{\"@type\":\"ImageObject\",\"inLanguage\":\"pt-PT\",\"@id\":\"https:\\\/\\\/www.altominho.tv\\\/site\\\/2021\\\/01\\\/14\\\/marcelo-faz-teste-de-diagnostico-e-reavaliacao-da-sua-situacao-no-sabado\\\/#primaryimage\",\"url\":\"https:\\\/\\\/www.altominho.tv\\\/site\\\/wp-content\\\/uploads\\\/2021\\\/01\\\/marcelo-1.jpg\",\"contentUrl\":\"https:\\\/\\\/www.altominho.tv\\\/site\\\/wp-content\\\/uploads\\\/2021\\\/01\\\/marcelo-1.jpg\",\"width\":800,\"height\":533},{\"@type\":\"BreadcrumbList\",\"@id\":\"https:\\\/\\\/www.altominho.tv\\\/site\\\/2021\\\/01\\\/14\\\/marcelo-faz-teste-de-diagnostico-e-reavaliacao-da-sua-situacao-no-sabado\\\/#breadcrumb\",\"itemListElement\":[{\"@type\":\"ListItem\",\"position\":1,\"name\":\"In\u00edcio\",\"item\":\"https:\\\/\\\/www.altominho.tv\\\/site\\\/\"},{\"@type\":\"ListItem\",\"position\":2,\"name\":\"Marcelo faz teste de diagn\u00f3stico e reavalia\u00e7\u00e3o da sua situa\u00e7\u00e3o no s\u00e1bado\"}]},{\"@type\":\"WebSite\",\"@id\":\"https:\\\/\\\/www.altominho.tv\\\/site\\\/#website\",\"url\":\"https:\\\/\\\/www.altominho.tv\\\/site\\\/\",\"name\":\"Altominho.tv\",\"description\":\"A sua regi\u00e3o \u00e0 dist\u00e2ncia de um clique...\",\"potentialAction\":[{\"@type\":\"SearchAction\",\"target\":{\"@type\":\"EntryPoint\",\"urlTemplate\":\"https:\\\/\\\/www.altominho.tv\\\/site\\\/?s={search_term_string}\"},\"query-input\":{\"@type\":\"PropertyValueSpecification\",\"valueRequired\":true,\"valueName\":\"search_term_string\"}}],\"inLanguage\":\"pt-PT\"},{\"@type\":\"Person\",\"@id\":\"https:\\\/\\\/www.altominho.tv\\\/site\\\/#\\\/schema\\\/person\\\/dbaf181c01b51ff40c9f461a905d321e\",\"name\":\"Andreia Cunha | Lusa\",\"image\":{\"@type\":\"ImageObject\",\"inLanguage\":\"pt-PT\",\"@id\":\"https:\\\/\\\/www.altominho.tv\\\/site\\\/wp-content\\\/uploads\\\/2017\\\/11\\\/Andreia_Cunha-1-150x150.jpg\",\"url\":\"https:\\\/\\\/www.altominho.tv\\\/site\\\/wp-content\\\/uploads\\\/2017\\\/11\\\/Andreia_Cunha-1-150x150.jpg\",\"contentUrl\":\"https:\\\/\\\/www.altominho.tv\\\/site\\\/wp-content\\\/uploads\\\/2017\\\/11\\\/Andreia_Cunha-1-150x150.jpg\",\"caption\":\"Andreia Cunha | Lusa\"},\"sameAs\":[\"https:\\\/\\\/www.altominho.tv\\\/site\"],\"url\":\"https:\\\/\\\/www.altominho.tv\\\/site\\\/author\\\/andreiacunhalusa\\\/\"}]}<\/script>\n<!-- \/ Yoast SEO Premium plugin. -->","yoast_head_json":{"title":"Marcelo faz teste de diagn\u00f3stico e reavalia\u00e7\u00e3o da sua situa\u00e7\u00e3o no s\u00e1bado","robots":{"index":"index","follow":"follow","max-snippet":"max-snippet:-1","max-image-preview":"max-image-preview:large","max-video-preview":"max-video-preview:-1"},"canonical":"https:\/\/www.altominho.tv\/site\/2021\/01\/14\/marcelo-faz-teste-de-diagnostico-e-reavaliacao-da-sua-situacao-no-sabado\/","og_locale":"pt_PT","og_type":"article","og_title":"Marcelo faz teste de diagn\u00f3stico e reavalia\u00e7\u00e3o da sua situa\u00e7\u00e3o no s\u00e1bado","og_description":"O Presidente da Rep\u00fablica e recandidato ao cargo, Marcelo Rebelo de Sousa, disse hoje \u00e0 Lusa que, por indica\u00e7\u00e3o das autoridades sanit\u00e1rias, vai fazer novo teste de diagn\u00f3stico do SARS-CoV-2 e reavalia\u00e7\u00e3o da sua situa\u00e7\u00e3o no s\u00e1bado. Marcelo Rebelo de Sousa adiantou \u00e0 ag\u00eancia Lusa que, embora esteja inscrito para o voto antecipado no concelho [&hellip;]","og_url":"https:\/\/www.altominho.tv\/site\/2021\/01\/14\/marcelo-faz-teste-de-diagnostico-e-reavaliacao-da-sua-situacao-no-sabado\/","og_site_name":"Altominho.tv","article_publisher":"https:\/\/www.facebook.com\/altominhotv","article_published_time":"2021-01-14T18:08:50+00:00","article_modified_time":"2021-01-14T18:08:54+00:00","og_image":[{"width":800,"height":533,"url":"https:\/\/www.altominho.tv\/site\/wp-content\/uploads\/2021\/01\/marcelo-1.jpg","type":"image\/jpeg"}],"author":"Andreia Cunha | Lusa","twitter_card":"summary_large_image","twitter_creator":"@altominhoTV","twitter_site":"@altominhoTV","twitter_misc":{"Escrito por":"Andreia Cunha | Lusa","Tempo estimado de leitura":"2 minutos"},"schema":{"@context":"https:\/\/schema.org","@graph":[{"@type":"Article","@id":"https:\/\/www.altominho.tv\/site\/2021\/01\/14\/marcelo-faz-teste-de-diagnostico-e-reavaliacao-da-sua-situacao-no-sabado\/#article","isPartOf":{"@id":"https:\/\/www.altominho.tv\/site\/2021\/01\/14\/marcelo-faz-teste-de-diagnostico-e-reavaliacao-da-sua-situacao-no-sabado\/"},"author":{"name":"Andreia Cunha | Lusa","@id":"https:\/\/www.altominho.tv\/site\/#\/schema\/person\/dbaf181c01b51ff40c9f461a905d321e"},"headline":"Marcelo faz teste de diagn\u00f3stico e reavalia\u00e7\u00e3o da sua situa\u00e7\u00e3o no s\u00e1bado","datePublished":"2021-01-14T18:08:50+00:00","dateModified":"2021-01-14T18:08:54+00:00","mainEntityOfPage":{"@id":"https:\/\/www.altominho.tv\/site\/2021\/01\/14\/marcelo-faz-teste-de-diagnostico-e-reavaliacao-da-sua-situacao-no-sabado\/"},"wordCount":358,"image":{"@id":"https:\/\/www.altominho.tv\/site\/2021\/01\/14\/marcelo-faz-teste-de-diagnostico-e-reavaliacao-da-sua-situacao-no-sabado\/#primaryimage"},"thumbnailUrl":"https:\/\/www.altominho.tv\/site\/wp-content\/uploads\/2021\/01\/marcelo-1.jpg","keywords":["Sa\u00fade"],"articleSection":["Coronav\u00edrus"],"inLanguage":"pt-PT","copyrightYear":"2021","copyrightHolder":{"@id":"https:\/\/www.altominho.tv\/site\/#organization"}},{"@type":"WebPage","@id":"https:\/\/www.altominho.tv\/site\/2021\/01\/14\/marcelo-faz-teste-de-diagnostico-e-reavaliacao-da-sua-situacao-no-sabado\/","url":"https:\/\/www.altominho.tv\/site\/2021\/01\/14\/marcelo-faz-teste-de-diagnostico-e-reavaliacao-da-sua-situacao-no-sabado\/","name":"Marcelo faz teste de diagn\u00f3stico e reavalia\u00e7\u00e3o da sua situa\u00e7\u00e3o no s\u00e1bado","isPartOf":{"@id":"https:\/\/www.altominho.tv\/site\/#website"},"primaryImageOfPage":{"@id":"https:\/\/www.altominho.tv\/site\/2021\/01\/14\/marcelo-faz-teste-de-diagnostico-e-reavaliacao-da-sua-situacao-no-sabado\/#primaryimage"},"image":{"@id":"https:\/\/www.altominho.tv\/site\/2021\/01\/14\/marcelo-faz-teste-de-diagnostico-e-reavaliacao-da-sua-situacao-no-sabado\/#primaryimage"},"thumbnailUrl":"https:\/\/www.altominho.tv\/site\/wp-content\/uploads\/2021\/01\/marcelo-1.jpg","datePublished":"2021-01-14T18:08:50+00:00","dateModified":"2021-01-14T18:08:54+00:00","author":{"@id":"https:\/\/www.altominho.tv\/site\/#\/schema\/person\/dbaf181c01b51ff40c9f461a905d321e"},"breadcrumb":{"@id":"https:\/\/www.altominho.tv\/site\/2021\/01\/14\/marcelo-faz-teste-de-diagnostico-e-reavaliacao-da-sua-situacao-no-sabado\/#breadcrumb"},"inLanguage":"pt-PT","potentialAction":[{"@type":"ReadAction","target":["https:\/\/www.altominho.tv\/site\/2021\/01\/14\/marcelo-faz-teste-de-diagnostico-e-reavaliacao-da-sua-situacao-no-sabado\/"]}]},{"@type":"ImageObject","inLanguage":"pt-PT","@id":"https:\/\/www.altominho.tv\/site\/2021\/01\/14\/marcelo-faz-teste-de-diagnostico-e-reavaliacao-da-sua-situacao-no-sabado\/#primaryimage","url":"https:\/\/www.altominho.tv\/site\/wp-content\/uploads\/2021\/01\/marcelo-1.jpg","contentUrl":"https:\/\/www.altominho.tv\/site\/wp-content\/uploads\/2021\/01\/marcelo-1.jpg","width":800,"height":533},{"@type":"BreadcrumbList","@id":"https:\/\/www.altominho.tv\/site\/2021\/01\/14\/marcelo-faz-teste-de-diagnostico-e-reavaliacao-da-sua-situacao-no-sabado\/#breadcrumb","itemListElement":[{"@type":"ListItem","position":1,"name":"In\u00edcio","item":"https:\/\/www.altominho.tv\/site\/"},{"@type":"ListItem","position":2,"name":"Marcelo faz teste de diagn\u00f3stico e reavalia\u00e7\u00e3o da sua situa\u00e7\u00e3o no s\u00e1bado"}]},{"@type":"WebSite","@id":"https:\/\/www.altominho.tv\/site\/#website","url":"https:\/\/www.altominho.tv\/site\/","name":"Altominho.tv","description":"A sua regi\u00e3o \u00e0 dist\u00e2ncia de um clique...","potentialAction":[{"@type":"SearchAction","target":{"@type":"EntryPoint","urlTemplate":"https:\/\/www.altominho.tv\/site\/?s={search_term_string}"},"query-input":{"@type":"PropertyValueSpecification","valueRequired":true,"valueName":"search_term_string"}}],"inLanguage":"pt-PT"},{"@type":"Person","@id":"https:\/\/www.altominho.tv\/site\/#\/schema\/person\/dbaf181c01b51ff40c9f461a905d321e","name":"Andreia Cunha | Lusa","image":{"@type":"ImageObject","inLanguage":"pt-PT","@id":"https:\/\/www.altominho.tv\/site\/wp-content\/uploads\/2017\/11\/Andreia_Cunha-1-150x150.jpg","url":"https:\/\/www.altominho.tv\/site\/wp-content\/uploads\/2017\/11\/Andreia_Cunha-1-150x150.jpg","contentUrl":"https:\/\/www.altominho.tv\/site\/wp-content\/uploads\/2017\/11\/Andreia_Cunha-1-150x150.jpg","caption":"Andreia Cunha | Lusa"},"sameAs":["https:\/\/www.altominho.tv\/site"],"url":"https:\/\/www.altominho.tv\/site\/author\/andreiacunhalusa\/"}]}},"_links":{"self":[{"href":"https:\/\/www.altominho.tv\/site\/wp-json\/wp\/v2\/posts\/59263","targetHints":{"allow":["GET"]}}],"collection":[{"href":"https:\/\/www.altominho.tv\/site\/wp-json\/wp\/v2\/posts"}],"about":[{"href":"https:\/\/www.altominho.tv\/site\/wp-json\/wp\/v2\/types\/post"}],"author":[{"embeddable":true,"href":"https:\/\/www.altominho.tv\/site\/wp-json\/wp\/v2\/users\/16"}],"replies":[{"embeddable":true,"href":"https:\/\/www.altominho.tv\/site\/wp-json\/wp\/v2\/comments?post=59263"}],"version-history":[{"count":0,"href":"https:\/\/www.altominho.tv\/site\/wp-json\/wp\/v2\/posts\/59263\/revisions"}],"wp:featuredmedia":[{"embeddable":true,"href":"https:\/\/www.altominho.tv\/site\/wp-json\/wp\/v2\/media\/58739"}],"wp:attachment":[{"href":"https:\/\/www.altominho.tv\/site\/wp-json\/wp\/v2\/media?parent=59263"}],"wp:term":[{"taxonomy":"category","embeddable":true,"href":"https:\/\/www.altominho.tv\/site\/wp-json\/wp\/v2\/categories?post=59263"},{"taxonomy":"post_tag","embeddable":true,"href":"https:\/\/www.altominho.tv\/site\/wp-json\/wp\/v2\/tags?post=59263"}],"curies":[{"name":"wp","href":"https:\/\/api.w.org\/{rel}","templated":true}]}}