{"id":59223,"date":"2021-01-14T14:37:05","date_gmt":"2021-01-14T14:37:05","guid":{"rendered":"https:\/\/www.altominho.tv\/site\/?p=59223"},"modified":"2021-01-14T14:37:09","modified_gmt":"2021-01-14T14:37:09","slug":"gnr-detem-homem-em-melgaco-por-trafico-de-estupefacientes","status":"publish","type":"post","link":"https:\/\/www.altominho.tv\/site\/2021\/01\/14\/gnr-detem-homem-em-melgaco-por-trafico-de-estupefacientes\/","title":{"rendered":"GNR det\u00e9m homem em Melga\u00e7o por tr\u00e1fico de estupefacientes"},"content":{"rendered":"<p>A GNR deteve, no concelho de Melga\u00e7o, um homem de 37 anos por tr\u00e1fico de estupefacientes.<\/p>\n<p class=\"m_-4082177714446196746wordsection1\">&#8220;Na sequ\u00eancia de uma investiga\u00e7\u00e3o, os militares da Guarda abordaram um suspeito que transportava 275 doses de can\u00e1bis&#8221;, refere a GNR em comunicado.<\/p>\n<p>O Comando Territorial de Viana do Castelo da\u00a0<span class=\"il\">GNR<\/span>, atrav\u00e9s do N\u00facleo de Investiga\u00e7\u00e3o Criminal de Valen\u00e7a, explica que a deten\u00e7\u00e3o ocorreu na quarta-feira, tendo sido apreendido &#8220;produto estupefaciente e um telem\u00f3vel&#8221;.<\/p>\n<p class=\"m_-4082177714446196746wordsection1\">O detido foi constitu\u00eddo arguido e os factos foram remetidos para o Tribunal Judicial de Melga\u00e7o.<\/p>\n","protected":false},"excerpt":{"rendered":"<p>A GNR deteve, no concelho de Melga\u00e7o, um homem de 37 anos por tr\u00e1fico de estupefacientes. &#8220;Na sequ\u00eancia de uma investiga\u00e7\u00e3o, os militares da Guarda abordaram um suspeito que transportava 275 doses de can\u00e1bis&#8221;, refere a GNR em comunicado. O Comando Territorial de Viana do Castelo da\u00a0GNR, atrav\u00e9s do N\u00facleo de Investiga\u00e7\u00e3o Criminal de Valen\u00e7a, [&hellip;]<\/p>\n","protected":false},"author":12,"featured_media":56105,"comment_status":"closed","ping_status":"closed","sticky":false,"template":"","format":"standard","meta":{"_exactmetrics_skip_tracking":false,"_exactmetrics_sitenote_active":false,"_exactmetrics_sitenote_note":"","_exactmetrics_sitenote_category":0,"footnotes":""},"categories":[8],"tags":[27],"class_list":["post-59223","post","type-post","status-publish","format-standard","has-post-thumbnail","hentry","category-melgaco","tag-sociedade"],"yoast_head":"<!-- This site is optimized with the Yoast SEO Premium plugin v27.4 (Yoast SEO v27.4) - https:\/\/yoast.com\/product\/yoast-seo-premium-wordpress\/ -->\n<title>GNR det\u00e9m homem em Melga\u00e7o por tr\u00e1fico de estupefacientes<\/title>\n<meta name=\"robots\" content=\"index, follow, max-snippet:-1, max-image-preview:large, max-video-preview:-1\" \/>\n<link rel=\"canonical\" href=\"https:\/\/www.altominho.tv\/site\/2021\/01\/14\/gnr-detem-homem-em-melgaco-por-trafico-de-estupefacientes\/\" \/>\n<meta property=\"og:locale\" content=\"pt_PT\" \/>\n<meta property=\"og:type\" content=\"article\" \/>\n<meta property=\"og:title\" content=\"GNR det\u00e9m homem em Melga\u00e7o por tr\u00e1fico de estupefacientes\" \/>\n<meta property=\"og:description\" content=\"A GNR deteve, no concelho de Melga\u00e7o, um homem de 37 anos por tr\u00e1fico de estupefacientes. &#8220;Na sequ\u00eancia de uma investiga\u00e7\u00e3o, os militares da Guarda abordaram um suspeito que transportava 275 doses de can\u00e1bis&#8221;, refere a GNR em comunicado. O Comando Territorial de Viana do Castelo da\u00a0GNR, atrav\u00e9s do N\u00facleo de Investiga\u00e7\u00e3o Criminal de Valen\u00e7a, [&hellip;]\" \/>\n<meta property=\"og:url\" content=\"https:\/\/www.altominho.tv\/site\/2021\/01\/14\/gnr-detem-homem-em-melgaco-por-trafico-de-estupefacientes\/\" \/>\n<meta property=\"og:site_name\" content=\"Altominho.tv\" \/>\n<meta property=\"article:publisher\" content=\"https:\/\/www.facebook.com\/altominhotv\" \/>\n<meta property=\"article:published_time\" content=\"2021-01-14T14:37:05+00:00\" \/>\n<meta property=\"article:modified_time\" content=\"2021-01-14T14:37:09+00:00\" \/>\n<meta property=\"og:image\" content=\"https:\/\/www.altominho.tv\/site\/wp-content\/uploads\/2020\/11\/detenc\u0327a\u0303o-1.jpg\" \/>\n\t<meta property=\"og:image:width\" content=\"1420\" \/>\n\t<meta property=\"og:image:height\" content=\"800\" \/>\n\t<meta property=\"og:image:type\" content=\"image\/jpeg\" \/>\n<meta name=\"author\" content=\"Andreia Ferreira\" \/>\n<meta name=\"twitter:card\" content=\"summary_large_image\" \/>\n<meta name=\"twitter:creator\" content=\"@altominhoTV\" \/>\n<meta name=\"twitter:site\" content=\"@altominhoTV\" \/>\n<meta name=\"twitter:label1\" content=\"Escrito por\" \/>\n\t<meta name=\"twitter:data1\" content=\"Andreia Ferreira\" \/>\n<script type=\"application\/ld+json\" class=\"yoast-schema-graph\">{\"@context\":\"https:\\\/\\\/schema.org\",\"@graph\":[{\"@type\":\"Article\",\"@id\":\"https:\\\/\\\/www.altominho.tv\\\/site\\\/2021\\\/01\\\/14\\\/gnr-detem-homem-em-melgaco-por-trafico-de-estupefacientes\\\/#article\",\"isPartOf\":{\"@id\":\"https:\\\/\\\/www.altominho.tv\\\/site\\\/2021\\\/01\\\/14\\\/gnr-detem-homem-em-melgaco-por-trafico-de-estupefacientes\\\/\"},\"author\":{\"name\":\"Andreia Ferreira\",\"@id\":\"https:\\\/\\\/www.altominho.tv\\\/site\\\/#\\\/schema\\\/person\\\/d9be4265364723f14ea8e0d56a1d38cd\"},\"headline\":\"GNR det\u00e9m homem em Melga\u00e7o por tr\u00e1fico de estupefacientes\",\"datePublished\":\"2021-01-14T14:37:05+00:00\",\"dateModified\":\"2021-01-14T14:37:09+00:00\",\"mainEntityOfPage\":{\"@id\":\"https:\\\/\\\/www.altominho.tv\\\/site\\\/2021\\\/01\\\/14\\\/gnr-detem-homem-em-melgaco-por-trafico-de-estupefacientes\\\/\"},\"wordCount\":110,\"image\":{\"@id\":\"https:\\\/\\\/www.altominho.tv\\\/site\\\/2021\\\/01\\\/14\\\/gnr-detem-homem-em-melgaco-por-trafico-de-estupefacientes\\\/#primaryimage\"},\"thumbnailUrl\":\"https:\\\/\\\/www.altominho.tv\\\/site\\\/wp-content\\\/uploads\\\/2020\\\/11\\\/detenc\u0327a\u0303o-1.jpg\",\"keywords\":[\"Sociedade\"],\"articleSection\":[\"Melga\u00e7o\"],\"inLanguage\":\"pt-PT\",\"copyrightYear\":\"2021\",\"copyrightHolder\":{\"@id\":\"https:\\\/\\\/www.altominho.tv\\\/site\\\/#organization\"}},{\"@type\":\"WebPage\",\"@id\":\"https:\\\/\\\/www.altominho.tv\\\/site\\\/2021\\\/01\\\/14\\\/gnr-detem-homem-em-melgaco-por-trafico-de-estupefacientes\\\/\",\"url\":\"https:\\\/\\\/www.altominho.tv\\\/site\\\/2021\\\/01\\\/14\\\/gnr-detem-homem-em-melgaco-por-trafico-de-estupefacientes\\\/\",\"name\":\"GNR det\u00e9m homem em Melga\u00e7o por tr\u00e1fico de estupefacientes\",\"isPartOf\":{\"@id\":\"https:\\\/\\\/www.altominho.tv\\\/site\\\/#website\"},\"primaryImageOfPage\":{\"@id\":\"https:\\\/\\\/www.altominho.tv\\\/site\\\/2021\\\/01\\\/14\\\/gnr-detem-homem-em-melgaco-por-trafico-de-estupefacientes\\\/#primaryimage\"},\"image\":{\"@id\":\"https:\\\/\\\/www.altominho.tv\\\/site\\\/2021\\\/01\\\/14\\\/gnr-detem-homem-em-melgaco-por-trafico-de-estupefacientes\\\/#primaryimage\"},\"thumbnailUrl\":\"https:\\\/\\\/www.altominho.tv\\\/site\\\/wp-content\\\/uploads\\\/2020\\\/11\\\/detenc\u0327a\u0303o-1.jpg\",\"datePublished\":\"2021-01-14T14:37:05+00:00\",\"dateModified\":\"2021-01-14T14:37:09+00:00\",\"author\":{\"@id\":\"https:\\\/\\\/www.altominho.tv\\\/site\\\/#\\\/schema\\\/person\\\/d9be4265364723f14ea8e0d56a1d38cd\"},\"breadcrumb\":{\"@id\":\"https:\\\/\\\/www.altominho.tv\\\/site\\\/2021\\\/01\\\/14\\\/gnr-detem-homem-em-melgaco-por-trafico-de-estupefacientes\\\/#breadcrumb\"},\"inLanguage\":\"pt-PT\",\"potentialAction\":[{\"@type\":\"ReadAction\",\"target\":[\"https:\\\/\\\/www.altominho.tv\\\/site\\\/2021\\\/01\\\/14\\\/gnr-detem-homem-em-melgaco-por-trafico-de-estupefacientes\\\/\"]}]},{\"@type\":\"ImageObject\",\"inLanguage\":\"pt-PT\",\"@id\":\"https:\\\/\\\/www.altominho.tv\\\/site\\\/2021\\\/01\\\/14\\\/gnr-detem-homem-em-melgaco-por-trafico-de-estupefacientes\\\/#primaryimage\",\"url\":\"https:\\\/\\\/www.altominho.tv\\\/site\\\/wp-content\\\/uploads\\\/2020\\\/11\\\/detenc\u0327a\u0303o-1.jpg\",\"contentUrl\":\"https:\\\/\\\/www.altominho.tv\\\/site\\\/wp-content\\\/uploads\\\/2020\\\/11\\\/detenc\u0327a\u0303o-1.jpg\",\"width\":1420,\"height\":800},{\"@type\":\"BreadcrumbList\",\"@id\":\"https:\\\/\\\/www.altominho.tv\\\/site\\\/2021\\\/01\\\/14\\\/gnr-detem-homem-em-melgaco-por-trafico-de-estupefacientes\\\/#breadcrumb\",\"itemListElement\":[{\"@type\":\"ListItem\",\"position\":1,\"name\":\"In\u00edcio\",\"item\":\"https:\\\/\\\/www.altominho.tv\\\/site\\\/\"},{\"@type\":\"ListItem\",\"position\":2,\"name\":\"GNR det\u00e9m homem em Melga\u00e7o por tr\u00e1fico de estupefacientes\"}]},{\"@type\":\"WebSite\",\"@id\":\"https:\\\/\\\/www.altominho.tv\\\/site\\\/#website\",\"url\":\"https:\\\/\\\/www.altominho.tv\\\/site\\\/\",\"name\":\"Altominho.tv\",\"description\":\"A sua regi\u00e3o \u00e0 dist\u00e2ncia de um clique...\",\"potentialAction\":[{\"@type\":\"SearchAction\",\"target\":{\"@type\":\"EntryPoint\",\"urlTemplate\":\"https:\\\/\\\/www.altominho.tv\\\/site\\\/?s={search_term_string}\"},\"query-input\":{\"@type\":\"PropertyValueSpecification\",\"valueRequired\":true,\"valueName\":\"search_term_string\"}}],\"inLanguage\":\"pt-PT\"},{\"@type\":\"Person\",\"@id\":\"https:\\\/\\\/www.altominho.tv\\\/site\\\/#\\\/schema\\\/person\\\/d9be4265364723f14ea8e0d56a1d38cd\",\"name\":\"Andreia Ferreira\",\"image\":{\"@type\":\"ImageObject\",\"inLanguage\":\"pt-PT\",\"@id\":\"https:\\\/\\\/www.altominho.tv\\\/site\\\/wp-content\\\/uploads\\\/2021\\\/01\\\/AndreiaFerreira-150x150.jpg\",\"url\":\"https:\\\/\\\/www.altominho.tv\\\/site\\\/wp-content\\\/uploads\\\/2021\\\/01\\\/AndreiaFerreira-150x150.jpg\",\"contentUrl\":\"https:\\\/\\\/www.altominho.tv\\\/site\\\/wp-content\\\/uploads\\\/2021\\\/01\\\/AndreiaFerreira-150x150.jpg\",\"caption\":\"Andreia Ferreira\"},\"url\":\"https:\\\/\\\/www.altominho.tv\\\/site\\\/author\\\/andreiaferreira\\\/\"}]}<\/script>\n<!-- \/ Yoast SEO Premium plugin. -->","yoast_head_json":{"title":"GNR det\u00e9m homem em Melga\u00e7o por tr\u00e1fico de estupefacientes","robots":{"index":"index","follow":"follow","max-snippet":"max-snippet:-1","max-image-preview":"max-image-preview:large","max-video-preview":"max-video-preview:-1"},"canonical":"https:\/\/www.altominho.tv\/site\/2021\/01\/14\/gnr-detem-homem-em-melgaco-por-trafico-de-estupefacientes\/","og_locale":"pt_PT","og_type":"article","og_title":"GNR det\u00e9m homem em Melga\u00e7o por tr\u00e1fico de estupefacientes","og_description":"A GNR deteve, no concelho de Melga\u00e7o, um homem de 37 anos por tr\u00e1fico de estupefacientes. &#8220;Na sequ\u00eancia de uma investiga\u00e7\u00e3o, os militares da Guarda abordaram um suspeito que transportava 275 doses de can\u00e1bis&#8221;, refere a GNR em comunicado. O Comando Territorial de Viana do Castelo da\u00a0GNR, atrav\u00e9s do N\u00facleo de Investiga\u00e7\u00e3o Criminal de Valen\u00e7a, [&hellip;]","og_url":"https:\/\/www.altominho.tv\/site\/2021\/01\/14\/gnr-detem-homem-em-melgaco-por-trafico-de-estupefacientes\/","og_site_name":"Altominho.tv","article_publisher":"https:\/\/www.facebook.com\/altominhotv","article_published_time":"2021-01-14T14:37:05+00:00","article_modified_time":"2021-01-14T14:37:09+00:00","og_image":[{"width":1420,"height":800,"url":"https:\/\/www.altominho.tv\/site\/wp-content\/uploads\/2020\/11\/detenc\u0327a\u0303o-1.jpg","type":"image\/jpeg"}],"author":"Andreia Ferreira","twitter_card":"summary_large_image","twitter_creator":"@altominhoTV","twitter_site":"@altominhoTV","twitter_misc":{"Escrito por":"Andreia Ferreira"},"schema":{"@context":"https:\/\/schema.org","@graph":[{"@type":"Article","@id":"https:\/\/www.altominho.tv\/site\/2021\/01\/14\/gnr-detem-homem-em-melgaco-por-trafico-de-estupefacientes\/#article","isPartOf":{"@id":"https:\/\/www.altominho.tv\/site\/2021\/01\/14\/gnr-detem-homem-em-melgaco-por-trafico-de-estupefacientes\/"},"author":{"name":"Andreia Ferreira","@id":"https:\/\/www.altominho.tv\/site\/#\/schema\/person\/d9be4265364723f14ea8e0d56a1d38cd"},"headline":"GNR det\u00e9m homem em Melga\u00e7o por tr\u00e1fico de estupefacientes","datePublished":"2021-01-14T14:37:05+00:00","dateModified":"2021-01-14T14:37:09+00:00","mainEntityOfPage":{"@id":"https:\/\/www.altominho.tv\/site\/2021\/01\/14\/gnr-detem-homem-em-melgaco-por-trafico-de-estupefacientes\/"},"wordCount":110,"image":{"@id":"https:\/\/www.altominho.tv\/site\/2021\/01\/14\/gnr-detem-homem-em-melgaco-por-trafico-de-estupefacientes\/#primaryimage"},"thumbnailUrl":"https:\/\/www.altominho.tv\/site\/wp-content\/uploads\/2020\/11\/detenc\u0327a\u0303o-1.jpg","keywords":["Sociedade"],"articleSection":["Melga\u00e7o"],"inLanguage":"pt-PT","copyrightYear":"2021","copyrightHolder":{"@id":"https:\/\/www.altominho.tv\/site\/#organization"}},{"@type":"WebPage","@id":"https:\/\/www.altominho.tv\/site\/2021\/01\/14\/gnr-detem-homem-em-melgaco-por-trafico-de-estupefacientes\/","url":"https:\/\/www.altominho.tv\/site\/2021\/01\/14\/gnr-detem-homem-em-melgaco-por-trafico-de-estupefacientes\/","name":"GNR det\u00e9m homem em Melga\u00e7o por tr\u00e1fico de estupefacientes","isPartOf":{"@id":"https:\/\/www.altominho.tv\/site\/#website"},"primaryImageOfPage":{"@id":"https:\/\/www.altominho.tv\/site\/2021\/01\/14\/gnr-detem-homem-em-melgaco-por-trafico-de-estupefacientes\/#primaryimage"},"image":{"@id":"https:\/\/www.altominho.tv\/site\/2021\/01\/14\/gnr-detem-homem-em-melgaco-por-trafico-de-estupefacientes\/#primaryimage"},"thumbnailUrl":"https:\/\/www.altominho.tv\/site\/wp-content\/uploads\/2020\/11\/detenc\u0327a\u0303o-1.jpg","datePublished":"2021-01-14T14:37:05+00:00","dateModified":"2021-01-14T14:37:09+00:00","author":{"@id":"https:\/\/www.altominho.tv\/site\/#\/schema\/person\/d9be4265364723f14ea8e0d56a1d38cd"},"breadcrumb":{"@id":"https:\/\/www.altominho.tv\/site\/2021\/01\/14\/gnr-detem-homem-em-melgaco-por-trafico-de-estupefacientes\/#breadcrumb"},"inLanguage":"pt-PT","potentialAction":[{"@type":"ReadAction","target":["https:\/\/www.altominho.tv\/site\/2021\/01\/14\/gnr-detem-homem-em-melgaco-por-trafico-de-estupefacientes\/"]}]},{"@type":"ImageObject","inLanguage":"pt-PT","@id":"https:\/\/www.altominho.tv\/site\/2021\/01\/14\/gnr-detem-homem-em-melgaco-por-trafico-de-estupefacientes\/#primaryimage","url":"https:\/\/www.altominho.tv\/site\/wp-content\/uploads\/2020\/11\/detenc\u0327a\u0303o-1.jpg","contentUrl":"https:\/\/www.altominho.tv\/site\/wp-content\/uploads\/2020\/11\/detenc\u0327a\u0303o-1.jpg","width":1420,"height":800},{"@type":"BreadcrumbList","@id":"https:\/\/www.altominho.tv\/site\/2021\/01\/14\/gnr-detem-homem-em-melgaco-por-trafico-de-estupefacientes\/#breadcrumb","itemListElement":[{"@type":"ListItem","position":1,"name":"In\u00edcio","item":"https:\/\/www.altominho.tv\/site\/"},{"@type":"ListItem","position":2,"name":"GNR det\u00e9m homem em Melga\u00e7o por tr\u00e1fico de estupefacientes"}]},{"@type":"WebSite","@id":"https:\/\/www.altominho.tv\/site\/#website","url":"https:\/\/www.altominho.tv\/site\/","name":"Altominho.tv","description":"A sua regi\u00e3o \u00e0 dist\u00e2ncia de um clique...","potentialAction":[{"@type":"SearchAction","target":{"@type":"EntryPoint","urlTemplate":"https:\/\/www.altominho.tv\/site\/?s={search_term_string}"},"query-input":{"@type":"PropertyValueSpecification","valueRequired":true,"valueName":"search_term_string"}}],"inLanguage":"pt-PT"},{"@type":"Person","@id":"https:\/\/www.altominho.tv\/site\/#\/schema\/person\/d9be4265364723f14ea8e0d56a1d38cd","name":"Andreia Ferreira","image":{"@type":"ImageObject","inLanguage":"pt-PT","@id":"https:\/\/www.altominho.tv\/site\/wp-content\/uploads\/2021\/01\/AndreiaFerreira-150x150.jpg","url":"https:\/\/www.altominho.tv\/site\/wp-content\/uploads\/2021\/01\/AndreiaFerreira-150x150.jpg","contentUrl":"https:\/\/www.altominho.tv\/site\/wp-content\/uploads\/2021\/01\/AndreiaFerreira-150x150.jpg","caption":"Andreia Ferreira"},"url":"https:\/\/www.altominho.tv\/site\/author\/andreiaferreira\/"}]}},"_links":{"self":[{"href":"https:\/\/www.altominho.tv\/site\/wp-json\/wp\/v2\/posts\/59223","targetHints":{"allow":["GET"]}}],"collection":[{"href":"https:\/\/www.altominho.tv\/site\/wp-json\/wp\/v2\/posts"}],"about":[{"href":"https:\/\/www.altominho.tv\/site\/wp-json\/wp\/v2\/types\/post"}],"author":[{"embeddable":true,"href":"https:\/\/www.altominho.tv\/site\/wp-json\/wp\/v2\/users\/12"}],"replies":[{"embeddable":true,"href":"https:\/\/www.altominho.tv\/site\/wp-json\/wp\/v2\/comments?post=59223"}],"version-history":[{"count":0,"href":"https:\/\/www.altominho.tv\/site\/wp-json\/wp\/v2\/posts\/59223\/revisions"}],"wp:featuredmedia":[{"embeddable":true,"href":"https:\/\/www.altominho.tv\/site\/wp-json\/wp\/v2\/media\/56105"}],"wp:attachment":[{"href":"https:\/\/www.altominho.tv\/site\/wp-json\/wp\/v2\/media?parent=59223"}],"wp:term":[{"taxonomy":"category","embeddable":true,"href":"https:\/\/www.altominho.tv\/site\/wp-json\/wp\/v2\/categories?post=59223"},{"taxonomy":"post_tag","embeddable":true,"href":"https:\/\/www.altominho.tv\/site\/wp-json\/wp\/v2\/tags?post=59223"}],"curies":[{"name":"wp","href":"https:\/\/api.w.org\/{rel}","templated":true}]}}