{"id":59025,"date":"2021-01-12T12:18:47","date_gmt":"2021-01-12T12:18:47","guid":{"rendered":"https:\/\/www.altominho.tv\/site\/?p=59025"},"modified":"2021-01-12T12:25:51","modified_gmt":"2021-01-12T12:25:51","slug":"viana-do-castelo-e-o-distrito-mais-critico-na-regiao-norte","status":"publish","type":"post","link":"https:\/\/www.altominho.tv\/site\/2021\/01\/12\/viana-do-castelo-e-o-distrito-mais-critico-na-regiao-norte\/","title":{"rendered":"Viana do Castelo \u00e9 o \u201cdistrito mais cr\u00edtico\u201d na regi\u00e3o Norte"},"content":{"rendered":"<p>O distrito de Viana do Castelo \u00e9 o &#8220;mais cr\u00edtico&#8221; na regi\u00e3o Norte, onde se registam mais casos confirmados de Covid-19. A informa\u00e7\u00e3o foi apresentada esta ter\u00e7a-feira durante a reuni\u00e3o do Infarmed com especialistas e membros do Governo que serviu para avaliar a situa\u00e7\u00e3o epidemiol\u00f3gica em Portugal.<\/p>\n<p>Segundo \u00d3scar Felgueiras, professor da Faculdade de Ci\u00eancias da Universidade do Porto, o crescimento est\u00e1 a ser &#8220;muito mais acentuado&#8221; no Alto Minho do que no resto da regi\u00e3o Norte. Com uma incid\u00eancia de 879, que aparenta estar dentro da m\u00e9dia da regi\u00e3o, Viana do Castelo registou, na \u00faltima semana, um crescimento de 109%, considerado \u201cmuito acelerado\u201d, e que n\u00e3o \u00e9 associado \u00e0 faixa et\u00e1ria dos 80 ou mais anos.<\/p>\n<p>De acordo com o especialista, este aumento verifica-se dentro da popula\u00e7\u00e3o ativa e n\u00e3o em lares, e &#8220;configura uma situa\u00e7\u00e3o de transmiss\u00e3o comunit\u00e1ria generalizada\u201d.<\/p>\n<p>O Alto Minho tem, neste momento, <a href=\"https:\/\/www.altominho.tv\/site\/2021\/01\/11\/alto-minho-com-1902-casos-ativos-de-covid-19\/\">1902 casos ativos de Covid-19<\/a>. Desde sexta-feira, foram registados 650 novos casos de infe\u00e7\u00e3o.<\/p>\n","protected":false},"excerpt":{"rendered":"<p>O distrito de Viana do Castelo \u00e9 o &#8220;mais cr\u00edtico&#8221; na regi\u00e3o Norte, onde se registam mais casos confirmados de Covid-19. A informa\u00e7\u00e3o foi apresentada esta ter\u00e7a-feira durante a reuni\u00e3o do Infarmed com especialistas e membros do Governo que serviu para avaliar a situa\u00e7\u00e3o epidemiol\u00f3gica em Portugal. Segundo \u00d3scar Felgueiras, professor da Faculdade de Ci\u00eancias [&hellip;]<\/p>\n","protected":false},"author":12,"featured_media":52401,"comment_status":"closed","ping_status":"closed","sticky":false,"template":"","format":"standard","meta":{"_exactmetrics_skip_tracking":false,"_exactmetrics_sitenote_active":false,"_exactmetrics_sitenote_note":"","_exactmetrics_sitenote_category":0,"footnotes":""},"categories":[73],"tags":[27],"class_list":["post-59025","post","type-post","status-publish","format-standard","has-post-thumbnail","hentry","category-alto-minho","tag-sociedade"],"yoast_head":"<!-- This site is optimized with the Yoast SEO Premium plugin v27.5 (Yoast SEO v27.5) - https:\/\/yoast.com\/product\/yoast-seo-premium-wordpress\/ -->\n<title>Viana do Castelo \u00e9 o \u201cdistrito mais cr\u00edtico\u201d na regi\u00e3o Norte<\/title>\n<meta name=\"robots\" content=\"index, follow, max-snippet:-1, max-image-preview:large, max-video-preview:-1\" \/>\n<link rel=\"canonical\" href=\"https:\/\/www.altominho.tv\/site\/2021\/01\/12\/viana-do-castelo-e-o-distrito-mais-critico-na-regiao-norte\/\" \/>\n<meta property=\"og:locale\" content=\"pt_PT\" \/>\n<meta property=\"og:type\" content=\"article\" \/>\n<meta property=\"og:title\" content=\"Viana do Castelo \u00e9 o \u201cdistrito mais cr\u00edtico\u201d na regi\u00e3o Norte\" \/>\n<meta property=\"og:description\" content=\"O distrito de Viana do Castelo \u00e9 o &#8220;mais cr\u00edtico&#8221; na regi\u00e3o Norte, onde se registam mais casos confirmados de Covid-19. A informa\u00e7\u00e3o foi apresentada esta ter\u00e7a-feira durante a reuni\u00e3o do Infarmed com especialistas e membros do Governo que serviu para avaliar a situa\u00e7\u00e3o epidemiol\u00f3gica em Portugal. Segundo \u00d3scar Felgueiras, professor da Faculdade de Ci\u00eancias [&hellip;]\" \/>\n<meta property=\"og:url\" content=\"https:\/\/www.altominho.tv\/site\/2021\/01\/12\/viana-do-castelo-e-o-distrito-mais-critico-na-regiao-norte\/\" \/>\n<meta property=\"og:site_name\" content=\"Altominho.tv\" \/>\n<meta property=\"article:publisher\" content=\"https:\/\/www.facebook.com\/altominhotv\" \/>\n<meta property=\"article:published_time\" content=\"2021-01-12T12:18:47+00:00\" \/>\n<meta property=\"article:modified_time\" content=\"2021-01-12T12:25:51+00:00\" \/>\n<meta property=\"og:image\" content=\"https:\/\/www.altominho.tv\/site\/wp-content\/uploads\/2020\/09\/Coronavirus.jpg\" \/>\n\t<meta property=\"og:image:width\" content=\"1080\" \/>\n\t<meta property=\"og:image:height\" content=\"673\" \/>\n\t<meta property=\"og:image:type\" content=\"image\/jpeg\" \/>\n<meta name=\"author\" content=\"Andreia Ferreira\" \/>\n<meta name=\"twitter:card\" content=\"summary_large_image\" \/>\n<meta name=\"twitter:creator\" content=\"@altominhoTV\" \/>\n<meta name=\"twitter:site\" content=\"@altominhoTV\" \/>\n<meta name=\"twitter:label1\" content=\"Escrito por\" \/>\n\t<meta name=\"twitter:data1\" content=\"Andreia Ferreira\" \/>\n\t<meta name=\"twitter:label2\" content=\"Tempo estimado de leitura\" \/>\n\t<meta name=\"twitter:data2\" content=\"1 minuto\" \/>\n<script type=\"application\/ld+json\" class=\"yoast-schema-graph\">{\"@context\":\"https:\\\/\\\/schema.org\",\"@graph\":[{\"@type\":\"Article\",\"@id\":\"https:\\\/\\\/www.altominho.tv\\\/site\\\/2021\\\/01\\\/12\\\/viana-do-castelo-e-o-distrito-mais-critico-na-regiao-norte\\\/#article\",\"isPartOf\":{\"@id\":\"https:\\\/\\\/www.altominho.tv\\\/site\\\/2021\\\/01\\\/12\\\/viana-do-castelo-e-o-distrito-mais-critico-na-regiao-norte\\\/\"},\"author\":{\"name\":\"Andreia Ferreira\",\"@id\":\"https:\\\/\\\/www.altominho.tv\\\/site\\\/#\\\/schema\\\/person\\\/d9be4265364723f14ea8e0d56a1d38cd\"},\"headline\":\"Viana do Castelo \u00e9 o \u201cdistrito mais cr\u00edtico\u201d na regi\u00e3o Norte\",\"datePublished\":\"2021-01-12T12:18:47+00:00\",\"dateModified\":\"2021-01-12T12:25:51+00:00\",\"mainEntityOfPage\":{\"@id\":\"https:\\\/\\\/www.altominho.tv\\\/site\\\/2021\\\/01\\\/12\\\/viana-do-castelo-e-o-distrito-mais-critico-na-regiao-norte\\\/\"},\"wordCount\":185,\"image\":{\"@id\":\"https:\\\/\\\/www.altominho.tv\\\/site\\\/2021\\\/01\\\/12\\\/viana-do-castelo-e-o-distrito-mais-critico-na-regiao-norte\\\/#primaryimage\"},\"thumbnailUrl\":\"https:\\\/\\\/www.altominho.tv\\\/site\\\/wp-content\\\/uploads\\\/2020\\\/09\\\/Coronavirus.jpg\",\"keywords\":[\"Sociedade\"],\"articleSection\":[\"Alto Minho\"],\"inLanguage\":\"pt-PT\",\"copyrightYear\":\"2021\",\"copyrightHolder\":{\"@id\":\"https:\\\/\\\/www.altominho.tv\\\/site\\\/#organization\"}},{\"@type\":\"WebPage\",\"@id\":\"https:\\\/\\\/www.altominho.tv\\\/site\\\/2021\\\/01\\\/12\\\/viana-do-castelo-e-o-distrito-mais-critico-na-regiao-norte\\\/\",\"url\":\"https:\\\/\\\/www.altominho.tv\\\/site\\\/2021\\\/01\\\/12\\\/viana-do-castelo-e-o-distrito-mais-critico-na-regiao-norte\\\/\",\"name\":\"Viana do Castelo \u00e9 o \u201cdistrito mais cr\u00edtico\u201d na regi\u00e3o Norte\",\"isPartOf\":{\"@id\":\"https:\\\/\\\/www.altominho.tv\\\/site\\\/#website\"},\"primaryImageOfPage\":{\"@id\":\"https:\\\/\\\/www.altominho.tv\\\/site\\\/2021\\\/01\\\/12\\\/viana-do-castelo-e-o-distrito-mais-critico-na-regiao-norte\\\/#primaryimage\"},\"image\":{\"@id\":\"https:\\\/\\\/www.altominho.tv\\\/site\\\/2021\\\/01\\\/12\\\/viana-do-castelo-e-o-distrito-mais-critico-na-regiao-norte\\\/#primaryimage\"},\"thumbnailUrl\":\"https:\\\/\\\/www.altominho.tv\\\/site\\\/wp-content\\\/uploads\\\/2020\\\/09\\\/Coronavirus.jpg\",\"datePublished\":\"2021-01-12T12:18:47+00:00\",\"dateModified\":\"2021-01-12T12:25:51+00:00\",\"author\":{\"@id\":\"https:\\\/\\\/www.altominho.tv\\\/site\\\/#\\\/schema\\\/person\\\/d9be4265364723f14ea8e0d56a1d38cd\"},\"breadcrumb\":{\"@id\":\"https:\\\/\\\/www.altominho.tv\\\/site\\\/2021\\\/01\\\/12\\\/viana-do-castelo-e-o-distrito-mais-critico-na-regiao-norte\\\/#breadcrumb\"},\"inLanguage\":\"pt-PT\",\"potentialAction\":[{\"@type\":\"ReadAction\",\"target\":[\"https:\\\/\\\/www.altominho.tv\\\/site\\\/2021\\\/01\\\/12\\\/viana-do-castelo-e-o-distrito-mais-critico-na-regiao-norte\\\/\"]}]},{\"@type\":\"ImageObject\",\"inLanguage\":\"pt-PT\",\"@id\":\"https:\\\/\\\/www.altominho.tv\\\/site\\\/2021\\\/01\\\/12\\\/viana-do-castelo-e-o-distrito-mais-critico-na-regiao-norte\\\/#primaryimage\",\"url\":\"https:\\\/\\\/www.altominho.tv\\\/site\\\/wp-content\\\/uploads\\\/2020\\\/09\\\/Coronavirus.jpg\",\"contentUrl\":\"https:\\\/\\\/www.altominho.tv\\\/site\\\/wp-content\\\/uploads\\\/2020\\\/09\\\/Coronavirus.jpg\",\"width\":1080,\"height\":673},{\"@type\":\"BreadcrumbList\",\"@id\":\"https:\\\/\\\/www.altominho.tv\\\/site\\\/2021\\\/01\\\/12\\\/viana-do-castelo-e-o-distrito-mais-critico-na-regiao-norte\\\/#breadcrumb\",\"itemListElement\":[{\"@type\":\"ListItem\",\"position\":1,\"name\":\"In\u00edcio\",\"item\":\"https:\\\/\\\/www.altominho.tv\\\/site\\\/\"},{\"@type\":\"ListItem\",\"position\":2,\"name\":\"Viana do Castelo \u00e9 o \u201cdistrito mais cr\u00edtico\u201d na regi\u00e3o Norte\"}]},{\"@type\":\"WebSite\",\"@id\":\"https:\\\/\\\/www.altominho.tv\\\/site\\\/#website\",\"url\":\"https:\\\/\\\/www.altominho.tv\\\/site\\\/\",\"name\":\"Altominho.tv\",\"description\":\"A sua regi\u00e3o \u00e0 dist\u00e2ncia de um clique...\",\"potentialAction\":[{\"@type\":\"SearchAction\",\"target\":{\"@type\":\"EntryPoint\",\"urlTemplate\":\"https:\\\/\\\/www.altominho.tv\\\/site\\\/?s={search_term_string}\"},\"query-input\":{\"@type\":\"PropertyValueSpecification\",\"valueRequired\":true,\"valueName\":\"search_term_string\"}}],\"inLanguage\":\"pt-PT\"},{\"@type\":\"Person\",\"@id\":\"https:\\\/\\\/www.altominho.tv\\\/site\\\/#\\\/schema\\\/person\\\/d9be4265364723f14ea8e0d56a1d38cd\",\"name\":\"Andreia Ferreira\",\"image\":{\"@type\":\"ImageObject\",\"inLanguage\":\"pt-PT\",\"@id\":\"https:\\\/\\\/www.altominho.tv\\\/site\\\/wp-content\\\/uploads\\\/2021\\\/01\\\/AndreiaFerreira-150x150.jpg\",\"url\":\"https:\\\/\\\/www.altominho.tv\\\/site\\\/wp-content\\\/uploads\\\/2021\\\/01\\\/AndreiaFerreira-150x150.jpg\",\"contentUrl\":\"https:\\\/\\\/www.altominho.tv\\\/site\\\/wp-content\\\/uploads\\\/2021\\\/01\\\/AndreiaFerreira-150x150.jpg\",\"caption\":\"Andreia Ferreira\"},\"url\":\"https:\\\/\\\/www.altominho.tv\\\/site\\\/author\\\/andreiaferreira\\\/\"}]}<\/script>\n<!-- \/ Yoast SEO Premium plugin. -->","yoast_head_json":{"title":"Viana do Castelo \u00e9 o \u201cdistrito mais cr\u00edtico\u201d na regi\u00e3o Norte","robots":{"index":"index","follow":"follow","max-snippet":"max-snippet:-1","max-image-preview":"max-image-preview:large","max-video-preview":"max-video-preview:-1"},"canonical":"https:\/\/www.altominho.tv\/site\/2021\/01\/12\/viana-do-castelo-e-o-distrito-mais-critico-na-regiao-norte\/","og_locale":"pt_PT","og_type":"article","og_title":"Viana do Castelo \u00e9 o \u201cdistrito mais cr\u00edtico\u201d na regi\u00e3o Norte","og_description":"O distrito de Viana do Castelo \u00e9 o &#8220;mais cr\u00edtico&#8221; na regi\u00e3o Norte, onde se registam mais casos confirmados de Covid-19. A informa\u00e7\u00e3o foi apresentada esta ter\u00e7a-feira durante a reuni\u00e3o do Infarmed com especialistas e membros do Governo que serviu para avaliar a situa\u00e7\u00e3o epidemiol\u00f3gica em Portugal. Segundo \u00d3scar Felgueiras, professor da Faculdade de Ci\u00eancias [&hellip;]","og_url":"https:\/\/www.altominho.tv\/site\/2021\/01\/12\/viana-do-castelo-e-o-distrito-mais-critico-na-regiao-norte\/","og_site_name":"Altominho.tv","article_publisher":"https:\/\/www.facebook.com\/altominhotv","article_published_time":"2021-01-12T12:18:47+00:00","article_modified_time":"2021-01-12T12:25:51+00:00","og_image":[{"width":1080,"height":673,"url":"https:\/\/www.altominho.tv\/site\/wp-content\/uploads\/2020\/09\/Coronavirus.jpg","type":"image\/jpeg"}],"author":"Andreia Ferreira","twitter_card":"summary_large_image","twitter_creator":"@altominhoTV","twitter_site":"@altominhoTV","twitter_misc":{"Escrito por":"Andreia Ferreira","Tempo estimado de leitura":"1 minuto"},"schema":{"@context":"https:\/\/schema.org","@graph":[{"@type":"Article","@id":"https:\/\/www.altominho.tv\/site\/2021\/01\/12\/viana-do-castelo-e-o-distrito-mais-critico-na-regiao-norte\/#article","isPartOf":{"@id":"https:\/\/www.altominho.tv\/site\/2021\/01\/12\/viana-do-castelo-e-o-distrito-mais-critico-na-regiao-norte\/"},"author":{"name":"Andreia Ferreira","@id":"https:\/\/www.altominho.tv\/site\/#\/schema\/person\/d9be4265364723f14ea8e0d56a1d38cd"},"headline":"Viana do Castelo \u00e9 o \u201cdistrito mais cr\u00edtico\u201d na regi\u00e3o Norte","datePublished":"2021-01-12T12:18:47+00:00","dateModified":"2021-01-12T12:25:51+00:00","mainEntityOfPage":{"@id":"https:\/\/www.altominho.tv\/site\/2021\/01\/12\/viana-do-castelo-e-o-distrito-mais-critico-na-regiao-norte\/"},"wordCount":185,"image":{"@id":"https:\/\/www.altominho.tv\/site\/2021\/01\/12\/viana-do-castelo-e-o-distrito-mais-critico-na-regiao-norte\/#primaryimage"},"thumbnailUrl":"https:\/\/www.altominho.tv\/site\/wp-content\/uploads\/2020\/09\/Coronavirus.jpg","keywords":["Sociedade"],"articleSection":["Alto Minho"],"inLanguage":"pt-PT","copyrightYear":"2021","copyrightHolder":{"@id":"https:\/\/www.altominho.tv\/site\/#organization"}},{"@type":"WebPage","@id":"https:\/\/www.altominho.tv\/site\/2021\/01\/12\/viana-do-castelo-e-o-distrito-mais-critico-na-regiao-norte\/","url":"https:\/\/www.altominho.tv\/site\/2021\/01\/12\/viana-do-castelo-e-o-distrito-mais-critico-na-regiao-norte\/","name":"Viana do Castelo \u00e9 o \u201cdistrito mais cr\u00edtico\u201d na regi\u00e3o Norte","isPartOf":{"@id":"https:\/\/www.altominho.tv\/site\/#website"},"primaryImageOfPage":{"@id":"https:\/\/www.altominho.tv\/site\/2021\/01\/12\/viana-do-castelo-e-o-distrito-mais-critico-na-regiao-norte\/#primaryimage"},"image":{"@id":"https:\/\/www.altominho.tv\/site\/2021\/01\/12\/viana-do-castelo-e-o-distrito-mais-critico-na-regiao-norte\/#primaryimage"},"thumbnailUrl":"https:\/\/www.altominho.tv\/site\/wp-content\/uploads\/2020\/09\/Coronavirus.jpg","datePublished":"2021-01-12T12:18:47+00:00","dateModified":"2021-01-12T12:25:51+00:00","author":{"@id":"https:\/\/www.altominho.tv\/site\/#\/schema\/person\/d9be4265364723f14ea8e0d56a1d38cd"},"breadcrumb":{"@id":"https:\/\/www.altominho.tv\/site\/2021\/01\/12\/viana-do-castelo-e-o-distrito-mais-critico-na-regiao-norte\/#breadcrumb"},"inLanguage":"pt-PT","potentialAction":[{"@type":"ReadAction","target":["https:\/\/www.altominho.tv\/site\/2021\/01\/12\/viana-do-castelo-e-o-distrito-mais-critico-na-regiao-norte\/"]}]},{"@type":"ImageObject","inLanguage":"pt-PT","@id":"https:\/\/www.altominho.tv\/site\/2021\/01\/12\/viana-do-castelo-e-o-distrito-mais-critico-na-regiao-norte\/#primaryimage","url":"https:\/\/www.altominho.tv\/site\/wp-content\/uploads\/2020\/09\/Coronavirus.jpg","contentUrl":"https:\/\/www.altominho.tv\/site\/wp-content\/uploads\/2020\/09\/Coronavirus.jpg","width":1080,"height":673},{"@type":"BreadcrumbList","@id":"https:\/\/www.altominho.tv\/site\/2021\/01\/12\/viana-do-castelo-e-o-distrito-mais-critico-na-regiao-norte\/#breadcrumb","itemListElement":[{"@type":"ListItem","position":1,"name":"In\u00edcio","item":"https:\/\/www.altominho.tv\/site\/"},{"@type":"ListItem","position":2,"name":"Viana do Castelo \u00e9 o \u201cdistrito mais cr\u00edtico\u201d na regi\u00e3o Norte"}]},{"@type":"WebSite","@id":"https:\/\/www.altominho.tv\/site\/#website","url":"https:\/\/www.altominho.tv\/site\/","name":"Altominho.tv","description":"A sua regi\u00e3o \u00e0 dist\u00e2ncia de um clique...","potentialAction":[{"@type":"SearchAction","target":{"@type":"EntryPoint","urlTemplate":"https:\/\/www.altominho.tv\/site\/?s={search_term_string}"},"query-input":{"@type":"PropertyValueSpecification","valueRequired":true,"valueName":"search_term_string"}}],"inLanguage":"pt-PT"},{"@type":"Person","@id":"https:\/\/www.altominho.tv\/site\/#\/schema\/person\/d9be4265364723f14ea8e0d56a1d38cd","name":"Andreia Ferreira","image":{"@type":"ImageObject","inLanguage":"pt-PT","@id":"https:\/\/www.altominho.tv\/site\/wp-content\/uploads\/2021\/01\/AndreiaFerreira-150x150.jpg","url":"https:\/\/www.altominho.tv\/site\/wp-content\/uploads\/2021\/01\/AndreiaFerreira-150x150.jpg","contentUrl":"https:\/\/www.altominho.tv\/site\/wp-content\/uploads\/2021\/01\/AndreiaFerreira-150x150.jpg","caption":"Andreia Ferreira"},"url":"https:\/\/www.altominho.tv\/site\/author\/andreiaferreira\/"}]}},"_links":{"self":[{"href":"https:\/\/www.altominho.tv\/site\/wp-json\/wp\/v2\/posts\/59025","targetHints":{"allow":["GET"]}}],"collection":[{"href":"https:\/\/www.altominho.tv\/site\/wp-json\/wp\/v2\/posts"}],"about":[{"href":"https:\/\/www.altominho.tv\/site\/wp-json\/wp\/v2\/types\/post"}],"author":[{"embeddable":true,"href":"https:\/\/www.altominho.tv\/site\/wp-json\/wp\/v2\/users\/12"}],"replies":[{"embeddable":true,"href":"https:\/\/www.altominho.tv\/site\/wp-json\/wp\/v2\/comments?post=59025"}],"version-history":[{"count":0,"href":"https:\/\/www.altominho.tv\/site\/wp-json\/wp\/v2\/posts\/59025\/revisions"}],"wp:featuredmedia":[{"embeddable":true,"href":"https:\/\/www.altominho.tv\/site\/wp-json\/wp\/v2\/media\/52401"}],"wp:attachment":[{"href":"https:\/\/www.altominho.tv\/site\/wp-json\/wp\/v2\/media?parent=59025"}],"wp:term":[{"taxonomy":"category","embeddable":true,"href":"https:\/\/www.altominho.tv\/site\/wp-json\/wp\/v2\/categories?post=59025"},{"taxonomy":"post_tag","embeddable":true,"href":"https:\/\/www.altominho.tv\/site\/wp-json\/wp\/v2\/tags?post=59025"}],"curies":[{"name":"wp","href":"https:\/\/api.w.org\/{rel}","templated":true}]}}