{"id":58985,"date":"2021-01-11T18:51:34","date_gmt":"2021-01-11T18:51:34","guid":{"rendered":"https:\/\/www.altominho.tv\/site\/?p=58985"},"modified":"2021-01-11T18:55:17","modified_gmt":"2021-01-11T18:55:17","slug":"lancado-o-concurso-publico-para-a-concessao-da-casa-do-outeiro","status":"publish","type":"post","link":"https:\/\/www.altominho.tv\/site\/2021\/01\/11\/lancado-o-concurso-publico-para-a-concessao-da-casa-do-outeiro\/","title":{"rendered":"Lan\u00e7ado o concurso p\u00fablico para a concess\u00e3o da Casa do Outeiro"},"content":{"rendered":"\n<p>Foi lan\u00e7ado o concurso p\u00fablico para a concess\u00e3o da Casa do Outeiro, no \u00e2mbito do Programa REVIVE, com o presidente da C\u00e2mara de Paredes de Coura a enfatizar que \u201co turismo \u00e9 PIB, emprego, coes\u00e3o social e felicidade. O turismo \u00e9 uma atividade econ\u00f3mica estrat\u00e9gica para o desenvolvimento econ\u00f3mico e social do pa\u00eds, designadamente para o emprego e para o crescimento das exporta\u00e7\u00f5es\u201d, sublinhou.<\/p>\n\n\n\n<p>Nesta iniciativa online que contou com a presen\u00e7a da secret\u00e1ria de Estado do Turismo, Rita Marques, do presidente da CCDR-N, Ant\u00f3nio Cunha, e da representante do Turismo de Portugal, Teresa Monteiro, o presidente da C\u00e2mara de Paredes de Coura, Vitor Paulo Pereira, defendeu que \u201co desenvolvimento inteligente \u00e9 sempre consequ\u00eancia da converg\u00eancia de um conjunto de pol\u00edticas que levam \u00e0 cria\u00e7\u00e3o de emprego. <\/p>\n\n\n\n<p>O emprego \u00e9 o vento social que traz paz, serenidade e estabilidade \u00e0s fam\u00edlias, ao mesmo tempo que faculta os meios para dar aos seus filhos uma melhor educa\u00e7\u00e3o e um acesso mais f\u00e1cil \u00e0 cultura. Condi\u00e7\u00e3o essencial para a mobilidade social ou para uma sociedade mais din\u00e2mica, mais igual e mais justa\u201d.<\/p>\n\n\n\n<p>O autarca de Paredes de Coura relembrou o \u201cmilagre econ\u00f3mico\u201d no seu concelho, traduzido pelo crescimento de 700% entre 2013 e 2015: \u201cEm 2013 Paredes de Coura registava um volume de exporta\u00e7\u00e3o de 7.000.000\u20ac que, em 2015, ascendeu a 50.000.000 \u20ac, e hoje temos um volume de exporta\u00e7\u00e3o pr\u00f3ximo dos 100.000.000 \u20ac.<\/p>\n\n\n\n<p>Entre os anos de 2014 e 2018 registamos um crescimento de 14% da popula\u00e7\u00e3o ativa do concelho, de acordo com os dados divulgadas pelo INE, e ainda de acordo com este documento do Instituto Nacional de Estat\u00edstica o n\u00famero total de pessoas ao servi\u00e7o de empresas no Concelho de Paredes de Coura aumentou 40,3%\u201d.<\/p>\n","protected":false},"excerpt":{"rendered":"<p>Foi lan\u00e7ado o concurso p\u00fablico para a concess\u00e3o da Casa do Outeiro, no \u00e2mbito do Programa REVIVE, com o presidente da C\u00e2mara de Paredes de Coura a enfatizar que \u201co turismo \u00e9 PIB, emprego, coes\u00e3o social e felicidade. O turismo \u00e9 uma atividade econ\u00f3mica estrat\u00e9gica para o desenvolvimento econ\u00f3mico e social do pa\u00eds, designadamente para [&hellip;]<\/p>\n","protected":false},"author":7,"featured_media":58988,"comment_status":"closed","ping_status":"closed","sticky":false,"template":"","format":"standard","meta":{"_exactmetrics_skip_tracking":false,"_exactmetrics_sitenote_active":false,"_exactmetrics_sitenote_note":"","_exactmetrics_sitenote_category":0,"footnotes":""},"categories":[10],"tags":[27],"class_list":["post-58985","post","type-post","status-publish","format-standard","has-post-thumbnail","hentry","category-paredes-de-coura","tag-sociedade"],"yoast_head":"<!-- This site is optimized with the Yoast SEO Premium plugin v27.4 (Yoast SEO v27.4) - https:\/\/yoast.com\/product\/yoast-seo-premium-wordpress\/ -->\n<title>Lan\u00e7ado o concurso p\u00fablico para a concess\u00e3o da Casa do Outeiro<\/title>\n<meta name=\"robots\" content=\"index, follow, max-snippet:-1, max-image-preview:large, max-video-preview:-1\" \/>\n<link rel=\"canonical\" href=\"https:\/\/www.altominho.tv\/site\/2021\/01\/11\/lancado-o-concurso-publico-para-a-concessao-da-casa-do-outeiro\/\" \/>\n<meta property=\"og:locale\" content=\"pt_PT\" \/>\n<meta property=\"og:type\" content=\"article\" \/>\n<meta property=\"og:title\" content=\"Lan\u00e7ado o concurso p\u00fablico para a concess\u00e3o da Casa do Outeiro\" \/>\n<meta property=\"og:description\" content=\"Foi lan\u00e7ado o concurso p\u00fablico para a concess\u00e3o da Casa do Outeiro, no \u00e2mbito do Programa REVIVE, com o presidente da C\u00e2mara de Paredes de Coura a enfatizar que \u201co turismo \u00e9 PIB, emprego, coes\u00e3o social e felicidade. O turismo \u00e9 uma atividade econ\u00f3mica estrat\u00e9gica para o desenvolvimento econ\u00f3mico e social do pa\u00eds, designadamente para [&hellip;]\" \/>\n<meta property=\"og:url\" content=\"https:\/\/www.altominho.tv\/site\/2021\/01\/11\/lancado-o-concurso-publico-para-a-concessao-da-casa-do-outeiro\/\" \/>\n<meta property=\"og:site_name\" content=\"Altominho.tv\" \/>\n<meta property=\"article:publisher\" content=\"https:\/\/www.facebook.com\/altominhotv\" \/>\n<meta property=\"article:published_time\" content=\"2021-01-11T18:51:34+00:00\" \/>\n<meta property=\"article:modified_time\" content=\"2021-01-11T18:55:17+00:00\" \/>\n<meta property=\"og:image\" content=\"https:\/\/www.altominho.tv\/site\/wp-content\/uploads\/2021\/01\/Casa-do-Outeiro_2.jpeg\" \/>\n\t<meta property=\"og:image:width\" content=\"1620\" \/>\n\t<meta property=\"og:image:height\" content=\"1080\" \/>\n\t<meta property=\"og:image:type\" content=\"image\/jpeg\" \/>\n<meta name=\"author\" content=\"Andreia Cunha\" \/>\n<meta name=\"twitter:card\" content=\"summary_large_image\" \/>\n<meta name=\"twitter:creator\" content=\"@altominhoTV\" \/>\n<meta name=\"twitter:site\" content=\"@altominhoTV\" \/>\n<meta name=\"twitter:label1\" content=\"Escrito por\" \/>\n\t<meta name=\"twitter:data1\" content=\"Andreia Cunha\" \/>\n\t<meta name=\"twitter:label2\" content=\"Tempo estimado de leitura\" \/>\n\t<meta name=\"twitter:data2\" content=\"1 minuto\" \/>\n<script type=\"application\/ld+json\" class=\"yoast-schema-graph\">{\"@context\":\"https:\\\/\\\/schema.org\",\"@graph\":[{\"@type\":\"Article\",\"@id\":\"https:\\\/\\\/www.altominho.tv\\\/site\\\/2021\\\/01\\\/11\\\/lancado-o-concurso-publico-para-a-concessao-da-casa-do-outeiro\\\/#article\",\"isPartOf\":{\"@id\":\"https:\\\/\\\/www.altominho.tv\\\/site\\\/2021\\\/01\\\/11\\\/lancado-o-concurso-publico-para-a-concessao-da-casa-do-outeiro\\\/\"},\"author\":{\"name\":\"Andreia Cunha\",\"@id\":\"https:\\\/\\\/www.altominho.tv\\\/site\\\/#\\\/schema\\\/person\\\/a0e4ef6d041f98ca284393d8f1d97153\"},\"headline\":\"Lan\u00e7ado o concurso p\u00fablico para a concess\u00e3o da Casa do Outeiro\",\"datePublished\":\"2021-01-11T18:51:34+00:00\",\"dateModified\":\"2021-01-11T18:55:17+00:00\",\"mainEntityOfPage\":{\"@id\":\"https:\\\/\\\/www.altominho.tv\\\/site\\\/2021\\\/01\\\/11\\\/lancado-o-concurso-publico-para-a-concessao-da-casa-do-outeiro\\\/\"},\"wordCount\":311,\"image\":{\"@id\":\"https:\\\/\\\/www.altominho.tv\\\/site\\\/2021\\\/01\\\/11\\\/lancado-o-concurso-publico-para-a-concessao-da-casa-do-outeiro\\\/#primaryimage\"},\"thumbnailUrl\":\"https:\\\/\\\/www.altominho.tv\\\/site\\\/wp-content\\\/uploads\\\/2021\\\/01\\\/Casa-do-Outeiro_2.jpeg\",\"keywords\":[\"Sociedade\"],\"articleSection\":[\"Paredes de Coura\"],\"inLanguage\":\"pt-PT\",\"copyrightYear\":\"2021\",\"copyrightHolder\":{\"@id\":\"https:\\\/\\\/www.altominho.tv\\\/site\\\/#organization\"}},{\"@type\":\"WebPage\",\"@id\":\"https:\\\/\\\/www.altominho.tv\\\/site\\\/2021\\\/01\\\/11\\\/lancado-o-concurso-publico-para-a-concessao-da-casa-do-outeiro\\\/\",\"url\":\"https:\\\/\\\/www.altominho.tv\\\/site\\\/2021\\\/01\\\/11\\\/lancado-o-concurso-publico-para-a-concessao-da-casa-do-outeiro\\\/\",\"name\":\"Lan\u00e7ado o concurso p\u00fablico para a concess\u00e3o da Casa do Outeiro\",\"isPartOf\":{\"@id\":\"https:\\\/\\\/www.altominho.tv\\\/site\\\/#website\"},\"primaryImageOfPage\":{\"@id\":\"https:\\\/\\\/www.altominho.tv\\\/site\\\/2021\\\/01\\\/11\\\/lancado-o-concurso-publico-para-a-concessao-da-casa-do-outeiro\\\/#primaryimage\"},\"image\":{\"@id\":\"https:\\\/\\\/www.altominho.tv\\\/site\\\/2021\\\/01\\\/11\\\/lancado-o-concurso-publico-para-a-concessao-da-casa-do-outeiro\\\/#primaryimage\"},\"thumbnailUrl\":\"https:\\\/\\\/www.altominho.tv\\\/site\\\/wp-content\\\/uploads\\\/2021\\\/01\\\/Casa-do-Outeiro_2.jpeg\",\"datePublished\":\"2021-01-11T18:51:34+00:00\",\"dateModified\":\"2021-01-11T18:55:17+00:00\",\"author\":{\"@id\":\"https:\\\/\\\/www.altominho.tv\\\/site\\\/#\\\/schema\\\/person\\\/a0e4ef6d041f98ca284393d8f1d97153\"},\"breadcrumb\":{\"@id\":\"https:\\\/\\\/www.altominho.tv\\\/site\\\/2021\\\/01\\\/11\\\/lancado-o-concurso-publico-para-a-concessao-da-casa-do-outeiro\\\/#breadcrumb\"},\"inLanguage\":\"pt-PT\",\"potentialAction\":[{\"@type\":\"ReadAction\",\"target\":[\"https:\\\/\\\/www.altominho.tv\\\/site\\\/2021\\\/01\\\/11\\\/lancado-o-concurso-publico-para-a-concessao-da-casa-do-outeiro\\\/\"]}]},{\"@type\":\"ImageObject\",\"inLanguage\":\"pt-PT\",\"@id\":\"https:\\\/\\\/www.altominho.tv\\\/site\\\/2021\\\/01\\\/11\\\/lancado-o-concurso-publico-para-a-concessao-da-casa-do-outeiro\\\/#primaryimage\",\"url\":\"https:\\\/\\\/www.altominho.tv\\\/site\\\/wp-content\\\/uploads\\\/2021\\\/01\\\/Casa-do-Outeiro_2.jpeg\",\"contentUrl\":\"https:\\\/\\\/www.altominho.tv\\\/site\\\/wp-content\\\/uploads\\\/2021\\\/01\\\/Casa-do-Outeiro_2.jpeg\",\"width\":1620,\"height\":1080},{\"@type\":\"BreadcrumbList\",\"@id\":\"https:\\\/\\\/www.altominho.tv\\\/site\\\/2021\\\/01\\\/11\\\/lancado-o-concurso-publico-para-a-concessao-da-casa-do-outeiro\\\/#breadcrumb\",\"itemListElement\":[{\"@type\":\"ListItem\",\"position\":1,\"name\":\"In\u00edcio\",\"item\":\"https:\\\/\\\/www.altominho.tv\\\/site\\\/\"},{\"@type\":\"ListItem\",\"position\":2,\"name\":\"Lan\u00e7ado o concurso p\u00fablico para a concess\u00e3o da Casa do Outeiro\"}]},{\"@type\":\"WebSite\",\"@id\":\"https:\\\/\\\/www.altominho.tv\\\/site\\\/#website\",\"url\":\"https:\\\/\\\/www.altominho.tv\\\/site\\\/\",\"name\":\"Altominho.tv\",\"description\":\"A sua regi\u00e3o \u00e0 dist\u00e2ncia de um clique...\",\"potentialAction\":[{\"@type\":\"SearchAction\",\"target\":{\"@type\":\"EntryPoint\",\"urlTemplate\":\"https:\\\/\\\/www.altominho.tv\\\/site\\\/?s={search_term_string}\"},\"query-input\":{\"@type\":\"PropertyValueSpecification\",\"valueRequired\":true,\"valueName\":\"search_term_string\"}}],\"inLanguage\":\"pt-PT\"},{\"@type\":\"Person\",\"@id\":\"https:\\\/\\\/www.altominho.tv\\\/site\\\/#\\\/schema\\\/person\\\/a0e4ef6d041f98ca284393d8f1d97153\",\"name\":\"Andreia Cunha\",\"image\":{\"@type\":\"ImageObject\",\"inLanguage\":\"pt-PT\",\"@id\":\"https:\\\/\\\/www.altominho.tv\\\/site\\\/wp-content\\\/uploads\\\/2017\\\/11\\\/Andreia_Cunha-1-150x150.jpg\",\"url\":\"https:\\\/\\\/www.altominho.tv\\\/site\\\/wp-content\\\/uploads\\\/2017\\\/11\\\/Andreia_Cunha-1-150x150.jpg\",\"contentUrl\":\"https:\\\/\\\/www.altominho.tv\\\/site\\\/wp-content\\\/uploads\\\/2017\\\/11\\\/Andreia_Cunha-1-150x150.jpg\",\"caption\":\"Andreia Cunha\"},\"url\":\"https:\\\/\\\/www.altominho.tv\\\/site\\\/author\\\/andreiacunha\\\/\"}]}<\/script>\n<!-- \/ Yoast SEO Premium plugin. -->","yoast_head_json":{"title":"Lan\u00e7ado o concurso p\u00fablico para a concess\u00e3o da Casa do Outeiro","robots":{"index":"index","follow":"follow","max-snippet":"max-snippet:-1","max-image-preview":"max-image-preview:large","max-video-preview":"max-video-preview:-1"},"canonical":"https:\/\/www.altominho.tv\/site\/2021\/01\/11\/lancado-o-concurso-publico-para-a-concessao-da-casa-do-outeiro\/","og_locale":"pt_PT","og_type":"article","og_title":"Lan\u00e7ado o concurso p\u00fablico para a concess\u00e3o da Casa do Outeiro","og_description":"Foi lan\u00e7ado o concurso p\u00fablico para a concess\u00e3o da Casa do Outeiro, no \u00e2mbito do Programa REVIVE, com o presidente da C\u00e2mara de Paredes de Coura a enfatizar que \u201co turismo \u00e9 PIB, emprego, coes\u00e3o social e felicidade. O turismo \u00e9 uma atividade econ\u00f3mica estrat\u00e9gica para o desenvolvimento econ\u00f3mico e social do pa\u00eds, designadamente para [&hellip;]","og_url":"https:\/\/www.altominho.tv\/site\/2021\/01\/11\/lancado-o-concurso-publico-para-a-concessao-da-casa-do-outeiro\/","og_site_name":"Altominho.tv","article_publisher":"https:\/\/www.facebook.com\/altominhotv","article_published_time":"2021-01-11T18:51:34+00:00","article_modified_time":"2021-01-11T18:55:17+00:00","og_image":[{"width":1620,"height":1080,"url":"https:\/\/www.altominho.tv\/site\/wp-content\/uploads\/2021\/01\/Casa-do-Outeiro_2.jpeg","type":"image\/jpeg"}],"author":"Andreia Cunha","twitter_card":"summary_large_image","twitter_creator":"@altominhoTV","twitter_site":"@altominhoTV","twitter_misc":{"Escrito por":"Andreia Cunha","Tempo estimado de leitura":"1 minuto"},"schema":{"@context":"https:\/\/schema.org","@graph":[{"@type":"Article","@id":"https:\/\/www.altominho.tv\/site\/2021\/01\/11\/lancado-o-concurso-publico-para-a-concessao-da-casa-do-outeiro\/#article","isPartOf":{"@id":"https:\/\/www.altominho.tv\/site\/2021\/01\/11\/lancado-o-concurso-publico-para-a-concessao-da-casa-do-outeiro\/"},"author":{"name":"Andreia Cunha","@id":"https:\/\/www.altominho.tv\/site\/#\/schema\/person\/a0e4ef6d041f98ca284393d8f1d97153"},"headline":"Lan\u00e7ado o concurso p\u00fablico para a concess\u00e3o da Casa do Outeiro","datePublished":"2021-01-11T18:51:34+00:00","dateModified":"2021-01-11T18:55:17+00:00","mainEntityOfPage":{"@id":"https:\/\/www.altominho.tv\/site\/2021\/01\/11\/lancado-o-concurso-publico-para-a-concessao-da-casa-do-outeiro\/"},"wordCount":311,"image":{"@id":"https:\/\/www.altominho.tv\/site\/2021\/01\/11\/lancado-o-concurso-publico-para-a-concessao-da-casa-do-outeiro\/#primaryimage"},"thumbnailUrl":"https:\/\/www.altominho.tv\/site\/wp-content\/uploads\/2021\/01\/Casa-do-Outeiro_2.jpeg","keywords":["Sociedade"],"articleSection":["Paredes de Coura"],"inLanguage":"pt-PT","copyrightYear":"2021","copyrightHolder":{"@id":"https:\/\/www.altominho.tv\/site\/#organization"}},{"@type":"WebPage","@id":"https:\/\/www.altominho.tv\/site\/2021\/01\/11\/lancado-o-concurso-publico-para-a-concessao-da-casa-do-outeiro\/","url":"https:\/\/www.altominho.tv\/site\/2021\/01\/11\/lancado-o-concurso-publico-para-a-concessao-da-casa-do-outeiro\/","name":"Lan\u00e7ado o concurso p\u00fablico para a concess\u00e3o da Casa do Outeiro","isPartOf":{"@id":"https:\/\/www.altominho.tv\/site\/#website"},"primaryImageOfPage":{"@id":"https:\/\/www.altominho.tv\/site\/2021\/01\/11\/lancado-o-concurso-publico-para-a-concessao-da-casa-do-outeiro\/#primaryimage"},"image":{"@id":"https:\/\/www.altominho.tv\/site\/2021\/01\/11\/lancado-o-concurso-publico-para-a-concessao-da-casa-do-outeiro\/#primaryimage"},"thumbnailUrl":"https:\/\/www.altominho.tv\/site\/wp-content\/uploads\/2021\/01\/Casa-do-Outeiro_2.jpeg","datePublished":"2021-01-11T18:51:34+00:00","dateModified":"2021-01-11T18:55:17+00:00","author":{"@id":"https:\/\/www.altominho.tv\/site\/#\/schema\/person\/a0e4ef6d041f98ca284393d8f1d97153"},"breadcrumb":{"@id":"https:\/\/www.altominho.tv\/site\/2021\/01\/11\/lancado-o-concurso-publico-para-a-concessao-da-casa-do-outeiro\/#breadcrumb"},"inLanguage":"pt-PT","potentialAction":[{"@type":"ReadAction","target":["https:\/\/www.altominho.tv\/site\/2021\/01\/11\/lancado-o-concurso-publico-para-a-concessao-da-casa-do-outeiro\/"]}]},{"@type":"ImageObject","inLanguage":"pt-PT","@id":"https:\/\/www.altominho.tv\/site\/2021\/01\/11\/lancado-o-concurso-publico-para-a-concessao-da-casa-do-outeiro\/#primaryimage","url":"https:\/\/www.altominho.tv\/site\/wp-content\/uploads\/2021\/01\/Casa-do-Outeiro_2.jpeg","contentUrl":"https:\/\/www.altominho.tv\/site\/wp-content\/uploads\/2021\/01\/Casa-do-Outeiro_2.jpeg","width":1620,"height":1080},{"@type":"BreadcrumbList","@id":"https:\/\/www.altominho.tv\/site\/2021\/01\/11\/lancado-o-concurso-publico-para-a-concessao-da-casa-do-outeiro\/#breadcrumb","itemListElement":[{"@type":"ListItem","position":1,"name":"In\u00edcio","item":"https:\/\/www.altominho.tv\/site\/"},{"@type":"ListItem","position":2,"name":"Lan\u00e7ado o concurso p\u00fablico para a concess\u00e3o da Casa do Outeiro"}]},{"@type":"WebSite","@id":"https:\/\/www.altominho.tv\/site\/#website","url":"https:\/\/www.altominho.tv\/site\/","name":"Altominho.tv","description":"A sua regi\u00e3o \u00e0 dist\u00e2ncia de um clique...","potentialAction":[{"@type":"SearchAction","target":{"@type":"EntryPoint","urlTemplate":"https:\/\/www.altominho.tv\/site\/?s={search_term_string}"},"query-input":{"@type":"PropertyValueSpecification","valueRequired":true,"valueName":"search_term_string"}}],"inLanguage":"pt-PT"},{"@type":"Person","@id":"https:\/\/www.altominho.tv\/site\/#\/schema\/person\/a0e4ef6d041f98ca284393d8f1d97153","name":"Andreia Cunha","image":{"@type":"ImageObject","inLanguage":"pt-PT","@id":"https:\/\/www.altominho.tv\/site\/wp-content\/uploads\/2017\/11\/Andreia_Cunha-1-150x150.jpg","url":"https:\/\/www.altominho.tv\/site\/wp-content\/uploads\/2017\/11\/Andreia_Cunha-1-150x150.jpg","contentUrl":"https:\/\/www.altominho.tv\/site\/wp-content\/uploads\/2017\/11\/Andreia_Cunha-1-150x150.jpg","caption":"Andreia Cunha"},"url":"https:\/\/www.altominho.tv\/site\/author\/andreiacunha\/"}]}},"_links":{"self":[{"href":"https:\/\/www.altominho.tv\/site\/wp-json\/wp\/v2\/posts\/58985","targetHints":{"allow":["GET"]}}],"collection":[{"href":"https:\/\/www.altominho.tv\/site\/wp-json\/wp\/v2\/posts"}],"about":[{"href":"https:\/\/www.altominho.tv\/site\/wp-json\/wp\/v2\/types\/post"}],"author":[{"embeddable":true,"href":"https:\/\/www.altominho.tv\/site\/wp-json\/wp\/v2\/users\/7"}],"replies":[{"embeddable":true,"href":"https:\/\/www.altominho.tv\/site\/wp-json\/wp\/v2\/comments?post=58985"}],"version-history":[{"count":0,"href":"https:\/\/www.altominho.tv\/site\/wp-json\/wp\/v2\/posts\/58985\/revisions"}],"wp:featuredmedia":[{"embeddable":true,"href":"https:\/\/www.altominho.tv\/site\/wp-json\/wp\/v2\/media\/58988"}],"wp:attachment":[{"href":"https:\/\/www.altominho.tv\/site\/wp-json\/wp\/v2\/media?parent=58985"}],"wp:term":[{"taxonomy":"category","embeddable":true,"href":"https:\/\/www.altominho.tv\/site\/wp-json\/wp\/v2\/categories?post=58985"},{"taxonomy":"post_tag","embeddable":true,"href":"https:\/\/www.altominho.tv\/site\/wp-json\/wp\/v2\/tags?post=58985"}],"curies":[{"name":"wp","href":"https:\/\/api.w.org\/{rel}","templated":true}]}}