{"id":58751,"date":"2021-01-07T15:45:28","date_gmt":"2021-01-07T15:45:28","guid":{"rendered":"https:\/\/www.altominho.tv\/site\/?p=58751"},"modified":"2021-01-07T15:45:32","modified_gmt":"2021-01-07T15:45:32","slug":"circulacao-proibida-e-recolher-obrigatorio-no-fim-de-semana-em-todos-os-concelhos-do-alto-minho","status":"publish","type":"post","link":"https:\/\/www.altominho.tv\/site\/2021\/01\/07\/circulacao-proibida-e-recolher-obrigatorio-no-fim-de-semana-em-todos-os-concelhos-do-alto-minho\/","title":{"rendered":"Circula\u00e7\u00e3o proibida e recolher obrigat\u00f3rio no fim de semana em todos os concelhos do Alto Minho"},"content":{"rendered":"<p>A maioria dos concelhos do continente portugu\u00eas, com exce\u00e7\u00e3o de 25, vai ter no pr\u00f3ximo fim de semana proibi\u00e7\u00e3o de circula\u00e7\u00e3o entre munic\u00edpios e recolher obrigat\u00f3rio entre as 13h00 e as 05h00. No Alto Minho, as medidas aplicam-se aos 10 concelhos.<\/p>\n<p>O Governo decidiu prolongar as medidas atualmente em vigor no combate \u00e0 pandemia no territ\u00f3rio continental e aplicar novas restri\u00e7\u00f5es durante o pr\u00f3ximo fim de semana nos concelhos com maior risco.<\/p>\n<p>Em confer\u00eancia de imprensa, ap\u00f3s a reuni\u00e3o do Conselho de Ministros, o primeiro-ministro explicou que as medidas aplicam-se nos concelhos com mais de 240 novos casos por 100 mil habitantes. \u201cS\u00f3 n\u00e3o se aplicam em 25 concelhos, em que o n\u00famero de novos casos \u00e9 inferior a 240\u201d, revelou Ant\u00f3nio Costa.<\/p>\n<p class=\"text-paragraph\">Na quarta-feira, o Presidente da Rep\u00fablica decretou a renova\u00e7\u00e3o do estado de emerg\u00eancia por mais oito dias, at\u00e9 15 de janeiro, para permitir medidas de conten\u00e7\u00e3o da Covid-19.<\/p>\n<p>Esta quinta-feira, o primeiro-ministro afirmou ainda que, na pr\u00f3xima semana, o Governo poder\u00e1 tomar medidas mais restritivas para fazer face ao aumento de cont\u00e1gios.<\/p>\n<h3>N\u00edveis de risco por concelho no Alto Minho<\/h3>\n<p>Ponte da Barca registou uma taxa de incid\u00eancia superior a 960 casos de Covid-19 por 100 mil habitantes e \u00e9 atualmente o \u00fanico concelho em risco extremo devido ao elevado n\u00famero de casos de infe\u00e7\u00e3o, segundo a \u00faltima atualiza\u00e7\u00e3o da <a href=\"https:\/\/covid19estamoson.gov.pt\/lista-de-concelhos-nivel-de-risco\/\" target=\"_blank\" rel=\"noopener\">lista de concelhos por n\u00edvel de risco<\/a>.<\/p>\n<p>Quatro concelhos est\u00e3o em risco muito elevado, nomeadamente Arcos de Valdevez, Caminha, Melga\u00e7o e Viana do Castelo.<\/p>\n<p>J\u00e1 Mon\u00e7\u00e3o, Paredes de Coura, Ponte de Lima, Valen\u00e7a e Vila Nova de Cerveira est\u00e3o atualmente em risco elevado.<\/p>\n<p>O Governo definiu que os concelhos com menos de 240 casos por 100 mil habitantes t\u00eam risco &#8220;moderado&#8221;, os concelhos com mais de 240 e at\u00e9 480 casos por 100 mil habitantes t\u00eam risco &#8220;elevado&#8221;, os concelhos com mais de 480 novos casos e at\u00e9 960 casos encontram-se em risco &#8220;muito elevado&#8221; e os concelhos com mais de 960 casos por 100 mil habitantes t\u00eam risco &#8220;extremamente elevado&#8221;.<\/p>\n","protected":false},"excerpt":{"rendered":"<p>A maioria dos concelhos do continente portugu\u00eas, com exce\u00e7\u00e3o de 25, vai ter no pr\u00f3ximo fim de semana proibi\u00e7\u00e3o de circula\u00e7\u00e3o entre munic\u00edpios e recolher obrigat\u00f3rio entre as 13h00 e as 05h00. No Alto Minho, as medidas aplicam-se aos 10 concelhos. O Governo decidiu prolongar as medidas atualmente em vigor no combate \u00e0 pandemia no [&hellip;]<\/p>\n","protected":false},"author":15,"featured_media":55549,"comment_status":"closed","ping_status":"closed","sticky":false,"template":"","format":"standard","meta":{"_exactmetrics_skip_tracking":false,"footnotes":""},"categories":[73],"tags":[27],"class_list":["post-58751","post","type-post","status-publish","format-standard","has-post-thumbnail","hentry","category-alto-minho","tag-sociedade"],"yoast_head":"<!-- This site is optimized with the Yoast SEO Premium plugin v28.3 (Yoast SEO v28.3) - https:\/\/yoast.com\/product\/yoast-seo-premium-wordpress\/ -->\n<title>Circula\u00e7\u00e3o proibida e recolher obrigat\u00f3rio no fim de semana em todos os concelhos do Alto Minho<\/title>\n<meta name=\"robots\" content=\"index, follow, max-snippet:-1, max-image-preview:large, max-video-preview:-1\" \/>\n<link rel=\"canonical\" href=\"https:\/\/www.altominho.tv\/site\/2021\/01\/07\/circulacao-proibida-e-recolher-obrigatorio-no-fim-de-semana-em-todos-os-concelhos-do-alto-minho\/\" \/>\n<meta property=\"og:locale\" content=\"pt_PT\" \/>\n<meta property=\"og:type\" content=\"article\" \/>\n<meta property=\"og:title\" content=\"Circula\u00e7\u00e3o proibida e recolher obrigat\u00f3rio no fim de semana em todos os concelhos do Alto Minho\" \/>\n<meta property=\"og:description\" content=\"A maioria dos concelhos do continente portugu\u00eas, com exce\u00e7\u00e3o de 25, vai ter no pr\u00f3ximo fim de semana proibi\u00e7\u00e3o de circula\u00e7\u00e3o entre munic\u00edpios e recolher obrigat\u00f3rio entre as 13h00 e as 05h00. No Alto Minho, as medidas aplicam-se aos 10 concelhos. O Governo decidiu prolongar as medidas atualmente em vigor no combate \u00e0 pandemia no [&hellip;]\" \/>\n<meta property=\"og:url\" content=\"https:\/\/www.altominho.tv\/site\/2021\/01\/07\/circulacao-proibida-e-recolher-obrigatorio-no-fim-de-semana-em-todos-os-concelhos-do-alto-minho\/\" \/>\n<meta property=\"og:site_name\" content=\"Altominho.tv\" \/>\n<meta property=\"article:publisher\" content=\"https:\/\/www.facebook.com\/altominhotv\" \/>\n<meta property=\"article:published_time\" content=\"2021-01-07T15:45:28+00:00\" \/>\n<meta property=\"article:modified_time\" content=\"2021-01-07T15:45:32+00:00\" \/>\n<meta property=\"og:image\" content=\"https:\/\/www.altominho.tv\/site\/wp-content\/uploads\/2020\/11\/costa.jpg\" \/>\n\t<meta property=\"og:image:width\" content=\"1024\" \/>\n\t<meta property=\"og:image:height\" content=\"576\" \/>\n\t<meta property=\"og:image:type\" content=\"image\/jpeg\" \/>\n<meta name=\"author\" content=\"Andreia Ferreira | Lusa\" \/>\n<meta name=\"twitter:card\" content=\"summary_large_image\" \/>\n<meta name=\"twitter:creator\" content=\"@altominhoTV\" \/>\n<meta name=\"twitter:site\" content=\"@altominhoTV\" \/>\n<meta name=\"twitter:label1\" content=\"Escrito por\" \/>\n\t<meta name=\"twitter:data1\" content=\"Andreia Ferreira | Lusa\" \/>\n\t<meta name=\"twitter:label2\" content=\"Tempo estimado de leitura\" \/>\n\t<meta name=\"twitter:data2\" content=\"2 minutos\" \/>\n<script type=\"application\/ld+json\" class=\"yoast-schema-graph\">{\"@context\":\"https:\\\/\\\/schema.org\",\"@graph\":[{\"@type\":\"Article\",\"@id\":\"https:\\\/\\\/www.altominho.tv\\\/site\\\/2021\\\/01\\\/07\\\/circulacao-proibida-e-recolher-obrigatorio-no-fim-de-semana-em-todos-os-concelhos-do-alto-minho\\\/#article\",\"isPartOf\":{\"@id\":\"https:\\\/\\\/www.altominho.tv\\\/site\\\/2021\\\/01\\\/07\\\/circulacao-proibida-e-recolher-obrigatorio-no-fim-de-semana-em-todos-os-concelhos-do-alto-minho\\\/\"},\"author\":{\"name\":\"Andreia Ferreira | Lusa\",\"@id\":\"https:\\\/\\\/www.altominho.tv\\\/site\\\/#\\\/schema\\\/person\\\/a0bff6dc1041aadd46fa81887444b017\"},\"headline\":\"Circula\u00e7\u00e3o proibida e recolher obrigat\u00f3rio no fim de semana em todos os concelhos do Alto Minho\",\"datePublished\":\"2021-01-07T15:45:28+00:00\",\"dateModified\":\"2021-01-07T15:45:32+00:00\",\"mainEntityOfPage\":{\"@id\":\"https:\\\/\\\/www.altominho.tv\\\/site\\\/2021\\\/01\\\/07\\\/circulacao-proibida-e-recolher-obrigatorio-no-fim-de-semana-em-todos-os-concelhos-do-alto-minho\\\/\"},\"wordCount\":367,\"image\":{\"@id\":\"https:\\\/\\\/www.altominho.tv\\\/site\\\/2021\\\/01\\\/07\\\/circulacao-proibida-e-recolher-obrigatorio-no-fim-de-semana-em-todos-os-concelhos-do-alto-minho\\\/#primaryimage\"},\"thumbnailUrl\":\"https:\\\/\\\/www.altominho.tv\\\/site\\\/wp-content\\\/uploads\\\/2020\\\/11\\\/costa.jpg\",\"keywords\":[\"Sociedade\"],\"articleSection\":[\"Alto Minho\"],\"inLanguage\":\"pt-PT\",\"copyrightYear\":\"2021\",\"copyrightHolder\":{\"@id\":\"https:\\\/\\\/www.altominho.tv\\\/site\\\/#organization\"}},{\"@type\":\"WebPage\",\"@id\":\"https:\\\/\\\/www.altominho.tv\\\/site\\\/2021\\\/01\\\/07\\\/circulacao-proibida-e-recolher-obrigatorio-no-fim-de-semana-em-todos-os-concelhos-do-alto-minho\\\/\",\"url\":\"https:\\\/\\\/www.altominho.tv\\\/site\\\/2021\\\/01\\\/07\\\/circulacao-proibida-e-recolher-obrigatorio-no-fim-de-semana-em-todos-os-concelhos-do-alto-minho\\\/\",\"name\":\"Circula\u00e7\u00e3o proibida e recolher obrigat\u00f3rio no fim de semana em todos os concelhos do Alto Minho\",\"isPartOf\":{\"@id\":\"https:\\\/\\\/www.altominho.tv\\\/site\\\/#website\"},\"primaryImageOfPage\":{\"@id\":\"https:\\\/\\\/www.altominho.tv\\\/site\\\/2021\\\/01\\\/07\\\/circulacao-proibida-e-recolher-obrigatorio-no-fim-de-semana-em-todos-os-concelhos-do-alto-minho\\\/#primaryimage\"},\"image\":{\"@id\":\"https:\\\/\\\/www.altominho.tv\\\/site\\\/2021\\\/01\\\/07\\\/circulacao-proibida-e-recolher-obrigatorio-no-fim-de-semana-em-todos-os-concelhos-do-alto-minho\\\/#primaryimage\"},\"thumbnailUrl\":\"https:\\\/\\\/www.altominho.tv\\\/site\\\/wp-content\\\/uploads\\\/2020\\\/11\\\/costa.jpg\",\"datePublished\":\"2021-01-07T15:45:28+00:00\",\"dateModified\":\"2021-01-07T15:45:32+00:00\",\"author\":{\"@id\":\"https:\\\/\\\/www.altominho.tv\\\/site\\\/#\\\/schema\\\/person\\\/a0bff6dc1041aadd46fa81887444b017\"},\"breadcrumb\":{\"@id\":\"https:\\\/\\\/www.altominho.tv\\\/site\\\/2021\\\/01\\\/07\\\/circulacao-proibida-e-recolher-obrigatorio-no-fim-de-semana-em-todos-os-concelhos-do-alto-minho\\\/#breadcrumb\"},\"inLanguage\":\"pt-PT\",\"potentialAction\":[{\"@type\":\"ReadAction\",\"target\":[\"https:\\\/\\\/www.altominho.tv\\\/site\\\/2021\\\/01\\\/07\\\/circulacao-proibida-e-recolher-obrigatorio-no-fim-de-semana-em-todos-os-concelhos-do-alto-minho\\\/\"]}]},{\"@type\":\"ImageObject\",\"inLanguage\":\"pt-PT\",\"@id\":\"https:\\\/\\\/www.altominho.tv\\\/site\\\/2021\\\/01\\\/07\\\/circulacao-proibida-e-recolher-obrigatorio-no-fim-de-semana-em-todos-os-concelhos-do-alto-minho\\\/#primaryimage\",\"url\":\"https:\\\/\\\/www.altominho.tv\\\/site\\\/wp-content\\\/uploads\\\/2020\\\/11\\\/costa.jpg\",\"contentUrl\":\"https:\\\/\\\/www.altominho.tv\\\/site\\\/wp-content\\\/uploads\\\/2020\\\/11\\\/costa.jpg\",\"width\":1024,\"height\":576},{\"@type\":\"BreadcrumbList\",\"@id\":\"https:\\\/\\\/www.altominho.tv\\\/site\\\/2021\\\/01\\\/07\\\/circulacao-proibida-e-recolher-obrigatorio-no-fim-de-semana-em-todos-os-concelhos-do-alto-minho\\\/#breadcrumb\",\"itemListElement\":[{\"@type\":\"ListItem\",\"position\":1,\"name\":\"In\u00edcio\",\"item\":\"https:\\\/\\\/www.altominho.tv\\\/site\\\/\"},{\"@type\":\"ListItem\",\"position\":2,\"name\":\"Circula\u00e7\u00e3o proibida e recolher obrigat\u00f3rio no fim de semana em todos os concelhos do Alto Minho\"}]},{\"@type\":\"WebSite\",\"@id\":\"https:\\\/\\\/www.altominho.tv\\\/site\\\/#website\",\"url\":\"https:\\\/\\\/www.altominho.tv\\\/site\\\/\",\"name\":\"Altominho.tv\",\"description\":\"A sua regi\u00e3o \u00e0 dist\u00e2ncia de um clique...\",\"potentialAction\":[{\"@type\":\"SearchAction\",\"target\":{\"@type\":\"EntryPoint\",\"urlTemplate\":\"https:\\\/\\\/www.altominho.tv\\\/site\\\/?s={search_term_string}\"},\"query-input\":{\"@type\":\"PropertyValueSpecification\",\"valueRequired\":true,\"valueName\":\"search_term_string\"}}],\"inLanguage\":\"pt-PT\"},{\"@type\":\"Person\",\"@id\":\"https:\\\/\\\/www.altominho.tv\\\/site\\\/#\\\/schema\\\/person\\\/a0bff6dc1041aadd46fa81887444b017\",\"name\":\"Andreia Ferreira | Lusa\",\"image\":{\"@type\":\"ImageObject\",\"inLanguage\":\"pt-PT\",\"@id\":\"https:\\\/\\\/www.altominho.tv\\\/site\\\/wp-content\\\/uploads\\\/2018\\\/04\\\/Andreia-150x150.jpg\",\"url\":\"https:\\\/\\\/www.altominho.tv\\\/site\\\/wp-content\\\/uploads\\\/2018\\\/04\\\/Andreia-150x150.jpg\",\"contentUrl\":\"https:\\\/\\\/www.altominho.tv\\\/site\\\/wp-content\\\/uploads\\\/2018\\\/04\\\/Andreia-150x150.jpg\",\"caption\":\"Andreia Ferreira | Lusa\"},\"sameAs\":[\"https:\\\/\\\/www.altominho.tv\\\/site\"],\"url\":\"https:\\\/\\\/www.altominho.tv\\\/site\\\/author\\\/andreiaferreiralusa\\\/\"}]}<\/script>\n<!-- \/ Yoast SEO Premium plugin. -->","yoast_head_json":{"title":"Circula\u00e7\u00e3o proibida e recolher obrigat\u00f3rio no fim de semana em todos os concelhos do Alto Minho","robots":{"index":"index","follow":"follow","max-snippet":"max-snippet:-1","max-image-preview":"max-image-preview:large","max-video-preview":"max-video-preview:-1"},"canonical":"https:\/\/www.altominho.tv\/site\/2021\/01\/07\/circulacao-proibida-e-recolher-obrigatorio-no-fim-de-semana-em-todos-os-concelhos-do-alto-minho\/","og_locale":"pt_PT","og_type":"article","og_title":"Circula\u00e7\u00e3o proibida e recolher obrigat\u00f3rio no fim de semana em todos os concelhos do Alto Minho","og_description":"A maioria dos concelhos do continente portugu\u00eas, com exce\u00e7\u00e3o de 25, vai ter no pr\u00f3ximo fim de semana proibi\u00e7\u00e3o de circula\u00e7\u00e3o entre munic\u00edpios e recolher obrigat\u00f3rio entre as 13h00 e as 05h00. No Alto Minho, as medidas aplicam-se aos 10 concelhos. O Governo decidiu prolongar as medidas atualmente em vigor no combate \u00e0 pandemia no [&hellip;]","og_url":"https:\/\/www.altominho.tv\/site\/2021\/01\/07\/circulacao-proibida-e-recolher-obrigatorio-no-fim-de-semana-em-todos-os-concelhos-do-alto-minho\/","og_site_name":"Altominho.tv","article_publisher":"https:\/\/www.facebook.com\/altominhotv","article_published_time":"2021-01-07T15:45:28+00:00","article_modified_time":"2021-01-07T15:45:32+00:00","og_image":[{"width":1024,"height":576,"url":"https:\/\/www.altominho.tv\/site\/wp-content\/uploads\/2020\/11\/costa.jpg","type":"image\/jpeg"}],"author":"Andreia Ferreira | Lusa","twitter_card":"summary_large_image","twitter_creator":"@altominhoTV","twitter_site":"@altominhoTV","twitter_misc":{"Escrito por":"Andreia Ferreira | Lusa","Tempo estimado de leitura":"2 minutos"},"schema":{"@context":"https:\/\/schema.org","@graph":[{"@type":"Article","@id":"https:\/\/www.altominho.tv\/site\/2021\/01\/07\/circulacao-proibida-e-recolher-obrigatorio-no-fim-de-semana-em-todos-os-concelhos-do-alto-minho\/#article","isPartOf":{"@id":"https:\/\/www.altominho.tv\/site\/2021\/01\/07\/circulacao-proibida-e-recolher-obrigatorio-no-fim-de-semana-em-todos-os-concelhos-do-alto-minho\/"},"author":{"name":"Andreia Ferreira | Lusa","@id":"https:\/\/www.altominho.tv\/site\/#\/schema\/person\/a0bff6dc1041aadd46fa81887444b017"},"headline":"Circula\u00e7\u00e3o proibida e recolher obrigat\u00f3rio no fim de semana em todos os concelhos do Alto Minho","datePublished":"2021-01-07T15:45:28+00:00","dateModified":"2021-01-07T15:45:32+00:00","mainEntityOfPage":{"@id":"https:\/\/www.altominho.tv\/site\/2021\/01\/07\/circulacao-proibida-e-recolher-obrigatorio-no-fim-de-semana-em-todos-os-concelhos-do-alto-minho\/"},"wordCount":367,"image":{"@id":"https:\/\/www.altominho.tv\/site\/2021\/01\/07\/circulacao-proibida-e-recolher-obrigatorio-no-fim-de-semana-em-todos-os-concelhos-do-alto-minho\/#primaryimage"},"thumbnailUrl":"https:\/\/www.altominho.tv\/site\/wp-content\/uploads\/2020\/11\/costa.jpg","keywords":["Sociedade"],"articleSection":["Alto Minho"],"inLanguage":"pt-PT","copyrightYear":"2021","copyrightHolder":{"@id":"https:\/\/www.altominho.tv\/site\/#organization"}},{"@type":"WebPage","@id":"https:\/\/www.altominho.tv\/site\/2021\/01\/07\/circulacao-proibida-e-recolher-obrigatorio-no-fim-de-semana-em-todos-os-concelhos-do-alto-minho\/","url":"https:\/\/www.altominho.tv\/site\/2021\/01\/07\/circulacao-proibida-e-recolher-obrigatorio-no-fim-de-semana-em-todos-os-concelhos-do-alto-minho\/","name":"Circula\u00e7\u00e3o proibida e recolher obrigat\u00f3rio no fim de semana em todos os concelhos do Alto Minho","isPartOf":{"@id":"https:\/\/www.altominho.tv\/site\/#website"},"primaryImageOfPage":{"@id":"https:\/\/www.altominho.tv\/site\/2021\/01\/07\/circulacao-proibida-e-recolher-obrigatorio-no-fim-de-semana-em-todos-os-concelhos-do-alto-minho\/#primaryimage"},"image":{"@id":"https:\/\/www.altominho.tv\/site\/2021\/01\/07\/circulacao-proibida-e-recolher-obrigatorio-no-fim-de-semana-em-todos-os-concelhos-do-alto-minho\/#primaryimage"},"thumbnailUrl":"https:\/\/www.altominho.tv\/site\/wp-content\/uploads\/2020\/11\/costa.jpg","datePublished":"2021-01-07T15:45:28+00:00","dateModified":"2021-01-07T15:45:32+00:00","author":{"@id":"https:\/\/www.altominho.tv\/site\/#\/schema\/person\/a0bff6dc1041aadd46fa81887444b017"},"breadcrumb":{"@id":"https:\/\/www.altominho.tv\/site\/2021\/01\/07\/circulacao-proibida-e-recolher-obrigatorio-no-fim-de-semana-em-todos-os-concelhos-do-alto-minho\/#breadcrumb"},"inLanguage":"pt-PT","potentialAction":[{"@type":"ReadAction","target":["https:\/\/www.altominho.tv\/site\/2021\/01\/07\/circulacao-proibida-e-recolher-obrigatorio-no-fim-de-semana-em-todos-os-concelhos-do-alto-minho\/"]}]},{"@type":"ImageObject","inLanguage":"pt-PT","@id":"https:\/\/www.altominho.tv\/site\/2021\/01\/07\/circulacao-proibida-e-recolher-obrigatorio-no-fim-de-semana-em-todos-os-concelhos-do-alto-minho\/#primaryimage","url":"https:\/\/www.altominho.tv\/site\/wp-content\/uploads\/2020\/11\/costa.jpg","contentUrl":"https:\/\/www.altominho.tv\/site\/wp-content\/uploads\/2020\/11\/costa.jpg","width":1024,"height":576},{"@type":"BreadcrumbList","@id":"https:\/\/www.altominho.tv\/site\/2021\/01\/07\/circulacao-proibida-e-recolher-obrigatorio-no-fim-de-semana-em-todos-os-concelhos-do-alto-minho\/#breadcrumb","itemListElement":[{"@type":"ListItem","position":1,"name":"In\u00edcio","item":"https:\/\/www.altominho.tv\/site\/"},{"@type":"ListItem","position":2,"name":"Circula\u00e7\u00e3o proibida e recolher obrigat\u00f3rio no fim de semana em todos os concelhos do Alto Minho"}]},{"@type":"WebSite","@id":"https:\/\/www.altominho.tv\/site\/#website","url":"https:\/\/www.altominho.tv\/site\/","name":"Altominho.tv","description":"A sua regi\u00e3o \u00e0 dist\u00e2ncia de um clique...","potentialAction":[{"@type":"SearchAction","target":{"@type":"EntryPoint","urlTemplate":"https:\/\/www.altominho.tv\/site\/?s={search_term_string}"},"query-input":{"@type":"PropertyValueSpecification","valueRequired":true,"valueName":"search_term_string"}}],"inLanguage":"pt-PT"},{"@type":"Person","@id":"https:\/\/www.altominho.tv\/site\/#\/schema\/person\/a0bff6dc1041aadd46fa81887444b017","name":"Andreia Ferreira | Lusa","image":{"@type":"ImageObject","inLanguage":"pt-PT","@id":"https:\/\/www.altominho.tv\/site\/wp-content\/uploads\/2018\/04\/Andreia-150x150.jpg","url":"https:\/\/www.altominho.tv\/site\/wp-content\/uploads\/2018\/04\/Andreia-150x150.jpg","contentUrl":"https:\/\/www.altominho.tv\/site\/wp-content\/uploads\/2018\/04\/Andreia-150x150.jpg","caption":"Andreia Ferreira | Lusa"},"sameAs":["https:\/\/www.altominho.tv\/site"],"url":"https:\/\/www.altominho.tv\/site\/author\/andreiaferreiralusa\/"}]}},"_links":{"self":[{"href":"https:\/\/www.altominho.tv\/site\/wp-json\/wp\/v2\/posts\/58751","targetHints":{"allow":["GET"]}}],"collection":[{"href":"https:\/\/www.altominho.tv\/site\/wp-json\/wp\/v2\/posts"}],"about":[{"href":"https:\/\/www.altominho.tv\/site\/wp-json\/wp\/v2\/types\/post"}],"author":[{"embeddable":true,"href":"https:\/\/www.altominho.tv\/site\/wp-json\/wp\/v2\/users\/15"}],"replies":[{"embeddable":true,"href":"https:\/\/www.altominho.tv\/site\/wp-json\/wp\/v2\/comments?post=58751"}],"version-history":[{"count":0,"href":"https:\/\/www.altominho.tv\/site\/wp-json\/wp\/v2\/posts\/58751\/revisions"}],"wp:featuredmedia":[{"embeddable":true,"href":"https:\/\/www.altominho.tv\/site\/wp-json\/wp\/v2\/media\/55549"}],"wp:attachment":[{"href":"https:\/\/www.altominho.tv\/site\/wp-json\/wp\/v2\/media?parent=58751"}],"wp:term":[{"taxonomy":"category","embeddable":true,"href":"https:\/\/www.altominho.tv\/site\/wp-json\/wp\/v2\/categories?post=58751"},{"taxonomy":"post_tag","embeddable":true,"href":"https:\/\/www.altominho.tv\/site\/wp-json\/wp\/v2\/tags?post=58751"}],"curies":[{"name":"wp","href":"https:\/\/api.w.org\/{rel}","templated":true}]}}