{"id":58668,"date":"2021-01-06T15:15:14","date_gmt":"2021-01-06T15:15:14","guid":{"rendered":"https:\/\/www.altominho.tv\/site\/?p=58668"},"modified":"2021-01-06T15:15:58","modified_gmt":"2021-01-06T15:15:58","slug":"homem-detido-por-posse-ilegal-de-armas","status":"publish","type":"post","link":"https:\/\/www.altominho.tv\/site\/2021\/01\/06\/homem-detido-por-posse-ilegal-de-armas\/","title":{"rendered":"Homem detido por posse ilegal de armas"},"content":{"rendered":"<p>A GNR deteve&nbsp;um homem de 59 anos por posse ilegal de armas, no concelho de Arcos de Valdevez.<\/p>\n<p>Em comunicado, o Comando Territorial da GNR de Viana do Castelo adiantou que a deten\u00e7\u00e3o ocorreu na ter\u00e7a-feira , &#8220;no \u00e2mbito de uma investiga\u00e7\u00e3o que decorria h\u00e1 um m\u00eas&#8221;.<\/p>\n<p>No decurso da opera\u00e7\u00e3o, os militares da Guarda Nacional Republicana realizaram uma busca domicili\u00e1ria e uma em ve\u00edculo, tendo apreendido quatro espingardas de ca\u00e7a de calibre 12, uma carabina, uma arma de ar comprimido, uma arma de fogo de fabrico artesanal, uma arma branca, um bast\u00e3o artesanal, um taco de basebol e 1246 muni\u00e7\u00f5es de diversos calibres.<\/p>\n<p><u><\/u><u><\/u>O detido foi constitu\u00eddo arguido e os factos foram remetidos para o Tribunal Judicial de Arcos de Valdevez.<\/p>\n","protected":false},"excerpt":{"rendered":"<p>A GNR deteve&nbsp;um homem de 59 anos por posse ilegal de armas, no concelho de Arcos de Valdevez. Em comunicado, o Comando Territorial da GNR de Viana do Castelo adiantou que a deten\u00e7\u00e3o ocorreu na ter\u00e7a-feira , &#8220;no \u00e2mbito de uma investiga\u00e7\u00e3o que decorria h\u00e1 um m\u00eas&#8221;. No decurso da opera\u00e7\u00e3o, os militares da Guarda [&hellip;]<\/p>\n","protected":false},"author":12,"featured_media":58669,"comment_status":"closed","ping_status":"closed","sticky":false,"template":"","format":"standard","meta":{"_exactmetrics_skip_tracking":false,"_exactmetrics_sitenote_active":false,"_exactmetrics_sitenote_note":"","_exactmetrics_sitenote_category":0,"footnotes":""},"categories":[2],"tags":[27],"class_list":["post-58668","post","type-post","status-publish","format-standard","has-post-thumbnail","hentry","category-arcos-de-valdevez","tag-sociedade"],"yoast_head":"<!-- This site is optimized with the Yoast SEO Premium plugin v27.4 (Yoast SEO v27.4) - https:\/\/yoast.com\/product\/yoast-seo-premium-wordpress\/ -->\n<title>Homem detido por posse ilegal de armas<\/title>\n<meta name=\"robots\" content=\"index, follow, max-snippet:-1, max-image-preview:large, max-video-preview:-1\" \/>\n<link rel=\"canonical\" href=\"https:\/\/www.altominho.tv\/site\/2021\/01\/06\/homem-detido-por-posse-ilegal-de-armas\/\" \/>\n<meta property=\"og:locale\" content=\"pt_PT\" \/>\n<meta property=\"og:type\" content=\"article\" \/>\n<meta property=\"og:title\" content=\"Homem detido por posse ilegal de armas\" \/>\n<meta property=\"og:description\" content=\"A GNR deteve&nbsp;um homem de 59 anos por posse ilegal de armas, no concelho de Arcos de Valdevez. Em comunicado, o Comando Territorial da GNR de Viana do Castelo adiantou que a deten\u00e7\u00e3o ocorreu na ter\u00e7a-feira , &#8220;no \u00e2mbito de uma investiga\u00e7\u00e3o que decorria h\u00e1 um m\u00eas&#8221;. No decurso da opera\u00e7\u00e3o, os militares da Guarda [&hellip;]\" \/>\n<meta property=\"og:url\" content=\"https:\/\/www.altominho.tv\/site\/2021\/01\/06\/homem-detido-por-posse-ilegal-de-armas\/\" \/>\n<meta property=\"og:site_name\" content=\"Altominho.tv\" \/>\n<meta property=\"article:publisher\" content=\"https:\/\/www.facebook.com\/altominhotv\" \/>\n<meta property=\"article:published_time\" content=\"2021-01-06T15:15:14+00:00\" \/>\n<meta property=\"article:modified_time\" content=\"2021-01-06T15:15:58+00:00\" \/>\n<meta property=\"og:image\" content=\"https:\/\/www.altominho.tv\/site\/wp-content\/uploads\/2021\/01\/GNR-V.-Castelo-Apreensa\u0303o-2.jpg\" \/>\n\t<meta property=\"og:image:width\" content=\"750\" \/>\n\t<meta property=\"og:image:height\" content=\"422\" \/>\n\t<meta property=\"og:image:type\" content=\"image\/jpeg\" \/>\n<meta name=\"author\" content=\"Andreia Ferreira\" \/>\n<meta name=\"twitter:card\" content=\"summary_large_image\" \/>\n<meta name=\"twitter:creator\" content=\"@altominhoTV\" \/>\n<meta name=\"twitter:site\" content=\"@altominhoTV\" \/>\n<meta name=\"twitter:label1\" content=\"Escrito por\" \/>\n\t<meta name=\"twitter:data1\" content=\"Andreia Ferreira\" \/>\n\t<meta name=\"twitter:label2\" content=\"Tempo estimado de leitura\" \/>\n\t<meta name=\"twitter:data2\" content=\"1 minuto\" \/>\n<script type=\"application\/ld+json\" class=\"yoast-schema-graph\">{\"@context\":\"https:\\\/\\\/schema.org\",\"@graph\":[{\"@type\":\"Article\",\"@id\":\"https:\\\/\\\/www.altominho.tv\\\/site\\\/2021\\\/01\\\/06\\\/homem-detido-por-posse-ilegal-de-armas\\\/#article\",\"isPartOf\":{\"@id\":\"https:\\\/\\\/www.altominho.tv\\\/site\\\/2021\\\/01\\\/06\\\/homem-detido-por-posse-ilegal-de-armas\\\/\"},\"author\":{\"name\":\"Andreia Ferreira\",\"@id\":\"https:\\\/\\\/www.altominho.tv\\\/site\\\/#\\\/schema\\\/person\\\/d9be4265364723f14ea8e0d56a1d38cd\"},\"headline\":\"Homem detido por posse ilegal de armas\",\"datePublished\":\"2021-01-06T15:15:14+00:00\",\"dateModified\":\"2021-01-06T15:15:58+00:00\",\"mainEntityOfPage\":{\"@id\":\"https:\\\/\\\/www.altominho.tv\\\/site\\\/2021\\\/01\\\/06\\\/homem-detido-por-posse-ilegal-de-armas\\\/\"},\"wordCount\":138,\"image\":{\"@id\":\"https:\\\/\\\/www.altominho.tv\\\/site\\\/2021\\\/01\\\/06\\\/homem-detido-por-posse-ilegal-de-armas\\\/#primaryimage\"},\"thumbnailUrl\":\"https:\\\/\\\/www.altominho.tv\\\/site\\\/wp-content\\\/uploads\\\/2021\\\/01\\\/GNR-V.-Castelo-Apreensa\u0303o-2.jpg\",\"keywords\":[\"Sociedade\"],\"articleSection\":[\"Arcos de Valdevez\"],\"inLanguage\":\"pt-PT\",\"copyrightYear\":\"2021\",\"copyrightHolder\":{\"@id\":\"https:\\\/\\\/www.altominho.tv\\\/site\\\/#organization\"}},{\"@type\":\"WebPage\",\"@id\":\"https:\\\/\\\/www.altominho.tv\\\/site\\\/2021\\\/01\\\/06\\\/homem-detido-por-posse-ilegal-de-armas\\\/\",\"url\":\"https:\\\/\\\/www.altominho.tv\\\/site\\\/2021\\\/01\\\/06\\\/homem-detido-por-posse-ilegal-de-armas\\\/\",\"name\":\"Homem detido por posse ilegal de armas\",\"isPartOf\":{\"@id\":\"https:\\\/\\\/www.altominho.tv\\\/site\\\/#website\"},\"primaryImageOfPage\":{\"@id\":\"https:\\\/\\\/www.altominho.tv\\\/site\\\/2021\\\/01\\\/06\\\/homem-detido-por-posse-ilegal-de-armas\\\/#primaryimage\"},\"image\":{\"@id\":\"https:\\\/\\\/www.altominho.tv\\\/site\\\/2021\\\/01\\\/06\\\/homem-detido-por-posse-ilegal-de-armas\\\/#primaryimage\"},\"thumbnailUrl\":\"https:\\\/\\\/www.altominho.tv\\\/site\\\/wp-content\\\/uploads\\\/2021\\\/01\\\/GNR-V.-Castelo-Apreensa\u0303o-2.jpg\",\"datePublished\":\"2021-01-06T15:15:14+00:00\",\"dateModified\":\"2021-01-06T15:15:58+00:00\",\"author\":{\"@id\":\"https:\\\/\\\/www.altominho.tv\\\/site\\\/#\\\/schema\\\/person\\\/d9be4265364723f14ea8e0d56a1d38cd\"},\"breadcrumb\":{\"@id\":\"https:\\\/\\\/www.altominho.tv\\\/site\\\/2021\\\/01\\\/06\\\/homem-detido-por-posse-ilegal-de-armas\\\/#breadcrumb\"},\"inLanguage\":\"pt-PT\",\"potentialAction\":[{\"@type\":\"ReadAction\",\"target\":[\"https:\\\/\\\/www.altominho.tv\\\/site\\\/2021\\\/01\\\/06\\\/homem-detido-por-posse-ilegal-de-armas\\\/\"]}]},{\"@type\":\"ImageObject\",\"inLanguage\":\"pt-PT\",\"@id\":\"https:\\\/\\\/www.altominho.tv\\\/site\\\/2021\\\/01\\\/06\\\/homem-detido-por-posse-ilegal-de-armas\\\/#primaryimage\",\"url\":\"https:\\\/\\\/www.altominho.tv\\\/site\\\/wp-content\\\/uploads\\\/2021\\\/01\\\/GNR-V.-Castelo-Apreensa\u0303o-2.jpg\",\"contentUrl\":\"https:\\\/\\\/www.altominho.tv\\\/site\\\/wp-content\\\/uploads\\\/2021\\\/01\\\/GNR-V.-Castelo-Apreensa\u0303o-2.jpg\",\"width\":750,\"height\":422,\"caption\":\"GNR\"},{\"@type\":\"BreadcrumbList\",\"@id\":\"https:\\\/\\\/www.altominho.tv\\\/site\\\/2021\\\/01\\\/06\\\/homem-detido-por-posse-ilegal-de-armas\\\/#breadcrumb\",\"itemListElement\":[{\"@type\":\"ListItem\",\"position\":1,\"name\":\"In\u00edcio\",\"item\":\"https:\\\/\\\/www.altominho.tv\\\/site\\\/\"},{\"@type\":\"ListItem\",\"position\":2,\"name\":\"Homem detido por posse ilegal de armas\"}]},{\"@type\":\"WebSite\",\"@id\":\"https:\\\/\\\/www.altominho.tv\\\/site\\\/#website\",\"url\":\"https:\\\/\\\/www.altominho.tv\\\/site\\\/\",\"name\":\"Altominho.tv\",\"description\":\"A sua regi\u00e3o \u00e0 dist\u00e2ncia de um clique...\",\"potentialAction\":[{\"@type\":\"SearchAction\",\"target\":{\"@type\":\"EntryPoint\",\"urlTemplate\":\"https:\\\/\\\/www.altominho.tv\\\/site\\\/?s={search_term_string}\"},\"query-input\":{\"@type\":\"PropertyValueSpecification\",\"valueRequired\":true,\"valueName\":\"search_term_string\"}}],\"inLanguage\":\"pt-PT\"},{\"@type\":\"Person\",\"@id\":\"https:\\\/\\\/www.altominho.tv\\\/site\\\/#\\\/schema\\\/person\\\/d9be4265364723f14ea8e0d56a1d38cd\",\"name\":\"Andreia Ferreira\",\"image\":{\"@type\":\"ImageObject\",\"inLanguage\":\"pt-PT\",\"@id\":\"https:\\\/\\\/www.altominho.tv\\\/site\\\/wp-content\\\/uploads\\\/2021\\\/01\\\/AndreiaFerreira-150x150.jpg\",\"url\":\"https:\\\/\\\/www.altominho.tv\\\/site\\\/wp-content\\\/uploads\\\/2021\\\/01\\\/AndreiaFerreira-150x150.jpg\",\"contentUrl\":\"https:\\\/\\\/www.altominho.tv\\\/site\\\/wp-content\\\/uploads\\\/2021\\\/01\\\/AndreiaFerreira-150x150.jpg\",\"caption\":\"Andreia Ferreira\"},\"url\":\"https:\\\/\\\/www.altominho.tv\\\/site\\\/author\\\/andreiaferreira\\\/\"}]}<\/script>\n<!-- \/ Yoast SEO Premium plugin. -->","yoast_head_json":{"title":"Homem detido por posse ilegal de armas","robots":{"index":"index","follow":"follow","max-snippet":"max-snippet:-1","max-image-preview":"max-image-preview:large","max-video-preview":"max-video-preview:-1"},"canonical":"https:\/\/www.altominho.tv\/site\/2021\/01\/06\/homem-detido-por-posse-ilegal-de-armas\/","og_locale":"pt_PT","og_type":"article","og_title":"Homem detido por posse ilegal de armas","og_description":"A GNR deteve&nbsp;um homem de 59 anos por posse ilegal de armas, no concelho de Arcos de Valdevez. Em comunicado, o Comando Territorial da GNR de Viana do Castelo adiantou que a deten\u00e7\u00e3o ocorreu na ter\u00e7a-feira , &#8220;no \u00e2mbito de uma investiga\u00e7\u00e3o que decorria h\u00e1 um m\u00eas&#8221;. No decurso da opera\u00e7\u00e3o, os militares da Guarda [&hellip;]","og_url":"https:\/\/www.altominho.tv\/site\/2021\/01\/06\/homem-detido-por-posse-ilegal-de-armas\/","og_site_name":"Altominho.tv","article_publisher":"https:\/\/www.facebook.com\/altominhotv","article_published_time":"2021-01-06T15:15:14+00:00","article_modified_time":"2021-01-06T15:15:58+00:00","og_image":[{"width":750,"height":422,"url":"https:\/\/www.altominho.tv\/site\/wp-content\/uploads\/2021\/01\/GNR-V.-Castelo-Apreensa\u0303o-2.jpg","type":"image\/jpeg"}],"author":"Andreia Ferreira","twitter_card":"summary_large_image","twitter_creator":"@altominhoTV","twitter_site":"@altominhoTV","twitter_misc":{"Escrito por":"Andreia Ferreira","Tempo estimado de leitura":"1 minuto"},"schema":{"@context":"https:\/\/schema.org","@graph":[{"@type":"Article","@id":"https:\/\/www.altominho.tv\/site\/2021\/01\/06\/homem-detido-por-posse-ilegal-de-armas\/#article","isPartOf":{"@id":"https:\/\/www.altominho.tv\/site\/2021\/01\/06\/homem-detido-por-posse-ilegal-de-armas\/"},"author":{"name":"Andreia Ferreira","@id":"https:\/\/www.altominho.tv\/site\/#\/schema\/person\/d9be4265364723f14ea8e0d56a1d38cd"},"headline":"Homem detido por posse ilegal de armas","datePublished":"2021-01-06T15:15:14+00:00","dateModified":"2021-01-06T15:15:58+00:00","mainEntityOfPage":{"@id":"https:\/\/www.altominho.tv\/site\/2021\/01\/06\/homem-detido-por-posse-ilegal-de-armas\/"},"wordCount":138,"image":{"@id":"https:\/\/www.altominho.tv\/site\/2021\/01\/06\/homem-detido-por-posse-ilegal-de-armas\/#primaryimage"},"thumbnailUrl":"https:\/\/www.altominho.tv\/site\/wp-content\/uploads\/2021\/01\/GNR-V.-Castelo-Apreensa\u0303o-2.jpg","keywords":["Sociedade"],"articleSection":["Arcos de Valdevez"],"inLanguage":"pt-PT","copyrightYear":"2021","copyrightHolder":{"@id":"https:\/\/www.altominho.tv\/site\/#organization"}},{"@type":"WebPage","@id":"https:\/\/www.altominho.tv\/site\/2021\/01\/06\/homem-detido-por-posse-ilegal-de-armas\/","url":"https:\/\/www.altominho.tv\/site\/2021\/01\/06\/homem-detido-por-posse-ilegal-de-armas\/","name":"Homem detido por posse ilegal de armas","isPartOf":{"@id":"https:\/\/www.altominho.tv\/site\/#website"},"primaryImageOfPage":{"@id":"https:\/\/www.altominho.tv\/site\/2021\/01\/06\/homem-detido-por-posse-ilegal-de-armas\/#primaryimage"},"image":{"@id":"https:\/\/www.altominho.tv\/site\/2021\/01\/06\/homem-detido-por-posse-ilegal-de-armas\/#primaryimage"},"thumbnailUrl":"https:\/\/www.altominho.tv\/site\/wp-content\/uploads\/2021\/01\/GNR-V.-Castelo-Apreensa\u0303o-2.jpg","datePublished":"2021-01-06T15:15:14+00:00","dateModified":"2021-01-06T15:15:58+00:00","author":{"@id":"https:\/\/www.altominho.tv\/site\/#\/schema\/person\/d9be4265364723f14ea8e0d56a1d38cd"},"breadcrumb":{"@id":"https:\/\/www.altominho.tv\/site\/2021\/01\/06\/homem-detido-por-posse-ilegal-de-armas\/#breadcrumb"},"inLanguage":"pt-PT","potentialAction":[{"@type":"ReadAction","target":["https:\/\/www.altominho.tv\/site\/2021\/01\/06\/homem-detido-por-posse-ilegal-de-armas\/"]}]},{"@type":"ImageObject","inLanguage":"pt-PT","@id":"https:\/\/www.altominho.tv\/site\/2021\/01\/06\/homem-detido-por-posse-ilegal-de-armas\/#primaryimage","url":"https:\/\/www.altominho.tv\/site\/wp-content\/uploads\/2021\/01\/GNR-V.-Castelo-Apreensa\u0303o-2.jpg","contentUrl":"https:\/\/www.altominho.tv\/site\/wp-content\/uploads\/2021\/01\/GNR-V.-Castelo-Apreensa\u0303o-2.jpg","width":750,"height":422,"caption":"GNR"},{"@type":"BreadcrumbList","@id":"https:\/\/www.altominho.tv\/site\/2021\/01\/06\/homem-detido-por-posse-ilegal-de-armas\/#breadcrumb","itemListElement":[{"@type":"ListItem","position":1,"name":"In\u00edcio","item":"https:\/\/www.altominho.tv\/site\/"},{"@type":"ListItem","position":2,"name":"Homem detido por posse ilegal de armas"}]},{"@type":"WebSite","@id":"https:\/\/www.altominho.tv\/site\/#website","url":"https:\/\/www.altominho.tv\/site\/","name":"Altominho.tv","description":"A sua regi\u00e3o \u00e0 dist\u00e2ncia de um clique...","potentialAction":[{"@type":"SearchAction","target":{"@type":"EntryPoint","urlTemplate":"https:\/\/www.altominho.tv\/site\/?s={search_term_string}"},"query-input":{"@type":"PropertyValueSpecification","valueRequired":true,"valueName":"search_term_string"}}],"inLanguage":"pt-PT"},{"@type":"Person","@id":"https:\/\/www.altominho.tv\/site\/#\/schema\/person\/d9be4265364723f14ea8e0d56a1d38cd","name":"Andreia Ferreira","image":{"@type":"ImageObject","inLanguage":"pt-PT","@id":"https:\/\/www.altominho.tv\/site\/wp-content\/uploads\/2021\/01\/AndreiaFerreira-150x150.jpg","url":"https:\/\/www.altominho.tv\/site\/wp-content\/uploads\/2021\/01\/AndreiaFerreira-150x150.jpg","contentUrl":"https:\/\/www.altominho.tv\/site\/wp-content\/uploads\/2021\/01\/AndreiaFerreira-150x150.jpg","caption":"Andreia Ferreira"},"url":"https:\/\/www.altominho.tv\/site\/author\/andreiaferreira\/"}]}},"_links":{"self":[{"href":"https:\/\/www.altominho.tv\/site\/wp-json\/wp\/v2\/posts\/58668","targetHints":{"allow":["GET"]}}],"collection":[{"href":"https:\/\/www.altominho.tv\/site\/wp-json\/wp\/v2\/posts"}],"about":[{"href":"https:\/\/www.altominho.tv\/site\/wp-json\/wp\/v2\/types\/post"}],"author":[{"embeddable":true,"href":"https:\/\/www.altominho.tv\/site\/wp-json\/wp\/v2\/users\/12"}],"replies":[{"embeddable":true,"href":"https:\/\/www.altominho.tv\/site\/wp-json\/wp\/v2\/comments?post=58668"}],"version-history":[{"count":0,"href":"https:\/\/www.altominho.tv\/site\/wp-json\/wp\/v2\/posts\/58668\/revisions"}],"wp:featuredmedia":[{"embeddable":true,"href":"https:\/\/www.altominho.tv\/site\/wp-json\/wp\/v2\/media\/58669"}],"wp:attachment":[{"href":"https:\/\/www.altominho.tv\/site\/wp-json\/wp\/v2\/media?parent=58668"}],"wp:term":[{"taxonomy":"category","embeddable":true,"href":"https:\/\/www.altominho.tv\/site\/wp-json\/wp\/v2\/categories?post=58668"},{"taxonomy":"post_tag","embeddable":true,"href":"https:\/\/www.altominho.tv\/site\/wp-json\/wp\/v2\/tags?post=58668"}],"curies":[{"name":"wp","href":"https:\/\/api.w.org\/{rel}","templated":true}]}}