{"id":58663,"date":"2021-01-06T14:57:48","date_gmt":"2021-01-06T14:57:48","guid":{"rendered":"https:\/\/www.altominho.tv\/site\/?p=58663"},"modified":"2021-01-06T14:57:52","modified_gmt":"2021-01-06T14:57:52","slug":"ex-presidente-da-camara-de-caminha-nega-ter-prevaricado-na-contratacao-de-pessoal","status":"publish","type":"post","link":"https:\/\/www.altominho.tv\/site\/2021\/01\/06\/ex-presidente-da-camara-de-caminha-nega-ter-prevaricado-na-contratacao-de-pessoal\/","title":{"rendered":"Ex-presidente da C\u00e2mara de Caminha nega ter prevaricado na contrata\u00e7\u00e3o de pessoal"},"content":{"rendered":"<p>A ex-presidente da C\u00e2mara de Caminha, J\u00falia Paula Costa, negou hoje em tribunal qualquer interven\u00e7\u00e3o em nove concursos p\u00fablicos para contrata\u00e7\u00e3o de pessoal para departamentos da autarquia, garantindo que homologou os processos de acordo com a lei em vigor.<\/p>\n<p>&#8220;Em 12 anos de governa\u00e7\u00e3o nunca indiquei ningu\u00e9m para nenhum lugar, nunca designei, nem alterei nenhum membro do j\u00fari do concurso que a sec\u00e7\u00e3o de pessoal tivesse escolhido. Nunca fiz isso em momento nenhum&#8221;, afirmou J\u00falia Paula Costa.<\/p>\n<p>J\u00falia Paula Costa come\u00e7ou hoje a ser julgada por alegadamente promover concursos p\u00fablicos para a contrata\u00e7\u00e3o de pessoal com vencedores anunciados.<\/p>\n<p>&#8220;Nunca vi uma prova na minha vida. (\u2026) A sec\u00e7\u00e3o de pessoal apontava as pessoas com mais perfil para integrar o j\u00fari de um determinado concurso. O documento com a composi\u00e7\u00e3o do j\u00fari era-me colocado na secret\u00e1ria e eu assinava por confiar na compet\u00eancia da sec\u00e7\u00e3o de pessoal&#8221;, refor\u00e7ou a ex-autarca do PSD que liderou o executivo municipal daquela vila do distrito de Viana do Castelo entre 2001 e 2013.<\/p>\n<p>O processo, com mais 19 arguidos, obrigou o tribunal a realizar o julgamento no audit\u00f3rio Lima de Carvalho, do Instituto Polit\u00e9cnico de Viana do Castelo.<\/p>\n<p>J\u00falia Paula Costa, de 59 anos, referiu que nos tr\u00eas mandatos que exerceu como presidente da C\u00e2mara de Caminha &#8220;foi inspecionada v\u00e1rias vezes pela Dire\u00e7\u00e3o-Geral das Autarquias Locais (DGAL) e nunca foram levantados quaisquer aspetos que pudessem alertar para qualquer ilegalidade&#8221;.<\/p>\n<p>&#8220;As contrata\u00e7\u00f5es foram sempre feitas para responder \u00e0s necessidades efetivas transmitidas pelos servi\u00e7os camar\u00e1rios. N\u00e3o ia desconfiar dos pedidos dos vereadores, dos chefes de divis\u00e3o ou dos diretores t\u00e9cnicos&#8221;, disse a arguida, acusada do crime de prevarica\u00e7\u00e3o.<\/p>\n<p>A ex-autarca referiu que \u201co j\u00fari produzia uma ata com os selecionados\u201d e que \u201chomologava a lista para dar hip\u00f3tese de recurso quer \u00e0 presidente da C\u00e2mara quer aos tribunais&#8221;.<\/p>\n<p>Questionada pela ju\u00edza que preside ao coletivo sobre o facto de todos as pessoas escolhidas terem rela\u00e7\u00e3o com a C\u00e2mara de Caminha, a ex-autarca respondeu: &#8220;Os procedimentos destes concursos p\u00fablicos s\u00e3o iguais aos outros. A lei n\u00e3o impede que pessoas que j\u00e1 exerciam fun\u00e7\u00f5es na c\u00e2mara pudessem concorrer. Era natural que o fizessem. Eu n\u00e3o posso beneficiar, nem prejudicar as pessoas&#8221;.<\/p>\n<p>J\u00e1 a procuradora do Minist\u00e9rio P\u00fablico quis saber se a ex-autarca tinha tido conhecimento sobre alguma eventual incompatibilidade entre membros do j\u00fari e candidatos aos concursos.<\/p>\n<p>&#8220;Sabe se existiu ou teve conhecimento de um algum membro do j\u00fari que conhecesse um candidato?&#8221;, questionou a magistrada.<\/p>\n<p>J\u00falia Paula Costa disse negou incompatibilidades e referiu que Caminha \u00e9 um &#8220;meio pequeno, onde todos se conhecem, o que n\u00e3o significa que tenham compet\u00eancia t\u00e9cnica&#8221;.<\/p>\n<p>Questionada sobre a forma como era feita a avalia\u00e7\u00e3o dos candidatos, disse que a autarquia contratava entidades externas e quando n\u00e3o era poss\u00edvel recorria aos t\u00e9cnicos do munic\u00edpio &#8220;com forma\u00e7\u00e3o espec\u00edfica para fazer a avalia\u00e7\u00e3o&#8221;.<\/p>\n<p>A ex-autarca insistiu que as &#8220;dezenas&#8221; de concursos p\u00fablicos que promoveu durante os tr\u00eas mandatos foram aprovados pelo executivo municipal e ratificados pela assembleia municipal.<\/p>\n<p>&#8220;A Assembleia Municipal teve de aprovar as despesas dessas contrata\u00e7\u00f5es. (\u2026) Se calhar tinham de estar aqui todos os deputados municipais que autorizaram as despesas de contrata\u00e7\u00e3o&#8221;, referiu.<\/p>\n<p>O julgamento prossegue durante a tarde e tem novas sess\u00f5es marcadas para quinta e sexta-feira, de manh\u00e3 e de tarde.<\/p>\n<p>Segundo o MP, entre 2009 e 2013, J\u00falia Paula Costa &#8220;promoveu v\u00e1rios procedimentos concursais para contrata\u00e7\u00e3o de pessoal por aquela autarquia, procedimentos que mais n\u00e3o foram que meras formalidades para cobrir rela\u00e7\u00f5es laborais j\u00e1 existentes, sucedendo at\u00e9, nalguns casos, ser do conhecimento p\u00fablico a escolha dos candidatos selecionados mesmo antes da pr\u00f3pria conclus\u00e3o do concurso&#8221;.<\/p>\n<p>&#8220;Os demais arguidos e arguidas est\u00e3o acusados por, tendo feito parte dos diversos j\u00faris dos procedimentos concursais, terem participado neste projeto, agindo sem a necess\u00e1ria imparcialidade e com o intuito de favorecer os candidatos cuja escolha estava pr\u00e9-determinada&#8221;, refere a acusa\u00e7\u00e3o.<\/p>\n","protected":false},"excerpt":{"rendered":"<p>A ex-presidente da C\u00e2mara de Caminha, J\u00falia Paula Costa, negou hoje em tribunal qualquer interven\u00e7\u00e3o em nove concursos p\u00fablicos para contrata\u00e7\u00e3o de pessoal para departamentos da autarquia, garantindo que homologou os processos de acordo com a lei em vigor. &#8220;Em 12 anos de governa\u00e7\u00e3o nunca indiquei ningu\u00e9m para nenhum lugar, nunca designei, nem alterei nenhum [&hellip;]<\/p>\n","protected":false},"author":13,"featured_media":58666,"comment_status":"closed","ping_status":"closed","sticky":false,"template":"","format":"standard","meta":{"_exactmetrics_skip_tracking":false,"_exactmetrics_sitenote_active":false,"_exactmetrics_sitenote_note":"","_exactmetrics_sitenote_category":0,"footnotes":""},"categories":[7],"tags":[27],"class_list":["post-58663","post","type-post","status-publish","format-standard","has-post-thumbnail","hentry","category-caminha","tag-sociedade"],"yoast_head":"<!-- This site is optimized with the Yoast SEO Premium plugin v27.4 (Yoast SEO v27.4) - https:\/\/yoast.com\/product\/yoast-seo-premium-wordpress\/ -->\n<title>Ex-presidente da C\u00e2mara de Caminha nega ter prevaricado na contrata\u00e7\u00e3o de pessoal<\/title>\n<meta name=\"robots\" content=\"index, follow, max-snippet:-1, max-image-preview:large, max-video-preview:-1\" \/>\n<link rel=\"canonical\" href=\"https:\/\/www.altominho.tv\/site\/2021\/01\/06\/ex-presidente-da-camara-de-caminha-nega-ter-prevaricado-na-contratacao-de-pessoal\/\" \/>\n<meta property=\"og:locale\" content=\"pt_PT\" \/>\n<meta property=\"og:type\" content=\"article\" \/>\n<meta property=\"og:title\" content=\"Ex-presidente da C\u00e2mara de Caminha nega ter prevaricado na contrata\u00e7\u00e3o de pessoal\" \/>\n<meta property=\"og:description\" content=\"A ex-presidente da C\u00e2mara de Caminha, J\u00falia Paula Costa, negou hoje em tribunal qualquer interven\u00e7\u00e3o em nove concursos p\u00fablicos para contrata\u00e7\u00e3o de pessoal para departamentos da autarquia, garantindo que homologou os processos de acordo com a lei em vigor. &#8220;Em 12 anos de governa\u00e7\u00e3o nunca indiquei ningu\u00e9m para nenhum lugar, nunca designei, nem alterei nenhum [&hellip;]\" \/>\n<meta property=\"og:url\" content=\"https:\/\/www.altominho.tv\/site\/2021\/01\/06\/ex-presidente-da-camara-de-caminha-nega-ter-prevaricado-na-contratacao-de-pessoal\/\" \/>\n<meta property=\"og:site_name\" content=\"Altominho.tv\" \/>\n<meta property=\"article:publisher\" content=\"https:\/\/www.facebook.com\/altominhotv\" \/>\n<meta property=\"article:published_time\" content=\"2021-01-06T14:57:48+00:00\" \/>\n<meta property=\"article:modified_time\" content=\"2021-01-06T14:57:52+00:00\" \/>\n<meta property=\"og:image\" content=\"https:\/\/www.altominho.tv\/site\/wp-content\/uploads\/2021\/01\/Julia-740x547-1.jpg\" \/>\n\t<meta property=\"og:image:width\" content=\"740\" \/>\n\t<meta property=\"og:image:height\" content=\"547\" \/>\n\t<meta property=\"og:image:type\" content=\"image\/jpeg\" \/>\n<meta name=\"author\" content=\"Lusa\" \/>\n<meta name=\"twitter:card\" content=\"summary_large_image\" \/>\n<meta name=\"twitter:creator\" content=\"@altominhoTV\" \/>\n<meta name=\"twitter:site\" content=\"@altominhoTV\" \/>\n<meta name=\"twitter:label1\" content=\"Escrito por\" \/>\n\t<meta name=\"twitter:data1\" content=\"Lusa\" \/>\n\t<meta name=\"twitter:label2\" content=\"Tempo estimado de leitura\" \/>\n\t<meta name=\"twitter:data2\" content=\"4 minutos\" \/>\n<script type=\"application\/ld+json\" class=\"yoast-schema-graph\">{\"@context\":\"https:\\\/\\\/schema.org\",\"@graph\":[{\"@type\":\"Article\",\"@id\":\"https:\\\/\\\/www.altominho.tv\\\/site\\\/2021\\\/01\\\/06\\\/ex-presidente-da-camara-de-caminha-nega-ter-prevaricado-na-contratacao-de-pessoal\\\/#article\",\"isPartOf\":{\"@id\":\"https:\\\/\\\/www.altominho.tv\\\/site\\\/2021\\\/01\\\/06\\\/ex-presidente-da-camara-de-caminha-nega-ter-prevaricado-na-contratacao-de-pessoal\\\/\"},\"author\":{\"name\":\"Lusa\",\"@id\":\"https:\\\/\\\/www.altominho.tv\\\/site\\\/#\\\/schema\\\/person\\\/63f693da3e1899361cbe955c46f3232e\"},\"headline\":\"Ex-presidente da C\u00e2mara de Caminha nega ter prevaricado na contrata\u00e7\u00e3o de pessoal\",\"datePublished\":\"2021-01-06T14:57:48+00:00\",\"dateModified\":\"2021-01-06T14:57:52+00:00\",\"mainEntityOfPage\":{\"@id\":\"https:\\\/\\\/www.altominho.tv\\\/site\\\/2021\\\/01\\\/06\\\/ex-presidente-da-camara-de-caminha-nega-ter-prevaricado-na-contratacao-de-pessoal\\\/\"},\"wordCount\":722,\"image\":{\"@id\":\"https:\\\/\\\/www.altominho.tv\\\/site\\\/2021\\\/01\\\/06\\\/ex-presidente-da-camara-de-caminha-nega-ter-prevaricado-na-contratacao-de-pessoal\\\/#primaryimage\"},\"thumbnailUrl\":\"https:\\\/\\\/www.altominho.tv\\\/site\\\/wp-content\\\/uploads\\\/2021\\\/01\\\/Julia-740x547-1.jpg\",\"keywords\":[\"Sociedade\"],\"articleSection\":[\"Caminha\"],\"inLanguage\":\"pt-PT\",\"copyrightYear\":\"2021\",\"copyrightHolder\":{\"@id\":\"https:\\\/\\\/www.altominho.tv\\\/site\\\/#organization\"}},{\"@type\":\"WebPage\",\"@id\":\"https:\\\/\\\/www.altominho.tv\\\/site\\\/2021\\\/01\\\/06\\\/ex-presidente-da-camara-de-caminha-nega-ter-prevaricado-na-contratacao-de-pessoal\\\/\",\"url\":\"https:\\\/\\\/www.altominho.tv\\\/site\\\/2021\\\/01\\\/06\\\/ex-presidente-da-camara-de-caminha-nega-ter-prevaricado-na-contratacao-de-pessoal\\\/\",\"name\":\"Ex-presidente da C\u00e2mara de Caminha nega ter prevaricado na contrata\u00e7\u00e3o de pessoal\",\"isPartOf\":{\"@id\":\"https:\\\/\\\/www.altominho.tv\\\/site\\\/#website\"},\"primaryImageOfPage\":{\"@id\":\"https:\\\/\\\/www.altominho.tv\\\/site\\\/2021\\\/01\\\/06\\\/ex-presidente-da-camara-de-caminha-nega-ter-prevaricado-na-contratacao-de-pessoal\\\/#primaryimage\"},\"image\":{\"@id\":\"https:\\\/\\\/www.altominho.tv\\\/site\\\/2021\\\/01\\\/06\\\/ex-presidente-da-camara-de-caminha-nega-ter-prevaricado-na-contratacao-de-pessoal\\\/#primaryimage\"},\"thumbnailUrl\":\"https:\\\/\\\/www.altominho.tv\\\/site\\\/wp-content\\\/uploads\\\/2021\\\/01\\\/Julia-740x547-1.jpg\",\"datePublished\":\"2021-01-06T14:57:48+00:00\",\"dateModified\":\"2021-01-06T14:57:52+00:00\",\"author\":{\"@id\":\"https:\\\/\\\/www.altominho.tv\\\/site\\\/#\\\/schema\\\/person\\\/63f693da3e1899361cbe955c46f3232e\"},\"breadcrumb\":{\"@id\":\"https:\\\/\\\/www.altominho.tv\\\/site\\\/2021\\\/01\\\/06\\\/ex-presidente-da-camara-de-caminha-nega-ter-prevaricado-na-contratacao-de-pessoal\\\/#breadcrumb\"},\"inLanguage\":\"pt-PT\",\"potentialAction\":[{\"@type\":\"ReadAction\",\"target\":[\"https:\\\/\\\/www.altominho.tv\\\/site\\\/2021\\\/01\\\/06\\\/ex-presidente-da-camara-de-caminha-nega-ter-prevaricado-na-contratacao-de-pessoal\\\/\"]}]},{\"@type\":\"ImageObject\",\"inLanguage\":\"pt-PT\",\"@id\":\"https:\\\/\\\/www.altominho.tv\\\/site\\\/2021\\\/01\\\/06\\\/ex-presidente-da-camara-de-caminha-nega-ter-prevaricado-na-contratacao-de-pessoal\\\/#primaryimage\",\"url\":\"https:\\\/\\\/www.altominho.tv\\\/site\\\/wp-content\\\/uploads\\\/2021\\\/01\\\/Julia-740x547-1.jpg\",\"contentUrl\":\"https:\\\/\\\/www.altominho.tv\\\/site\\\/wp-content\\\/uploads\\\/2021\\\/01\\\/Julia-740x547-1.jpg\",\"width\":740,\"height\":547},{\"@type\":\"BreadcrumbList\",\"@id\":\"https:\\\/\\\/www.altominho.tv\\\/site\\\/2021\\\/01\\\/06\\\/ex-presidente-da-camara-de-caminha-nega-ter-prevaricado-na-contratacao-de-pessoal\\\/#breadcrumb\",\"itemListElement\":[{\"@type\":\"ListItem\",\"position\":1,\"name\":\"In\u00edcio\",\"item\":\"https:\\\/\\\/www.altominho.tv\\\/site\\\/\"},{\"@type\":\"ListItem\",\"position\":2,\"name\":\"Ex-presidente da C\u00e2mara de Caminha nega ter prevaricado na contrata\u00e7\u00e3o de pessoal\"}]},{\"@type\":\"WebSite\",\"@id\":\"https:\\\/\\\/www.altominho.tv\\\/site\\\/#website\",\"url\":\"https:\\\/\\\/www.altominho.tv\\\/site\\\/\",\"name\":\"Altominho.tv\",\"description\":\"A sua regi\u00e3o \u00e0 dist\u00e2ncia de um clique...\",\"potentialAction\":[{\"@type\":\"SearchAction\",\"target\":{\"@type\":\"EntryPoint\",\"urlTemplate\":\"https:\\\/\\\/www.altominho.tv\\\/site\\\/?s={search_term_string}\"},\"query-input\":{\"@type\":\"PropertyValueSpecification\",\"valueRequired\":true,\"valueName\":\"search_term_string\"}}],\"inLanguage\":\"pt-PT\"},{\"@type\":\"Person\",\"@id\":\"https:\\\/\\\/www.altominho.tv\\\/site\\\/#\\\/schema\\\/person\\\/63f693da3e1899361cbe955c46f3232e\",\"name\":\"Lusa\",\"image\":{\"@type\":\"ImageObject\",\"inLanguage\":\"pt-PT\",\"@id\":\"https:\\\/\\\/www.altominho.tv\\\/site\\\/wp-content\\\/uploads\\\/2019\\\/08\\\/LUSA_Logo.gif\",\"url\":\"https:\\\/\\\/www.altominho.tv\\\/site\\\/wp-content\\\/uploads\\\/2019\\\/08\\\/LUSA_Logo.gif\",\"contentUrl\":\"https:\\\/\\\/www.altominho.tv\\\/site\\\/wp-content\\\/uploads\\\/2019\\\/08\\\/LUSA_Logo.gif\",\"caption\":\"Lusa\"},\"sameAs\":[\"http:\\\/\\\/\\\/\\\/www.altominho.tv\\\/site\"],\"url\":\"https:\\\/\\\/www.altominho.tv\\\/site\\\/author\\\/lusa\\\/\"}]}<\/script>\n<!-- \/ Yoast SEO Premium plugin. -->","yoast_head_json":{"title":"Ex-presidente da C\u00e2mara de Caminha nega ter prevaricado na contrata\u00e7\u00e3o de pessoal","robots":{"index":"index","follow":"follow","max-snippet":"max-snippet:-1","max-image-preview":"max-image-preview:large","max-video-preview":"max-video-preview:-1"},"canonical":"https:\/\/www.altominho.tv\/site\/2021\/01\/06\/ex-presidente-da-camara-de-caminha-nega-ter-prevaricado-na-contratacao-de-pessoal\/","og_locale":"pt_PT","og_type":"article","og_title":"Ex-presidente da C\u00e2mara de Caminha nega ter prevaricado na contrata\u00e7\u00e3o de pessoal","og_description":"A ex-presidente da C\u00e2mara de Caminha, J\u00falia Paula Costa, negou hoje em tribunal qualquer interven\u00e7\u00e3o em nove concursos p\u00fablicos para contrata\u00e7\u00e3o de pessoal para departamentos da autarquia, garantindo que homologou os processos de acordo com a lei em vigor. &#8220;Em 12 anos de governa\u00e7\u00e3o nunca indiquei ningu\u00e9m para nenhum lugar, nunca designei, nem alterei nenhum [&hellip;]","og_url":"https:\/\/www.altominho.tv\/site\/2021\/01\/06\/ex-presidente-da-camara-de-caminha-nega-ter-prevaricado-na-contratacao-de-pessoal\/","og_site_name":"Altominho.tv","article_publisher":"https:\/\/www.facebook.com\/altominhotv","article_published_time":"2021-01-06T14:57:48+00:00","article_modified_time":"2021-01-06T14:57:52+00:00","og_image":[{"width":740,"height":547,"url":"https:\/\/www.altominho.tv\/site\/wp-content\/uploads\/2021\/01\/Julia-740x547-1.jpg","type":"image\/jpeg"}],"author":"Lusa","twitter_card":"summary_large_image","twitter_creator":"@altominhoTV","twitter_site":"@altominhoTV","twitter_misc":{"Escrito por":"Lusa","Tempo estimado de leitura":"4 minutos"},"schema":{"@context":"https:\/\/schema.org","@graph":[{"@type":"Article","@id":"https:\/\/www.altominho.tv\/site\/2021\/01\/06\/ex-presidente-da-camara-de-caminha-nega-ter-prevaricado-na-contratacao-de-pessoal\/#article","isPartOf":{"@id":"https:\/\/www.altominho.tv\/site\/2021\/01\/06\/ex-presidente-da-camara-de-caminha-nega-ter-prevaricado-na-contratacao-de-pessoal\/"},"author":{"name":"Lusa","@id":"https:\/\/www.altominho.tv\/site\/#\/schema\/person\/63f693da3e1899361cbe955c46f3232e"},"headline":"Ex-presidente da C\u00e2mara de Caminha nega ter prevaricado na contrata\u00e7\u00e3o de pessoal","datePublished":"2021-01-06T14:57:48+00:00","dateModified":"2021-01-06T14:57:52+00:00","mainEntityOfPage":{"@id":"https:\/\/www.altominho.tv\/site\/2021\/01\/06\/ex-presidente-da-camara-de-caminha-nega-ter-prevaricado-na-contratacao-de-pessoal\/"},"wordCount":722,"image":{"@id":"https:\/\/www.altominho.tv\/site\/2021\/01\/06\/ex-presidente-da-camara-de-caminha-nega-ter-prevaricado-na-contratacao-de-pessoal\/#primaryimage"},"thumbnailUrl":"https:\/\/www.altominho.tv\/site\/wp-content\/uploads\/2021\/01\/Julia-740x547-1.jpg","keywords":["Sociedade"],"articleSection":["Caminha"],"inLanguage":"pt-PT","copyrightYear":"2021","copyrightHolder":{"@id":"https:\/\/www.altominho.tv\/site\/#organization"}},{"@type":"WebPage","@id":"https:\/\/www.altominho.tv\/site\/2021\/01\/06\/ex-presidente-da-camara-de-caminha-nega-ter-prevaricado-na-contratacao-de-pessoal\/","url":"https:\/\/www.altominho.tv\/site\/2021\/01\/06\/ex-presidente-da-camara-de-caminha-nega-ter-prevaricado-na-contratacao-de-pessoal\/","name":"Ex-presidente da C\u00e2mara de Caminha nega ter prevaricado na contrata\u00e7\u00e3o de pessoal","isPartOf":{"@id":"https:\/\/www.altominho.tv\/site\/#website"},"primaryImageOfPage":{"@id":"https:\/\/www.altominho.tv\/site\/2021\/01\/06\/ex-presidente-da-camara-de-caminha-nega-ter-prevaricado-na-contratacao-de-pessoal\/#primaryimage"},"image":{"@id":"https:\/\/www.altominho.tv\/site\/2021\/01\/06\/ex-presidente-da-camara-de-caminha-nega-ter-prevaricado-na-contratacao-de-pessoal\/#primaryimage"},"thumbnailUrl":"https:\/\/www.altominho.tv\/site\/wp-content\/uploads\/2021\/01\/Julia-740x547-1.jpg","datePublished":"2021-01-06T14:57:48+00:00","dateModified":"2021-01-06T14:57:52+00:00","author":{"@id":"https:\/\/www.altominho.tv\/site\/#\/schema\/person\/63f693da3e1899361cbe955c46f3232e"},"breadcrumb":{"@id":"https:\/\/www.altominho.tv\/site\/2021\/01\/06\/ex-presidente-da-camara-de-caminha-nega-ter-prevaricado-na-contratacao-de-pessoal\/#breadcrumb"},"inLanguage":"pt-PT","potentialAction":[{"@type":"ReadAction","target":["https:\/\/www.altominho.tv\/site\/2021\/01\/06\/ex-presidente-da-camara-de-caminha-nega-ter-prevaricado-na-contratacao-de-pessoal\/"]}]},{"@type":"ImageObject","inLanguage":"pt-PT","@id":"https:\/\/www.altominho.tv\/site\/2021\/01\/06\/ex-presidente-da-camara-de-caminha-nega-ter-prevaricado-na-contratacao-de-pessoal\/#primaryimage","url":"https:\/\/www.altominho.tv\/site\/wp-content\/uploads\/2021\/01\/Julia-740x547-1.jpg","contentUrl":"https:\/\/www.altominho.tv\/site\/wp-content\/uploads\/2021\/01\/Julia-740x547-1.jpg","width":740,"height":547},{"@type":"BreadcrumbList","@id":"https:\/\/www.altominho.tv\/site\/2021\/01\/06\/ex-presidente-da-camara-de-caminha-nega-ter-prevaricado-na-contratacao-de-pessoal\/#breadcrumb","itemListElement":[{"@type":"ListItem","position":1,"name":"In\u00edcio","item":"https:\/\/www.altominho.tv\/site\/"},{"@type":"ListItem","position":2,"name":"Ex-presidente da C\u00e2mara de Caminha nega ter prevaricado na contrata\u00e7\u00e3o de pessoal"}]},{"@type":"WebSite","@id":"https:\/\/www.altominho.tv\/site\/#website","url":"https:\/\/www.altominho.tv\/site\/","name":"Altominho.tv","description":"A sua regi\u00e3o \u00e0 dist\u00e2ncia de um clique...","potentialAction":[{"@type":"SearchAction","target":{"@type":"EntryPoint","urlTemplate":"https:\/\/www.altominho.tv\/site\/?s={search_term_string}"},"query-input":{"@type":"PropertyValueSpecification","valueRequired":true,"valueName":"search_term_string"}}],"inLanguage":"pt-PT"},{"@type":"Person","@id":"https:\/\/www.altominho.tv\/site\/#\/schema\/person\/63f693da3e1899361cbe955c46f3232e","name":"Lusa","image":{"@type":"ImageObject","inLanguage":"pt-PT","@id":"https:\/\/www.altominho.tv\/site\/wp-content\/uploads\/2019\/08\/LUSA_Logo.gif","url":"https:\/\/www.altominho.tv\/site\/wp-content\/uploads\/2019\/08\/LUSA_Logo.gif","contentUrl":"https:\/\/www.altominho.tv\/site\/wp-content\/uploads\/2019\/08\/LUSA_Logo.gif","caption":"Lusa"},"sameAs":["http:\/\/\/\/www.altominho.tv\/site"],"url":"https:\/\/www.altominho.tv\/site\/author\/lusa\/"}]}},"_links":{"self":[{"href":"https:\/\/www.altominho.tv\/site\/wp-json\/wp\/v2\/posts\/58663","targetHints":{"allow":["GET"]}}],"collection":[{"href":"https:\/\/www.altominho.tv\/site\/wp-json\/wp\/v2\/posts"}],"about":[{"href":"https:\/\/www.altominho.tv\/site\/wp-json\/wp\/v2\/types\/post"}],"author":[{"embeddable":true,"href":"https:\/\/www.altominho.tv\/site\/wp-json\/wp\/v2\/users\/13"}],"replies":[{"embeddable":true,"href":"https:\/\/www.altominho.tv\/site\/wp-json\/wp\/v2\/comments?post=58663"}],"version-history":[{"count":0,"href":"https:\/\/www.altominho.tv\/site\/wp-json\/wp\/v2\/posts\/58663\/revisions"}],"wp:featuredmedia":[{"embeddable":true,"href":"https:\/\/www.altominho.tv\/site\/wp-json\/wp\/v2\/media\/58666"}],"wp:attachment":[{"href":"https:\/\/www.altominho.tv\/site\/wp-json\/wp\/v2\/media?parent=58663"}],"wp:term":[{"taxonomy":"category","embeddable":true,"href":"https:\/\/www.altominho.tv\/site\/wp-json\/wp\/v2\/categories?post=58663"},{"taxonomy":"post_tag","embeddable":true,"href":"https:\/\/www.altominho.tv\/site\/wp-json\/wp\/v2\/tags?post=58663"}],"curies":[{"name":"wp","href":"https:\/\/api.w.org\/{rel}","templated":true}]}}