{"id":58650,"date":"2021-01-06T12:15:45","date_gmt":"2021-01-06T12:15:45","guid":{"rendered":"https:\/\/www.altominho.tv\/site\/?p=58650"},"modified":"2021-01-06T12:15:49","modified_gmt":"2021-01-06T12:15:49","slug":"carminho-abre-regresso-do-sons-do-vez-primeiro-festival-de-musica-do-ano","status":"publish","type":"post","link":"https:\/\/www.altominho.tv\/site\/2021\/01\/06\/carminho-abre-regresso-do-sons-do-vez-primeiro-festival-de-musica-do-ano\/","title":{"rendered":"Carminho abre regresso do Sons do Vez, primeiro festival de m\u00fasica do ano"},"content":{"rendered":"<p>A fadista Carminho abre, em fevereiro, o festival Sons do Vez, em Arcos de Valdevez, cuja edi\u00e7\u00e3o de 2020 a artista devia ter encerrado, mas que foi suspensa devido \u00e0 pandemia de covid-19.<\/p>\n<p>Em comunicado enviado \u00e0 ag\u00eancia Lusa, a organiza\u00e7\u00e3o do primeiro festival do ano, dedicado \u00e0 m\u00fasica portuguesa, adiantou que o espet\u00e1culo com a fadista Carminho est\u00e1 marcado para o dia 05 de fevereiro, para abrir a 19.\u00aa edi\u00e7\u00e3o, que encerra no dia 26 de mar\u00e7o, com um concerto de Lu\u00edsa Sobral.<\/p>\n<p>O cartaz do festival, promovido pela C\u00e2mara de Arcos de Valdevez, no distrito de Viana do Castelo, prev\u00ea, ainda em fevereiro, no dia 12, o concerto dos Galandum Galundaina, no dia 19, dos Cl\u00e3 e, no dia 26, dos PAUS.<\/p>\n<p>J\u00e1 no dia 05 de mar\u00e7o, sobem ao palco da Casa das Artes os M\u00e3o Morta, no dia 12, os Pl\u00e1stica, seguindo-se os N\u00f3 Cego e os Tar\u00e2ntula, no dia 19.<\/p>\n<p>Na nota de imprensa, a organiza\u00e7\u00e3o do evento acrescenta que o festival regressa &#8220;com toda a seguran\u00e7a&#8221;, depois de &#8220;um ano at\u00edpico e pleno de condicionamentos&#8221;, recuperando &#8220;alguns dos projetos que n\u00e3o chegaram a palco no ano passado e com outras novidades j\u00e1 confirmadas, celebrando o melhor da m\u00fasica&#8221; portuguesa.<\/p>\n<p>Al\u00e9m dos concertos, a \u00e1rea externa ao audit\u00f3rio da Casa das Artes receber\u00e1 uma exposi\u00e7\u00e3o de fotografia da autoria de S\u00e9rgio Neto, Miguel Lobo e Jorge Silva, com &#8220;os momentos mais emotivos de 2020, pese embora a edi\u00e7\u00e3o tenha sido bruscamente interrompida pela situa\u00e7\u00e3o pand\u00e9mica&#8221;.<\/p>\n<p>Todos os concertos do festival t\u00eam in\u00edcio marcado para as 21:00, &#8220;respondendo assim \u00e0s conting\u00eancias vigentes que definem tamb\u00e9m um limite de 106 lugares no audit\u00f3rio e mecanismos de seguran\u00e7a e higiene de \u00faltima gera\u00e7\u00e3o&#8221;.<\/p>\n<p>Os bilhetes ser\u00e3o colocados \u00e0 venda &#8220;na semana respeitante a cada concerto&#8221;, variando os pre\u00e7os &#8220;entre os cinco e os 10 euros&#8221;.<\/p>\n","protected":false},"excerpt":{"rendered":"<p>A fadista Carminho abre, em fevereiro, o festival Sons do Vez, em Arcos de Valdevez, cuja edi\u00e7\u00e3o de 2020 a artista devia ter encerrado, mas que foi suspensa devido \u00e0 pandemia de covid-19. Em comunicado enviado \u00e0 ag\u00eancia Lusa, a organiza\u00e7\u00e3o do primeiro festival do ano, dedicado \u00e0 m\u00fasica portuguesa, adiantou que o espet\u00e1culo com [&hellip;]<\/p>\n","protected":false},"author":13,"featured_media":58651,"comment_status":"closed","ping_status":"closed","sticky":false,"template":"","format":"standard","meta":{"_exactmetrics_skip_tracking":false,"_exactmetrics_sitenote_active":false,"_exactmetrics_sitenote_note":"","_exactmetrics_sitenote_category":0,"footnotes":""},"categories":[2],"tags":[19,24],"class_list":["post-58650","post","type-post","status-publish","format-standard","has-post-thumbnail","hentry","category-arcos-de-valdevez","tag-cultura","tag-lazer"],"yoast_head":"<!-- This site is optimized with the Yoast SEO Premium plugin v27.4 (Yoast SEO v27.4) - https:\/\/yoast.com\/product\/yoast-seo-premium-wordpress\/ -->\n<title>Carminho abre regresso do Sons do Vez, primeiro festival de m\u00fasica do ano<\/title>\n<meta name=\"robots\" content=\"index, follow, max-snippet:-1, max-image-preview:large, max-video-preview:-1\" \/>\n<link rel=\"canonical\" href=\"https:\/\/www.altominho.tv\/site\/2021\/01\/06\/carminho-abre-regresso-do-sons-do-vez-primeiro-festival-de-musica-do-ano\/\" \/>\n<meta property=\"og:locale\" content=\"pt_PT\" \/>\n<meta property=\"og:type\" content=\"article\" \/>\n<meta property=\"og:title\" content=\"Carminho abre regresso do Sons do Vez, primeiro festival de m\u00fasica do ano\" \/>\n<meta property=\"og:description\" content=\"A fadista Carminho abre, em fevereiro, o festival Sons do Vez, em Arcos de Valdevez, cuja edi\u00e7\u00e3o de 2020 a artista devia ter encerrado, mas que foi suspensa devido \u00e0 pandemia de covid-19. Em comunicado enviado \u00e0 ag\u00eancia Lusa, a organiza\u00e7\u00e3o do primeiro festival do ano, dedicado \u00e0 m\u00fasica portuguesa, adiantou que o espet\u00e1culo com [&hellip;]\" \/>\n<meta property=\"og:url\" content=\"https:\/\/www.altominho.tv\/site\/2021\/01\/06\/carminho-abre-regresso-do-sons-do-vez-primeiro-festival-de-musica-do-ano\/\" \/>\n<meta property=\"og:site_name\" content=\"Altominho.tv\" \/>\n<meta property=\"article:publisher\" content=\"https:\/\/www.facebook.com\/altominhotv\" \/>\n<meta property=\"article:published_time\" content=\"2021-01-06T12:15:45+00:00\" \/>\n<meta property=\"article:modified_time\" content=\"2021-01-06T12:15:49+00:00\" \/>\n<meta property=\"og:image\" content=\"https:\/\/www.altominho.tv\/site\/wp-content\/uploads\/2021\/01\/22589360-1600x1067-1.jpg\" \/>\n\t<meta property=\"og:image:width\" content=\"1600\" \/>\n\t<meta property=\"og:image:height\" content=\"1067\" \/>\n\t<meta property=\"og:image:type\" content=\"image\/jpeg\" \/>\n<meta name=\"author\" content=\"Lusa\" \/>\n<meta name=\"twitter:card\" content=\"summary_large_image\" \/>\n<meta name=\"twitter:creator\" content=\"@altominhoTV\" \/>\n<meta name=\"twitter:site\" content=\"@altominhoTV\" \/>\n<meta name=\"twitter:label1\" content=\"Escrito por\" \/>\n\t<meta name=\"twitter:data1\" content=\"Lusa\" \/>\n\t<meta name=\"twitter:label2\" content=\"Tempo estimado de leitura\" \/>\n\t<meta name=\"twitter:data2\" content=\"2 minutos\" \/>\n<script type=\"application\/ld+json\" class=\"yoast-schema-graph\">{\"@context\":\"https:\\\/\\\/schema.org\",\"@graph\":[{\"@type\":\"Article\",\"@id\":\"https:\\\/\\\/www.altominho.tv\\\/site\\\/2021\\\/01\\\/06\\\/carminho-abre-regresso-do-sons-do-vez-primeiro-festival-de-musica-do-ano\\\/#article\",\"isPartOf\":{\"@id\":\"https:\\\/\\\/www.altominho.tv\\\/site\\\/2021\\\/01\\\/06\\\/carminho-abre-regresso-do-sons-do-vez-primeiro-festival-de-musica-do-ano\\\/\"},\"author\":{\"name\":\"Lusa\",\"@id\":\"https:\\\/\\\/www.altominho.tv\\\/site\\\/#\\\/schema\\\/person\\\/63f693da3e1899361cbe955c46f3232e\"},\"headline\":\"Carminho abre regresso do Sons do Vez, primeiro festival de m\u00fasica do ano\",\"datePublished\":\"2021-01-06T12:15:45+00:00\",\"dateModified\":\"2021-01-06T12:15:49+00:00\",\"mainEntityOfPage\":{\"@id\":\"https:\\\/\\\/www.altominho.tv\\\/site\\\/2021\\\/01\\\/06\\\/carminho-abre-regresso-do-sons-do-vez-primeiro-festival-de-musica-do-ano\\\/\"},\"wordCount\":337,\"image\":{\"@id\":\"https:\\\/\\\/www.altominho.tv\\\/site\\\/2021\\\/01\\\/06\\\/carminho-abre-regresso-do-sons-do-vez-primeiro-festival-de-musica-do-ano\\\/#primaryimage\"},\"thumbnailUrl\":\"https:\\\/\\\/www.altominho.tv\\\/site\\\/wp-content\\\/uploads\\\/2021\\\/01\\\/22589360-1600x1067-1.jpg\",\"keywords\":[\"Cultura\",\"Lazer\"],\"articleSection\":[\"Arcos de Valdevez\"],\"inLanguage\":\"pt-PT\",\"copyrightYear\":\"2021\",\"copyrightHolder\":{\"@id\":\"https:\\\/\\\/www.altominho.tv\\\/site\\\/#organization\"}},{\"@type\":\"WebPage\",\"@id\":\"https:\\\/\\\/www.altominho.tv\\\/site\\\/2021\\\/01\\\/06\\\/carminho-abre-regresso-do-sons-do-vez-primeiro-festival-de-musica-do-ano\\\/\",\"url\":\"https:\\\/\\\/www.altominho.tv\\\/site\\\/2021\\\/01\\\/06\\\/carminho-abre-regresso-do-sons-do-vez-primeiro-festival-de-musica-do-ano\\\/\",\"name\":\"Carminho abre regresso do Sons do Vez, primeiro festival de m\u00fasica do ano\",\"isPartOf\":{\"@id\":\"https:\\\/\\\/www.altominho.tv\\\/site\\\/#website\"},\"primaryImageOfPage\":{\"@id\":\"https:\\\/\\\/www.altominho.tv\\\/site\\\/2021\\\/01\\\/06\\\/carminho-abre-regresso-do-sons-do-vez-primeiro-festival-de-musica-do-ano\\\/#primaryimage\"},\"image\":{\"@id\":\"https:\\\/\\\/www.altominho.tv\\\/site\\\/2021\\\/01\\\/06\\\/carminho-abre-regresso-do-sons-do-vez-primeiro-festival-de-musica-do-ano\\\/#primaryimage\"},\"thumbnailUrl\":\"https:\\\/\\\/www.altominho.tv\\\/site\\\/wp-content\\\/uploads\\\/2021\\\/01\\\/22589360-1600x1067-1.jpg\",\"datePublished\":\"2021-01-06T12:15:45+00:00\",\"dateModified\":\"2021-01-06T12:15:49+00:00\",\"author\":{\"@id\":\"https:\\\/\\\/www.altominho.tv\\\/site\\\/#\\\/schema\\\/person\\\/63f693da3e1899361cbe955c46f3232e\"},\"breadcrumb\":{\"@id\":\"https:\\\/\\\/www.altominho.tv\\\/site\\\/2021\\\/01\\\/06\\\/carminho-abre-regresso-do-sons-do-vez-primeiro-festival-de-musica-do-ano\\\/#breadcrumb\"},\"inLanguage\":\"pt-PT\",\"potentialAction\":[{\"@type\":\"ReadAction\",\"target\":[\"https:\\\/\\\/www.altominho.tv\\\/site\\\/2021\\\/01\\\/06\\\/carminho-abre-regresso-do-sons-do-vez-primeiro-festival-de-musica-do-ano\\\/\"]}]},{\"@type\":\"ImageObject\",\"inLanguage\":\"pt-PT\",\"@id\":\"https:\\\/\\\/www.altominho.tv\\\/site\\\/2021\\\/01\\\/06\\\/carminho-abre-regresso-do-sons-do-vez-primeiro-festival-de-musica-do-ano\\\/#primaryimage\",\"url\":\"https:\\\/\\\/www.altominho.tv\\\/site\\\/wp-content\\\/uploads\\\/2021\\\/01\\\/22589360-1600x1067-1.jpg\",\"contentUrl\":\"https:\\\/\\\/www.altominho.tv\\\/site\\\/wp-content\\\/uploads\\\/2021\\\/01\\\/22589360-1600x1067-1.jpg\",\"width\":1600,\"height\":1067},{\"@type\":\"BreadcrumbList\",\"@id\":\"https:\\\/\\\/www.altominho.tv\\\/site\\\/2021\\\/01\\\/06\\\/carminho-abre-regresso-do-sons-do-vez-primeiro-festival-de-musica-do-ano\\\/#breadcrumb\",\"itemListElement\":[{\"@type\":\"ListItem\",\"position\":1,\"name\":\"In\u00edcio\",\"item\":\"https:\\\/\\\/www.altominho.tv\\\/site\\\/\"},{\"@type\":\"ListItem\",\"position\":2,\"name\":\"Carminho abre regresso do Sons do Vez, primeiro festival de m\u00fasica do ano\"}]},{\"@type\":\"WebSite\",\"@id\":\"https:\\\/\\\/www.altominho.tv\\\/site\\\/#website\",\"url\":\"https:\\\/\\\/www.altominho.tv\\\/site\\\/\",\"name\":\"Altominho.tv\",\"description\":\"A sua regi\u00e3o \u00e0 dist\u00e2ncia de um clique...\",\"potentialAction\":[{\"@type\":\"SearchAction\",\"target\":{\"@type\":\"EntryPoint\",\"urlTemplate\":\"https:\\\/\\\/www.altominho.tv\\\/site\\\/?s={search_term_string}\"},\"query-input\":{\"@type\":\"PropertyValueSpecification\",\"valueRequired\":true,\"valueName\":\"search_term_string\"}}],\"inLanguage\":\"pt-PT\"},{\"@type\":\"Person\",\"@id\":\"https:\\\/\\\/www.altominho.tv\\\/site\\\/#\\\/schema\\\/person\\\/63f693da3e1899361cbe955c46f3232e\",\"name\":\"Lusa\",\"image\":{\"@type\":\"ImageObject\",\"inLanguage\":\"pt-PT\",\"@id\":\"https:\\\/\\\/www.altominho.tv\\\/site\\\/wp-content\\\/uploads\\\/2019\\\/08\\\/LUSA_Logo.gif\",\"url\":\"https:\\\/\\\/www.altominho.tv\\\/site\\\/wp-content\\\/uploads\\\/2019\\\/08\\\/LUSA_Logo.gif\",\"contentUrl\":\"https:\\\/\\\/www.altominho.tv\\\/site\\\/wp-content\\\/uploads\\\/2019\\\/08\\\/LUSA_Logo.gif\",\"caption\":\"Lusa\"},\"sameAs\":[\"http:\\\/\\\/\\\/\\\/www.altominho.tv\\\/site\"],\"url\":\"https:\\\/\\\/www.altominho.tv\\\/site\\\/author\\\/lusa\\\/\"}]}<\/script>\n<!-- \/ Yoast SEO Premium plugin. -->","yoast_head_json":{"title":"Carminho abre regresso do Sons do Vez, primeiro festival de m\u00fasica do ano","robots":{"index":"index","follow":"follow","max-snippet":"max-snippet:-1","max-image-preview":"max-image-preview:large","max-video-preview":"max-video-preview:-1"},"canonical":"https:\/\/www.altominho.tv\/site\/2021\/01\/06\/carminho-abre-regresso-do-sons-do-vez-primeiro-festival-de-musica-do-ano\/","og_locale":"pt_PT","og_type":"article","og_title":"Carminho abre regresso do Sons do Vez, primeiro festival de m\u00fasica do ano","og_description":"A fadista Carminho abre, em fevereiro, o festival Sons do Vez, em Arcos de Valdevez, cuja edi\u00e7\u00e3o de 2020 a artista devia ter encerrado, mas que foi suspensa devido \u00e0 pandemia de covid-19. Em comunicado enviado \u00e0 ag\u00eancia Lusa, a organiza\u00e7\u00e3o do primeiro festival do ano, dedicado \u00e0 m\u00fasica portuguesa, adiantou que o espet\u00e1culo com [&hellip;]","og_url":"https:\/\/www.altominho.tv\/site\/2021\/01\/06\/carminho-abre-regresso-do-sons-do-vez-primeiro-festival-de-musica-do-ano\/","og_site_name":"Altominho.tv","article_publisher":"https:\/\/www.facebook.com\/altominhotv","article_published_time":"2021-01-06T12:15:45+00:00","article_modified_time":"2021-01-06T12:15:49+00:00","og_image":[{"width":1600,"height":1067,"url":"https:\/\/www.altominho.tv\/site\/wp-content\/uploads\/2021\/01\/22589360-1600x1067-1.jpg","type":"image\/jpeg"}],"author":"Lusa","twitter_card":"summary_large_image","twitter_creator":"@altominhoTV","twitter_site":"@altominhoTV","twitter_misc":{"Escrito por":"Lusa","Tempo estimado de leitura":"2 minutos"},"schema":{"@context":"https:\/\/schema.org","@graph":[{"@type":"Article","@id":"https:\/\/www.altominho.tv\/site\/2021\/01\/06\/carminho-abre-regresso-do-sons-do-vez-primeiro-festival-de-musica-do-ano\/#article","isPartOf":{"@id":"https:\/\/www.altominho.tv\/site\/2021\/01\/06\/carminho-abre-regresso-do-sons-do-vez-primeiro-festival-de-musica-do-ano\/"},"author":{"name":"Lusa","@id":"https:\/\/www.altominho.tv\/site\/#\/schema\/person\/63f693da3e1899361cbe955c46f3232e"},"headline":"Carminho abre regresso do Sons do Vez, primeiro festival de m\u00fasica do ano","datePublished":"2021-01-06T12:15:45+00:00","dateModified":"2021-01-06T12:15:49+00:00","mainEntityOfPage":{"@id":"https:\/\/www.altominho.tv\/site\/2021\/01\/06\/carminho-abre-regresso-do-sons-do-vez-primeiro-festival-de-musica-do-ano\/"},"wordCount":337,"image":{"@id":"https:\/\/www.altominho.tv\/site\/2021\/01\/06\/carminho-abre-regresso-do-sons-do-vez-primeiro-festival-de-musica-do-ano\/#primaryimage"},"thumbnailUrl":"https:\/\/www.altominho.tv\/site\/wp-content\/uploads\/2021\/01\/22589360-1600x1067-1.jpg","keywords":["Cultura","Lazer"],"articleSection":["Arcos de Valdevez"],"inLanguage":"pt-PT","copyrightYear":"2021","copyrightHolder":{"@id":"https:\/\/www.altominho.tv\/site\/#organization"}},{"@type":"WebPage","@id":"https:\/\/www.altominho.tv\/site\/2021\/01\/06\/carminho-abre-regresso-do-sons-do-vez-primeiro-festival-de-musica-do-ano\/","url":"https:\/\/www.altominho.tv\/site\/2021\/01\/06\/carminho-abre-regresso-do-sons-do-vez-primeiro-festival-de-musica-do-ano\/","name":"Carminho abre regresso do Sons do Vez, primeiro festival de m\u00fasica do ano","isPartOf":{"@id":"https:\/\/www.altominho.tv\/site\/#website"},"primaryImageOfPage":{"@id":"https:\/\/www.altominho.tv\/site\/2021\/01\/06\/carminho-abre-regresso-do-sons-do-vez-primeiro-festival-de-musica-do-ano\/#primaryimage"},"image":{"@id":"https:\/\/www.altominho.tv\/site\/2021\/01\/06\/carminho-abre-regresso-do-sons-do-vez-primeiro-festival-de-musica-do-ano\/#primaryimage"},"thumbnailUrl":"https:\/\/www.altominho.tv\/site\/wp-content\/uploads\/2021\/01\/22589360-1600x1067-1.jpg","datePublished":"2021-01-06T12:15:45+00:00","dateModified":"2021-01-06T12:15:49+00:00","author":{"@id":"https:\/\/www.altominho.tv\/site\/#\/schema\/person\/63f693da3e1899361cbe955c46f3232e"},"breadcrumb":{"@id":"https:\/\/www.altominho.tv\/site\/2021\/01\/06\/carminho-abre-regresso-do-sons-do-vez-primeiro-festival-de-musica-do-ano\/#breadcrumb"},"inLanguage":"pt-PT","potentialAction":[{"@type":"ReadAction","target":["https:\/\/www.altominho.tv\/site\/2021\/01\/06\/carminho-abre-regresso-do-sons-do-vez-primeiro-festival-de-musica-do-ano\/"]}]},{"@type":"ImageObject","inLanguage":"pt-PT","@id":"https:\/\/www.altominho.tv\/site\/2021\/01\/06\/carminho-abre-regresso-do-sons-do-vez-primeiro-festival-de-musica-do-ano\/#primaryimage","url":"https:\/\/www.altominho.tv\/site\/wp-content\/uploads\/2021\/01\/22589360-1600x1067-1.jpg","contentUrl":"https:\/\/www.altominho.tv\/site\/wp-content\/uploads\/2021\/01\/22589360-1600x1067-1.jpg","width":1600,"height":1067},{"@type":"BreadcrumbList","@id":"https:\/\/www.altominho.tv\/site\/2021\/01\/06\/carminho-abre-regresso-do-sons-do-vez-primeiro-festival-de-musica-do-ano\/#breadcrumb","itemListElement":[{"@type":"ListItem","position":1,"name":"In\u00edcio","item":"https:\/\/www.altominho.tv\/site\/"},{"@type":"ListItem","position":2,"name":"Carminho abre regresso do Sons do Vez, primeiro festival de m\u00fasica do ano"}]},{"@type":"WebSite","@id":"https:\/\/www.altominho.tv\/site\/#website","url":"https:\/\/www.altominho.tv\/site\/","name":"Altominho.tv","description":"A sua regi\u00e3o \u00e0 dist\u00e2ncia de um clique...","potentialAction":[{"@type":"SearchAction","target":{"@type":"EntryPoint","urlTemplate":"https:\/\/www.altominho.tv\/site\/?s={search_term_string}"},"query-input":{"@type":"PropertyValueSpecification","valueRequired":true,"valueName":"search_term_string"}}],"inLanguage":"pt-PT"},{"@type":"Person","@id":"https:\/\/www.altominho.tv\/site\/#\/schema\/person\/63f693da3e1899361cbe955c46f3232e","name":"Lusa","image":{"@type":"ImageObject","inLanguage":"pt-PT","@id":"https:\/\/www.altominho.tv\/site\/wp-content\/uploads\/2019\/08\/LUSA_Logo.gif","url":"https:\/\/www.altominho.tv\/site\/wp-content\/uploads\/2019\/08\/LUSA_Logo.gif","contentUrl":"https:\/\/www.altominho.tv\/site\/wp-content\/uploads\/2019\/08\/LUSA_Logo.gif","caption":"Lusa"},"sameAs":["http:\/\/\/\/www.altominho.tv\/site"],"url":"https:\/\/www.altominho.tv\/site\/author\/lusa\/"}]}},"_links":{"self":[{"href":"https:\/\/www.altominho.tv\/site\/wp-json\/wp\/v2\/posts\/58650","targetHints":{"allow":["GET"]}}],"collection":[{"href":"https:\/\/www.altominho.tv\/site\/wp-json\/wp\/v2\/posts"}],"about":[{"href":"https:\/\/www.altominho.tv\/site\/wp-json\/wp\/v2\/types\/post"}],"author":[{"embeddable":true,"href":"https:\/\/www.altominho.tv\/site\/wp-json\/wp\/v2\/users\/13"}],"replies":[{"embeddable":true,"href":"https:\/\/www.altominho.tv\/site\/wp-json\/wp\/v2\/comments?post=58650"}],"version-history":[{"count":0,"href":"https:\/\/www.altominho.tv\/site\/wp-json\/wp\/v2\/posts\/58650\/revisions"}],"wp:featuredmedia":[{"embeddable":true,"href":"https:\/\/www.altominho.tv\/site\/wp-json\/wp\/v2\/media\/58651"}],"wp:attachment":[{"href":"https:\/\/www.altominho.tv\/site\/wp-json\/wp\/v2\/media?parent=58650"}],"wp:term":[{"taxonomy":"category","embeddable":true,"href":"https:\/\/www.altominho.tv\/site\/wp-json\/wp\/v2\/categories?post=58650"},{"taxonomy":"post_tag","embeddable":true,"href":"https:\/\/www.altominho.tv\/site\/wp-json\/wp\/v2\/tags?post=58650"}],"curies":[{"name":"wp","href":"https:\/\/api.w.org\/{rel}","templated":true}]}}