{"id":58287,"date":"2020-12-29T09:29:29","date_gmt":"2020-12-29T09:29:29","guid":{"rendered":"https:\/\/www.altominho.tv\/site\/?p=58287"},"modified":"2020-12-29T09:29:33","modified_gmt":"2020-12-29T09:29:33","slug":"mais-de-15-me-de-fogo-de-artificio-cancelado-no-alto-minho-desde-novembro","status":"publish","type":"post","link":"https:\/\/www.altominho.tv\/site\/2020\/12\/29\/mais-de-15-me-de-fogo-de-artificio-cancelado-no-alto-minho-desde-novembro\/","title":{"rendered":"Mais de 1,5 ME de fogo de artif\u00edcio cancelado no Alto Minho desde novembro"},"content":{"rendered":"\n<p>A maior empresa de fabrico de fogo de artif\u00edcio do distrito de Viana do Castelo teve mais de 1,5 milh\u00f5es de euros de encomendas canceladas desde novembro devido \u00e0 pandemia de covid-19, estimou hoje o administrador.<\/p>\n\n\n\n<p>Com sede na freguesia de Santa Cruz, em Ponte de Lima, e com filiais na Madeira e Angola, a Pirotecnia Minhota, com 120 anos de exist\u00eancia, &#8220;tem em carteira apenas a encomenda de uma unidade hoteleira para os festejos da Passagem do Ano, no valor de cerca de seis mil euros\u201d.<\/p>\n\n\n\n<p>&#8220;O resto foi cancelado. Os cancelamentos come\u00e7aram em novembro, na filial de Angola. T\u00ednhamos um contrato de um milh\u00e3o de d\u00f3lares para as comemora\u00e7\u00f5es dos 45 anos da independ\u00eancia de Angola, no dia 11 de novembro&#8221;, afirmou hoje \u00e0 ag\u00eancia Lusa David Costa.<\/p>\n\n\n\n<p>O empres\u00e1rio acrescentou que ap\u00f3s o an\u00fancio, pelo Governo, das restri\u00e7\u00f5es nos festejos da Passagem do Ano, &#8220;as restantes encomendas, muitas de autarquias, foram todas canceladas&#8221;.<\/p>\n\n\n\n<p>&#8220;Apenas se mant\u00e9m a encomenda do fogo de artif\u00edcio que um hotel vai lan\u00e7ar, dentro do complexo, para os h\u00f3spedes&#8221;, especificou.<\/p>\n\n\n\n<p>Segundo David Costa, &#8220;o impacto econ\u00f3mico da pandemia come\u00e7ou a sentir-se a partir de abril, mas no setor da pirotecnia come\u00e7ou no final de 2019&#8221;.<\/p>\n\n\n\n<p>&#8220;A nossa atividade \u00e9 sazonal. Faturamos no final do ano e n\u00e3o voltamos a faturar mais at\u00e9 agora, com o cancelamento de festas e romarias. No final de um ano normal, a fatura\u00e7\u00e3o rondava os 300 a 400 mil euros. Em 2020, ronda 1 a 2% desse valor&#8221;, avan\u00e7ou, lamentando a aus\u00eancia de apoios ao setor.<\/p>\n\n\n\n<p>&#8220;Apoios zero. O nosso setor est\u00e1 completamente esquecido. At\u00e9 este momento, n\u00e3o temos tido qualquer tipo de apoio&#8221;.<\/p>\n\n\n\n<p>Em novembro, a Associa\u00e7\u00e3o Nacional de Empresas de Produtos Explosivos (ANEPE) acusou o Governo de &#8220;ignorar&#8221; o setor da pirotecnia, ao deix\u00e1-lo de fora dos novos apoios aos setores mais afetados pela pandemia, admitindo partir para novas formas de luta.<\/p>\n\n\n\n<p>Segundo dados do Instituto Nacional de Estat\u00edstica (INE) citados pela ANEPE, o CAE 20510- Fabrica\u00e7\u00e3o de explosivos e artigos de pirotecnia representa um volume de neg\u00f3cios superior a 40 milh\u00f5es de euros, sendo &#8220;uma parte muito significativa do mesmo relacionada com o fornecimento de servi\u00e7os para eventos&#8221;.<\/p>\n\n\n\n<p>O administrador da Pirotecnia Minhota disse que, dos 22 trabalhadores que empregava na f\u00e1brica de Ponte de Lima, e nas filiais na Madeira e Angola, &#8220;ficaram apenas tr\u00eas&#8221;.<\/p>\n\n\n\n<p>&#8220;Os restantes, tive de os despedir. Para uma atividade sazonal como a nossa, o regime de \u2018lay-off&#8217; \u00e9 um presente envenenado. A minha empresa estaria numa situa\u00e7\u00e3o muito pior se tivesse recorrido ao \u2018lay-off&#8217;. Tenho um acordo com os trabalhadores que, se retomarmos a atividade, ser\u00e3o chamados e voltar\u00e3o se quiserem&#8221;, adiantou.<\/p>\n\n\n\n<p>Al\u00e9m dos 22 funcion\u00e1rios, &#8220;nos meses de maior volume de trabalho, a empresa chegava a ter entre 100 e 120 trabalhadores&#8221;.<\/p>\n\n\n\n<p>David Costa adiantou ser &#8220;muito complicado fazer previs\u00f5es&#8221; para 2021.<\/p>\n\n\n\n<p>&#8220;N\u00e3o consigo ver uma luz do t\u00fanel. Aguentarei a empresa at\u00e9 os meus fornecedores e os meus colaboradores conseguirem aguentar. No dia em que os meus fornecedores, a quem devo dinheiro, e os meus colaboradores, a quem devo dinheiro, n\u00e3o aguentarem, a empresa poder\u00e1 requer a insolv\u00eancia&#8221;, observou.<\/p>\n\n\n\n<p>&#8220;Espero que isso n\u00e3o aconte\u00e7a, mas estamos com muita dificuldade em conseguir honrar os compromissos, quer a n\u00edvel do Estado, quer a n\u00edvel de contas correntes. \u00c9 muito complicada a situa\u00e7\u00e3o&#8221;, admitiu.<\/p>\n\n\n\n<p>A pandemia de covid-19 provocou pelo menos 1.765.049 mortos resultantes de mais de 80,6 milh\u00f5es de casos de infe\u00e7\u00e3o em todo o mundo, segundo um balan\u00e7o feito pela ag\u00eancia francesa AFP.<\/p>\n\n\n\n<p>Em Portugal, morreram 6.677 pessoas dos 396.666 casos de infe\u00e7\u00e3o confirmados, de acordo com o boletim mais recente da Dire\u00e7\u00e3o-Geral da Sa\u00fade.<\/p>\n\n\n\n<p>A doen\u00e7a \u00e9 transmitida por um novo coronav\u00edrus detetado no final de dezembro de 2019, em Wuhan, uma cidade do centro da China.<\/p>\n","protected":false},"excerpt":{"rendered":"<p>A maior empresa de fabrico de fogo de artif\u00edcio do distrito de Viana do Castelo teve mais de 1,5 milh\u00f5es de euros de encomendas canceladas desde novembro devido \u00e0 pandemia de covid-19, estimou hoje o administrador. Com sede na freguesia de Santa Cruz, em Ponte de Lima, e com filiais na Madeira e Angola, a [&hellip;]<\/p>\n","protected":false},"author":7,"featured_media":58288,"comment_status":"closed","ping_status":"closed","sticky":false,"template":"","format":"standard","meta":{"_exactmetrics_skip_tracking":false,"_exactmetrics_sitenote_active":false,"_exactmetrics_sitenote_note":"","_exactmetrics_sitenote_category":0,"footnotes":""},"categories":[73],"tags":[21,27],"class_list":["post-58287","post","type-post","status-publish","format-standard","has-post-thumbnail","hentry","category-alto-minho","tag-economia","tag-sociedade"],"yoast_head":"<!-- This site is optimized with the Yoast SEO Premium plugin v27.4 (Yoast SEO v27.4) - https:\/\/yoast.com\/product\/yoast-seo-premium-wordpress\/ -->\n<title>Mais de 1,5 ME de fogo de artif\u00edcio cancelado no Alto Minho desde novembro<\/title>\n<meta name=\"robots\" content=\"index, follow, max-snippet:-1, max-image-preview:large, max-video-preview:-1\" \/>\n<link rel=\"canonical\" href=\"https:\/\/www.altominho.tv\/site\/2020\/12\/29\/mais-de-15-me-de-fogo-de-artificio-cancelado-no-alto-minho-desde-novembro\/\" \/>\n<meta property=\"og:locale\" content=\"pt_PT\" \/>\n<meta property=\"og:type\" content=\"article\" \/>\n<meta property=\"og:title\" content=\"Mais de 1,5 ME de fogo de artif\u00edcio cancelado no Alto Minho desde novembro\" \/>\n<meta property=\"og:description\" content=\"A maior empresa de fabrico de fogo de artif\u00edcio do distrito de Viana do Castelo teve mais de 1,5 milh\u00f5es de euros de encomendas canceladas desde novembro devido \u00e0 pandemia de covid-19, estimou hoje o administrador. Com sede na freguesia de Santa Cruz, em Ponte de Lima, e com filiais na Madeira e Angola, a [&hellip;]\" \/>\n<meta property=\"og:url\" content=\"https:\/\/www.altominho.tv\/site\/2020\/12\/29\/mais-de-15-me-de-fogo-de-artificio-cancelado-no-alto-minho-desde-novembro\/\" \/>\n<meta property=\"og:site_name\" content=\"Altominho.tv\" \/>\n<meta property=\"article:publisher\" content=\"https:\/\/www.facebook.com\/altominhotv\" \/>\n<meta property=\"article:published_time\" content=\"2020-12-29T09:29:29+00:00\" \/>\n<meta property=\"article:modified_time\" content=\"2020-12-29T09:29:33+00:00\" \/>\n<meta property=\"og:image\" content=\"https:\/\/www.altominho.tv\/site\/wp-content\/uploads\/2020\/12\/fogo-de-artificio-FN.jpg\" \/>\n\t<meta property=\"og:image:width\" content=\"1280\" \/>\n\t<meta property=\"og:image:height\" content=\"720\" \/>\n\t<meta property=\"og:image:type\" content=\"image\/jpeg\" \/>\n<meta name=\"author\" content=\"Andreia Cunha\" \/>\n<meta name=\"twitter:card\" content=\"summary_large_image\" \/>\n<meta name=\"twitter:creator\" content=\"@altominhoTV\" \/>\n<meta name=\"twitter:site\" content=\"@altominhoTV\" \/>\n<meta name=\"twitter:label1\" content=\"Escrito por\" \/>\n\t<meta name=\"twitter:data1\" content=\"Andreia Cunha\" \/>\n\t<meta name=\"twitter:label2\" content=\"Tempo estimado de leitura\" \/>\n\t<meta name=\"twitter:data2\" content=\"3 minutos\" \/>\n<script type=\"application\/ld+json\" class=\"yoast-schema-graph\">{\"@context\":\"https:\\\/\\\/schema.org\",\"@graph\":[{\"@type\":\"Article\",\"@id\":\"https:\\\/\\\/www.altominho.tv\\\/site\\\/2020\\\/12\\\/29\\\/mais-de-15-me-de-fogo-de-artificio-cancelado-no-alto-minho-desde-novembro\\\/#article\",\"isPartOf\":{\"@id\":\"https:\\\/\\\/www.altominho.tv\\\/site\\\/2020\\\/12\\\/29\\\/mais-de-15-me-de-fogo-de-artificio-cancelado-no-alto-minho-desde-novembro\\\/\"},\"author\":{\"name\":\"Andreia Cunha\",\"@id\":\"https:\\\/\\\/www.altominho.tv\\\/site\\\/#\\\/schema\\\/person\\\/a0e4ef6d041f98ca284393d8f1d97153\"},\"headline\":\"Mais de 1,5 ME de fogo de artif\u00edcio cancelado no Alto Minho desde novembro\",\"datePublished\":\"2020-12-29T09:29:29+00:00\",\"dateModified\":\"2020-12-29T09:29:33+00:00\",\"mainEntityOfPage\":{\"@id\":\"https:\\\/\\\/www.altominho.tv\\\/site\\\/2020\\\/12\\\/29\\\/mais-de-15-me-de-fogo-de-artificio-cancelado-no-alto-minho-desde-novembro\\\/\"},\"wordCount\":676,\"image\":{\"@id\":\"https:\\\/\\\/www.altominho.tv\\\/site\\\/2020\\\/12\\\/29\\\/mais-de-15-me-de-fogo-de-artificio-cancelado-no-alto-minho-desde-novembro\\\/#primaryimage\"},\"thumbnailUrl\":\"https:\\\/\\\/www.altominho.tv\\\/site\\\/wp-content\\\/uploads\\\/2020\\\/12\\\/fogo-de-artificio-FN.jpg\",\"keywords\":[\"Economia\",\"Sociedade\"],\"articleSection\":[\"Alto Minho\"],\"inLanguage\":\"pt-PT\",\"copyrightYear\":\"2020\",\"copyrightHolder\":{\"@id\":\"https:\\\/\\\/www.altominho.tv\\\/site\\\/#organization\"}},{\"@type\":\"WebPage\",\"@id\":\"https:\\\/\\\/www.altominho.tv\\\/site\\\/2020\\\/12\\\/29\\\/mais-de-15-me-de-fogo-de-artificio-cancelado-no-alto-minho-desde-novembro\\\/\",\"url\":\"https:\\\/\\\/www.altominho.tv\\\/site\\\/2020\\\/12\\\/29\\\/mais-de-15-me-de-fogo-de-artificio-cancelado-no-alto-minho-desde-novembro\\\/\",\"name\":\"Mais de 1,5 ME de fogo de artif\u00edcio cancelado no Alto Minho desde novembro\",\"isPartOf\":{\"@id\":\"https:\\\/\\\/www.altominho.tv\\\/site\\\/#website\"},\"primaryImageOfPage\":{\"@id\":\"https:\\\/\\\/www.altominho.tv\\\/site\\\/2020\\\/12\\\/29\\\/mais-de-15-me-de-fogo-de-artificio-cancelado-no-alto-minho-desde-novembro\\\/#primaryimage\"},\"image\":{\"@id\":\"https:\\\/\\\/www.altominho.tv\\\/site\\\/2020\\\/12\\\/29\\\/mais-de-15-me-de-fogo-de-artificio-cancelado-no-alto-minho-desde-novembro\\\/#primaryimage\"},\"thumbnailUrl\":\"https:\\\/\\\/www.altominho.tv\\\/site\\\/wp-content\\\/uploads\\\/2020\\\/12\\\/fogo-de-artificio-FN.jpg\",\"datePublished\":\"2020-12-29T09:29:29+00:00\",\"dateModified\":\"2020-12-29T09:29:33+00:00\",\"author\":{\"@id\":\"https:\\\/\\\/www.altominho.tv\\\/site\\\/#\\\/schema\\\/person\\\/a0e4ef6d041f98ca284393d8f1d97153\"},\"breadcrumb\":{\"@id\":\"https:\\\/\\\/www.altominho.tv\\\/site\\\/2020\\\/12\\\/29\\\/mais-de-15-me-de-fogo-de-artificio-cancelado-no-alto-minho-desde-novembro\\\/#breadcrumb\"},\"inLanguage\":\"pt-PT\",\"potentialAction\":[{\"@type\":\"ReadAction\",\"target\":[\"https:\\\/\\\/www.altominho.tv\\\/site\\\/2020\\\/12\\\/29\\\/mais-de-15-me-de-fogo-de-artificio-cancelado-no-alto-minho-desde-novembro\\\/\"]}]},{\"@type\":\"ImageObject\",\"inLanguage\":\"pt-PT\",\"@id\":\"https:\\\/\\\/www.altominho.tv\\\/site\\\/2020\\\/12\\\/29\\\/mais-de-15-me-de-fogo-de-artificio-cancelado-no-alto-minho-desde-novembro\\\/#primaryimage\",\"url\":\"https:\\\/\\\/www.altominho.tv\\\/site\\\/wp-content\\\/uploads\\\/2020\\\/12\\\/fogo-de-artificio-FN.jpg\",\"contentUrl\":\"https:\\\/\\\/www.altominho.tv\\\/site\\\/wp-content\\\/uploads\\\/2020\\\/12\\\/fogo-de-artificio-FN.jpg\",\"width\":1280,\"height\":720},{\"@type\":\"BreadcrumbList\",\"@id\":\"https:\\\/\\\/www.altominho.tv\\\/site\\\/2020\\\/12\\\/29\\\/mais-de-15-me-de-fogo-de-artificio-cancelado-no-alto-minho-desde-novembro\\\/#breadcrumb\",\"itemListElement\":[{\"@type\":\"ListItem\",\"position\":1,\"name\":\"In\u00edcio\",\"item\":\"https:\\\/\\\/www.altominho.tv\\\/site\\\/\"},{\"@type\":\"ListItem\",\"position\":2,\"name\":\"Mais de 1,5 ME de fogo de artif\u00edcio cancelado no Alto Minho desde novembro\"}]},{\"@type\":\"WebSite\",\"@id\":\"https:\\\/\\\/www.altominho.tv\\\/site\\\/#website\",\"url\":\"https:\\\/\\\/www.altominho.tv\\\/site\\\/\",\"name\":\"Altominho.tv\",\"description\":\"A sua regi\u00e3o \u00e0 dist\u00e2ncia de um clique...\",\"potentialAction\":[{\"@type\":\"SearchAction\",\"target\":{\"@type\":\"EntryPoint\",\"urlTemplate\":\"https:\\\/\\\/www.altominho.tv\\\/site\\\/?s={search_term_string}\"},\"query-input\":{\"@type\":\"PropertyValueSpecification\",\"valueRequired\":true,\"valueName\":\"search_term_string\"}}],\"inLanguage\":\"pt-PT\"},{\"@type\":\"Person\",\"@id\":\"https:\\\/\\\/www.altominho.tv\\\/site\\\/#\\\/schema\\\/person\\\/a0e4ef6d041f98ca284393d8f1d97153\",\"name\":\"Andreia Cunha\",\"image\":{\"@type\":\"ImageObject\",\"inLanguage\":\"pt-PT\",\"@id\":\"https:\\\/\\\/www.altominho.tv\\\/site\\\/wp-content\\\/uploads\\\/2017\\\/11\\\/Andreia_Cunha-1-150x150.jpg\",\"url\":\"https:\\\/\\\/www.altominho.tv\\\/site\\\/wp-content\\\/uploads\\\/2017\\\/11\\\/Andreia_Cunha-1-150x150.jpg\",\"contentUrl\":\"https:\\\/\\\/www.altominho.tv\\\/site\\\/wp-content\\\/uploads\\\/2017\\\/11\\\/Andreia_Cunha-1-150x150.jpg\",\"caption\":\"Andreia Cunha\"},\"url\":\"https:\\\/\\\/www.altominho.tv\\\/site\\\/author\\\/andreiacunha\\\/\"}]}<\/script>\n<!-- \/ Yoast SEO Premium plugin. -->","yoast_head_json":{"title":"Mais de 1,5 ME de fogo de artif\u00edcio cancelado no Alto Minho desde novembro","robots":{"index":"index","follow":"follow","max-snippet":"max-snippet:-1","max-image-preview":"max-image-preview:large","max-video-preview":"max-video-preview:-1"},"canonical":"https:\/\/www.altominho.tv\/site\/2020\/12\/29\/mais-de-15-me-de-fogo-de-artificio-cancelado-no-alto-minho-desde-novembro\/","og_locale":"pt_PT","og_type":"article","og_title":"Mais de 1,5 ME de fogo de artif\u00edcio cancelado no Alto Minho desde novembro","og_description":"A maior empresa de fabrico de fogo de artif\u00edcio do distrito de Viana do Castelo teve mais de 1,5 milh\u00f5es de euros de encomendas canceladas desde novembro devido \u00e0 pandemia de covid-19, estimou hoje o administrador. Com sede na freguesia de Santa Cruz, em Ponte de Lima, e com filiais na Madeira e Angola, a [&hellip;]","og_url":"https:\/\/www.altominho.tv\/site\/2020\/12\/29\/mais-de-15-me-de-fogo-de-artificio-cancelado-no-alto-minho-desde-novembro\/","og_site_name":"Altominho.tv","article_publisher":"https:\/\/www.facebook.com\/altominhotv","article_published_time":"2020-12-29T09:29:29+00:00","article_modified_time":"2020-12-29T09:29:33+00:00","og_image":[{"width":1280,"height":720,"url":"https:\/\/www.altominho.tv\/site\/wp-content\/uploads\/2020\/12\/fogo-de-artificio-FN.jpg","type":"image\/jpeg"}],"author":"Andreia Cunha","twitter_card":"summary_large_image","twitter_creator":"@altominhoTV","twitter_site":"@altominhoTV","twitter_misc":{"Escrito por":"Andreia Cunha","Tempo estimado de leitura":"3 minutos"},"schema":{"@context":"https:\/\/schema.org","@graph":[{"@type":"Article","@id":"https:\/\/www.altominho.tv\/site\/2020\/12\/29\/mais-de-15-me-de-fogo-de-artificio-cancelado-no-alto-minho-desde-novembro\/#article","isPartOf":{"@id":"https:\/\/www.altominho.tv\/site\/2020\/12\/29\/mais-de-15-me-de-fogo-de-artificio-cancelado-no-alto-minho-desde-novembro\/"},"author":{"name":"Andreia Cunha","@id":"https:\/\/www.altominho.tv\/site\/#\/schema\/person\/a0e4ef6d041f98ca284393d8f1d97153"},"headline":"Mais de 1,5 ME de fogo de artif\u00edcio cancelado no Alto Minho desde novembro","datePublished":"2020-12-29T09:29:29+00:00","dateModified":"2020-12-29T09:29:33+00:00","mainEntityOfPage":{"@id":"https:\/\/www.altominho.tv\/site\/2020\/12\/29\/mais-de-15-me-de-fogo-de-artificio-cancelado-no-alto-minho-desde-novembro\/"},"wordCount":676,"image":{"@id":"https:\/\/www.altominho.tv\/site\/2020\/12\/29\/mais-de-15-me-de-fogo-de-artificio-cancelado-no-alto-minho-desde-novembro\/#primaryimage"},"thumbnailUrl":"https:\/\/www.altominho.tv\/site\/wp-content\/uploads\/2020\/12\/fogo-de-artificio-FN.jpg","keywords":["Economia","Sociedade"],"articleSection":["Alto Minho"],"inLanguage":"pt-PT","copyrightYear":"2020","copyrightHolder":{"@id":"https:\/\/www.altominho.tv\/site\/#organization"}},{"@type":"WebPage","@id":"https:\/\/www.altominho.tv\/site\/2020\/12\/29\/mais-de-15-me-de-fogo-de-artificio-cancelado-no-alto-minho-desde-novembro\/","url":"https:\/\/www.altominho.tv\/site\/2020\/12\/29\/mais-de-15-me-de-fogo-de-artificio-cancelado-no-alto-minho-desde-novembro\/","name":"Mais de 1,5 ME de fogo de artif\u00edcio cancelado no Alto Minho desde novembro","isPartOf":{"@id":"https:\/\/www.altominho.tv\/site\/#website"},"primaryImageOfPage":{"@id":"https:\/\/www.altominho.tv\/site\/2020\/12\/29\/mais-de-15-me-de-fogo-de-artificio-cancelado-no-alto-minho-desde-novembro\/#primaryimage"},"image":{"@id":"https:\/\/www.altominho.tv\/site\/2020\/12\/29\/mais-de-15-me-de-fogo-de-artificio-cancelado-no-alto-minho-desde-novembro\/#primaryimage"},"thumbnailUrl":"https:\/\/www.altominho.tv\/site\/wp-content\/uploads\/2020\/12\/fogo-de-artificio-FN.jpg","datePublished":"2020-12-29T09:29:29+00:00","dateModified":"2020-12-29T09:29:33+00:00","author":{"@id":"https:\/\/www.altominho.tv\/site\/#\/schema\/person\/a0e4ef6d041f98ca284393d8f1d97153"},"breadcrumb":{"@id":"https:\/\/www.altominho.tv\/site\/2020\/12\/29\/mais-de-15-me-de-fogo-de-artificio-cancelado-no-alto-minho-desde-novembro\/#breadcrumb"},"inLanguage":"pt-PT","potentialAction":[{"@type":"ReadAction","target":["https:\/\/www.altominho.tv\/site\/2020\/12\/29\/mais-de-15-me-de-fogo-de-artificio-cancelado-no-alto-minho-desde-novembro\/"]}]},{"@type":"ImageObject","inLanguage":"pt-PT","@id":"https:\/\/www.altominho.tv\/site\/2020\/12\/29\/mais-de-15-me-de-fogo-de-artificio-cancelado-no-alto-minho-desde-novembro\/#primaryimage","url":"https:\/\/www.altominho.tv\/site\/wp-content\/uploads\/2020\/12\/fogo-de-artificio-FN.jpg","contentUrl":"https:\/\/www.altominho.tv\/site\/wp-content\/uploads\/2020\/12\/fogo-de-artificio-FN.jpg","width":1280,"height":720},{"@type":"BreadcrumbList","@id":"https:\/\/www.altominho.tv\/site\/2020\/12\/29\/mais-de-15-me-de-fogo-de-artificio-cancelado-no-alto-minho-desde-novembro\/#breadcrumb","itemListElement":[{"@type":"ListItem","position":1,"name":"In\u00edcio","item":"https:\/\/www.altominho.tv\/site\/"},{"@type":"ListItem","position":2,"name":"Mais de 1,5 ME de fogo de artif\u00edcio cancelado no Alto Minho desde novembro"}]},{"@type":"WebSite","@id":"https:\/\/www.altominho.tv\/site\/#website","url":"https:\/\/www.altominho.tv\/site\/","name":"Altominho.tv","description":"A sua regi\u00e3o \u00e0 dist\u00e2ncia de um clique...","potentialAction":[{"@type":"SearchAction","target":{"@type":"EntryPoint","urlTemplate":"https:\/\/www.altominho.tv\/site\/?s={search_term_string}"},"query-input":{"@type":"PropertyValueSpecification","valueRequired":true,"valueName":"search_term_string"}}],"inLanguage":"pt-PT"},{"@type":"Person","@id":"https:\/\/www.altominho.tv\/site\/#\/schema\/person\/a0e4ef6d041f98ca284393d8f1d97153","name":"Andreia Cunha","image":{"@type":"ImageObject","inLanguage":"pt-PT","@id":"https:\/\/www.altominho.tv\/site\/wp-content\/uploads\/2017\/11\/Andreia_Cunha-1-150x150.jpg","url":"https:\/\/www.altominho.tv\/site\/wp-content\/uploads\/2017\/11\/Andreia_Cunha-1-150x150.jpg","contentUrl":"https:\/\/www.altominho.tv\/site\/wp-content\/uploads\/2017\/11\/Andreia_Cunha-1-150x150.jpg","caption":"Andreia Cunha"},"url":"https:\/\/www.altominho.tv\/site\/author\/andreiacunha\/"}]}},"_links":{"self":[{"href":"https:\/\/www.altominho.tv\/site\/wp-json\/wp\/v2\/posts\/58287","targetHints":{"allow":["GET"]}}],"collection":[{"href":"https:\/\/www.altominho.tv\/site\/wp-json\/wp\/v2\/posts"}],"about":[{"href":"https:\/\/www.altominho.tv\/site\/wp-json\/wp\/v2\/types\/post"}],"author":[{"embeddable":true,"href":"https:\/\/www.altominho.tv\/site\/wp-json\/wp\/v2\/users\/7"}],"replies":[{"embeddable":true,"href":"https:\/\/www.altominho.tv\/site\/wp-json\/wp\/v2\/comments?post=58287"}],"version-history":[{"count":0,"href":"https:\/\/www.altominho.tv\/site\/wp-json\/wp\/v2\/posts\/58287\/revisions"}],"wp:featuredmedia":[{"embeddable":true,"href":"https:\/\/www.altominho.tv\/site\/wp-json\/wp\/v2\/media\/58288"}],"wp:attachment":[{"href":"https:\/\/www.altominho.tv\/site\/wp-json\/wp\/v2\/media?parent=58287"}],"wp:term":[{"taxonomy":"category","embeddable":true,"href":"https:\/\/www.altominho.tv\/site\/wp-json\/wp\/v2\/categories?post=58287"},{"taxonomy":"post_tag","embeddable":true,"href":"https:\/\/www.altominho.tv\/site\/wp-json\/wp\/v2\/tags?post=58287"}],"curies":[{"name":"wp","href":"https:\/\/api.w.org\/{rel}","templated":true}]}}