{"id":58268,"date":"2020-12-28T19:26:25","date_gmt":"2020-12-28T19:26:25","guid":{"rendered":"https:\/\/www.altominho.tv\/site\/?p=58268"},"modified":"2020-12-28T19:26:27","modified_gmt":"2020-12-28T19:26:27","slug":"plano-conjunto-da-euro-regiao-norte-de-portugal-galiza-prioriza-infraestruturas","status":"publish","type":"post","link":"https:\/\/www.altominho.tv\/site\/2020\/12\/28\/plano-conjunto-da-euro-regiao-norte-de-portugal-galiza-prioriza-infraestruturas\/","title":{"rendered":"Plano conjunto da euro-regi\u00e3o Norte de Portugal &#8211; Galiza prioriza infraestruturas"},"content":{"rendered":"<p>O presidente da Xunta de Galicia identificou hoje quatro investimentos infraestruturais priorit\u00e1rios no \u00e2mbito do Plano de Investimentos conjunto da euro-regi\u00e3o Norte de Portugal &#8211; Galiza, tendo destacado a liga\u00e7\u00e3o de alta velocidade Porto-Vigo como fundamental.<\/p>\n<p>&#8220;\u00c9 fundamental para a Galiza, \u00e9 fundamental para a euro-regi\u00e3o passar de uma liga\u00e7\u00e3o de 02:20 para uma liga\u00e7\u00e3o de 00:55&#8221;, afirmou.<\/p>\n<p>Alberto N\u00fa\u00f1ez Feij\u00f3o reuniu-se hoje, em Santiago de Compostela, com o presidente da Comiss\u00e3o de Coordena\u00e7\u00e3o e Desenvolvimento Regional do Norte, com o objetivo de reativar a coopera\u00e7\u00e3o entre o Norte de Portugal e a Galiza.<\/p>\n<p>No final do encontro, o autarca referiu que no \u00e2mbito do Plano de Investimentos Conjuntos da euro regi\u00e3o para o per\u00edodo 2021-2027, hoje discutido, foram identificados quatro projetos priorit\u00e1rios no que diz respeito \u00e0s liga\u00e7\u00f5es rodovi\u00e1rias e ferrovi\u00e1rias entre as duas regi\u00f5es.<\/p>\n<p>Alberto N\u00fa\u00f1ez Feij\u00f3o considera que \u00e9 essencial manter as liga\u00e7\u00f5es em <em>ferrocarril<\/em> j\u00e1 existentes entre a Galiza e o Porto, mas reconhece, no entanto, que &#8220;a estrela&#8221; \u00e9 a liga\u00e7\u00e3o de alta velocidade Porto-Vigo.<\/p>\n<p>&#8220;O facto de Portugal j\u00e1 o ter inclu\u00eddo e aprovado no \u00e2mbito do Plano Nacional de Investimento \u00e9 sem d\u00favida um apoio para as propostas da Junta da Galiza no que se refere ao Eixo Atl\u00e2ntico, mais concretamente no Corredor Atl\u00e2ntico onde a grande infraestrutura \u00e9 a liga\u00e7\u00e3o de Vigo, como esta\u00e7\u00e3o de passagem, \u00e0 fronteira portuguesa&#8221;, disse, saudando a decis\u00e3o do Governo portugu\u00eas na Cimeira Ib\u00e9rica de priorizar esta liga\u00e7\u00e3o.<\/p>\n<p>Em outubro, na apresenta\u00e7\u00e3o do Programa Nacional de Investimentos (PNI) 2030, o ministro das Infraestruturas, Pedro Nuno Santos, disse que as metas para a ferrovia centram-se, entre outras, na cria\u00e7\u00e3o de uma nova linha Porto-Vigo (Espanha) com dura\u00e7\u00e3o de uma hora, bem como a eletrifica\u00e7\u00e3o da rede at\u00e9 2030.<\/p>\n<p>A nova linha que vai ligar aquela duas cidade representa um investimento para Portugal de 900 milh\u00f5es de euros, e 578 milh\u00f5es de euros do lado Espanhol, para um total de 21 quil\u00f3metros, revelou hoje Alberto N\u00fa\u00f1ez Feij\u00f3o.<\/p>\n<p>O novo corredor ferrovi\u00e1rio Atl\u00e2ntico depende da constru\u00e7\u00e3o de uma nova linha Lisboa-Porto, e de uma liga\u00e7\u00e3o entre Porto e Vigo, num investimento total de 5,4 mil milh\u00f5es de euros ao longo dos pr\u00f3ximos dez anos. Os novos tro\u00e7os ser\u00e3o constru\u00eddos em bitola ib\u00e9rica, mas ter\u00e3o travessas polivalentes para eventual mudan\u00e7a para a norma europeia.<\/p>\n<p>Entre as prioridades de investimento no contexto da euro-regi\u00e3o, o autarca destacou ainda a reabilita\u00e7\u00e3o da ponte internacional entre Salvaterra do Minho (Espanha) e Mon\u00e7\u00e3o que prev\u00ea a amplia\u00e7\u00e3o da plataforma para modo a incluir uma ciclovia e a melhorar a liga\u00e7\u00e3o di\u00e1rias entre as duas localidades.<\/p>\n<p>O presidente da Xunta da Galiza indicou ainda como prioridade o melhoramento da estrada que faz a liga\u00e7\u00e3o entre Celanova (Ourense-Espanha) \u00e0 fronteira portuguesa, projeto que est\u00e1 a ser elaborado e que implica um investimento na ordem dos nove milh\u00f5es de euros.<\/p>\n<p>Por \u00faltimo, o autarca defendeu uma liga\u00e7\u00e3o por autoestrada entre a esta\u00e7\u00e3o de Gudi\u00f1a e Portugal.<\/p>\n<p>&#8220;Isto sup\u00f5e para todo o interior de Portugal uma acessibilidade aos comboios de alta velocidade, tanto para ligar a Ourense, Santiago, Pontevedra e Vigo ou para ligar Ourense, Zamora, Valladolid, Madrid&#8221;, salientou.<\/p>\n","protected":false},"excerpt":{"rendered":"<p>O presidente da Xunta de Galicia identificou hoje quatro investimentos infraestruturais priorit\u00e1rios no \u00e2mbito do Plano de Investimentos conjunto da euro-regi\u00e3o Norte de Portugal &#8211; Galiza, tendo destacado a liga\u00e7\u00e3o de alta velocidade Porto-Vigo como fundamental. &#8220;\u00c9 fundamental para a Galiza, \u00e9 fundamental para a euro-regi\u00e3o passar de uma liga\u00e7\u00e3o de 02:20 para uma liga\u00e7\u00e3o [&hellip;]<\/p>\n","protected":false},"author":13,"featured_media":58273,"comment_status":"closed","ping_status":"closed","sticky":false,"template":"","format":"standard","meta":{"_exactmetrics_skip_tracking":false,"footnotes":""},"categories":[73],"tags":[21,27],"class_list":["post-58268","post","type-post","status-publish","format-standard","has-post-thumbnail","hentry","category-alto-minho","tag-economia","tag-sociedade"],"yoast_head":"<!-- This site is optimized with the Yoast SEO Premium plugin v28.3 (Yoast SEO v28.3) - https:\/\/yoast.com\/product\/yoast-seo-premium-wordpress\/ -->\n<title>Plano conjunto da euro-regi\u00e3o Norte de Portugal - Galiza prioriza infraestruturas<\/title>\n<meta name=\"robots\" content=\"index, follow, max-snippet:-1, max-image-preview:large, max-video-preview:-1\" \/>\n<link rel=\"canonical\" href=\"https:\/\/www.altominho.tv\/site\/2020\/12\/28\/plano-conjunto-da-euro-regiao-norte-de-portugal-galiza-prioriza-infraestruturas\/\" \/>\n<meta property=\"og:locale\" content=\"pt_PT\" \/>\n<meta property=\"og:type\" content=\"article\" \/>\n<meta property=\"og:title\" content=\"Plano conjunto da euro-regi\u00e3o Norte de Portugal - Galiza prioriza infraestruturas\" \/>\n<meta property=\"og:description\" content=\"O presidente da Xunta de Galicia identificou hoje quatro investimentos infraestruturais priorit\u00e1rios no \u00e2mbito do Plano de Investimentos conjunto da euro-regi\u00e3o Norte de Portugal &#8211; Galiza, tendo destacado a liga\u00e7\u00e3o de alta velocidade Porto-Vigo como fundamental. &#8220;\u00c9 fundamental para a Galiza, \u00e9 fundamental para a euro-regi\u00e3o passar de uma liga\u00e7\u00e3o de 02:20 para uma liga\u00e7\u00e3o [&hellip;]\" \/>\n<meta property=\"og:url\" content=\"https:\/\/www.altominho.tv\/site\/2020\/12\/28\/plano-conjunto-da-euro-regiao-norte-de-portugal-galiza-prioriza-infraestruturas\/\" \/>\n<meta property=\"og:site_name\" content=\"Altominho.tv\" \/>\n<meta property=\"article:publisher\" content=\"https:\/\/www.facebook.com\/altominhotv\" \/>\n<meta property=\"article:published_time\" content=\"2020-12-28T19:26:25+00:00\" \/>\n<meta property=\"article:modified_time\" content=\"2020-12-28T19:26:27+00:00\" \/>\n<meta property=\"og:image\" content=\"https:\/\/www.altominho.tv\/site\/wp-content\/uploads\/2020\/12\/Comboio_AltaVelocidade.jpg\" \/>\n\t<meta property=\"og:image:width\" content=\"783\" \/>\n\t<meta property=\"og:image:height\" content=\"450\" \/>\n\t<meta property=\"og:image:type\" content=\"image\/jpeg\" \/>\n<meta name=\"author\" content=\"Lusa\" \/>\n<meta name=\"twitter:card\" content=\"summary_large_image\" \/>\n<meta name=\"twitter:creator\" content=\"@altominhoTV\" \/>\n<meta name=\"twitter:site\" content=\"@altominhoTV\" \/>\n<meta name=\"twitter:label1\" content=\"Escrito por\" \/>\n\t<meta name=\"twitter:data1\" content=\"Lusa\" \/>\n\t<meta name=\"twitter:label2\" content=\"Tempo estimado de leitura\" \/>\n\t<meta name=\"twitter:data2\" content=\"3 minutos\" \/>\n<script type=\"application\/ld+json\" class=\"yoast-schema-graph\">{\"@context\":\"https:\\\/\\\/schema.org\",\"@graph\":[{\"@type\":\"Article\",\"@id\":\"https:\\\/\\\/www.altominho.tv\\\/site\\\/2020\\\/12\\\/28\\\/plano-conjunto-da-euro-regiao-norte-de-portugal-galiza-prioriza-infraestruturas\\\/#article\",\"isPartOf\":{\"@id\":\"https:\\\/\\\/www.altominho.tv\\\/site\\\/2020\\\/12\\\/28\\\/plano-conjunto-da-euro-regiao-norte-de-portugal-galiza-prioriza-infraestruturas\\\/\"},\"author\":{\"name\":\"Lusa\",\"@id\":\"https:\\\/\\\/www.altominho.tv\\\/site\\\/#\\\/schema\\\/person\\\/63f693da3e1899361cbe955c46f3232e\"},\"headline\":\"Plano conjunto da euro-regi\u00e3o Norte de Portugal &#8211; Galiza prioriza infraestruturas\",\"datePublished\":\"2020-12-28T19:26:25+00:00\",\"dateModified\":\"2020-12-28T19:26:27+00:00\",\"mainEntityOfPage\":{\"@id\":\"https:\\\/\\\/www.altominho.tv\\\/site\\\/2020\\\/12\\\/28\\\/plano-conjunto-da-euro-regiao-norte-de-portugal-galiza-prioriza-infraestruturas\\\/\"},\"wordCount\":581,\"image\":{\"@id\":\"https:\\\/\\\/www.altominho.tv\\\/site\\\/2020\\\/12\\\/28\\\/plano-conjunto-da-euro-regiao-norte-de-portugal-galiza-prioriza-infraestruturas\\\/#primaryimage\"},\"thumbnailUrl\":\"https:\\\/\\\/www.altominho.tv\\\/site\\\/wp-content\\\/uploads\\\/2020\\\/12\\\/Comboio_AltaVelocidade.jpg\",\"keywords\":[\"Economia\",\"Sociedade\"],\"articleSection\":[\"Alto Minho\"],\"inLanguage\":\"pt-PT\",\"copyrightYear\":\"2020\",\"copyrightHolder\":{\"@id\":\"https:\\\/\\\/www.altominho.tv\\\/site\\\/#organization\"}},{\"@type\":\"WebPage\",\"@id\":\"https:\\\/\\\/www.altominho.tv\\\/site\\\/2020\\\/12\\\/28\\\/plano-conjunto-da-euro-regiao-norte-de-portugal-galiza-prioriza-infraestruturas\\\/\",\"url\":\"https:\\\/\\\/www.altominho.tv\\\/site\\\/2020\\\/12\\\/28\\\/plano-conjunto-da-euro-regiao-norte-de-portugal-galiza-prioriza-infraestruturas\\\/\",\"name\":\"Plano conjunto da euro-regi\u00e3o Norte de Portugal - Galiza prioriza infraestruturas\",\"isPartOf\":{\"@id\":\"https:\\\/\\\/www.altominho.tv\\\/site\\\/#website\"},\"primaryImageOfPage\":{\"@id\":\"https:\\\/\\\/www.altominho.tv\\\/site\\\/2020\\\/12\\\/28\\\/plano-conjunto-da-euro-regiao-norte-de-portugal-galiza-prioriza-infraestruturas\\\/#primaryimage\"},\"image\":{\"@id\":\"https:\\\/\\\/www.altominho.tv\\\/site\\\/2020\\\/12\\\/28\\\/plano-conjunto-da-euro-regiao-norte-de-portugal-galiza-prioriza-infraestruturas\\\/#primaryimage\"},\"thumbnailUrl\":\"https:\\\/\\\/www.altominho.tv\\\/site\\\/wp-content\\\/uploads\\\/2020\\\/12\\\/Comboio_AltaVelocidade.jpg\",\"datePublished\":\"2020-12-28T19:26:25+00:00\",\"dateModified\":\"2020-12-28T19:26:27+00:00\",\"author\":{\"@id\":\"https:\\\/\\\/www.altominho.tv\\\/site\\\/#\\\/schema\\\/person\\\/63f693da3e1899361cbe955c46f3232e\"},\"breadcrumb\":{\"@id\":\"https:\\\/\\\/www.altominho.tv\\\/site\\\/2020\\\/12\\\/28\\\/plano-conjunto-da-euro-regiao-norte-de-portugal-galiza-prioriza-infraestruturas\\\/#breadcrumb\"},\"inLanguage\":\"pt-PT\",\"potentialAction\":[{\"@type\":\"ReadAction\",\"target\":[\"https:\\\/\\\/www.altominho.tv\\\/site\\\/2020\\\/12\\\/28\\\/plano-conjunto-da-euro-regiao-norte-de-portugal-galiza-prioriza-infraestruturas\\\/\"]}]},{\"@type\":\"ImageObject\",\"inLanguage\":\"pt-PT\",\"@id\":\"https:\\\/\\\/www.altominho.tv\\\/site\\\/2020\\\/12\\\/28\\\/plano-conjunto-da-euro-regiao-norte-de-portugal-galiza-prioriza-infraestruturas\\\/#primaryimage\",\"url\":\"https:\\\/\\\/www.altominho.tv\\\/site\\\/wp-content\\\/uploads\\\/2020\\\/12\\\/Comboio_AltaVelocidade.jpg\",\"contentUrl\":\"https:\\\/\\\/www.altominho.tv\\\/site\\\/wp-content\\\/uploads\\\/2020\\\/12\\\/Comboio_AltaVelocidade.jpg\",\"width\":783,\"height\":450},{\"@type\":\"BreadcrumbList\",\"@id\":\"https:\\\/\\\/www.altominho.tv\\\/site\\\/2020\\\/12\\\/28\\\/plano-conjunto-da-euro-regiao-norte-de-portugal-galiza-prioriza-infraestruturas\\\/#breadcrumb\",\"itemListElement\":[{\"@type\":\"ListItem\",\"position\":1,\"name\":\"In\u00edcio\",\"item\":\"https:\\\/\\\/www.altominho.tv\\\/site\\\/\"},{\"@type\":\"ListItem\",\"position\":2,\"name\":\"Plano conjunto da euro-regi\u00e3o Norte de Portugal &#8211; Galiza prioriza infraestruturas\"}]},{\"@type\":\"WebSite\",\"@id\":\"https:\\\/\\\/www.altominho.tv\\\/site\\\/#website\",\"url\":\"https:\\\/\\\/www.altominho.tv\\\/site\\\/\",\"name\":\"Altominho.tv\",\"description\":\"A sua regi\u00e3o \u00e0 dist\u00e2ncia de um clique...\",\"potentialAction\":[{\"@type\":\"SearchAction\",\"target\":{\"@type\":\"EntryPoint\",\"urlTemplate\":\"https:\\\/\\\/www.altominho.tv\\\/site\\\/?s={search_term_string}\"},\"query-input\":{\"@type\":\"PropertyValueSpecification\",\"valueRequired\":true,\"valueName\":\"search_term_string\"}}],\"inLanguage\":\"pt-PT\"},{\"@type\":\"Person\",\"@id\":\"https:\\\/\\\/www.altominho.tv\\\/site\\\/#\\\/schema\\\/person\\\/63f693da3e1899361cbe955c46f3232e\",\"name\":\"Lusa\",\"image\":{\"@type\":\"ImageObject\",\"inLanguage\":\"pt-PT\",\"@id\":\"https:\\\/\\\/www.altominho.tv\\\/site\\\/wp-content\\\/uploads\\\/2019\\\/08\\\/LUSA_Logo.gif\",\"url\":\"https:\\\/\\\/www.altominho.tv\\\/site\\\/wp-content\\\/uploads\\\/2019\\\/08\\\/LUSA_Logo.gif\",\"contentUrl\":\"https:\\\/\\\/www.altominho.tv\\\/site\\\/wp-content\\\/uploads\\\/2019\\\/08\\\/LUSA_Logo.gif\",\"caption\":\"Lusa\"},\"sameAs\":[\"http:\\\/\\\/\\\/\\\/www.altominho.tv\\\/site\"],\"url\":\"https:\\\/\\\/www.altominho.tv\\\/site\\\/author\\\/lusa\\\/\"}]}<\/script>\n<!-- \/ Yoast SEO Premium plugin. -->","yoast_head_json":{"title":"Plano conjunto da euro-regi\u00e3o Norte de Portugal - Galiza prioriza infraestruturas","robots":{"index":"index","follow":"follow","max-snippet":"max-snippet:-1","max-image-preview":"max-image-preview:large","max-video-preview":"max-video-preview:-1"},"canonical":"https:\/\/www.altominho.tv\/site\/2020\/12\/28\/plano-conjunto-da-euro-regiao-norte-de-portugal-galiza-prioriza-infraestruturas\/","og_locale":"pt_PT","og_type":"article","og_title":"Plano conjunto da euro-regi\u00e3o Norte de Portugal - Galiza prioriza infraestruturas","og_description":"O presidente da Xunta de Galicia identificou hoje quatro investimentos infraestruturais priorit\u00e1rios no \u00e2mbito do Plano de Investimentos conjunto da euro-regi\u00e3o Norte de Portugal &#8211; Galiza, tendo destacado a liga\u00e7\u00e3o de alta velocidade Porto-Vigo como fundamental. &#8220;\u00c9 fundamental para a Galiza, \u00e9 fundamental para a euro-regi\u00e3o passar de uma liga\u00e7\u00e3o de 02:20 para uma liga\u00e7\u00e3o [&hellip;]","og_url":"https:\/\/www.altominho.tv\/site\/2020\/12\/28\/plano-conjunto-da-euro-regiao-norte-de-portugal-galiza-prioriza-infraestruturas\/","og_site_name":"Altominho.tv","article_publisher":"https:\/\/www.facebook.com\/altominhotv","article_published_time":"2020-12-28T19:26:25+00:00","article_modified_time":"2020-12-28T19:26:27+00:00","og_image":[{"width":783,"height":450,"url":"https:\/\/www.altominho.tv\/site\/wp-content\/uploads\/2020\/12\/Comboio_AltaVelocidade.jpg","type":"image\/jpeg"}],"author":"Lusa","twitter_card":"summary_large_image","twitter_creator":"@altominhoTV","twitter_site":"@altominhoTV","twitter_misc":{"Escrito por":"Lusa","Tempo estimado de leitura":"3 minutos"},"schema":{"@context":"https:\/\/schema.org","@graph":[{"@type":"Article","@id":"https:\/\/www.altominho.tv\/site\/2020\/12\/28\/plano-conjunto-da-euro-regiao-norte-de-portugal-galiza-prioriza-infraestruturas\/#article","isPartOf":{"@id":"https:\/\/www.altominho.tv\/site\/2020\/12\/28\/plano-conjunto-da-euro-regiao-norte-de-portugal-galiza-prioriza-infraestruturas\/"},"author":{"name":"Lusa","@id":"https:\/\/www.altominho.tv\/site\/#\/schema\/person\/63f693da3e1899361cbe955c46f3232e"},"headline":"Plano conjunto da euro-regi\u00e3o Norte de Portugal &#8211; Galiza prioriza infraestruturas","datePublished":"2020-12-28T19:26:25+00:00","dateModified":"2020-12-28T19:26:27+00:00","mainEntityOfPage":{"@id":"https:\/\/www.altominho.tv\/site\/2020\/12\/28\/plano-conjunto-da-euro-regiao-norte-de-portugal-galiza-prioriza-infraestruturas\/"},"wordCount":581,"image":{"@id":"https:\/\/www.altominho.tv\/site\/2020\/12\/28\/plano-conjunto-da-euro-regiao-norte-de-portugal-galiza-prioriza-infraestruturas\/#primaryimage"},"thumbnailUrl":"https:\/\/www.altominho.tv\/site\/wp-content\/uploads\/2020\/12\/Comboio_AltaVelocidade.jpg","keywords":["Economia","Sociedade"],"articleSection":["Alto Minho"],"inLanguage":"pt-PT","copyrightYear":"2020","copyrightHolder":{"@id":"https:\/\/www.altominho.tv\/site\/#organization"}},{"@type":"WebPage","@id":"https:\/\/www.altominho.tv\/site\/2020\/12\/28\/plano-conjunto-da-euro-regiao-norte-de-portugal-galiza-prioriza-infraestruturas\/","url":"https:\/\/www.altominho.tv\/site\/2020\/12\/28\/plano-conjunto-da-euro-regiao-norte-de-portugal-galiza-prioriza-infraestruturas\/","name":"Plano conjunto da euro-regi\u00e3o Norte de Portugal - Galiza prioriza infraestruturas","isPartOf":{"@id":"https:\/\/www.altominho.tv\/site\/#website"},"primaryImageOfPage":{"@id":"https:\/\/www.altominho.tv\/site\/2020\/12\/28\/plano-conjunto-da-euro-regiao-norte-de-portugal-galiza-prioriza-infraestruturas\/#primaryimage"},"image":{"@id":"https:\/\/www.altominho.tv\/site\/2020\/12\/28\/plano-conjunto-da-euro-regiao-norte-de-portugal-galiza-prioriza-infraestruturas\/#primaryimage"},"thumbnailUrl":"https:\/\/www.altominho.tv\/site\/wp-content\/uploads\/2020\/12\/Comboio_AltaVelocidade.jpg","datePublished":"2020-12-28T19:26:25+00:00","dateModified":"2020-12-28T19:26:27+00:00","author":{"@id":"https:\/\/www.altominho.tv\/site\/#\/schema\/person\/63f693da3e1899361cbe955c46f3232e"},"breadcrumb":{"@id":"https:\/\/www.altominho.tv\/site\/2020\/12\/28\/plano-conjunto-da-euro-regiao-norte-de-portugal-galiza-prioriza-infraestruturas\/#breadcrumb"},"inLanguage":"pt-PT","potentialAction":[{"@type":"ReadAction","target":["https:\/\/www.altominho.tv\/site\/2020\/12\/28\/plano-conjunto-da-euro-regiao-norte-de-portugal-galiza-prioriza-infraestruturas\/"]}]},{"@type":"ImageObject","inLanguage":"pt-PT","@id":"https:\/\/www.altominho.tv\/site\/2020\/12\/28\/plano-conjunto-da-euro-regiao-norte-de-portugal-galiza-prioriza-infraestruturas\/#primaryimage","url":"https:\/\/www.altominho.tv\/site\/wp-content\/uploads\/2020\/12\/Comboio_AltaVelocidade.jpg","contentUrl":"https:\/\/www.altominho.tv\/site\/wp-content\/uploads\/2020\/12\/Comboio_AltaVelocidade.jpg","width":783,"height":450},{"@type":"BreadcrumbList","@id":"https:\/\/www.altominho.tv\/site\/2020\/12\/28\/plano-conjunto-da-euro-regiao-norte-de-portugal-galiza-prioriza-infraestruturas\/#breadcrumb","itemListElement":[{"@type":"ListItem","position":1,"name":"In\u00edcio","item":"https:\/\/www.altominho.tv\/site\/"},{"@type":"ListItem","position":2,"name":"Plano conjunto da euro-regi\u00e3o Norte de Portugal &#8211; Galiza prioriza infraestruturas"}]},{"@type":"WebSite","@id":"https:\/\/www.altominho.tv\/site\/#website","url":"https:\/\/www.altominho.tv\/site\/","name":"Altominho.tv","description":"A sua regi\u00e3o \u00e0 dist\u00e2ncia de um clique...","potentialAction":[{"@type":"SearchAction","target":{"@type":"EntryPoint","urlTemplate":"https:\/\/www.altominho.tv\/site\/?s={search_term_string}"},"query-input":{"@type":"PropertyValueSpecification","valueRequired":true,"valueName":"search_term_string"}}],"inLanguage":"pt-PT"},{"@type":"Person","@id":"https:\/\/www.altominho.tv\/site\/#\/schema\/person\/63f693da3e1899361cbe955c46f3232e","name":"Lusa","image":{"@type":"ImageObject","inLanguage":"pt-PT","@id":"https:\/\/www.altominho.tv\/site\/wp-content\/uploads\/2019\/08\/LUSA_Logo.gif","url":"https:\/\/www.altominho.tv\/site\/wp-content\/uploads\/2019\/08\/LUSA_Logo.gif","contentUrl":"https:\/\/www.altominho.tv\/site\/wp-content\/uploads\/2019\/08\/LUSA_Logo.gif","caption":"Lusa"},"sameAs":["http:\/\/\/\/www.altominho.tv\/site"],"url":"https:\/\/www.altominho.tv\/site\/author\/lusa\/"}]}},"_links":{"self":[{"href":"https:\/\/www.altominho.tv\/site\/wp-json\/wp\/v2\/posts\/58268","targetHints":{"allow":["GET"]}}],"collection":[{"href":"https:\/\/www.altominho.tv\/site\/wp-json\/wp\/v2\/posts"}],"about":[{"href":"https:\/\/www.altominho.tv\/site\/wp-json\/wp\/v2\/types\/post"}],"author":[{"embeddable":true,"href":"https:\/\/www.altominho.tv\/site\/wp-json\/wp\/v2\/users\/13"}],"replies":[{"embeddable":true,"href":"https:\/\/www.altominho.tv\/site\/wp-json\/wp\/v2\/comments?post=58268"}],"version-history":[{"count":0,"href":"https:\/\/www.altominho.tv\/site\/wp-json\/wp\/v2\/posts\/58268\/revisions"}],"wp:featuredmedia":[{"embeddable":true,"href":"https:\/\/www.altominho.tv\/site\/wp-json\/wp\/v2\/media\/58273"}],"wp:attachment":[{"href":"https:\/\/www.altominho.tv\/site\/wp-json\/wp\/v2\/media?parent=58268"}],"wp:term":[{"taxonomy":"category","embeddable":true,"href":"https:\/\/www.altominho.tv\/site\/wp-json\/wp\/v2\/categories?post=58268"},{"taxonomy":"post_tag","embeddable":true,"href":"https:\/\/www.altominho.tv\/site\/wp-json\/wp\/v2\/tags?post=58268"}],"curies":[{"name":"wp","href":"https:\/\/api.w.org\/{rel}","templated":true}]}}