{"id":58204,"date":"2020-12-28T09:59:19","date_gmt":"2020-12-28T09:59:19","guid":{"rendered":"https:\/\/www.altominho.tv\/site\/?p=58204"},"modified":"2020-12-28T09:59:23","modified_gmt":"2020-12-28T09:59:23","slug":"ferryboat-santa-rita-de-cassia-nao-cruzara-o-rio-minho-ate-5-de-janeiro-de-2021","status":"publish","type":"post","link":"https:\/\/www.altominho.tv\/site\/2020\/12\/28\/ferryboat-santa-rita-de-cassia-nao-cruzara-o-rio-minho-ate-5-de-janeiro-de-2021\/","title":{"rendered":"Ferryboat Santa Rita de C\u00e1ssia n\u00e3o cruzar\u00e1 o rio Minho at\u00e9 5 de janeiro de 2021"},"content":{"rendered":"\n<p>O ferryboat Santa Rita de C\u00e1ssia n\u00e3o cruzar\u00e1 o rio Minho at\u00e9 o pr\u00f3ximo dia 5 de janeiro de 2021, acompanhando as restri\u00e7\u00f5es impostas no \u00e2mbito da COVID 19.\u00a0<\/p>\n\n\n\n<p>O presidente da C\u00e2mara de Caminha, Miguel Alves, considerou que, &#8220;tendo presentes as \u00faltimas decis\u00f5es do Conselho de Ministros que deram conte\u00fado pr\u00e1tico e legal \u00e0 renova\u00e7\u00e3o do estado de emerg\u00eancia, e tendo em conta que Caminha se enquadra nos concelhos de Risco Muito Elevado de infe\u00e7\u00e3o; o Reino de Espanha se encontrar numa situa\u00e7\u00e3o muito semelhante do ponto de vista da gravidade da pandemia e a regi\u00e3o da Galiza com particular dificuldade; existirem concelhos galegos ribeirinhos com cerca sanit\u00e1ria (&#8230;) ser necess\u00e1rio acautelar que as desloca\u00e7\u00f5es se reduzam ao m\u00ednimo, evitando assim maiores ajuntamentos&#8221;.<\/p>\n\n\n\n<p>Tendo tamb\u00e9m em conta as medidas tomadas pela C\u00e2mara\u00a0Municipal de Caminha, nomeadamente o &#8220;cancelamento de todas as atividades&#8221; e, ainda, a decis\u00e3o do Governo de Portugal de proibi\u00e7\u00e3o de circula\u00e7\u00e3o entre concelhos entre as 00h de 31\/12 e as 5h de 4\/01, o ferryboat que faz a travessia entre Caminha e A Guarda suspendeu a atividade desde 24 de dezembro e assim se vai manter at\u00e9 5 de janeiro de 2021.<\/p>\n","protected":false},"excerpt":{"rendered":"<p>O ferryboat Santa Rita de C\u00e1ssia n\u00e3o cruzar\u00e1 o rio Minho at\u00e9 o pr\u00f3ximo dia 5 de janeiro de 2021, acompanhando as restri\u00e7\u00f5es impostas no \u00e2mbito da COVID 19.\u00a0 O presidente da C\u00e2mara de Caminha, Miguel Alves, considerou que, &#8220;tendo presentes as \u00faltimas decis\u00f5es do Conselho de Ministros que deram conte\u00fado pr\u00e1tico e legal \u00e0 [&hellip;]<\/p>\n","protected":false},"author":7,"featured_media":58048,"comment_status":"closed","ping_status":"closed","sticky":false,"template":"","format":"standard","meta":{"_exactmetrics_skip_tracking":false,"_exactmetrics_sitenote_active":false,"_exactmetrics_sitenote_note":"","_exactmetrics_sitenote_category":0,"footnotes":""},"categories":[7],"tags":[27],"class_list":["post-58204","post","type-post","status-publish","format-standard","has-post-thumbnail","hentry","category-caminha","tag-sociedade"],"yoast_head":"<!-- This site is optimized with the Yoast SEO Premium plugin v27.4 (Yoast SEO v27.4) - https:\/\/yoast.com\/product\/yoast-seo-premium-wordpress\/ -->\n<title>Ferryboat Santa Rita de C\u00e1ssia n\u00e3o cruzar\u00e1 o rio Minho at\u00e9 5 de janeiro de 2021<\/title>\n<meta name=\"robots\" content=\"index, follow, max-snippet:-1, max-image-preview:large, max-video-preview:-1\" \/>\n<link rel=\"canonical\" href=\"https:\/\/www.altominho.tv\/site\/2020\/12\/28\/ferryboat-santa-rita-de-cassia-nao-cruzara-o-rio-minho-ate-5-de-janeiro-de-2021\/\" \/>\n<meta property=\"og:locale\" content=\"pt_PT\" \/>\n<meta property=\"og:type\" content=\"article\" \/>\n<meta property=\"og:title\" content=\"Ferryboat Santa Rita de C\u00e1ssia n\u00e3o cruzar\u00e1 o rio Minho at\u00e9 5 de janeiro de 2021\" \/>\n<meta property=\"og:description\" content=\"O ferryboat Santa Rita de C\u00e1ssia n\u00e3o cruzar\u00e1 o rio Minho at\u00e9 o pr\u00f3ximo dia 5 de janeiro de 2021, acompanhando as restri\u00e7\u00f5es impostas no \u00e2mbito da COVID 19.\u00a0 O presidente da C\u00e2mara de Caminha, Miguel Alves, considerou que, &#8220;tendo presentes as \u00faltimas decis\u00f5es do Conselho de Ministros que deram conte\u00fado pr\u00e1tico e legal \u00e0 [&hellip;]\" \/>\n<meta property=\"og:url\" content=\"https:\/\/www.altominho.tv\/site\/2020\/12\/28\/ferryboat-santa-rita-de-cassia-nao-cruzara-o-rio-minho-ate-5-de-janeiro-de-2021\/\" \/>\n<meta property=\"og:site_name\" content=\"Altominho.tv\" \/>\n<meta property=\"article:publisher\" content=\"https:\/\/www.facebook.com\/altominhotv\" \/>\n<meta property=\"article:published_time\" content=\"2020-12-28T09:59:19+00:00\" \/>\n<meta property=\"article:modified_time\" content=\"2020-12-28T09:59:23+00:00\" \/>\n<meta property=\"og:image\" content=\"https:\/\/www.altominho.tv\/site\/wp-content\/uploads\/2020\/12\/Ferryboat-Caminha.jpg\" \/>\n\t<meta property=\"og:image:width\" content=\"1024\" \/>\n\t<meta property=\"og:image:height\" content=\"683\" \/>\n\t<meta property=\"og:image:type\" content=\"image\/jpeg\" \/>\n<meta name=\"author\" content=\"Andreia Cunha\" \/>\n<meta name=\"twitter:card\" content=\"summary_large_image\" \/>\n<meta name=\"twitter:creator\" content=\"@altominhoTV\" \/>\n<meta name=\"twitter:site\" content=\"@altominhoTV\" \/>\n<meta name=\"twitter:label1\" content=\"Escrito por\" \/>\n\t<meta name=\"twitter:data1\" content=\"Andreia Cunha\" \/>\n\t<meta name=\"twitter:label2\" content=\"Tempo estimado de leitura\" \/>\n\t<meta name=\"twitter:data2\" content=\"1 minuto\" \/>\n<script type=\"application\/ld+json\" class=\"yoast-schema-graph\">{\"@context\":\"https:\\\/\\\/schema.org\",\"@graph\":[{\"@type\":\"Article\",\"@id\":\"https:\\\/\\\/www.altominho.tv\\\/site\\\/2020\\\/12\\\/28\\\/ferryboat-santa-rita-de-cassia-nao-cruzara-o-rio-minho-ate-5-de-janeiro-de-2021\\\/#article\",\"isPartOf\":{\"@id\":\"https:\\\/\\\/www.altominho.tv\\\/site\\\/2020\\\/12\\\/28\\\/ferryboat-santa-rita-de-cassia-nao-cruzara-o-rio-minho-ate-5-de-janeiro-de-2021\\\/\"},\"author\":{\"name\":\"Andreia Cunha\",\"@id\":\"https:\\\/\\\/www.altominho.tv\\\/site\\\/#\\\/schema\\\/person\\\/a0e4ef6d041f98ca284393d8f1d97153\"},\"headline\":\"Ferryboat Santa Rita de C\u00e1ssia n\u00e3o cruzar\u00e1 o rio Minho at\u00e9 5 de janeiro de 2021\",\"datePublished\":\"2020-12-28T09:59:19+00:00\",\"dateModified\":\"2020-12-28T09:59:23+00:00\",\"mainEntityOfPage\":{\"@id\":\"https:\\\/\\\/www.altominho.tv\\\/site\\\/2020\\\/12\\\/28\\\/ferryboat-santa-rita-de-cassia-nao-cruzara-o-rio-minho-ate-5-de-janeiro-de-2021\\\/\"},\"wordCount\":224,\"image\":{\"@id\":\"https:\\\/\\\/www.altominho.tv\\\/site\\\/2020\\\/12\\\/28\\\/ferryboat-santa-rita-de-cassia-nao-cruzara-o-rio-minho-ate-5-de-janeiro-de-2021\\\/#primaryimage\"},\"thumbnailUrl\":\"https:\\\/\\\/www.altominho.tv\\\/site\\\/wp-content\\\/uploads\\\/2020\\\/12\\\/Ferryboat-Caminha.jpg\",\"keywords\":[\"Sociedade\"],\"articleSection\":[\"Caminha\"],\"inLanguage\":\"pt-PT\",\"copyrightYear\":\"2020\",\"copyrightHolder\":{\"@id\":\"https:\\\/\\\/www.altominho.tv\\\/site\\\/#organization\"}},{\"@type\":\"WebPage\",\"@id\":\"https:\\\/\\\/www.altominho.tv\\\/site\\\/2020\\\/12\\\/28\\\/ferryboat-santa-rita-de-cassia-nao-cruzara-o-rio-minho-ate-5-de-janeiro-de-2021\\\/\",\"url\":\"https:\\\/\\\/www.altominho.tv\\\/site\\\/2020\\\/12\\\/28\\\/ferryboat-santa-rita-de-cassia-nao-cruzara-o-rio-minho-ate-5-de-janeiro-de-2021\\\/\",\"name\":\"Ferryboat Santa Rita de C\u00e1ssia n\u00e3o cruzar\u00e1 o rio Minho at\u00e9 5 de janeiro de 2021\",\"isPartOf\":{\"@id\":\"https:\\\/\\\/www.altominho.tv\\\/site\\\/#website\"},\"primaryImageOfPage\":{\"@id\":\"https:\\\/\\\/www.altominho.tv\\\/site\\\/2020\\\/12\\\/28\\\/ferryboat-santa-rita-de-cassia-nao-cruzara-o-rio-minho-ate-5-de-janeiro-de-2021\\\/#primaryimage\"},\"image\":{\"@id\":\"https:\\\/\\\/www.altominho.tv\\\/site\\\/2020\\\/12\\\/28\\\/ferryboat-santa-rita-de-cassia-nao-cruzara-o-rio-minho-ate-5-de-janeiro-de-2021\\\/#primaryimage\"},\"thumbnailUrl\":\"https:\\\/\\\/www.altominho.tv\\\/site\\\/wp-content\\\/uploads\\\/2020\\\/12\\\/Ferryboat-Caminha.jpg\",\"datePublished\":\"2020-12-28T09:59:19+00:00\",\"dateModified\":\"2020-12-28T09:59:23+00:00\",\"author\":{\"@id\":\"https:\\\/\\\/www.altominho.tv\\\/site\\\/#\\\/schema\\\/person\\\/a0e4ef6d041f98ca284393d8f1d97153\"},\"breadcrumb\":{\"@id\":\"https:\\\/\\\/www.altominho.tv\\\/site\\\/2020\\\/12\\\/28\\\/ferryboat-santa-rita-de-cassia-nao-cruzara-o-rio-minho-ate-5-de-janeiro-de-2021\\\/#breadcrumb\"},\"inLanguage\":\"pt-PT\",\"potentialAction\":[{\"@type\":\"ReadAction\",\"target\":[\"https:\\\/\\\/www.altominho.tv\\\/site\\\/2020\\\/12\\\/28\\\/ferryboat-santa-rita-de-cassia-nao-cruzara-o-rio-minho-ate-5-de-janeiro-de-2021\\\/\"]}]},{\"@type\":\"ImageObject\",\"inLanguage\":\"pt-PT\",\"@id\":\"https:\\\/\\\/www.altominho.tv\\\/site\\\/2020\\\/12\\\/28\\\/ferryboat-santa-rita-de-cassia-nao-cruzara-o-rio-minho-ate-5-de-janeiro-de-2021\\\/#primaryimage\",\"url\":\"https:\\\/\\\/www.altominho.tv\\\/site\\\/wp-content\\\/uploads\\\/2020\\\/12\\\/Ferryboat-Caminha.jpg\",\"contentUrl\":\"https:\\\/\\\/www.altominho.tv\\\/site\\\/wp-content\\\/uploads\\\/2020\\\/12\\\/Ferryboat-Caminha.jpg\",\"width\":1024,\"height\":683},{\"@type\":\"BreadcrumbList\",\"@id\":\"https:\\\/\\\/www.altominho.tv\\\/site\\\/2020\\\/12\\\/28\\\/ferryboat-santa-rita-de-cassia-nao-cruzara-o-rio-minho-ate-5-de-janeiro-de-2021\\\/#breadcrumb\",\"itemListElement\":[{\"@type\":\"ListItem\",\"position\":1,\"name\":\"In\u00edcio\",\"item\":\"https:\\\/\\\/www.altominho.tv\\\/site\\\/\"},{\"@type\":\"ListItem\",\"position\":2,\"name\":\"Ferryboat Santa Rita de C\u00e1ssia n\u00e3o cruzar\u00e1 o rio Minho at\u00e9 5 de janeiro de 2021\"}]},{\"@type\":\"WebSite\",\"@id\":\"https:\\\/\\\/www.altominho.tv\\\/site\\\/#website\",\"url\":\"https:\\\/\\\/www.altominho.tv\\\/site\\\/\",\"name\":\"Altominho.tv\",\"description\":\"A sua regi\u00e3o \u00e0 dist\u00e2ncia de um clique...\",\"potentialAction\":[{\"@type\":\"SearchAction\",\"target\":{\"@type\":\"EntryPoint\",\"urlTemplate\":\"https:\\\/\\\/www.altominho.tv\\\/site\\\/?s={search_term_string}\"},\"query-input\":{\"@type\":\"PropertyValueSpecification\",\"valueRequired\":true,\"valueName\":\"search_term_string\"}}],\"inLanguage\":\"pt-PT\"},{\"@type\":\"Person\",\"@id\":\"https:\\\/\\\/www.altominho.tv\\\/site\\\/#\\\/schema\\\/person\\\/a0e4ef6d041f98ca284393d8f1d97153\",\"name\":\"Andreia Cunha\",\"image\":{\"@type\":\"ImageObject\",\"inLanguage\":\"pt-PT\",\"@id\":\"https:\\\/\\\/www.altominho.tv\\\/site\\\/wp-content\\\/uploads\\\/2017\\\/11\\\/Andreia_Cunha-1-150x150.jpg\",\"url\":\"https:\\\/\\\/www.altominho.tv\\\/site\\\/wp-content\\\/uploads\\\/2017\\\/11\\\/Andreia_Cunha-1-150x150.jpg\",\"contentUrl\":\"https:\\\/\\\/www.altominho.tv\\\/site\\\/wp-content\\\/uploads\\\/2017\\\/11\\\/Andreia_Cunha-1-150x150.jpg\",\"caption\":\"Andreia Cunha\"},\"url\":\"https:\\\/\\\/www.altominho.tv\\\/site\\\/author\\\/andreiacunha\\\/\"}]}<\/script>\n<!-- \/ Yoast SEO Premium plugin. -->","yoast_head_json":{"title":"Ferryboat Santa Rita de C\u00e1ssia n\u00e3o cruzar\u00e1 o rio Minho at\u00e9 5 de janeiro de 2021","robots":{"index":"index","follow":"follow","max-snippet":"max-snippet:-1","max-image-preview":"max-image-preview:large","max-video-preview":"max-video-preview:-1"},"canonical":"https:\/\/www.altominho.tv\/site\/2020\/12\/28\/ferryboat-santa-rita-de-cassia-nao-cruzara-o-rio-minho-ate-5-de-janeiro-de-2021\/","og_locale":"pt_PT","og_type":"article","og_title":"Ferryboat Santa Rita de C\u00e1ssia n\u00e3o cruzar\u00e1 o rio Minho at\u00e9 5 de janeiro de 2021","og_description":"O ferryboat Santa Rita de C\u00e1ssia n\u00e3o cruzar\u00e1 o rio Minho at\u00e9 o pr\u00f3ximo dia 5 de janeiro de 2021, acompanhando as restri\u00e7\u00f5es impostas no \u00e2mbito da COVID 19.\u00a0 O presidente da C\u00e2mara de Caminha, Miguel Alves, considerou que, &#8220;tendo presentes as \u00faltimas decis\u00f5es do Conselho de Ministros que deram conte\u00fado pr\u00e1tico e legal \u00e0 [&hellip;]","og_url":"https:\/\/www.altominho.tv\/site\/2020\/12\/28\/ferryboat-santa-rita-de-cassia-nao-cruzara-o-rio-minho-ate-5-de-janeiro-de-2021\/","og_site_name":"Altominho.tv","article_publisher":"https:\/\/www.facebook.com\/altominhotv","article_published_time":"2020-12-28T09:59:19+00:00","article_modified_time":"2020-12-28T09:59:23+00:00","og_image":[{"width":1024,"height":683,"url":"https:\/\/www.altominho.tv\/site\/wp-content\/uploads\/2020\/12\/Ferryboat-Caminha.jpg","type":"image\/jpeg"}],"author":"Andreia Cunha","twitter_card":"summary_large_image","twitter_creator":"@altominhoTV","twitter_site":"@altominhoTV","twitter_misc":{"Escrito por":"Andreia Cunha","Tempo estimado de leitura":"1 minuto"},"schema":{"@context":"https:\/\/schema.org","@graph":[{"@type":"Article","@id":"https:\/\/www.altominho.tv\/site\/2020\/12\/28\/ferryboat-santa-rita-de-cassia-nao-cruzara-o-rio-minho-ate-5-de-janeiro-de-2021\/#article","isPartOf":{"@id":"https:\/\/www.altominho.tv\/site\/2020\/12\/28\/ferryboat-santa-rita-de-cassia-nao-cruzara-o-rio-minho-ate-5-de-janeiro-de-2021\/"},"author":{"name":"Andreia Cunha","@id":"https:\/\/www.altominho.tv\/site\/#\/schema\/person\/a0e4ef6d041f98ca284393d8f1d97153"},"headline":"Ferryboat Santa Rita de C\u00e1ssia n\u00e3o cruzar\u00e1 o rio Minho at\u00e9 5 de janeiro de 2021","datePublished":"2020-12-28T09:59:19+00:00","dateModified":"2020-12-28T09:59:23+00:00","mainEntityOfPage":{"@id":"https:\/\/www.altominho.tv\/site\/2020\/12\/28\/ferryboat-santa-rita-de-cassia-nao-cruzara-o-rio-minho-ate-5-de-janeiro-de-2021\/"},"wordCount":224,"image":{"@id":"https:\/\/www.altominho.tv\/site\/2020\/12\/28\/ferryboat-santa-rita-de-cassia-nao-cruzara-o-rio-minho-ate-5-de-janeiro-de-2021\/#primaryimage"},"thumbnailUrl":"https:\/\/www.altominho.tv\/site\/wp-content\/uploads\/2020\/12\/Ferryboat-Caminha.jpg","keywords":["Sociedade"],"articleSection":["Caminha"],"inLanguage":"pt-PT","copyrightYear":"2020","copyrightHolder":{"@id":"https:\/\/www.altominho.tv\/site\/#organization"}},{"@type":"WebPage","@id":"https:\/\/www.altominho.tv\/site\/2020\/12\/28\/ferryboat-santa-rita-de-cassia-nao-cruzara-o-rio-minho-ate-5-de-janeiro-de-2021\/","url":"https:\/\/www.altominho.tv\/site\/2020\/12\/28\/ferryboat-santa-rita-de-cassia-nao-cruzara-o-rio-minho-ate-5-de-janeiro-de-2021\/","name":"Ferryboat Santa Rita de C\u00e1ssia n\u00e3o cruzar\u00e1 o rio Minho at\u00e9 5 de janeiro de 2021","isPartOf":{"@id":"https:\/\/www.altominho.tv\/site\/#website"},"primaryImageOfPage":{"@id":"https:\/\/www.altominho.tv\/site\/2020\/12\/28\/ferryboat-santa-rita-de-cassia-nao-cruzara-o-rio-minho-ate-5-de-janeiro-de-2021\/#primaryimage"},"image":{"@id":"https:\/\/www.altominho.tv\/site\/2020\/12\/28\/ferryboat-santa-rita-de-cassia-nao-cruzara-o-rio-minho-ate-5-de-janeiro-de-2021\/#primaryimage"},"thumbnailUrl":"https:\/\/www.altominho.tv\/site\/wp-content\/uploads\/2020\/12\/Ferryboat-Caminha.jpg","datePublished":"2020-12-28T09:59:19+00:00","dateModified":"2020-12-28T09:59:23+00:00","author":{"@id":"https:\/\/www.altominho.tv\/site\/#\/schema\/person\/a0e4ef6d041f98ca284393d8f1d97153"},"breadcrumb":{"@id":"https:\/\/www.altominho.tv\/site\/2020\/12\/28\/ferryboat-santa-rita-de-cassia-nao-cruzara-o-rio-minho-ate-5-de-janeiro-de-2021\/#breadcrumb"},"inLanguage":"pt-PT","potentialAction":[{"@type":"ReadAction","target":["https:\/\/www.altominho.tv\/site\/2020\/12\/28\/ferryboat-santa-rita-de-cassia-nao-cruzara-o-rio-minho-ate-5-de-janeiro-de-2021\/"]}]},{"@type":"ImageObject","inLanguage":"pt-PT","@id":"https:\/\/www.altominho.tv\/site\/2020\/12\/28\/ferryboat-santa-rita-de-cassia-nao-cruzara-o-rio-minho-ate-5-de-janeiro-de-2021\/#primaryimage","url":"https:\/\/www.altominho.tv\/site\/wp-content\/uploads\/2020\/12\/Ferryboat-Caminha.jpg","contentUrl":"https:\/\/www.altominho.tv\/site\/wp-content\/uploads\/2020\/12\/Ferryboat-Caminha.jpg","width":1024,"height":683},{"@type":"BreadcrumbList","@id":"https:\/\/www.altominho.tv\/site\/2020\/12\/28\/ferryboat-santa-rita-de-cassia-nao-cruzara-o-rio-minho-ate-5-de-janeiro-de-2021\/#breadcrumb","itemListElement":[{"@type":"ListItem","position":1,"name":"In\u00edcio","item":"https:\/\/www.altominho.tv\/site\/"},{"@type":"ListItem","position":2,"name":"Ferryboat Santa Rita de C\u00e1ssia n\u00e3o cruzar\u00e1 o rio Minho at\u00e9 5 de janeiro de 2021"}]},{"@type":"WebSite","@id":"https:\/\/www.altominho.tv\/site\/#website","url":"https:\/\/www.altominho.tv\/site\/","name":"Altominho.tv","description":"A sua regi\u00e3o \u00e0 dist\u00e2ncia de um clique...","potentialAction":[{"@type":"SearchAction","target":{"@type":"EntryPoint","urlTemplate":"https:\/\/www.altominho.tv\/site\/?s={search_term_string}"},"query-input":{"@type":"PropertyValueSpecification","valueRequired":true,"valueName":"search_term_string"}}],"inLanguage":"pt-PT"},{"@type":"Person","@id":"https:\/\/www.altominho.tv\/site\/#\/schema\/person\/a0e4ef6d041f98ca284393d8f1d97153","name":"Andreia Cunha","image":{"@type":"ImageObject","inLanguage":"pt-PT","@id":"https:\/\/www.altominho.tv\/site\/wp-content\/uploads\/2017\/11\/Andreia_Cunha-1-150x150.jpg","url":"https:\/\/www.altominho.tv\/site\/wp-content\/uploads\/2017\/11\/Andreia_Cunha-1-150x150.jpg","contentUrl":"https:\/\/www.altominho.tv\/site\/wp-content\/uploads\/2017\/11\/Andreia_Cunha-1-150x150.jpg","caption":"Andreia Cunha"},"url":"https:\/\/www.altominho.tv\/site\/author\/andreiacunha\/"}]}},"_links":{"self":[{"href":"https:\/\/www.altominho.tv\/site\/wp-json\/wp\/v2\/posts\/58204","targetHints":{"allow":["GET"]}}],"collection":[{"href":"https:\/\/www.altominho.tv\/site\/wp-json\/wp\/v2\/posts"}],"about":[{"href":"https:\/\/www.altominho.tv\/site\/wp-json\/wp\/v2\/types\/post"}],"author":[{"embeddable":true,"href":"https:\/\/www.altominho.tv\/site\/wp-json\/wp\/v2\/users\/7"}],"replies":[{"embeddable":true,"href":"https:\/\/www.altominho.tv\/site\/wp-json\/wp\/v2\/comments?post=58204"}],"version-history":[{"count":0,"href":"https:\/\/www.altominho.tv\/site\/wp-json\/wp\/v2\/posts\/58204\/revisions"}],"wp:featuredmedia":[{"embeddable":true,"href":"https:\/\/www.altominho.tv\/site\/wp-json\/wp\/v2\/media\/58048"}],"wp:attachment":[{"href":"https:\/\/www.altominho.tv\/site\/wp-json\/wp\/v2\/media?parent=58204"}],"wp:term":[{"taxonomy":"category","embeddable":true,"href":"https:\/\/www.altominho.tv\/site\/wp-json\/wp\/v2\/categories?post=58204"},{"taxonomy":"post_tag","embeddable":true,"href":"https:\/\/www.altominho.tv\/site\/wp-json\/wp\/v2\/tags?post=58204"}],"curies":[{"name":"wp","href":"https:\/\/api.w.org\/{rel}","templated":true}]}}