{"id":58000,"date":"2020-12-22T17:18:59","date_gmt":"2020-12-22T17:18:59","guid":{"rendered":"https:\/\/www.altominho.tv\/site\/?p=58000"},"modified":"2020-12-22T17:19:03","modified_gmt":"2020-12-22T17:19:03","slug":"populacao-do-concelho-de-caminha-cresceu-em-2019","status":"publish","type":"post","link":"https:\/\/www.altominho.tv\/site\/2020\/12\/22\/populacao-do-concelho-de-caminha-cresceu-em-2019\/","title":{"rendered":"Popula\u00e7\u00e3o do concelho de Caminha cresceu em 2019"},"content":{"rendered":"<p>A popula\u00e7\u00e3o do concelho de Caminha aumentou durante o ano de 2019, verificando-se uma taxa de crescimento efetivo positiva, de acordo com o Instituto Nacional de Estat\u00edstica (INE).<\/p>\n<p>O INE divulgou, no passado dia 17 de dezembro, as estat\u00edsticas a n\u00edvel nacional relativas ao ano de 2019, assim como o Anu\u00e1rio Estat\u00edstico Regional, contendo informa\u00e7\u00e3o estat\u00edstica detalhada \u00e0 escala regional e municipal, no mesmo per\u00edodo.<\/p>\n<p>Para o concelho de Caminha, &#8220;este \u00e9 um excelente indicador, considerando at\u00e9 a realidade do Alto Minho, onde este \u00edndice \u00e9 globalmente negativo, havendo apenas tr\u00eas munic\u00edpios (entre os 10) com resultado positivo, ou seja, cuja popula\u00e7\u00e3o n\u00e3o diminuiu&#8221;, refere a autarquia em comunicado.<\/p>\n<p>Segundo o presidente da C\u00e2mara, Miguel Alves, citado naquela nota, &#8220;s\u00e3o boas not\u00edcias e chegam no momento certo&#8221;. &#8220;Nos \u00faltimos anos, o concelho de Caminha tem trilhado uma estrat\u00e9gia de valoriza\u00e7\u00e3o do tecido econ\u00f3mico que passa por uma aposta forte no Turismo e nos mais variados setores dos servi\u00e7os e da constru\u00e7\u00e3o&#8221;, sustenta.<\/p>\n<p>Caminha conta tamb\u00e9m com popula\u00e7\u00e3o estrangeira com estatuto de residente. Mais de quatro centenas de pessoas a escolheram o concelho para se fixar e, entre os pa\u00edses com maior presen\u00e7a a este n\u00edvel, destaca-se o Brasil (78 residentes), seguido do Reino Unido, Cabo Verde, S. Tom\u00e9 e Pr\u00edncipe e China, todos com 25 residentes cada, entre outras nacionalidades.<\/p>\n<p>&#8220;Num contexto dif\u00edcil em que o Alto Minho est\u00e1 a perder popula\u00e7\u00e3o, Caminha aguenta-se e aumenta essa mesma popula\u00e7\u00e3o, sobretudo gra\u00e7as a um refor\u00e7o migrat\u00f3rio que traz muita gente ao nosso concelho&#8221;, afirma Miguel Alves.<\/p>\n<p>O autarca acrescenta ainda que a &#8220;qualifica\u00e7\u00e3o do espa\u00e7o p\u00fablico, distribui\u00e7\u00e3o da fibra \u00f3tica, alargamento da rede de saneamento e prioridade \u00e0 Educa\u00e7\u00e3o&#8221; s\u00e3o reconhecidos pelas pessoas.<\/p>\n<p>&#8220;O crescimento exponencial do n\u00famero de turistas no concelho, os m\u00ednimos hist\u00f3ricos do desemprego em 2019 e a din\u00e2mica do setor do imobili\u00e1rio indiciavam que as coisas estavam a andar bem. A confirma\u00e7\u00e3o do INE de que crescemos em popula\u00e7\u00e3o em 2019 vem confirmar o acerto da estrat\u00e9gia que temos seguido porque apresenta resultados\u201d, conclui.<\/p>\n","protected":false},"excerpt":{"rendered":"<p>A popula\u00e7\u00e3o do concelho de Caminha aumentou durante o ano de 2019, verificando-se uma taxa de crescimento efetivo positiva, de acordo com o Instituto Nacional de Estat\u00edstica (INE). O INE divulgou, no passado dia 17 de dezembro, as estat\u00edsticas a n\u00edvel nacional relativas ao ano de 2019, assim como o Anu\u00e1rio Estat\u00edstico Regional, contendo informa\u00e7\u00e3o [&hellip;]<\/p>\n","protected":false},"author":1,"featured_media":54398,"comment_status":"closed","ping_status":"closed","sticky":false,"template":"","format":"standard","meta":{"_exactmetrics_skip_tracking":false,"_exactmetrics_sitenote_active":false,"_exactmetrics_sitenote_note":"","_exactmetrics_sitenote_category":0,"footnotes":""},"categories":[7],"tags":[27],"class_list":["post-58000","post","type-post","status-publish","format-standard","has-post-thumbnail","hentry","category-caminha","tag-sociedade"],"yoast_head":"<!-- This site is optimized with the Yoast SEO Premium plugin v27.4 (Yoast SEO v27.4) - https:\/\/yoast.com\/product\/yoast-seo-premium-wordpress\/ -->\n<title>Popula\u00e7\u00e3o do concelho de Caminha cresceu em 2019<\/title>\n<meta name=\"robots\" content=\"index, follow, max-snippet:-1, max-image-preview:large, max-video-preview:-1\" \/>\n<link rel=\"canonical\" href=\"https:\/\/www.altominho.tv\/site\/2020\/12\/22\/populacao-do-concelho-de-caminha-cresceu-em-2019\/\" \/>\n<meta property=\"og:locale\" content=\"pt_PT\" \/>\n<meta property=\"og:type\" content=\"article\" \/>\n<meta property=\"og:title\" content=\"Popula\u00e7\u00e3o do concelho de Caminha cresceu em 2019\" \/>\n<meta property=\"og:description\" content=\"A popula\u00e7\u00e3o do concelho de Caminha aumentou durante o ano de 2019, verificando-se uma taxa de crescimento efetivo positiva, de acordo com o Instituto Nacional de Estat\u00edstica (INE). O INE divulgou, no passado dia 17 de dezembro, as estat\u00edsticas a n\u00edvel nacional relativas ao ano de 2019, assim como o Anu\u00e1rio Estat\u00edstico Regional, contendo informa\u00e7\u00e3o [&hellip;]\" \/>\n<meta property=\"og:url\" content=\"https:\/\/www.altominho.tv\/site\/2020\/12\/22\/populacao-do-concelho-de-caminha-cresceu-em-2019\/\" \/>\n<meta property=\"og:site_name\" content=\"Altominho.tv\" \/>\n<meta property=\"article:publisher\" content=\"https:\/\/www.facebook.com\/altominhotv\" \/>\n<meta property=\"article:published_time\" content=\"2020-12-22T17:18:59+00:00\" \/>\n<meta property=\"article:modified_time\" content=\"2020-12-22T17:19:03+00:00\" \/>\n<meta property=\"og:image\" content=\"https:\/\/www.altominho.tv\/site\/wp-content\/uploads\/2020\/10\/Caminha-centro.jpg\" \/>\n\t<meta property=\"og:image:width\" content=\"1024\" \/>\n\t<meta property=\"og:image:height\" content=\"576\" \/>\n\t<meta property=\"og:image:type\" content=\"image\/jpeg\" \/>\n<meta name=\"author\" content=\"Altominho.tv\" \/>\n<meta name=\"twitter:card\" content=\"summary_large_image\" \/>\n<meta name=\"twitter:creator\" content=\"@altominhoTV\" \/>\n<meta name=\"twitter:site\" content=\"@altominhoTV\" \/>\n<meta name=\"twitter:label1\" content=\"Escrito por\" \/>\n\t<meta name=\"twitter:data1\" content=\"Altominho.tv\" \/>\n\t<meta name=\"twitter:label2\" content=\"Tempo estimado de leitura\" \/>\n\t<meta name=\"twitter:data2\" content=\"2 minutos\" \/>\n<script type=\"application\/ld+json\" class=\"yoast-schema-graph\">{\"@context\":\"https:\\\/\\\/schema.org\",\"@graph\":[{\"@type\":\"Article\",\"@id\":\"https:\\\/\\\/www.altominho.tv\\\/site\\\/2020\\\/12\\\/22\\\/populacao-do-concelho-de-caminha-cresceu-em-2019\\\/#article\",\"isPartOf\":{\"@id\":\"https:\\\/\\\/www.altominho.tv\\\/site\\\/2020\\\/12\\\/22\\\/populacao-do-concelho-de-caminha-cresceu-em-2019\\\/\"},\"author\":{\"name\":\"Altominho.tv\",\"@id\":\"https:\\\/\\\/www.altominho.tv\\\/site\\\/#\\\/schema\\\/person\\\/4e536851627d7914baf3dac752b6af22\"},\"headline\":\"Popula\u00e7\u00e3o do concelho de Caminha cresceu em 2019\",\"datePublished\":\"2020-12-22T17:18:59+00:00\",\"dateModified\":\"2020-12-22T17:19:03+00:00\",\"mainEntityOfPage\":{\"@id\":\"https:\\\/\\\/www.altominho.tv\\\/site\\\/2020\\\/12\\\/22\\\/populacao-do-concelho-de-caminha-cresceu-em-2019\\\/\"},\"wordCount\":380,\"image\":{\"@id\":\"https:\\\/\\\/www.altominho.tv\\\/site\\\/2020\\\/12\\\/22\\\/populacao-do-concelho-de-caminha-cresceu-em-2019\\\/#primaryimage\"},\"thumbnailUrl\":\"https:\\\/\\\/www.altominho.tv\\\/site\\\/wp-content\\\/uploads\\\/2020\\\/10\\\/Caminha-centro.jpg\",\"keywords\":[\"Sociedade\"],\"articleSection\":[\"Caminha\"],\"inLanguage\":\"pt-PT\",\"copyrightYear\":\"2020\",\"copyrightHolder\":{\"@id\":\"https:\\\/\\\/www.altominho.tv\\\/site\\\/#organization\"}},{\"@type\":\"WebPage\",\"@id\":\"https:\\\/\\\/www.altominho.tv\\\/site\\\/2020\\\/12\\\/22\\\/populacao-do-concelho-de-caminha-cresceu-em-2019\\\/\",\"url\":\"https:\\\/\\\/www.altominho.tv\\\/site\\\/2020\\\/12\\\/22\\\/populacao-do-concelho-de-caminha-cresceu-em-2019\\\/\",\"name\":\"Popula\u00e7\u00e3o do concelho de Caminha cresceu em 2019\",\"isPartOf\":{\"@id\":\"https:\\\/\\\/www.altominho.tv\\\/site\\\/#website\"},\"primaryImageOfPage\":{\"@id\":\"https:\\\/\\\/www.altominho.tv\\\/site\\\/2020\\\/12\\\/22\\\/populacao-do-concelho-de-caminha-cresceu-em-2019\\\/#primaryimage\"},\"image\":{\"@id\":\"https:\\\/\\\/www.altominho.tv\\\/site\\\/2020\\\/12\\\/22\\\/populacao-do-concelho-de-caminha-cresceu-em-2019\\\/#primaryimage\"},\"thumbnailUrl\":\"https:\\\/\\\/www.altominho.tv\\\/site\\\/wp-content\\\/uploads\\\/2020\\\/10\\\/Caminha-centro.jpg\",\"datePublished\":\"2020-12-22T17:18:59+00:00\",\"dateModified\":\"2020-12-22T17:19:03+00:00\",\"author\":{\"@id\":\"https:\\\/\\\/www.altominho.tv\\\/site\\\/#\\\/schema\\\/person\\\/4e536851627d7914baf3dac752b6af22\"},\"breadcrumb\":{\"@id\":\"https:\\\/\\\/www.altominho.tv\\\/site\\\/2020\\\/12\\\/22\\\/populacao-do-concelho-de-caminha-cresceu-em-2019\\\/#breadcrumb\"},\"inLanguage\":\"pt-PT\",\"potentialAction\":[{\"@type\":\"ReadAction\",\"target\":[\"https:\\\/\\\/www.altominho.tv\\\/site\\\/2020\\\/12\\\/22\\\/populacao-do-concelho-de-caminha-cresceu-em-2019\\\/\"]}]},{\"@type\":\"ImageObject\",\"inLanguage\":\"pt-PT\",\"@id\":\"https:\\\/\\\/www.altominho.tv\\\/site\\\/2020\\\/12\\\/22\\\/populacao-do-concelho-de-caminha-cresceu-em-2019\\\/#primaryimage\",\"url\":\"https:\\\/\\\/www.altominho.tv\\\/site\\\/wp-content\\\/uploads\\\/2020\\\/10\\\/Caminha-centro.jpg\",\"contentUrl\":\"https:\\\/\\\/www.altominho.tv\\\/site\\\/wp-content\\\/uploads\\\/2020\\\/10\\\/Caminha-centro.jpg\",\"width\":1024,\"height\":576},{\"@type\":\"BreadcrumbList\",\"@id\":\"https:\\\/\\\/www.altominho.tv\\\/site\\\/2020\\\/12\\\/22\\\/populacao-do-concelho-de-caminha-cresceu-em-2019\\\/#breadcrumb\",\"itemListElement\":[{\"@type\":\"ListItem\",\"position\":1,\"name\":\"In\u00edcio\",\"item\":\"https:\\\/\\\/www.altominho.tv\\\/site\\\/\"},{\"@type\":\"ListItem\",\"position\":2,\"name\":\"Popula\u00e7\u00e3o do concelho de Caminha cresceu em 2019\"}]},{\"@type\":\"WebSite\",\"@id\":\"https:\\\/\\\/www.altominho.tv\\\/site\\\/#website\",\"url\":\"https:\\\/\\\/www.altominho.tv\\\/site\\\/\",\"name\":\"Altominho.tv\",\"description\":\"A sua regi\u00e3o \u00e0 dist\u00e2ncia de um clique...\",\"potentialAction\":[{\"@type\":\"SearchAction\",\"target\":{\"@type\":\"EntryPoint\",\"urlTemplate\":\"https:\\\/\\\/www.altominho.tv\\\/site\\\/?s={search_term_string}\"},\"query-input\":{\"@type\":\"PropertyValueSpecification\",\"valueRequired\":true,\"valueName\":\"search_term_string\"}}],\"inLanguage\":\"pt-PT\"},{\"@type\":\"Person\",\"@id\":\"https:\\\/\\\/www.altominho.tv\\\/site\\\/#\\\/schema\\\/person\\\/4e536851627d7914baf3dac752b6af22\",\"name\":\"Altominho.tv\",\"image\":{\"@type\":\"ImageObject\",\"inLanguage\":\"pt-PT\",\"@id\":\"https:\\\/\\\/www.altominho.tv\\\/site\\\/wp-content\\\/uploads\\\/2019\\\/11\\\/Logo_Avatar_2-150x150.jpg\",\"url\":\"https:\\\/\\\/www.altominho.tv\\\/site\\\/wp-content\\\/uploads\\\/2019\\\/11\\\/Logo_Avatar_2-150x150.jpg\",\"contentUrl\":\"https:\\\/\\\/www.altominho.tv\\\/site\\\/wp-content\\\/uploads\\\/2019\\\/11\\\/Logo_Avatar_2-150x150.jpg\",\"caption\":\"Altominho.tv\"},\"url\":\"https:\\\/\\\/www.altominho.tv\\\/site\\\/author\\\/altominhotv-tecnico\\\/\"}]}<\/script>\n<!-- \/ Yoast SEO Premium plugin. -->","yoast_head_json":{"title":"Popula\u00e7\u00e3o do concelho de Caminha cresceu em 2019","robots":{"index":"index","follow":"follow","max-snippet":"max-snippet:-1","max-image-preview":"max-image-preview:large","max-video-preview":"max-video-preview:-1"},"canonical":"https:\/\/www.altominho.tv\/site\/2020\/12\/22\/populacao-do-concelho-de-caminha-cresceu-em-2019\/","og_locale":"pt_PT","og_type":"article","og_title":"Popula\u00e7\u00e3o do concelho de Caminha cresceu em 2019","og_description":"A popula\u00e7\u00e3o do concelho de Caminha aumentou durante o ano de 2019, verificando-se uma taxa de crescimento efetivo positiva, de acordo com o Instituto Nacional de Estat\u00edstica (INE). O INE divulgou, no passado dia 17 de dezembro, as estat\u00edsticas a n\u00edvel nacional relativas ao ano de 2019, assim como o Anu\u00e1rio Estat\u00edstico Regional, contendo informa\u00e7\u00e3o [&hellip;]","og_url":"https:\/\/www.altominho.tv\/site\/2020\/12\/22\/populacao-do-concelho-de-caminha-cresceu-em-2019\/","og_site_name":"Altominho.tv","article_publisher":"https:\/\/www.facebook.com\/altominhotv","article_published_time":"2020-12-22T17:18:59+00:00","article_modified_time":"2020-12-22T17:19:03+00:00","og_image":[{"width":1024,"height":576,"url":"https:\/\/www.altominho.tv\/site\/wp-content\/uploads\/2020\/10\/Caminha-centro.jpg","type":"image\/jpeg"}],"author":"Altominho.tv","twitter_card":"summary_large_image","twitter_creator":"@altominhoTV","twitter_site":"@altominhoTV","twitter_misc":{"Escrito por":"Altominho.tv","Tempo estimado de leitura":"2 minutos"},"schema":{"@context":"https:\/\/schema.org","@graph":[{"@type":"Article","@id":"https:\/\/www.altominho.tv\/site\/2020\/12\/22\/populacao-do-concelho-de-caminha-cresceu-em-2019\/#article","isPartOf":{"@id":"https:\/\/www.altominho.tv\/site\/2020\/12\/22\/populacao-do-concelho-de-caminha-cresceu-em-2019\/"},"author":{"name":"Altominho.tv","@id":"https:\/\/www.altominho.tv\/site\/#\/schema\/person\/4e536851627d7914baf3dac752b6af22"},"headline":"Popula\u00e7\u00e3o do concelho de Caminha cresceu em 2019","datePublished":"2020-12-22T17:18:59+00:00","dateModified":"2020-12-22T17:19:03+00:00","mainEntityOfPage":{"@id":"https:\/\/www.altominho.tv\/site\/2020\/12\/22\/populacao-do-concelho-de-caminha-cresceu-em-2019\/"},"wordCount":380,"image":{"@id":"https:\/\/www.altominho.tv\/site\/2020\/12\/22\/populacao-do-concelho-de-caminha-cresceu-em-2019\/#primaryimage"},"thumbnailUrl":"https:\/\/www.altominho.tv\/site\/wp-content\/uploads\/2020\/10\/Caminha-centro.jpg","keywords":["Sociedade"],"articleSection":["Caminha"],"inLanguage":"pt-PT","copyrightYear":"2020","copyrightHolder":{"@id":"https:\/\/www.altominho.tv\/site\/#organization"}},{"@type":"WebPage","@id":"https:\/\/www.altominho.tv\/site\/2020\/12\/22\/populacao-do-concelho-de-caminha-cresceu-em-2019\/","url":"https:\/\/www.altominho.tv\/site\/2020\/12\/22\/populacao-do-concelho-de-caminha-cresceu-em-2019\/","name":"Popula\u00e7\u00e3o do concelho de Caminha cresceu em 2019","isPartOf":{"@id":"https:\/\/www.altominho.tv\/site\/#website"},"primaryImageOfPage":{"@id":"https:\/\/www.altominho.tv\/site\/2020\/12\/22\/populacao-do-concelho-de-caminha-cresceu-em-2019\/#primaryimage"},"image":{"@id":"https:\/\/www.altominho.tv\/site\/2020\/12\/22\/populacao-do-concelho-de-caminha-cresceu-em-2019\/#primaryimage"},"thumbnailUrl":"https:\/\/www.altominho.tv\/site\/wp-content\/uploads\/2020\/10\/Caminha-centro.jpg","datePublished":"2020-12-22T17:18:59+00:00","dateModified":"2020-12-22T17:19:03+00:00","author":{"@id":"https:\/\/www.altominho.tv\/site\/#\/schema\/person\/4e536851627d7914baf3dac752b6af22"},"breadcrumb":{"@id":"https:\/\/www.altominho.tv\/site\/2020\/12\/22\/populacao-do-concelho-de-caminha-cresceu-em-2019\/#breadcrumb"},"inLanguage":"pt-PT","potentialAction":[{"@type":"ReadAction","target":["https:\/\/www.altominho.tv\/site\/2020\/12\/22\/populacao-do-concelho-de-caminha-cresceu-em-2019\/"]}]},{"@type":"ImageObject","inLanguage":"pt-PT","@id":"https:\/\/www.altominho.tv\/site\/2020\/12\/22\/populacao-do-concelho-de-caminha-cresceu-em-2019\/#primaryimage","url":"https:\/\/www.altominho.tv\/site\/wp-content\/uploads\/2020\/10\/Caminha-centro.jpg","contentUrl":"https:\/\/www.altominho.tv\/site\/wp-content\/uploads\/2020\/10\/Caminha-centro.jpg","width":1024,"height":576},{"@type":"BreadcrumbList","@id":"https:\/\/www.altominho.tv\/site\/2020\/12\/22\/populacao-do-concelho-de-caminha-cresceu-em-2019\/#breadcrumb","itemListElement":[{"@type":"ListItem","position":1,"name":"In\u00edcio","item":"https:\/\/www.altominho.tv\/site\/"},{"@type":"ListItem","position":2,"name":"Popula\u00e7\u00e3o do concelho de Caminha cresceu em 2019"}]},{"@type":"WebSite","@id":"https:\/\/www.altominho.tv\/site\/#website","url":"https:\/\/www.altominho.tv\/site\/","name":"Altominho.tv","description":"A sua regi\u00e3o \u00e0 dist\u00e2ncia de um clique...","potentialAction":[{"@type":"SearchAction","target":{"@type":"EntryPoint","urlTemplate":"https:\/\/www.altominho.tv\/site\/?s={search_term_string}"},"query-input":{"@type":"PropertyValueSpecification","valueRequired":true,"valueName":"search_term_string"}}],"inLanguage":"pt-PT"},{"@type":"Person","@id":"https:\/\/www.altominho.tv\/site\/#\/schema\/person\/4e536851627d7914baf3dac752b6af22","name":"Altominho.tv","image":{"@type":"ImageObject","inLanguage":"pt-PT","@id":"https:\/\/www.altominho.tv\/site\/wp-content\/uploads\/2019\/11\/Logo_Avatar_2-150x150.jpg","url":"https:\/\/www.altominho.tv\/site\/wp-content\/uploads\/2019\/11\/Logo_Avatar_2-150x150.jpg","contentUrl":"https:\/\/www.altominho.tv\/site\/wp-content\/uploads\/2019\/11\/Logo_Avatar_2-150x150.jpg","caption":"Altominho.tv"},"url":"https:\/\/www.altominho.tv\/site\/author\/altominhotv-tecnico\/"}]}},"_links":{"self":[{"href":"https:\/\/www.altominho.tv\/site\/wp-json\/wp\/v2\/posts\/58000","targetHints":{"allow":["GET"]}}],"collection":[{"href":"https:\/\/www.altominho.tv\/site\/wp-json\/wp\/v2\/posts"}],"about":[{"href":"https:\/\/www.altominho.tv\/site\/wp-json\/wp\/v2\/types\/post"}],"author":[{"embeddable":true,"href":"https:\/\/www.altominho.tv\/site\/wp-json\/wp\/v2\/users\/1"}],"replies":[{"embeddable":true,"href":"https:\/\/www.altominho.tv\/site\/wp-json\/wp\/v2\/comments?post=58000"}],"version-history":[{"count":0,"href":"https:\/\/www.altominho.tv\/site\/wp-json\/wp\/v2\/posts\/58000\/revisions"}],"wp:featuredmedia":[{"embeddable":true,"href":"https:\/\/www.altominho.tv\/site\/wp-json\/wp\/v2\/media\/54398"}],"wp:attachment":[{"href":"https:\/\/www.altominho.tv\/site\/wp-json\/wp\/v2\/media?parent=58000"}],"wp:term":[{"taxonomy":"category","embeddable":true,"href":"https:\/\/www.altominho.tv\/site\/wp-json\/wp\/v2\/categories?post=58000"},{"taxonomy":"post_tag","embeddable":true,"href":"https:\/\/www.altominho.tv\/site\/wp-json\/wp\/v2\/tags?post=58000"}],"curies":[{"name":"wp","href":"https:\/\/api.w.org\/{rel}","templated":true}]}}