{"id":57958,"date":"2020-12-22T08:40:07","date_gmt":"2020-12-22T08:40:07","guid":{"rendered":"https:\/\/www.altominho.tv\/site\/?p=57958"},"modified":"2020-12-22T08:40:10","modified_gmt":"2020-12-22T08:40:10","slug":"camara-de-cerveira-aprova-dois-tipos-de-apoios-sociais-para-tarifas-de-agua-e-saneamento-em-2021","status":"publish","type":"post","link":"https:\/\/www.altominho.tv\/site\/2020\/12\/22\/camara-de-cerveira-aprova-dois-tipos-de-apoios-sociais-para-tarifas-de-agua-e-saneamento-em-2021\/","title":{"rendered":"C\u00e2mara de Cerveira aprova dois tipos de apoios sociais para tarifas de \u00e1gua e saneamento em 2021"},"content":{"rendered":"<p>A C\u00e2mara Municipal de Vila Nova de Cerveira elaborou dois mecanismos regulamentares de apoio ao pagamento das tarifas de \u00e1gua e de saneamento em 2021, para fazer face aos desequil\u00edbrios socioecon\u00f3micos provocados pela pandemia de Covid-19 e ao ajustamento do regime tarif\u00e1rio da empresa \u00c1guas do Alto Minho (AdAM).<\/p>\n<p>Em comunicado, a autarquia especifica que foram aprovados, por unanimidade, na \u00faltima assembleia municipal, um tarif\u00e1rio que se destina \u00e0s fam\u00edlias em situa\u00e7\u00e3o de vulnerabilidade acrescida e um outro mais abrangente para a popula\u00e7\u00e3o em geral.<\/p>\n<p>&#8220;A aplica\u00e7\u00e3o de um tarif\u00e1rio social articulada entre a Seguran\u00e7a Social e a Autoridade Tribut\u00e1ria tem por base rendimentos contantes da \u00faltima declara\u00e7\u00e3o de IRS, e que a pandemia poder\u00e1 ter alterado de forma significativa para n\u00edveis negativos&#8221;, explica o munic\u00edpio, acrescentando que, &#8220;neste sentido, considerou imperioso criar um sistema que permita alargar o apoio \u00e0s fam\u00edlias economicamente mais vulner\u00e1veis no pagamento das tarifas de \u00e1gua e saneamento&#8221;.<\/p>\n<p>Ao longo de 2020, com uma abrang\u00eancia mais universal e no \u00e2mbito do pacote de medidas de mitiga\u00e7\u00e3o e conten\u00e7\u00e3o da Covid-19, a C\u00e2mara Municipal de Vila Nova de Cerveira j\u00e1 aplicou uma redu\u00e7\u00e3o na tarifa fixa de \u00e1guas residuais sobre o tarif\u00e1rio da AdAM, para consumidores dom\u00e9sticos e n\u00e3o dom\u00e9sticos. Com esta nova medida, o objetivo do executivo liderado por Fernando Nogueira \u00e9 &#8220;alargar o apoio e a sua aplica\u00e7\u00e3o pelo per\u00edodo estimado de um ano, eventualmente renov\u00e1vel por iguais e sucessivos per\u00edodos&#8221;.<\/p>\n<p>O apoio previsto no regulamento aprovado destina-se aos agregados familiares em situa\u00e7\u00e3o de vulnerabilidade social acrescida, com rendimentos mensais per capita inferiores \u00e0 Pens\u00e3o Social M\u00ednima (211,79 euros em 2020), residentes no concelho de Vila Nova de Cerveira, cuja habita\u00e7\u00e3o permanente, pr\u00f3pria ou arrendada, esteja ligada \u00e0 rede p\u00fablica de abastecimento de \u00e1gua e saneamento, bem como aos Bombeiros Volunt\u00e1rios de Vila Nova de Cerveira e elementos da Unidade Local de Covas.<\/p>\n<p>&#8220;O apoio financeiro em causa traduz-se numa redu\u00e7\u00e3o para consumidores dom\u00e9sticos de 40% na tarifa fixa mensal de \u00e1gua e de 50% na tarifa fixa mensal de \u00e1guas residuais sobre o tarif\u00e1rio da AdAM aprovado para o ano de 2020 ou sobre o tarif\u00e1rio do Munic\u00edpio de Vila Nova de Cerveira, no caso da freguesia de Covas&#8221;, refere o munic\u00edpio.<\/p>\n<p>Ainda de acordo com a autarquia, este apoio &#8220;n\u00e3o \u00e9 de aplica\u00e7\u00e3o autom\u00e1tica&#8221; e tem de ser requerido atrav\u00e9s do preenchimento de um formul\u00e1rio e da apresenta\u00e7\u00e3o de documentos comprovativos necess\u00e1rios.<\/p>\n","protected":false},"excerpt":{"rendered":"<p>A C\u00e2mara Municipal de Vila Nova de Cerveira elaborou dois mecanismos regulamentares de apoio ao pagamento das tarifas de \u00e1gua e de saneamento em 2021, para fazer face aos desequil\u00edbrios socioecon\u00f3micos provocados pela pandemia de Covid-19 e ao ajustamento do regime tarif\u00e1rio da empresa \u00c1guas do Alto Minho (AdAM). Em comunicado, a autarquia especifica que [&hellip;]<\/p>\n","protected":false},"author":12,"featured_media":57962,"comment_status":"closed","ping_status":"closed","sticky":false,"template":"","format":"standard","meta":{"_exactmetrics_skip_tracking":false,"_exactmetrics_sitenote_active":false,"_exactmetrics_sitenote_note":"","_exactmetrics_sitenote_category":0,"footnotes":""},"categories":[15],"tags":[21],"class_list":["post-57958","post","type-post","status-publish","format-standard","has-post-thumbnail","hentry","category-vila-nova-de-cerveira","tag-economia"],"yoast_head":"<!-- This site is optimized with the Yoast SEO Premium plugin v27.4 (Yoast SEO v27.4) - https:\/\/yoast.com\/product\/yoast-seo-premium-wordpress\/ -->\n<title>C\u00e2mara de Cerveira aprova dois tipos de apoios sociais para tarifas de \u00e1gua e saneamento em 2021<\/title>\n<meta name=\"robots\" content=\"index, follow, max-snippet:-1, max-image-preview:large, max-video-preview:-1\" \/>\n<link rel=\"canonical\" href=\"https:\/\/www.altominho.tv\/site\/2020\/12\/22\/camara-de-cerveira-aprova-dois-tipos-de-apoios-sociais-para-tarifas-de-agua-e-saneamento-em-2021\/\" \/>\n<meta property=\"og:locale\" content=\"pt_PT\" \/>\n<meta property=\"og:type\" content=\"article\" \/>\n<meta property=\"og:title\" content=\"C\u00e2mara de Cerveira aprova dois tipos de apoios sociais para tarifas de \u00e1gua e saneamento em 2021\" \/>\n<meta property=\"og:description\" content=\"A C\u00e2mara Municipal de Vila Nova de Cerveira elaborou dois mecanismos regulamentares de apoio ao pagamento das tarifas de \u00e1gua e de saneamento em 2021, para fazer face aos desequil\u00edbrios socioecon\u00f3micos provocados pela pandemia de Covid-19 e ao ajustamento do regime tarif\u00e1rio da empresa \u00c1guas do Alto Minho (AdAM). Em comunicado, a autarquia especifica que [&hellip;]\" \/>\n<meta property=\"og:url\" content=\"https:\/\/www.altominho.tv\/site\/2020\/12\/22\/camara-de-cerveira-aprova-dois-tipos-de-apoios-sociais-para-tarifas-de-agua-e-saneamento-em-2021\/\" \/>\n<meta property=\"og:site_name\" content=\"Altominho.tv\" \/>\n<meta property=\"article:publisher\" content=\"https:\/\/www.facebook.com\/altominhotv\" \/>\n<meta property=\"article:published_time\" content=\"2020-12-22T08:40:07+00:00\" \/>\n<meta property=\"article:modified_time\" content=\"2020-12-22T08:40:10+00:00\" \/>\n<meta property=\"og:image\" content=\"https:\/\/www.altominho.tv\/site\/wp-content\/uploads\/2020\/12\/water-1154080_1920.jpg\" \/>\n\t<meta property=\"og:image:width\" content=\"1920\" \/>\n\t<meta property=\"og:image:height\" content=\"1275\" \/>\n\t<meta property=\"og:image:type\" content=\"image\/jpeg\" \/>\n<meta name=\"author\" content=\"Andreia Ferreira\" \/>\n<meta name=\"twitter:card\" content=\"summary_large_image\" \/>\n<meta name=\"twitter:creator\" content=\"@altominhoTV\" \/>\n<meta name=\"twitter:site\" content=\"@altominhoTV\" \/>\n<meta name=\"twitter:label1\" content=\"Escrito por\" \/>\n\t<meta name=\"twitter:data1\" content=\"Andreia Ferreira\" \/>\n\t<meta name=\"twitter:label2\" content=\"Tempo estimado de leitura\" \/>\n\t<meta name=\"twitter:data2\" content=\"2 minutos\" \/>\n<script type=\"application\/ld+json\" class=\"yoast-schema-graph\">{\"@context\":\"https:\\\/\\\/schema.org\",\"@graph\":[{\"@type\":\"Article\",\"@id\":\"https:\\\/\\\/www.altominho.tv\\\/site\\\/2020\\\/12\\\/22\\\/camara-de-cerveira-aprova-dois-tipos-de-apoios-sociais-para-tarifas-de-agua-e-saneamento-em-2021\\\/#article\",\"isPartOf\":{\"@id\":\"https:\\\/\\\/www.altominho.tv\\\/site\\\/2020\\\/12\\\/22\\\/camara-de-cerveira-aprova-dois-tipos-de-apoios-sociais-para-tarifas-de-agua-e-saneamento-em-2021\\\/\"},\"author\":{\"name\":\"Andreia Ferreira\",\"@id\":\"https:\\\/\\\/www.altominho.tv\\\/site\\\/#\\\/schema\\\/person\\\/d9be4265364723f14ea8e0d56a1d38cd\"},\"headline\":\"C\u00e2mara de Cerveira aprova dois tipos de apoios sociais para tarifas de \u00e1gua e saneamento em 2021\",\"datePublished\":\"2020-12-22T08:40:07+00:00\",\"dateModified\":\"2020-12-22T08:40:10+00:00\",\"mainEntityOfPage\":{\"@id\":\"https:\\\/\\\/www.altominho.tv\\\/site\\\/2020\\\/12\\\/22\\\/camara-de-cerveira-aprova-dois-tipos-de-apoios-sociais-para-tarifas-de-agua-e-saneamento-em-2021\\\/\"},\"wordCount\":456,\"image\":{\"@id\":\"https:\\\/\\\/www.altominho.tv\\\/site\\\/2020\\\/12\\\/22\\\/camara-de-cerveira-aprova-dois-tipos-de-apoios-sociais-para-tarifas-de-agua-e-saneamento-em-2021\\\/#primaryimage\"},\"thumbnailUrl\":\"https:\\\/\\\/www.altominho.tv\\\/site\\\/wp-content\\\/uploads\\\/2020\\\/12\\\/water-1154080_1920.jpg\",\"keywords\":[\"Economia\"],\"articleSection\":[\"Vila Nova de Cerveira\"],\"inLanguage\":\"pt-PT\",\"copyrightYear\":\"2020\",\"copyrightHolder\":{\"@id\":\"https:\\\/\\\/www.altominho.tv\\\/site\\\/#organization\"}},{\"@type\":\"WebPage\",\"@id\":\"https:\\\/\\\/www.altominho.tv\\\/site\\\/2020\\\/12\\\/22\\\/camara-de-cerveira-aprova-dois-tipos-de-apoios-sociais-para-tarifas-de-agua-e-saneamento-em-2021\\\/\",\"url\":\"https:\\\/\\\/www.altominho.tv\\\/site\\\/2020\\\/12\\\/22\\\/camara-de-cerveira-aprova-dois-tipos-de-apoios-sociais-para-tarifas-de-agua-e-saneamento-em-2021\\\/\",\"name\":\"C\u00e2mara de Cerveira aprova dois tipos de apoios sociais para tarifas de \u00e1gua e saneamento em 2021\",\"isPartOf\":{\"@id\":\"https:\\\/\\\/www.altominho.tv\\\/site\\\/#website\"},\"primaryImageOfPage\":{\"@id\":\"https:\\\/\\\/www.altominho.tv\\\/site\\\/2020\\\/12\\\/22\\\/camara-de-cerveira-aprova-dois-tipos-de-apoios-sociais-para-tarifas-de-agua-e-saneamento-em-2021\\\/#primaryimage\"},\"image\":{\"@id\":\"https:\\\/\\\/www.altominho.tv\\\/site\\\/2020\\\/12\\\/22\\\/camara-de-cerveira-aprova-dois-tipos-de-apoios-sociais-para-tarifas-de-agua-e-saneamento-em-2021\\\/#primaryimage\"},\"thumbnailUrl\":\"https:\\\/\\\/www.altominho.tv\\\/site\\\/wp-content\\\/uploads\\\/2020\\\/12\\\/water-1154080_1920.jpg\",\"datePublished\":\"2020-12-22T08:40:07+00:00\",\"dateModified\":\"2020-12-22T08:40:10+00:00\",\"author\":{\"@id\":\"https:\\\/\\\/www.altominho.tv\\\/site\\\/#\\\/schema\\\/person\\\/d9be4265364723f14ea8e0d56a1d38cd\"},\"breadcrumb\":{\"@id\":\"https:\\\/\\\/www.altominho.tv\\\/site\\\/2020\\\/12\\\/22\\\/camara-de-cerveira-aprova-dois-tipos-de-apoios-sociais-para-tarifas-de-agua-e-saneamento-em-2021\\\/#breadcrumb\"},\"inLanguage\":\"pt-PT\",\"potentialAction\":[{\"@type\":\"ReadAction\",\"target\":[\"https:\\\/\\\/www.altominho.tv\\\/site\\\/2020\\\/12\\\/22\\\/camara-de-cerveira-aprova-dois-tipos-de-apoios-sociais-para-tarifas-de-agua-e-saneamento-em-2021\\\/\"]}]},{\"@type\":\"ImageObject\",\"inLanguage\":\"pt-PT\",\"@id\":\"https:\\\/\\\/www.altominho.tv\\\/site\\\/2020\\\/12\\\/22\\\/camara-de-cerveira-aprova-dois-tipos-de-apoios-sociais-para-tarifas-de-agua-e-saneamento-em-2021\\\/#primaryimage\",\"url\":\"https:\\\/\\\/www.altominho.tv\\\/site\\\/wp-content\\\/uploads\\\/2020\\\/12\\\/water-1154080_1920.jpg\",\"contentUrl\":\"https:\\\/\\\/www.altominho.tv\\\/site\\\/wp-content\\\/uploads\\\/2020\\\/12\\\/water-1154080_1920.jpg\",\"width\":1920,\"height\":1275,\"caption\":\"PIXABAY\"},{\"@type\":\"BreadcrumbList\",\"@id\":\"https:\\\/\\\/www.altominho.tv\\\/site\\\/2020\\\/12\\\/22\\\/camara-de-cerveira-aprova-dois-tipos-de-apoios-sociais-para-tarifas-de-agua-e-saneamento-em-2021\\\/#breadcrumb\",\"itemListElement\":[{\"@type\":\"ListItem\",\"position\":1,\"name\":\"In\u00edcio\",\"item\":\"https:\\\/\\\/www.altominho.tv\\\/site\\\/\"},{\"@type\":\"ListItem\",\"position\":2,\"name\":\"C\u00e2mara de Cerveira aprova dois tipos de apoios sociais para tarifas de \u00e1gua e saneamento em 2021\"}]},{\"@type\":\"WebSite\",\"@id\":\"https:\\\/\\\/www.altominho.tv\\\/site\\\/#website\",\"url\":\"https:\\\/\\\/www.altominho.tv\\\/site\\\/\",\"name\":\"Altominho.tv\",\"description\":\"A sua regi\u00e3o \u00e0 dist\u00e2ncia de um clique...\",\"potentialAction\":[{\"@type\":\"SearchAction\",\"target\":{\"@type\":\"EntryPoint\",\"urlTemplate\":\"https:\\\/\\\/www.altominho.tv\\\/site\\\/?s={search_term_string}\"},\"query-input\":{\"@type\":\"PropertyValueSpecification\",\"valueRequired\":true,\"valueName\":\"search_term_string\"}}],\"inLanguage\":\"pt-PT\"},{\"@type\":\"Person\",\"@id\":\"https:\\\/\\\/www.altominho.tv\\\/site\\\/#\\\/schema\\\/person\\\/d9be4265364723f14ea8e0d56a1d38cd\",\"name\":\"Andreia Ferreira\",\"image\":{\"@type\":\"ImageObject\",\"inLanguage\":\"pt-PT\",\"@id\":\"https:\\\/\\\/www.altominho.tv\\\/site\\\/wp-content\\\/uploads\\\/2021\\\/01\\\/AndreiaFerreira-150x150.jpg\",\"url\":\"https:\\\/\\\/www.altominho.tv\\\/site\\\/wp-content\\\/uploads\\\/2021\\\/01\\\/AndreiaFerreira-150x150.jpg\",\"contentUrl\":\"https:\\\/\\\/www.altominho.tv\\\/site\\\/wp-content\\\/uploads\\\/2021\\\/01\\\/AndreiaFerreira-150x150.jpg\",\"caption\":\"Andreia Ferreira\"},\"url\":\"https:\\\/\\\/www.altominho.tv\\\/site\\\/author\\\/andreiaferreira\\\/\"}]}<\/script>\n<!-- \/ Yoast SEO Premium plugin. -->","yoast_head_json":{"title":"C\u00e2mara de Cerveira aprova dois tipos de apoios sociais para tarifas de \u00e1gua e saneamento em 2021","robots":{"index":"index","follow":"follow","max-snippet":"max-snippet:-1","max-image-preview":"max-image-preview:large","max-video-preview":"max-video-preview:-1"},"canonical":"https:\/\/www.altominho.tv\/site\/2020\/12\/22\/camara-de-cerveira-aprova-dois-tipos-de-apoios-sociais-para-tarifas-de-agua-e-saneamento-em-2021\/","og_locale":"pt_PT","og_type":"article","og_title":"C\u00e2mara de Cerveira aprova dois tipos de apoios sociais para tarifas de \u00e1gua e saneamento em 2021","og_description":"A C\u00e2mara Municipal de Vila Nova de Cerveira elaborou dois mecanismos regulamentares de apoio ao pagamento das tarifas de \u00e1gua e de saneamento em 2021, para fazer face aos desequil\u00edbrios socioecon\u00f3micos provocados pela pandemia de Covid-19 e ao ajustamento do regime tarif\u00e1rio da empresa \u00c1guas do Alto Minho (AdAM). Em comunicado, a autarquia especifica que [&hellip;]","og_url":"https:\/\/www.altominho.tv\/site\/2020\/12\/22\/camara-de-cerveira-aprova-dois-tipos-de-apoios-sociais-para-tarifas-de-agua-e-saneamento-em-2021\/","og_site_name":"Altominho.tv","article_publisher":"https:\/\/www.facebook.com\/altominhotv","article_published_time":"2020-12-22T08:40:07+00:00","article_modified_time":"2020-12-22T08:40:10+00:00","og_image":[{"width":1920,"height":1275,"url":"https:\/\/www.altominho.tv\/site\/wp-content\/uploads\/2020\/12\/water-1154080_1920.jpg","type":"image\/jpeg"}],"author":"Andreia Ferreira","twitter_card":"summary_large_image","twitter_creator":"@altominhoTV","twitter_site":"@altominhoTV","twitter_misc":{"Escrito por":"Andreia Ferreira","Tempo estimado de leitura":"2 minutos"},"schema":{"@context":"https:\/\/schema.org","@graph":[{"@type":"Article","@id":"https:\/\/www.altominho.tv\/site\/2020\/12\/22\/camara-de-cerveira-aprova-dois-tipos-de-apoios-sociais-para-tarifas-de-agua-e-saneamento-em-2021\/#article","isPartOf":{"@id":"https:\/\/www.altominho.tv\/site\/2020\/12\/22\/camara-de-cerveira-aprova-dois-tipos-de-apoios-sociais-para-tarifas-de-agua-e-saneamento-em-2021\/"},"author":{"name":"Andreia Ferreira","@id":"https:\/\/www.altominho.tv\/site\/#\/schema\/person\/d9be4265364723f14ea8e0d56a1d38cd"},"headline":"C\u00e2mara de Cerveira aprova dois tipos de apoios sociais para tarifas de \u00e1gua e saneamento em 2021","datePublished":"2020-12-22T08:40:07+00:00","dateModified":"2020-12-22T08:40:10+00:00","mainEntityOfPage":{"@id":"https:\/\/www.altominho.tv\/site\/2020\/12\/22\/camara-de-cerveira-aprova-dois-tipos-de-apoios-sociais-para-tarifas-de-agua-e-saneamento-em-2021\/"},"wordCount":456,"image":{"@id":"https:\/\/www.altominho.tv\/site\/2020\/12\/22\/camara-de-cerveira-aprova-dois-tipos-de-apoios-sociais-para-tarifas-de-agua-e-saneamento-em-2021\/#primaryimage"},"thumbnailUrl":"https:\/\/www.altominho.tv\/site\/wp-content\/uploads\/2020\/12\/water-1154080_1920.jpg","keywords":["Economia"],"articleSection":["Vila Nova de Cerveira"],"inLanguage":"pt-PT","copyrightYear":"2020","copyrightHolder":{"@id":"https:\/\/www.altominho.tv\/site\/#organization"}},{"@type":"WebPage","@id":"https:\/\/www.altominho.tv\/site\/2020\/12\/22\/camara-de-cerveira-aprova-dois-tipos-de-apoios-sociais-para-tarifas-de-agua-e-saneamento-em-2021\/","url":"https:\/\/www.altominho.tv\/site\/2020\/12\/22\/camara-de-cerveira-aprova-dois-tipos-de-apoios-sociais-para-tarifas-de-agua-e-saneamento-em-2021\/","name":"C\u00e2mara de Cerveira aprova dois tipos de apoios sociais para tarifas de \u00e1gua e saneamento em 2021","isPartOf":{"@id":"https:\/\/www.altominho.tv\/site\/#website"},"primaryImageOfPage":{"@id":"https:\/\/www.altominho.tv\/site\/2020\/12\/22\/camara-de-cerveira-aprova-dois-tipos-de-apoios-sociais-para-tarifas-de-agua-e-saneamento-em-2021\/#primaryimage"},"image":{"@id":"https:\/\/www.altominho.tv\/site\/2020\/12\/22\/camara-de-cerveira-aprova-dois-tipos-de-apoios-sociais-para-tarifas-de-agua-e-saneamento-em-2021\/#primaryimage"},"thumbnailUrl":"https:\/\/www.altominho.tv\/site\/wp-content\/uploads\/2020\/12\/water-1154080_1920.jpg","datePublished":"2020-12-22T08:40:07+00:00","dateModified":"2020-12-22T08:40:10+00:00","author":{"@id":"https:\/\/www.altominho.tv\/site\/#\/schema\/person\/d9be4265364723f14ea8e0d56a1d38cd"},"breadcrumb":{"@id":"https:\/\/www.altominho.tv\/site\/2020\/12\/22\/camara-de-cerveira-aprova-dois-tipos-de-apoios-sociais-para-tarifas-de-agua-e-saneamento-em-2021\/#breadcrumb"},"inLanguage":"pt-PT","potentialAction":[{"@type":"ReadAction","target":["https:\/\/www.altominho.tv\/site\/2020\/12\/22\/camara-de-cerveira-aprova-dois-tipos-de-apoios-sociais-para-tarifas-de-agua-e-saneamento-em-2021\/"]}]},{"@type":"ImageObject","inLanguage":"pt-PT","@id":"https:\/\/www.altominho.tv\/site\/2020\/12\/22\/camara-de-cerveira-aprova-dois-tipos-de-apoios-sociais-para-tarifas-de-agua-e-saneamento-em-2021\/#primaryimage","url":"https:\/\/www.altominho.tv\/site\/wp-content\/uploads\/2020\/12\/water-1154080_1920.jpg","contentUrl":"https:\/\/www.altominho.tv\/site\/wp-content\/uploads\/2020\/12\/water-1154080_1920.jpg","width":1920,"height":1275,"caption":"PIXABAY"},{"@type":"BreadcrumbList","@id":"https:\/\/www.altominho.tv\/site\/2020\/12\/22\/camara-de-cerveira-aprova-dois-tipos-de-apoios-sociais-para-tarifas-de-agua-e-saneamento-em-2021\/#breadcrumb","itemListElement":[{"@type":"ListItem","position":1,"name":"In\u00edcio","item":"https:\/\/www.altominho.tv\/site\/"},{"@type":"ListItem","position":2,"name":"C\u00e2mara de Cerveira aprova dois tipos de apoios sociais para tarifas de \u00e1gua e saneamento em 2021"}]},{"@type":"WebSite","@id":"https:\/\/www.altominho.tv\/site\/#website","url":"https:\/\/www.altominho.tv\/site\/","name":"Altominho.tv","description":"A sua regi\u00e3o \u00e0 dist\u00e2ncia de um clique...","potentialAction":[{"@type":"SearchAction","target":{"@type":"EntryPoint","urlTemplate":"https:\/\/www.altominho.tv\/site\/?s={search_term_string}"},"query-input":{"@type":"PropertyValueSpecification","valueRequired":true,"valueName":"search_term_string"}}],"inLanguage":"pt-PT"},{"@type":"Person","@id":"https:\/\/www.altominho.tv\/site\/#\/schema\/person\/d9be4265364723f14ea8e0d56a1d38cd","name":"Andreia Ferreira","image":{"@type":"ImageObject","inLanguage":"pt-PT","@id":"https:\/\/www.altominho.tv\/site\/wp-content\/uploads\/2021\/01\/AndreiaFerreira-150x150.jpg","url":"https:\/\/www.altominho.tv\/site\/wp-content\/uploads\/2021\/01\/AndreiaFerreira-150x150.jpg","contentUrl":"https:\/\/www.altominho.tv\/site\/wp-content\/uploads\/2021\/01\/AndreiaFerreira-150x150.jpg","caption":"Andreia Ferreira"},"url":"https:\/\/www.altominho.tv\/site\/author\/andreiaferreira\/"}]}},"_links":{"self":[{"href":"https:\/\/www.altominho.tv\/site\/wp-json\/wp\/v2\/posts\/57958","targetHints":{"allow":["GET"]}}],"collection":[{"href":"https:\/\/www.altominho.tv\/site\/wp-json\/wp\/v2\/posts"}],"about":[{"href":"https:\/\/www.altominho.tv\/site\/wp-json\/wp\/v2\/types\/post"}],"author":[{"embeddable":true,"href":"https:\/\/www.altominho.tv\/site\/wp-json\/wp\/v2\/users\/12"}],"replies":[{"embeddable":true,"href":"https:\/\/www.altominho.tv\/site\/wp-json\/wp\/v2\/comments?post=57958"}],"version-history":[{"count":0,"href":"https:\/\/www.altominho.tv\/site\/wp-json\/wp\/v2\/posts\/57958\/revisions"}],"wp:featuredmedia":[{"embeddable":true,"href":"https:\/\/www.altominho.tv\/site\/wp-json\/wp\/v2\/media\/57962"}],"wp:attachment":[{"href":"https:\/\/www.altominho.tv\/site\/wp-json\/wp\/v2\/media?parent=57958"}],"wp:term":[{"taxonomy":"category","embeddable":true,"href":"https:\/\/www.altominho.tv\/site\/wp-json\/wp\/v2\/categories?post=57958"},{"taxonomy":"post_tag","embeddable":true,"href":"https:\/\/www.altominho.tv\/site\/wp-json\/wp\/v2\/tags?post=57958"}],"curies":[{"name":"wp","href":"https:\/\/api.w.org\/{rel}","templated":true}]}}