{"id":57926,"date":"2020-12-21T17:39:41","date_gmt":"2020-12-21T17:39:41","guid":{"rendered":"https:\/\/www.altominho.tv\/site\/?p=57926"},"modified":"2020-12-21T17:39:49","modified_gmt":"2020-12-21T17:39:49","slug":"mais-de-300-infracoes-registadas-nas-estradas-do-alto-minho-na-ultima-semana","status":"publish","type":"post","link":"https:\/\/www.altominho.tv\/site\/2020\/12\/21\/mais-de-300-infracoes-registadas-nas-estradas-do-alto-minho-na-ultima-semana\/","title":{"rendered":"Mais de 300 infra\u00e7\u00f5es registadas nas estradas do Alto Minho na \u00faltima semana"},"content":{"rendered":"<p>A GNR detetou, na \u00faltima semana, no distrito de Viana do Castelo, 315 infra\u00e7\u00f5es de tr\u00e2nsito.<\/p>\n<p>Em comunicado, com o balan\u00e7o da atividade operacional da semana entre os dias 14 e 20 de dezembro, o Comando Territorial da GNR de Viana do Castelo destacou, entre as infra\u00e7\u00f5es, 72 por excesso de velocidade, 50 por falta de inspe\u00e7\u00e3o peri\u00f3dica obrigat\u00f3ria, 47 por uso indevido do telem\u00f3vel no exerc\u00edcio da condu\u00e7\u00e3o e 13 por condu\u00e7\u00e3o com taxa de \u00e1lcool no sangue superior ao permitido por lei.<\/p>\n<p>Os militares da GNR detiveram, em flagrante delito, quatro pessoas por condu\u00e7\u00e3o sob efeito do \u00e1lcool, duas por posse ilegal de armas e uma por condu\u00e7\u00e3o sem habilita\u00e7\u00e3o legal.<\/p>\n<p>Durante este per\u00edodo, foram ainda apreendidos <a href=\"https:\/\/www.altominho.tv\/site\/2020\/12\/21\/mais-de-dois-mil-artigos-contrafeitos-apreendidos-na-feira-de-vila-nova-de-cerveira\/\">2009 artigos contrafeitos<\/a>, cinco doses de haxixe, quatro doses de liamba, duas armas de fogo e um ve\u00edculo ligeiro.<\/p>\n<p>A GNR registou tamb\u00e9m 47 acidentes, dos quais resultaram um morto, um ferido grave e nove feridos ligeiros.<\/p>\n","protected":false},"excerpt":{"rendered":"<p>A GNR detetou, na \u00faltima semana, no distrito de Viana do Castelo, 315 infra\u00e7\u00f5es de tr\u00e2nsito. Em comunicado, com o balan\u00e7o da atividade operacional da semana entre os dias 14 e 20 de dezembro, o Comando Territorial da GNR de Viana do Castelo destacou, entre as infra\u00e7\u00f5es, 72 por excesso de velocidade, 50 por falta [&hellip;]<\/p>\n","protected":false},"author":12,"featured_media":57927,"comment_status":"closed","ping_status":"closed","sticky":false,"template":"","format":"standard","meta":{"_exactmetrics_skip_tracking":false,"_exactmetrics_sitenote_active":false,"_exactmetrics_sitenote_note":"","_exactmetrics_sitenote_category":0,"footnotes":""},"categories":[73],"tags":[27],"class_list":["post-57926","post","type-post","status-publish","format-standard","has-post-thumbnail","hentry","category-alto-minho","tag-sociedade"],"yoast_head":"<!-- This site is optimized with the Yoast SEO Premium plugin v27.4 (Yoast SEO v27.4) - https:\/\/yoast.com\/product\/yoast-seo-premium-wordpress\/ -->\n<title>Mais de 300 infra\u00e7\u00f5es registadas nas estradas do Alto Minho na \u00faltima semana<\/title>\n<meta name=\"robots\" content=\"index, follow, max-snippet:-1, max-image-preview:large, max-video-preview:-1\" \/>\n<link rel=\"canonical\" href=\"https:\/\/www.altominho.tv\/site\/2020\/12\/21\/mais-de-300-infracoes-registadas-nas-estradas-do-alto-minho-na-ultima-semana\/\" \/>\n<meta property=\"og:locale\" content=\"pt_PT\" \/>\n<meta property=\"og:type\" content=\"article\" \/>\n<meta property=\"og:title\" content=\"Mais de 300 infra\u00e7\u00f5es registadas nas estradas do Alto Minho na \u00faltima semana\" \/>\n<meta property=\"og:description\" content=\"A GNR detetou, na \u00faltima semana, no distrito de Viana do Castelo, 315 infra\u00e7\u00f5es de tr\u00e2nsito. Em comunicado, com o balan\u00e7o da atividade operacional da semana entre os dias 14 e 20 de dezembro, o Comando Territorial da GNR de Viana do Castelo destacou, entre as infra\u00e7\u00f5es, 72 por excesso de velocidade, 50 por falta [&hellip;]\" \/>\n<meta property=\"og:url\" content=\"https:\/\/www.altominho.tv\/site\/2020\/12\/21\/mais-de-300-infracoes-registadas-nas-estradas-do-alto-minho-na-ultima-semana\/\" \/>\n<meta property=\"og:site_name\" content=\"Altominho.tv\" \/>\n<meta property=\"article:publisher\" content=\"https:\/\/www.facebook.com\/altominhotv\" \/>\n<meta property=\"article:published_time\" content=\"2020-12-21T17:39:41+00:00\" \/>\n<meta property=\"article:modified_time\" content=\"2020-12-21T17:39:49+00:00\" \/>\n<meta property=\"og:image\" content=\"https:\/\/www.altominho.tv\/site\/wp-content\/uploads\/2020\/12\/GNR.jpg\" \/>\n\t<meta property=\"og:image:width\" content=\"720\" \/>\n\t<meta property=\"og:image:height\" content=\"405\" \/>\n\t<meta property=\"og:image:type\" content=\"image\/jpeg\" \/>\n<meta name=\"author\" content=\"Andreia Ferreira\" \/>\n<meta name=\"twitter:card\" content=\"summary_large_image\" \/>\n<meta name=\"twitter:creator\" content=\"@altominhoTV\" \/>\n<meta name=\"twitter:site\" content=\"@altominhoTV\" \/>\n<meta name=\"twitter:label1\" content=\"Escrito por\" \/>\n\t<meta name=\"twitter:data1\" content=\"Andreia Ferreira\" \/>\n\t<meta name=\"twitter:label2\" content=\"Tempo estimado de leitura\" \/>\n\t<meta name=\"twitter:data2\" content=\"1 minuto\" \/>\n<script type=\"application\/ld+json\" class=\"yoast-schema-graph\">{\"@context\":\"https:\\\/\\\/schema.org\",\"@graph\":[{\"@type\":\"Article\",\"@id\":\"https:\\\/\\\/www.altominho.tv\\\/site\\\/2020\\\/12\\\/21\\\/mais-de-300-infracoes-registadas-nas-estradas-do-alto-minho-na-ultima-semana\\\/#article\",\"isPartOf\":{\"@id\":\"https:\\\/\\\/www.altominho.tv\\\/site\\\/2020\\\/12\\\/21\\\/mais-de-300-infracoes-registadas-nas-estradas-do-alto-minho-na-ultima-semana\\\/\"},\"author\":{\"name\":\"Andreia Ferreira\",\"@id\":\"https:\\\/\\\/www.altominho.tv\\\/site\\\/#\\\/schema\\\/person\\\/d9be4265364723f14ea8e0d56a1d38cd\"},\"headline\":\"Mais de 300 infra\u00e7\u00f5es registadas nas estradas do Alto Minho na \u00faltima semana\",\"datePublished\":\"2020-12-21T17:39:41+00:00\",\"dateModified\":\"2020-12-21T17:39:49+00:00\",\"mainEntityOfPage\":{\"@id\":\"https:\\\/\\\/www.altominho.tv\\\/site\\\/2020\\\/12\\\/21\\\/mais-de-300-infracoes-registadas-nas-estradas-do-alto-minho-na-ultima-semana\\\/\"},\"wordCount\":177,\"image\":{\"@id\":\"https:\\\/\\\/www.altominho.tv\\\/site\\\/2020\\\/12\\\/21\\\/mais-de-300-infracoes-registadas-nas-estradas-do-alto-minho-na-ultima-semana\\\/#primaryimage\"},\"thumbnailUrl\":\"https:\\\/\\\/www.altominho.tv\\\/site\\\/wp-content\\\/uploads\\\/2020\\\/12\\\/GNR.jpg\",\"keywords\":[\"Sociedade\"],\"articleSection\":[\"Alto Minho\"],\"inLanguage\":\"pt-PT\",\"copyrightYear\":\"2020\",\"copyrightHolder\":{\"@id\":\"https:\\\/\\\/www.altominho.tv\\\/site\\\/#organization\"}},{\"@type\":\"WebPage\",\"@id\":\"https:\\\/\\\/www.altominho.tv\\\/site\\\/2020\\\/12\\\/21\\\/mais-de-300-infracoes-registadas-nas-estradas-do-alto-minho-na-ultima-semana\\\/\",\"url\":\"https:\\\/\\\/www.altominho.tv\\\/site\\\/2020\\\/12\\\/21\\\/mais-de-300-infracoes-registadas-nas-estradas-do-alto-minho-na-ultima-semana\\\/\",\"name\":\"Mais de 300 infra\u00e7\u00f5es registadas nas estradas do Alto Minho na \u00faltima semana\",\"isPartOf\":{\"@id\":\"https:\\\/\\\/www.altominho.tv\\\/site\\\/#website\"},\"primaryImageOfPage\":{\"@id\":\"https:\\\/\\\/www.altominho.tv\\\/site\\\/2020\\\/12\\\/21\\\/mais-de-300-infracoes-registadas-nas-estradas-do-alto-minho-na-ultima-semana\\\/#primaryimage\"},\"image\":{\"@id\":\"https:\\\/\\\/www.altominho.tv\\\/site\\\/2020\\\/12\\\/21\\\/mais-de-300-infracoes-registadas-nas-estradas-do-alto-minho-na-ultima-semana\\\/#primaryimage\"},\"thumbnailUrl\":\"https:\\\/\\\/www.altominho.tv\\\/site\\\/wp-content\\\/uploads\\\/2020\\\/12\\\/GNR.jpg\",\"datePublished\":\"2020-12-21T17:39:41+00:00\",\"dateModified\":\"2020-12-21T17:39:49+00:00\",\"author\":{\"@id\":\"https:\\\/\\\/www.altominho.tv\\\/site\\\/#\\\/schema\\\/person\\\/d9be4265364723f14ea8e0d56a1d38cd\"},\"breadcrumb\":{\"@id\":\"https:\\\/\\\/www.altominho.tv\\\/site\\\/2020\\\/12\\\/21\\\/mais-de-300-infracoes-registadas-nas-estradas-do-alto-minho-na-ultima-semana\\\/#breadcrumb\"},\"inLanguage\":\"pt-PT\",\"potentialAction\":[{\"@type\":\"ReadAction\",\"target\":[\"https:\\\/\\\/www.altominho.tv\\\/site\\\/2020\\\/12\\\/21\\\/mais-de-300-infracoes-registadas-nas-estradas-do-alto-minho-na-ultima-semana\\\/\"]}]},{\"@type\":\"ImageObject\",\"inLanguage\":\"pt-PT\",\"@id\":\"https:\\\/\\\/www.altominho.tv\\\/site\\\/2020\\\/12\\\/21\\\/mais-de-300-infracoes-registadas-nas-estradas-do-alto-minho-na-ultima-semana\\\/#primaryimage\",\"url\":\"https:\\\/\\\/www.altominho.tv\\\/site\\\/wp-content\\\/uploads\\\/2020\\\/12\\\/GNR.jpg\",\"contentUrl\":\"https:\\\/\\\/www.altominho.tv\\\/site\\\/wp-content\\\/uploads\\\/2020\\\/12\\\/GNR.jpg\",\"width\":720,\"height\":405},{\"@type\":\"BreadcrumbList\",\"@id\":\"https:\\\/\\\/www.altominho.tv\\\/site\\\/2020\\\/12\\\/21\\\/mais-de-300-infracoes-registadas-nas-estradas-do-alto-minho-na-ultima-semana\\\/#breadcrumb\",\"itemListElement\":[{\"@type\":\"ListItem\",\"position\":1,\"name\":\"In\u00edcio\",\"item\":\"https:\\\/\\\/www.altominho.tv\\\/site\\\/\"},{\"@type\":\"ListItem\",\"position\":2,\"name\":\"Mais de 300 infra\u00e7\u00f5es registadas nas estradas do Alto Minho na \u00faltima semana\"}]},{\"@type\":\"WebSite\",\"@id\":\"https:\\\/\\\/www.altominho.tv\\\/site\\\/#website\",\"url\":\"https:\\\/\\\/www.altominho.tv\\\/site\\\/\",\"name\":\"Altominho.tv\",\"description\":\"A sua regi\u00e3o \u00e0 dist\u00e2ncia de um clique...\",\"potentialAction\":[{\"@type\":\"SearchAction\",\"target\":{\"@type\":\"EntryPoint\",\"urlTemplate\":\"https:\\\/\\\/www.altominho.tv\\\/site\\\/?s={search_term_string}\"},\"query-input\":{\"@type\":\"PropertyValueSpecification\",\"valueRequired\":true,\"valueName\":\"search_term_string\"}}],\"inLanguage\":\"pt-PT\"},{\"@type\":\"Person\",\"@id\":\"https:\\\/\\\/www.altominho.tv\\\/site\\\/#\\\/schema\\\/person\\\/d9be4265364723f14ea8e0d56a1d38cd\",\"name\":\"Andreia Ferreira\",\"image\":{\"@type\":\"ImageObject\",\"inLanguage\":\"pt-PT\",\"@id\":\"https:\\\/\\\/www.altominho.tv\\\/site\\\/wp-content\\\/uploads\\\/2021\\\/01\\\/AndreiaFerreira-150x150.jpg\",\"url\":\"https:\\\/\\\/www.altominho.tv\\\/site\\\/wp-content\\\/uploads\\\/2021\\\/01\\\/AndreiaFerreira-150x150.jpg\",\"contentUrl\":\"https:\\\/\\\/www.altominho.tv\\\/site\\\/wp-content\\\/uploads\\\/2021\\\/01\\\/AndreiaFerreira-150x150.jpg\",\"caption\":\"Andreia Ferreira\"},\"url\":\"https:\\\/\\\/www.altominho.tv\\\/site\\\/author\\\/andreiaferreira\\\/\"}]}<\/script>\n<!-- \/ Yoast SEO Premium plugin. -->","yoast_head_json":{"title":"Mais de 300 infra\u00e7\u00f5es registadas nas estradas do Alto Minho na \u00faltima semana","robots":{"index":"index","follow":"follow","max-snippet":"max-snippet:-1","max-image-preview":"max-image-preview:large","max-video-preview":"max-video-preview:-1"},"canonical":"https:\/\/www.altominho.tv\/site\/2020\/12\/21\/mais-de-300-infracoes-registadas-nas-estradas-do-alto-minho-na-ultima-semana\/","og_locale":"pt_PT","og_type":"article","og_title":"Mais de 300 infra\u00e7\u00f5es registadas nas estradas do Alto Minho na \u00faltima semana","og_description":"A GNR detetou, na \u00faltima semana, no distrito de Viana do Castelo, 315 infra\u00e7\u00f5es de tr\u00e2nsito. Em comunicado, com o balan\u00e7o da atividade operacional da semana entre os dias 14 e 20 de dezembro, o Comando Territorial da GNR de Viana do Castelo destacou, entre as infra\u00e7\u00f5es, 72 por excesso de velocidade, 50 por falta [&hellip;]","og_url":"https:\/\/www.altominho.tv\/site\/2020\/12\/21\/mais-de-300-infracoes-registadas-nas-estradas-do-alto-minho-na-ultima-semana\/","og_site_name":"Altominho.tv","article_publisher":"https:\/\/www.facebook.com\/altominhotv","article_published_time":"2020-12-21T17:39:41+00:00","article_modified_time":"2020-12-21T17:39:49+00:00","og_image":[{"width":720,"height":405,"url":"https:\/\/www.altominho.tv\/site\/wp-content\/uploads\/2020\/12\/GNR.jpg","type":"image\/jpeg"}],"author":"Andreia Ferreira","twitter_card":"summary_large_image","twitter_creator":"@altominhoTV","twitter_site":"@altominhoTV","twitter_misc":{"Escrito por":"Andreia Ferreira","Tempo estimado de leitura":"1 minuto"},"schema":{"@context":"https:\/\/schema.org","@graph":[{"@type":"Article","@id":"https:\/\/www.altominho.tv\/site\/2020\/12\/21\/mais-de-300-infracoes-registadas-nas-estradas-do-alto-minho-na-ultima-semana\/#article","isPartOf":{"@id":"https:\/\/www.altominho.tv\/site\/2020\/12\/21\/mais-de-300-infracoes-registadas-nas-estradas-do-alto-minho-na-ultima-semana\/"},"author":{"name":"Andreia Ferreira","@id":"https:\/\/www.altominho.tv\/site\/#\/schema\/person\/d9be4265364723f14ea8e0d56a1d38cd"},"headline":"Mais de 300 infra\u00e7\u00f5es registadas nas estradas do Alto Minho na \u00faltima semana","datePublished":"2020-12-21T17:39:41+00:00","dateModified":"2020-12-21T17:39:49+00:00","mainEntityOfPage":{"@id":"https:\/\/www.altominho.tv\/site\/2020\/12\/21\/mais-de-300-infracoes-registadas-nas-estradas-do-alto-minho-na-ultima-semana\/"},"wordCount":177,"image":{"@id":"https:\/\/www.altominho.tv\/site\/2020\/12\/21\/mais-de-300-infracoes-registadas-nas-estradas-do-alto-minho-na-ultima-semana\/#primaryimage"},"thumbnailUrl":"https:\/\/www.altominho.tv\/site\/wp-content\/uploads\/2020\/12\/GNR.jpg","keywords":["Sociedade"],"articleSection":["Alto Minho"],"inLanguage":"pt-PT","copyrightYear":"2020","copyrightHolder":{"@id":"https:\/\/www.altominho.tv\/site\/#organization"}},{"@type":"WebPage","@id":"https:\/\/www.altominho.tv\/site\/2020\/12\/21\/mais-de-300-infracoes-registadas-nas-estradas-do-alto-minho-na-ultima-semana\/","url":"https:\/\/www.altominho.tv\/site\/2020\/12\/21\/mais-de-300-infracoes-registadas-nas-estradas-do-alto-minho-na-ultima-semana\/","name":"Mais de 300 infra\u00e7\u00f5es registadas nas estradas do Alto Minho na \u00faltima semana","isPartOf":{"@id":"https:\/\/www.altominho.tv\/site\/#website"},"primaryImageOfPage":{"@id":"https:\/\/www.altominho.tv\/site\/2020\/12\/21\/mais-de-300-infracoes-registadas-nas-estradas-do-alto-minho-na-ultima-semana\/#primaryimage"},"image":{"@id":"https:\/\/www.altominho.tv\/site\/2020\/12\/21\/mais-de-300-infracoes-registadas-nas-estradas-do-alto-minho-na-ultima-semana\/#primaryimage"},"thumbnailUrl":"https:\/\/www.altominho.tv\/site\/wp-content\/uploads\/2020\/12\/GNR.jpg","datePublished":"2020-12-21T17:39:41+00:00","dateModified":"2020-12-21T17:39:49+00:00","author":{"@id":"https:\/\/www.altominho.tv\/site\/#\/schema\/person\/d9be4265364723f14ea8e0d56a1d38cd"},"breadcrumb":{"@id":"https:\/\/www.altominho.tv\/site\/2020\/12\/21\/mais-de-300-infracoes-registadas-nas-estradas-do-alto-minho-na-ultima-semana\/#breadcrumb"},"inLanguage":"pt-PT","potentialAction":[{"@type":"ReadAction","target":["https:\/\/www.altominho.tv\/site\/2020\/12\/21\/mais-de-300-infracoes-registadas-nas-estradas-do-alto-minho-na-ultima-semana\/"]}]},{"@type":"ImageObject","inLanguage":"pt-PT","@id":"https:\/\/www.altominho.tv\/site\/2020\/12\/21\/mais-de-300-infracoes-registadas-nas-estradas-do-alto-minho-na-ultima-semana\/#primaryimage","url":"https:\/\/www.altominho.tv\/site\/wp-content\/uploads\/2020\/12\/GNR.jpg","contentUrl":"https:\/\/www.altominho.tv\/site\/wp-content\/uploads\/2020\/12\/GNR.jpg","width":720,"height":405},{"@type":"BreadcrumbList","@id":"https:\/\/www.altominho.tv\/site\/2020\/12\/21\/mais-de-300-infracoes-registadas-nas-estradas-do-alto-minho-na-ultima-semana\/#breadcrumb","itemListElement":[{"@type":"ListItem","position":1,"name":"In\u00edcio","item":"https:\/\/www.altominho.tv\/site\/"},{"@type":"ListItem","position":2,"name":"Mais de 300 infra\u00e7\u00f5es registadas nas estradas do Alto Minho na \u00faltima semana"}]},{"@type":"WebSite","@id":"https:\/\/www.altominho.tv\/site\/#website","url":"https:\/\/www.altominho.tv\/site\/","name":"Altominho.tv","description":"A sua regi\u00e3o \u00e0 dist\u00e2ncia de um clique...","potentialAction":[{"@type":"SearchAction","target":{"@type":"EntryPoint","urlTemplate":"https:\/\/www.altominho.tv\/site\/?s={search_term_string}"},"query-input":{"@type":"PropertyValueSpecification","valueRequired":true,"valueName":"search_term_string"}}],"inLanguage":"pt-PT"},{"@type":"Person","@id":"https:\/\/www.altominho.tv\/site\/#\/schema\/person\/d9be4265364723f14ea8e0d56a1d38cd","name":"Andreia Ferreira","image":{"@type":"ImageObject","inLanguage":"pt-PT","@id":"https:\/\/www.altominho.tv\/site\/wp-content\/uploads\/2021\/01\/AndreiaFerreira-150x150.jpg","url":"https:\/\/www.altominho.tv\/site\/wp-content\/uploads\/2021\/01\/AndreiaFerreira-150x150.jpg","contentUrl":"https:\/\/www.altominho.tv\/site\/wp-content\/uploads\/2021\/01\/AndreiaFerreira-150x150.jpg","caption":"Andreia Ferreira"},"url":"https:\/\/www.altominho.tv\/site\/author\/andreiaferreira\/"}]}},"_links":{"self":[{"href":"https:\/\/www.altominho.tv\/site\/wp-json\/wp\/v2\/posts\/57926","targetHints":{"allow":["GET"]}}],"collection":[{"href":"https:\/\/www.altominho.tv\/site\/wp-json\/wp\/v2\/posts"}],"about":[{"href":"https:\/\/www.altominho.tv\/site\/wp-json\/wp\/v2\/types\/post"}],"author":[{"embeddable":true,"href":"https:\/\/www.altominho.tv\/site\/wp-json\/wp\/v2\/users\/12"}],"replies":[{"embeddable":true,"href":"https:\/\/www.altominho.tv\/site\/wp-json\/wp\/v2\/comments?post=57926"}],"version-history":[{"count":0,"href":"https:\/\/www.altominho.tv\/site\/wp-json\/wp\/v2\/posts\/57926\/revisions"}],"wp:featuredmedia":[{"embeddable":true,"href":"https:\/\/www.altominho.tv\/site\/wp-json\/wp\/v2\/media\/57927"}],"wp:attachment":[{"href":"https:\/\/www.altominho.tv\/site\/wp-json\/wp\/v2\/media?parent=57926"}],"wp:term":[{"taxonomy":"category","embeddable":true,"href":"https:\/\/www.altominho.tv\/site\/wp-json\/wp\/v2\/categories?post=57926"},{"taxonomy":"post_tag","embeddable":true,"href":"https:\/\/www.altominho.tv\/site\/wp-json\/wp\/v2\/tags?post=57926"}],"curies":[{"name":"wp","href":"https:\/\/api.w.org\/{rel}","templated":true}]}}