{"id":57778,"date":"2020-12-17T11:57:37","date_gmt":"2020-12-17T11:57:37","guid":{"rendered":"https:\/\/www.altominho.tv\/site\/?p=57778"},"modified":"2020-12-17T11:59:10","modified_gmt":"2020-12-17T11:59:10","slug":"feirao-de-tradicoes-de-natal-para-visitar-no-sabado-em-caminha-e-vila-praia-de-ancora","status":"publish","type":"post","link":"https:\/\/www.altominho.tv\/site\/2020\/12\/17\/feirao-de-tradicoes-de-natal-para-visitar-no-sabado-em-caminha-e-vila-praia-de-ancora\/","title":{"rendered":"Feir\u00e3o de tradi\u00e7\u00f5es de natal para visitar no s\u00e1bado em Caminha e Vila Praia de \u00c2ncora"},"content":{"rendered":"\n<p>Caminha e Vila Praia de \u00c2ncora v\u00e3o acolher o Feir\u00e3o de Tradi\u00e7\u00f5es de Natal j\u00e1 no s\u00e1bado, dia 19 de dezembro. A rua 16 de Setembro e Pra\u00e7a da Rep\u00fablica v\u00e3o transformar-se em verdadeiros mercados agr\u00edcolas, onde \u00e9 poss\u00edvel adquirir os mais variados produtos locais. Ambos os feir\u00f5es podem ser visitados at\u00e9 \u00e0s 13H00.<\/p>\n\n\n\n<p><br>Em Caminha, o Feir\u00e3o decorre na Rua 16 de Setembro. Em Vila Praia de \u00c2ncora, na Pra\u00e7a da Rep\u00fablica.<br>Nestes feir\u00f5es de Natal, os produtos em exposi\u00e7\u00e3o primam pela qualidade que t\u00e3o bem caraterizam o concelho de Caminha. Ab\u00f3bora, batata, couve portuguesa, couve tronchuda, couve pensa, couve galega, nozes, gilas, mel, chouri\u00e7o, broa, entre muitos outros produtos, podem ser adquiridos j\u00e1 no s\u00e1bado.<\/p>\n\n\n\n<p><br>Para al\u00e9m dos Feir\u00f5es de Natal, os visitantes podem aproveitar para provar as especialidades de rabanada dispon\u00edveis nos caf\u00e9s, pastelarias, mercearias, hot\u00e9is e restaurantes aderentes do concelho. H\u00e1 32 especialidades de rabanada: infantil, de vinho do Porto, de frutos secos, de chila, recheada com ma\u00e7\u00e3, recheada com ab\u00f3bora, com doces de ovos ou fios de ovos, entre outras.<\/p>\n","protected":false},"excerpt":{"rendered":"<p>Caminha e Vila Praia de \u00c2ncora v\u00e3o acolher o Feir\u00e3o de Tradi\u00e7\u00f5es de Natal j\u00e1 no s\u00e1bado, dia 19 de dezembro. A rua 16 de Setembro e Pra\u00e7a da Rep\u00fablica v\u00e3o transformar-se em verdadeiros mercados agr\u00edcolas, onde \u00e9 poss\u00edvel adquirir os mais variados produtos locais. Ambos os feir\u00f5es podem ser visitados at\u00e9 \u00e0s 13H00. Em [&hellip;]<\/p>\n","protected":false},"author":1,"featured_media":57779,"comment_status":"closed","ping_status":"closed","sticky":false,"template":"","format":"standard","meta":{"_exactmetrics_skip_tracking":false,"_exactmetrics_sitenote_active":false,"_exactmetrics_sitenote_note":"","_exactmetrics_sitenote_category":0,"footnotes":""},"categories":[7],"tags":[27],"class_list":["post-57778","post","type-post","status-publish","format-standard","has-post-thumbnail","hentry","category-caminha","tag-sociedade"],"yoast_head":"<!-- This site is optimized with the Yoast SEO Premium plugin v27.4 (Yoast SEO v27.4) - https:\/\/yoast.com\/product\/yoast-seo-premium-wordpress\/ -->\n<title>Feir\u00e3o de tradi\u00e7\u00f5es de natal para visitar no s\u00e1bado em Caminha e Vila Praia de \u00c2ncora<\/title>\n<meta name=\"robots\" content=\"index, follow, max-snippet:-1, max-image-preview:large, max-video-preview:-1\" \/>\n<link rel=\"canonical\" href=\"https:\/\/www.altominho.tv\/site\/2020\/12\/17\/feirao-de-tradicoes-de-natal-para-visitar-no-sabado-em-caminha-e-vila-praia-de-ancora\/\" \/>\n<meta property=\"og:locale\" content=\"pt_PT\" \/>\n<meta property=\"og:type\" content=\"article\" \/>\n<meta property=\"og:title\" content=\"Feir\u00e3o de tradi\u00e7\u00f5es de natal para visitar no s\u00e1bado em Caminha e Vila Praia de \u00c2ncora\" \/>\n<meta property=\"og:description\" content=\"Caminha e Vila Praia de \u00c2ncora v\u00e3o acolher o Feir\u00e3o de Tradi\u00e7\u00f5es de Natal j\u00e1 no s\u00e1bado, dia 19 de dezembro. A rua 16 de Setembro e Pra\u00e7a da Rep\u00fablica v\u00e3o transformar-se em verdadeiros mercados agr\u00edcolas, onde \u00e9 poss\u00edvel adquirir os mais variados produtos locais. Ambos os feir\u00f5es podem ser visitados at\u00e9 \u00e0s 13H00. Em [&hellip;]\" \/>\n<meta property=\"og:url\" content=\"https:\/\/www.altominho.tv\/site\/2020\/12\/17\/feirao-de-tradicoes-de-natal-para-visitar-no-sabado-em-caminha-e-vila-praia-de-ancora\/\" \/>\n<meta property=\"og:site_name\" content=\"Altominho.tv\" \/>\n<meta property=\"article:publisher\" content=\"https:\/\/www.facebook.com\/altominhotv\" \/>\n<meta property=\"article:published_time\" content=\"2020-12-17T11:57:37+00:00\" \/>\n<meta property=\"article:modified_time\" content=\"2020-12-17T11:59:10+00:00\" \/>\n<meta property=\"og:image\" content=\"https:\/\/www.altominho.tv\/site\/wp-content\/uploads\/2020\/12\/21914451_AL1cK.jpeg\" \/>\n\t<meta property=\"og:image:width\" content=\"960\" \/>\n\t<meta property=\"og:image:height\" content=\"640\" \/>\n\t<meta property=\"og:image:type\" content=\"image\/jpeg\" \/>\n<meta name=\"author\" content=\"Altominho.tv\" \/>\n<meta name=\"twitter:card\" content=\"summary_large_image\" \/>\n<meta name=\"twitter:creator\" content=\"@altominhoTV\" \/>\n<meta name=\"twitter:site\" content=\"@altominhoTV\" \/>\n<meta name=\"twitter:label1\" content=\"Escrito por\" \/>\n\t<meta name=\"twitter:data1\" content=\"Altominho.tv\" \/>\n\t<meta name=\"twitter:label2\" content=\"Tempo estimado de leitura\" \/>\n\t<meta name=\"twitter:data2\" content=\"1 minuto\" \/>\n<script type=\"application\/ld+json\" class=\"yoast-schema-graph\">{\"@context\":\"https:\\\/\\\/schema.org\",\"@graph\":[{\"@type\":\"Article\",\"@id\":\"https:\\\/\\\/www.altominho.tv\\\/site\\\/2020\\\/12\\\/17\\\/feirao-de-tradicoes-de-natal-para-visitar-no-sabado-em-caminha-e-vila-praia-de-ancora\\\/#article\",\"isPartOf\":{\"@id\":\"https:\\\/\\\/www.altominho.tv\\\/site\\\/2020\\\/12\\\/17\\\/feirao-de-tradicoes-de-natal-para-visitar-no-sabado-em-caminha-e-vila-praia-de-ancora\\\/\"},\"author\":{\"name\":\"Altominho.tv\",\"@id\":\"https:\\\/\\\/www.altominho.tv\\\/site\\\/#\\\/schema\\\/person\\\/4e536851627d7914baf3dac752b6af22\"},\"headline\":\"Feir\u00e3o de tradi\u00e7\u00f5es de natal para visitar no s\u00e1bado em Caminha e Vila Praia de \u00c2ncora\",\"datePublished\":\"2020-12-17T11:57:37+00:00\",\"dateModified\":\"2020-12-17T11:59:10+00:00\",\"mainEntityOfPage\":{\"@id\":\"https:\\\/\\\/www.altominho.tv\\\/site\\\/2020\\\/12\\\/17\\\/feirao-de-tradicoes-de-natal-para-visitar-no-sabado-em-caminha-e-vila-praia-de-ancora\\\/\"},\"wordCount\":214,\"image\":{\"@id\":\"https:\\\/\\\/www.altominho.tv\\\/site\\\/2020\\\/12\\\/17\\\/feirao-de-tradicoes-de-natal-para-visitar-no-sabado-em-caminha-e-vila-praia-de-ancora\\\/#primaryimage\"},\"thumbnailUrl\":\"https:\\\/\\\/www.altominho.tv\\\/site\\\/wp-content\\\/uploads\\\/2020\\\/12\\\/21914451_AL1cK.jpeg\",\"keywords\":[\"Sociedade\"],\"articleSection\":[\"Caminha\"],\"inLanguage\":\"pt-PT\",\"copyrightYear\":\"2020\",\"copyrightHolder\":{\"@id\":\"https:\\\/\\\/www.altominho.tv\\\/site\\\/#organization\"}},{\"@type\":\"WebPage\",\"@id\":\"https:\\\/\\\/www.altominho.tv\\\/site\\\/2020\\\/12\\\/17\\\/feirao-de-tradicoes-de-natal-para-visitar-no-sabado-em-caminha-e-vila-praia-de-ancora\\\/\",\"url\":\"https:\\\/\\\/www.altominho.tv\\\/site\\\/2020\\\/12\\\/17\\\/feirao-de-tradicoes-de-natal-para-visitar-no-sabado-em-caminha-e-vila-praia-de-ancora\\\/\",\"name\":\"Feir\u00e3o de tradi\u00e7\u00f5es de natal para visitar no s\u00e1bado em Caminha e Vila Praia de \u00c2ncora\",\"isPartOf\":{\"@id\":\"https:\\\/\\\/www.altominho.tv\\\/site\\\/#website\"},\"primaryImageOfPage\":{\"@id\":\"https:\\\/\\\/www.altominho.tv\\\/site\\\/2020\\\/12\\\/17\\\/feirao-de-tradicoes-de-natal-para-visitar-no-sabado-em-caminha-e-vila-praia-de-ancora\\\/#primaryimage\"},\"image\":{\"@id\":\"https:\\\/\\\/www.altominho.tv\\\/site\\\/2020\\\/12\\\/17\\\/feirao-de-tradicoes-de-natal-para-visitar-no-sabado-em-caminha-e-vila-praia-de-ancora\\\/#primaryimage\"},\"thumbnailUrl\":\"https:\\\/\\\/www.altominho.tv\\\/site\\\/wp-content\\\/uploads\\\/2020\\\/12\\\/21914451_AL1cK.jpeg\",\"datePublished\":\"2020-12-17T11:57:37+00:00\",\"dateModified\":\"2020-12-17T11:59:10+00:00\",\"author\":{\"@id\":\"https:\\\/\\\/www.altominho.tv\\\/site\\\/#\\\/schema\\\/person\\\/4e536851627d7914baf3dac752b6af22\"},\"breadcrumb\":{\"@id\":\"https:\\\/\\\/www.altominho.tv\\\/site\\\/2020\\\/12\\\/17\\\/feirao-de-tradicoes-de-natal-para-visitar-no-sabado-em-caminha-e-vila-praia-de-ancora\\\/#breadcrumb\"},\"inLanguage\":\"pt-PT\",\"potentialAction\":[{\"@type\":\"ReadAction\",\"target\":[\"https:\\\/\\\/www.altominho.tv\\\/site\\\/2020\\\/12\\\/17\\\/feirao-de-tradicoes-de-natal-para-visitar-no-sabado-em-caminha-e-vila-praia-de-ancora\\\/\"]}]},{\"@type\":\"ImageObject\",\"inLanguage\":\"pt-PT\",\"@id\":\"https:\\\/\\\/www.altominho.tv\\\/site\\\/2020\\\/12\\\/17\\\/feirao-de-tradicoes-de-natal-para-visitar-no-sabado-em-caminha-e-vila-praia-de-ancora\\\/#primaryimage\",\"url\":\"https:\\\/\\\/www.altominho.tv\\\/site\\\/wp-content\\\/uploads\\\/2020\\\/12\\\/21914451_AL1cK.jpeg\",\"contentUrl\":\"https:\\\/\\\/www.altominho.tv\\\/site\\\/wp-content\\\/uploads\\\/2020\\\/12\\\/21914451_AL1cK.jpeg\",\"width\":960,\"height\":640},{\"@type\":\"BreadcrumbList\",\"@id\":\"https:\\\/\\\/www.altominho.tv\\\/site\\\/2020\\\/12\\\/17\\\/feirao-de-tradicoes-de-natal-para-visitar-no-sabado-em-caminha-e-vila-praia-de-ancora\\\/#breadcrumb\",\"itemListElement\":[{\"@type\":\"ListItem\",\"position\":1,\"name\":\"In\u00edcio\",\"item\":\"https:\\\/\\\/www.altominho.tv\\\/site\\\/\"},{\"@type\":\"ListItem\",\"position\":2,\"name\":\"Feir\u00e3o de tradi\u00e7\u00f5es de natal para visitar no s\u00e1bado em Caminha e Vila Praia de \u00c2ncora\"}]},{\"@type\":\"WebSite\",\"@id\":\"https:\\\/\\\/www.altominho.tv\\\/site\\\/#website\",\"url\":\"https:\\\/\\\/www.altominho.tv\\\/site\\\/\",\"name\":\"Altominho.tv\",\"description\":\"A sua regi\u00e3o \u00e0 dist\u00e2ncia de um clique...\",\"potentialAction\":[{\"@type\":\"SearchAction\",\"target\":{\"@type\":\"EntryPoint\",\"urlTemplate\":\"https:\\\/\\\/www.altominho.tv\\\/site\\\/?s={search_term_string}\"},\"query-input\":{\"@type\":\"PropertyValueSpecification\",\"valueRequired\":true,\"valueName\":\"search_term_string\"}}],\"inLanguage\":\"pt-PT\"},{\"@type\":\"Person\",\"@id\":\"https:\\\/\\\/www.altominho.tv\\\/site\\\/#\\\/schema\\\/person\\\/4e536851627d7914baf3dac752b6af22\",\"name\":\"Altominho.tv\",\"image\":{\"@type\":\"ImageObject\",\"inLanguage\":\"pt-PT\",\"@id\":\"https:\\\/\\\/www.altominho.tv\\\/site\\\/wp-content\\\/uploads\\\/2019\\\/11\\\/Logo_Avatar_2-150x150.jpg\",\"url\":\"https:\\\/\\\/www.altominho.tv\\\/site\\\/wp-content\\\/uploads\\\/2019\\\/11\\\/Logo_Avatar_2-150x150.jpg\",\"contentUrl\":\"https:\\\/\\\/www.altominho.tv\\\/site\\\/wp-content\\\/uploads\\\/2019\\\/11\\\/Logo_Avatar_2-150x150.jpg\",\"caption\":\"Altominho.tv\"},\"url\":\"https:\\\/\\\/www.altominho.tv\\\/site\\\/author\\\/altominhotv-tecnico\\\/\"}]}<\/script>\n<!-- \/ Yoast SEO Premium plugin. -->","yoast_head_json":{"title":"Feir\u00e3o de tradi\u00e7\u00f5es de natal para visitar no s\u00e1bado em Caminha e Vila Praia de \u00c2ncora","robots":{"index":"index","follow":"follow","max-snippet":"max-snippet:-1","max-image-preview":"max-image-preview:large","max-video-preview":"max-video-preview:-1"},"canonical":"https:\/\/www.altominho.tv\/site\/2020\/12\/17\/feirao-de-tradicoes-de-natal-para-visitar-no-sabado-em-caminha-e-vila-praia-de-ancora\/","og_locale":"pt_PT","og_type":"article","og_title":"Feir\u00e3o de tradi\u00e7\u00f5es de natal para visitar no s\u00e1bado em Caminha e Vila Praia de \u00c2ncora","og_description":"Caminha e Vila Praia de \u00c2ncora v\u00e3o acolher o Feir\u00e3o de Tradi\u00e7\u00f5es de Natal j\u00e1 no s\u00e1bado, dia 19 de dezembro. A rua 16 de Setembro e Pra\u00e7a da Rep\u00fablica v\u00e3o transformar-se em verdadeiros mercados agr\u00edcolas, onde \u00e9 poss\u00edvel adquirir os mais variados produtos locais. Ambos os feir\u00f5es podem ser visitados at\u00e9 \u00e0s 13H00. Em [&hellip;]","og_url":"https:\/\/www.altominho.tv\/site\/2020\/12\/17\/feirao-de-tradicoes-de-natal-para-visitar-no-sabado-em-caminha-e-vila-praia-de-ancora\/","og_site_name":"Altominho.tv","article_publisher":"https:\/\/www.facebook.com\/altominhotv","article_published_time":"2020-12-17T11:57:37+00:00","article_modified_time":"2020-12-17T11:59:10+00:00","og_image":[{"width":960,"height":640,"url":"https:\/\/www.altominho.tv\/site\/wp-content\/uploads\/2020\/12\/21914451_AL1cK.jpeg","type":"image\/jpeg"}],"author":"Altominho.tv","twitter_card":"summary_large_image","twitter_creator":"@altominhoTV","twitter_site":"@altominhoTV","twitter_misc":{"Escrito por":"Altominho.tv","Tempo estimado de leitura":"1 minuto"},"schema":{"@context":"https:\/\/schema.org","@graph":[{"@type":"Article","@id":"https:\/\/www.altominho.tv\/site\/2020\/12\/17\/feirao-de-tradicoes-de-natal-para-visitar-no-sabado-em-caminha-e-vila-praia-de-ancora\/#article","isPartOf":{"@id":"https:\/\/www.altominho.tv\/site\/2020\/12\/17\/feirao-de-tradicoes-de-natal-para-visitar-no-sabado-em-caminha-e-vila-praia-de-ancora\/"},"author":{"name":"Altominho.tv","@id":"https:\/\/www.altominho.tv\/site\/#\/schema\/person\/4e536851627d7914baf3dac752b6af22"},"headline":"Feir\u00e3o de tradi\u00e7\u00f5es de natal para visitar no s\u00e1bado em Caminha e Vila Praia de \u00c2ncora","datePublished":"2020-12-17T11:57:37+00:00","dateModified":"2020-12-17T11:59:10+00:00","mainEntityOfPage":{"@id":"https:\/\/www.altominho.tv\/site\/2020\/12\/17\/feirao-de-tradicoes-de-natal-para-visitar-no-sabado-em-caminha-e-vila-praia-de-ancora\/"},"wordCount":214,"image":{"@id":"https:\/\/www.altominho.tv\/site\/2020\/12\/17\/feirao-de-tradicoes-de-natal-para-visitar-no-sabado-em-caminha-e-vila-praia-de-ancora\/#primaryimage"},"thumbnailUrl":"https:\/\/www.altominho.tv\/site\/wp-content\/uploads\/2020\/12\/21914451_AL1cK.jpeg","keywords":["Sociedade"],"articleSection":["Caminha"],"inLanguage":"pt-PT","copyrightYear":"2020","copyrightHolder":{"@id":"https:\/\/www.altominho.tv\/site\/#organization"}},{"@type":"WebPage","@id":"https:\/\/www.altominho.tv\/site\/2020\/12\/17\/feirao-de-tradicoes-de-natal-para-visitar-no-sabado-em-caminha-e-vila-praia-de-ancora\/","url":"https:\/\/www.altominho.tv\/site\/2020\/12\/17\/feirao-de-tradicoes-de-natal-para-visitar-no-sabado-em-caminha-e-vila-praia-de-ancora\/","name":"Feir\u00e3o de tradi\u00e7\u00f5es de natal para visitar no s\u00e1bado em Caminha e Vila Praia de \u00c2ncora","isPartOf":{"@id":"https:\/\/www.altominho.tv\/site\/#website"},"primaryImageOfPage":{"@id":"https:\/\/www.altominho.tv\/site\/2020\/12\/17\/feirao-de-tradicoes-de-natal-para-visitar-no-sabado-em-caminha-e-vila-praia-de-ancora\/#primaryimage"},"image":{"@id":"https:\/\/www.altominho.tv\/site\/2020\/12\/17\/feirao-de-tradicoes-de-natal-para-visitar-no-sabado-em-caminha-e-vila-praia-de-ancora\/#primaryimage"},"thumbnailUrl":"https:\/\/www.altominho.tv\/site\/wp-content\/uploads\/2020\/12\/21914451_AL1cK.jpeg","datePublished":"2020-12-17T11:57:37+00:00","dateModified":"2020-12-17T11:59:10+00:00","author":{"@id":"https:\/\/www.altominho.tv\/site\/#\/schema\/person\/4e536851627d7914baf3dac752b6af22"},"breadcrumb":{"@id":"https:\/\/www.altominho.tv\/site\/2020\/12\/17\/feirao-de-tradicoes-de-natal-para-visitar-no-sabado-em-caminha-e-vila-praia-de-ancora\/#breadcrumb"},"inLanguage":"pt-PT","potentialAction":[{"@type":"ReadAction","target":["https:\/\/www.altominho.tv\/site\/2020\/12\/17\/feirao-de-tradicoes-de-natal-para-visitar-no-sabado-em-caminha-e-vila-praia-de-ancora\/"]}]},{"@type":"ImageObject","inLanguage":"pt-PT","@id":"https:\/\/www.altominho.tv\/site\/2020\/12\/17\/feirao-de-tradicoes-de-natal-para-visitar-no-sabado-em-caminha-e-vila-praia-de-ancora\/#primaryimage","url":"https:\/\/www.altominho.tv\/site\/wp-content\/uploads\/2020\/12\/21914451_AL1cK.jpeg","contentUrl":"https:\/\/www.altominho.tv\/site\/wp-content\/uploads\/2020\/12\/21914451_AL1cK.jpeg","width":960,"height":640},{"@type":"BreadcrumbList","@id":"https:\/\/www.altominho.tv\/site\/2020\/12\/17\/feirao-de-tradicoes-de-natal-para-visitar-no-sabado-em-caminha-e-vila-praia-de-ancora\/#breadcrumb","itemListElement":[{"@type":"ListItem","position":1,"name":"In\u00edcio","item":"https:\/\/www.altominho.tv\/site\/"},{"@type":"ListItem","position":2,"name":"Feir\u00e3o de tradi\u00e7\u00f5es de natal para visitar no s\u00e1bado em Caminha e Vila Praia de \u00c2ncora"}]},{"@type":"WebSite","@id":"https:\/\/www.altominho.tv\/site\/#website","url":"https:\/\/www.altominho.tv\/site\/","name":"Altominho.tv","description":"A sua regi\u00e3o \u00e0 dist\u00e2ncia de um clique...","potentialAction":[{"@type":"SearchAction","target":{"@type":"EntryPoint","urlTemplate":"https:\/\/www.altominho.tv\/site\/?s={search_term_string}"},"query-input":{"@type":"PropertyValueSpecification","valueRequired":true,"valueName":"search_term_string"}}],"inLanguage":"pt-PT"},{"@type":"Person","@id":"https:\/\/www.altominho.tv\/site\/#\/schema\/person\/4e536851627d7914baf3dac752b6af22","name":"Altominho.tv","image":{"@type":"ImageObject","inLanguage":"pt-PT","@id":"https:\/\/www.altominho.tv\/site\/wp-content\/uploads\/2019\/11\/Logo_Avatar_2-150x150.jpg","url":"https:\/\/www.altominho.tv\/site\/wp-content\/uploads\/2019\/11\/Logo_Avatar_2-150x150.jpg","contentUrl":"https:\/\/www.altominho.tv\/site\/wp-content\/uploads\/2019\/11\/Logo_Avatar_2-150x150.jpg","caption":"Altominho.tv"},"url":"https:\/\/www.altominho.tv\/site\/author\/altominhotv-tecnico\/"}]}},"_links":{"self":[{"href":"https:\/\/www.altominho.tv\/site\/wp-json\/wp\/v2\/posts\/57778","targetHints":{"allow":["GET"]}}],"collection":[{"href":"https:\/\/www.altominho.tv\/site\/wp-json\/wp\/v2\/posts"}],"about":[{"href":"https:\/\/www.altominho.tv\/site\/wp-json\/wp\/v2\/types\/post"}],"author":[{"embeddable":true,"href":"https:\/\/www.altominho.tv\/site\/wp-json\/wp\/v2\/users\/1"}],"replies":[{"embeddable":true,"href":"https:\/\/www.altominho.tv\/site\/wp-json\/wp\/v2\/comments?post=57778"}],"version-history":[{"count":0,"href":"https:\/\/www.altominho.tv\/site\/wp-json\/wp\/v2\/posts\/57778\/revisions"}],"wp:featuredmedia":[{"embeddable":true,"href":"https:\/\/www.altominho.tv\/site\/wp-json\/wp\/v2\/media\/57779"}],"wp:attachment":[{"href":"https:\/\/www.altominho.tv\/site\/wp-json\/wp\/v2\/media?parent=57778"}],"wp:term":[{"taxonomy":"category","embeddable":true,"href":"https:\/\/www.altominho.tv\/site\/wp-json\/wp\/v2\/categories?post=57778"},{"taxonomy":"post_tag","embeddable":true,"href":"https:\/\/www.altominho.tv\/site\/wp-json\/wp\/v2\/tags?post=57778"}],"curies":[{"name":"wp","href":"https:\/\/api.w.org\/{rel}","templated":true}]}}