{"id":57755,"date":"2020-12-16T19:02:13","date_gmt":"2020-12-16T19:02:13","guid":{"rendered":"https:\/\/www.altominho.tv\/site\/?p=57755"},"modified":"2020-12-16T19:02:17","modified_gmt":"2020-12-16T19:02:17","slug":"retomada-circulacao-na-linha-do-minho-apos-abalroamento-que-feriu-gravemente-um-rapaz","status":"publish","type":"post","link":"https:\/\/www.altominho.tv\/site\/2020\/12\/16\/retomada-circulacao-na-linha-do-minho-apos-abalroamento-que-feriu-gravemente-um-rapaz\/","title":{"rendered":"Retomada circula\u00e7\u00e3o na Linha do Minho ap\u00f3s abalroamento que feriu gravemente um rapaz"},"content":{"rendered":"\n<p>A circula\u00e7\u00e3o ferrovi\u00e1ria na Linha do Minho, em Caminha, no distrito de Viana do Castelo, foi restabelecida hoje, \u00e0s 17:07, depois de ter estado interrompida desde as 14:58, ap\u00f3s um abalroamento que feriu gravemente um rapaz de 12 anos.<\/p>\n\n\n\n<p>Contactada pela ag\u00eancia Lusa, fonte do Comando Territorial da GNR de Viana do Castelo, adiantou que &#8220;ainda no local a crian\u00e7a foi sujeita a manobras de reanima\u00e7\u00e3o, tendo sido transportada ao hospital de Santa Luzia&#8221;, na capital do Alto Minho. <\/p>\n\n\n\n<p>&#8220;Est\u00e1 a ser equacionada a sua transfer\u00eancia para uma Unidade de Cuidados Intensivos (UCI) num hospital do Porto, devido ao estado cr\u00edtico em que se encontra&#8221;, especificou.<\/p>\n\n\n\n<p>Al\u00e9m do rapaz de 12 anos, seguiam na viatura ligeira hoje abalroada na passagem de n\u00edvel de Lampej\u00e3o, freguesia de Moledo e Cristelo, por um comboio inter-regional que fazia a liga\u00e7\u00e3o entre Valen\u00e7a e Viana do Castelo, um outro rapaz, de 11 anos e, uma mulher de 35. <\/p>\n\n\n\n<p>&#8220;O ferido grave, que seguia no banco traseiro da viatura, \u00e9 amigo da crian\u00e7a de 11 anos que seguia, na frente, ao lado da m\u00e3e, condutora da viatura. M\u00e3e e filho n\u00e3o sofreram ferimentos, mas a mulher foi transportada ao hospital de Viana do Castelo para receber assist\u00eancia psicol\u00f3gica&#8221;, especificou a fonte da GNR.<\/p>\n\n\n\n<p>Aquela fonte adiantou que a &#8220;GNR est\u00e1 a investigar as causas do acidente, tal como a Infraestruturas de Portugal (IP), que deslocou uma equipa para o local&#8221;.<\/p>\n\n\n\n<p>Contactada pela Lusa, fonte da IP garantiu que &#8220;tanto os sinais sonoros como o mecanismo que aciona as barreiras da passagem de n\u00edvel funcionaram&#8221;.<\/p>\n\n\n\n<p>&#8220;O sistema est\u00e1 em pleno funcionamento&#8221;, assegurou a fonte.<\/p>\n\n\n\n<p>A fonte da IP adiantou que &#8220;o comboio inter-regional retomou a marcha \u00e0s 17:07 e que, \u00e0s 17:15 a Linha do Minho estava livre \u00e0 circula\u00e7\u00e3o&#8221;.<\/p>\n\n\n\n<p>Ao local compareceram 21 operacionais de 11 viaturas dos bombeiros volunt\u00e1rios de Vila Praia de \u00c2ncora e Caminha, a Viatura de Emerg\u00eancia M\u00e9dica (VMER) estacionada no hospital de Santa Luzia, em Viana do Castelo, Infraestruturas de Portugal e GNR.<\/p>\n\n\n\n<p>Tamb\u00e9m em Caminha, em setembro, um outro abalroamento numa passagem de n\u00edvel na freguesia de Seixas envolveu uma viatura ligeira, sem causar feridos, mas obrigando ao corte tempor\u00e1rio da circula\u00e7\u00e3o ferrovi\u00e1ria da Linha do Minho.<\/p>\n\n\n\n<p>Na altura, \u00e0 Lusa, o presidente da C\u00e2mara de Caminha, Miguel Alves, explicou que a passagem n\u00edvel &#8220;tem sinaliza\u00e7\u00e3o horizontal e vertical&#8221;.<\/p>\n\n\n\n<p>&#8220;A condutora meteu o carro fora da via de atravessamento e o ve\u00edculo caiu dentro dos carris. Na altura n\u00e3o passava nenhum comboio. Como n\u00e3o conseguiu tirar o carro da linha, retirou as duas crian\u00e7as que seguiam na viatura colocando-se a salvo.<\/p>\n\n\n\n<p>Entretanto, acabou mesmo por passar o comboio que levou o carro pela frente&#8221;, especificou.<\/p>\n","protected":false},"excerpt":{"rendered":"<p>A circula\u00e7\u00e3o ferrovi\u00e1ria na Linha do Minho, em Caminha, no distrito de Viana do Castelo, foi restabelecida hoje, \u00e0s 17:07, depois de ter estado interrompida desde as 14:58, ap\u00f3s um abalroamento que feriu gravemente um rapaz de 12 anos. Contactada pela ag\u00eancia Lusa, fonte do Comando Territorial da GNR de Viana do Castelo, adiantou que [&hellip;]<\/p>\n","protected":false},"author":7,"featured_media":57757,"comment_status":"closed","ping_status":"closed","sticky":false,"template":"","format":"standard","meta":{"_exactmetrics_skip_tracking":false,"_exactmetrics_sitenote_active":false,"_exactmetrics_sitenote_note":"","_exactmetrics_sitenote_category":0,"footnotes":""},"categories":[7],"tags":[27],"class_list":["post-57755","post","type-post","status-publish","format-standard","has-post-thumbnail","hentry","category-caminha","tag-sociedade"],"yoast_head":"<!-- This site is optimized with the Yoast SEO Premium plugin v27.4 (Yoast SEO v27.4) - https:\/\/yoast.com\/product\/yoast-seo-premium-wordpress\/ -->\n<title>Retomada circula\u00e7\u00e3o na Linha do Minho ap\u00f3s abalroamento que feriu gravemente um rapaz<\/title>\n<meta name=\"robots\" content=\"index, follow, max-snippet:-1, max-image-preview:large, max-video-preview:-1\" \/>\n<link rel=\"canonical\" href=\"https:\/\/www.altominho.tv\/site\/2020\/12\/16\/retomada-circulacao-na-linha-do-minho-apos-abalroamento-que-feriu-gravemente-um-rapaz\/\" \/>\n<meta property=\"og:locale\" content=\"pt_PT\" \/>\n<meta property=\"og:type\" content=\"article\" \/>\n<meta property=\"og:title\" content=\"Retomada circula\u00e7\u00e3o na Linha do Minho ap\u00f3s abalroamento que feriu gravemente um rapaz\" \/>\n<meta property=\"og:description\" content=\"A circula\u00e7\u00e3o ferrovi\u00e1ria na Linha do Minho, em Caminha, no distrito de Viana do Castelo, foi restabelecida hoje, \u00e0s 17:07, depois de ter estado interrompida desde as 14:58, ap\u00f3s um abalroamento que feriu gravemente um rapaz de 12 anos. Contactada pela ag\u00eancia Lusa, fonte do Comando Territorial da GNR de Viana do Castelo, adiantou que [&hellip;]\" \/>\n<meta property=\"og:url\" content=\"https:\/\/www.altominho.tv\/site\/2020\/12\/16\/retomada-circulacao-na-linha-do-minho-apos-abalroamento-que-feriu-gravemente-um-rapaz\/\" \/>\n<meta property=\"og:site_name\" content=\"Altominho.tv\" \/>\n<meta property=\"article:publisher\" content=\"https:\/\/www.facebook.com\/altominhotv\" \/>\n<meta property=\"article:published_time\" content=\"2020-12-16T19:02:13+00:00\" \/>\n<meta property=\"article:modified_time\" content=\"2020-12-16T19:02:17+00:00\" \/>\n<meta property=\"og:image\" content=\"https:\/\/www.altominho.tv\/site\/wp-content\/uploads\/2020\/12\/inem-1.jpg\" \/>\n\t<meta property=\"og:image:width\" content=\"1700\" \/>\n\t<meta property=\"og:image:height\" content=\"938\" \/>\n\t<meta property=\"og:image:type\" content=\"image\/jpeg\" \/>\n<meta name=\"author\" content=\"Andreia Cunha\" \/>\n<meta name=\"twitter:card\" content=\"summary_large_image\" \/>\n<meta name=\"twitter:creator\" content=\"@altominhoTV\" \/>\n<meta name=\"twitter:site\" content=\"@altominhoTV\" \/>\n<meta name=\"twitter:label1\" content=\"Escrito por\" \/>\n\t<meta name=\"twitter:data1\" content=\"Andreia Cunha\" \/>\n\t<meta name=\"twitter:label2\" content=\"Tempo estimado de leitura\" \/>\n\t<meta name=\"twitter:data2\" content=\"2 minutos\" \/>\n<script type=\"application\/ld+json\" class=\"yoast-schema-graph\">{\"@context\":\"https:\\\/\\\/schema.org\",\"@graph\":[{\"@type\":\"Article\",\"@id\":\"https:\\\/\\\/www.altominho.tv\\\/site\\\/2020\\\/12\\\/16\\\/retomada-circulacao-na-linha-do-minho-apos-abalroamento-que-feriu-gravemente-um-rapaz\\\/#article\",\"isPartOf\":{\"@id\":\"https:\\\/\\\/www.altominho.tv\\\/site\\\/2020\\\/12\\\/16\\\/retomada-circulacao-na-linha-do-minho-apos-abalroamento-que-feriu-gravemente-um-rapaz\\\/\"},\"author\":{\"name\":\"Andreia Cunha\",\"@id\":\"https:\\\/\\\/www.altominho.tv\\\/site\\\/#\\\/schema\\\/person\\\/a0e4ef6d041f98ca284393d8f1d97153\"},\"headline\":\"Retomada circula\u00e7\u00e3o na Linha do Minho ap\u00f3s abalroamento que feriu gravemente um rapaz\",\"datePublished\":\"2020-12-16T19:02:13+00:00\",\"dateModified\":\"2020-12-16T19:02:17+00:00\",\"mainEntityOfPage\":{\"@id\":\"https:\\\/\\\/www.altominho.tv\\\/site\\\/2020\\\/12\\\/16\\\/retomada-circulacao-na-linha-do-minho-apos-abalroamento-que-feriu-gravemente-um-rapaz\\\/\"},\"wordCount\":483,\"image\":{\"@id\":\"https:\\\/\\\/www.altominho.tv\\\/site\\\/2020\\\/12\\\/16\\\/retomada-circulacao-na-linha-do-minho-apos-abalroamento-que-feriu-gravemente-um-rapaz\\\/#primaryimage\"},\"thumbnailUrl\":\"https:\\\/\\\/www.altominho.tv\\\/site\\\/wp-content\\\/uploads\\\/2020\\\/12\\\/inem-1.jpg\",\"keywords\":[\"Sociedade\"],\"articleSection\":[\"Caminha\"],\"inLanguage\":\"pt-PT\",\"copyrightYear\":\"2020\",\"copyrightHolder\":{\"@id\":\"https:\\\/\\\/www.altominho.tv\\\/site\\\/#organization\"}},{\"@type\":\"WebPage\",\"@id\":\"https:\\\/\\\/www.altominho.tv\\\/site\\\/2020\\\/12\\\/16\\\/retomada-circulacao-na-linha-do-minho-apos-abalroamento-que-feriu-gravemente-um-rapaz\\\/\",\"url\":\"https:\\\/\\\/www.altominho.tv\\\/site\\\/2020\\\/12\\\/16\\\/retomada-circulacao-na-linha-do-minho-apos-abalroamento-que-feriu-gravemente-um-rapaz\\\/\",\"name\":\"Retomada circula\u00e7\u00e3o na Linha do Minho ap\u00f3s abalroamento que feriu gravemente um rapaz\",\"isPartOf\":{\"@id\":\"https:\\\/\\\/www.altominho.tv\\\/site\\\/#website\"},\"primaryImageOfPage\":{\"@id\":\"https:\\\/\\\/www.altominho.tv\\\/site\\\/2020\\\/12\\\/16\\\/retomada-circulacao-na-linha-do-minho-apos-abalroamento-que-feriu-gravemente-um-rapaz\\\/#primaryimage\"},\"image\":{\"@id\":\"https:\\\/\\\/www.altominho.tv\\\/site\\\/2020\\\/12\\\/16\\\/retomada-circulacao-na-linha-do-minho-apos-abalroamento-que-feriu-gravemente-um-rapaz\\\/#primaryimage\"},\"thumbnailUrl\":\"https:\\\/\\\/www.altominho.tv\\\/site\\\/wp-content\\\/uploads\\\/2020\\\/12\\\/inem-1.jpg\",\"datePublished\":\"2020-12-16T19:02:13+00:00\",\"dateModified\":\"2020-12-16T19:02:17+00:00\",\"author\":{\"@id\":\"https:\\\/\\\/www.altominho.tv\\\/site\\\/#\\\/schema\\\/person\\\/a0e4ef6d041f98ca284393d8f1d97153\"},\"breadcrumb\":{\"@id\":\"https:\\\/\\\/www.altominho.tv\\\/site\\\/2020\\\/12\\\/16\\\/retomada-circulacao-na-linha-do-minho-apos-abalroamento-que-feriu-gravemente-um-rapaz\\\/#breadcrumb\"},\"inLanguage\":\"pt-PT\",\"potentialAction\":[{\"@type\":\"ReadAction\",\"target\":[\"https:\\\/\\\/www.altominho.tv\\\/site\\\/2020\\\/12\\\/16\\\/retomada-circulacao-na-linha-do-minho-apos-abalroamento-que-feriu-gravemente-um-rapaz\\\/\"]}]},{\"@type\":\"ImageObject\",\"inLanguage\":\"pt-PT\",\"@id\":\"https:\\\/\\\/www.altominho.tv\\\/site\\\/2020\\\/12\\\/16\\\/retomada-circulacao-na-linha-do-minho-apos-abalroamento-que-feriu-gravemente-um-rapaz\\\/#primaryimage\",\"url\":\"https:\\\/\\\/www.altominho.tv\\\/site\\\/wp-content\\\/uploads\\\/2020\\\/12\\\/inem-1.jpg\",\"contentUrl\":\"https:\\\/\\\/www.altominho.tv\\\/site\\\/wp-content\\\/uploads\\\/2020\\\/12\\\/inem-1.jpg\",\"width\":1700,\"height\":938},{\"@type\":\"BreadcrumbList\",\"@id\":\"https:\\\/\\\/www.altominho.tv\\\/site\\\/2020\\\/12\\\/16\\\/retomada-circulacao-na-linha-do-minho-apos-abalroamento-que-feriu-gravemente-um-rapaz\\\/#breadcrumb\",\"itemListElement\":[{\"@type\":\"ListItem\",\"position\":1,\"name\":\"In\u00edcio\",\"item\":\"https:\\\/\\\/www.altominho.tv\\\/site\\\/\"},{\"@type\":\"ListItem\",\"position\":2,\"name\":\"Retomada circula\u00e7\u00e3o na Linha do Minho ap\u00f3s abalroamento que feriu gravemente um rapaz\"}]},{\"@type\":\"WebSite\",\"@id\":\"https:\\\/\\\/www.altominho.tv\\\/site\\\/#website\",\"url\":\"https:\\\/\\\/www.altominho.tv\\\/site\\\/\",\"name\":\"Altominho.tv\",\"description\":\"A sua regi\u00e3o \u00e0 dist\u00e2ncia de um clique...\",\"potentialAction\":[{\"@type\":\"SearchAction\",\"target\":{\"@type\":\"EntryPoint\",\"urlTemplate\":\"https:\\\/\\\/www.altominho.tv\\\/site\\\/?s={search_term_string}\"},\"query-input\":{\"@type\":\"PropertyValueSpecification\",\"valueRequired\":true,\"valueName\":\"search_term_string\"}}],\"inLanguage\":\"pt-PT\"},{\"@type\":\"Person\",\"@id\":\"https:\\\/\\\/www.altominho.tv\\\/site\\\/#\\\/schema\\\/person\\\/a0e4ef6d041f98ca284393d8f1d97153\",\"name\":\"Andreia Cunha\",\"image\":{\"@type\":\"ImageObject\",\"inLanguage\":\"pt-PT\",\"@id\":\"https:\\\/\\\/www.altominho.tv\\\/site\\\/wp-content\\\/uploads\\\/2017\\\/11\\\/Andreia_Cunha-1-150x150.jpg\",\"url\":\"https:\\\/\\\/www.altominho.tv\\\/site\\\/wp-content\\\/uploads\\\/2017\\\/11\\\/Andreia_Cunha-1-150x150.jpg\",\"contentUrl\":\"https:\\\/\\\/www.altominho.tv\\\/site\\\/wp-content\\\/uploads\\\/2017\\\/11\\\/Andreia_Cunha-1-150x150.jpg\",\"caption\":\"Andreia Cunha\"},\"url\":\"https:\\\/\\\/www.altominho.tv\\\/site\\\/author\\\/andreiacunha\\\/\"}]}<\/script>\n<!-- \/ Yoast SEO Premium plugin. -->","yoast_head_json":{"title":"Retomada circula\u00e7\u00e3o na Linha do Minho ap\u00f3s abalroamento que feriu gravemente um rapaz","robots":{"index":"index","follow":"follow","max-snippet":"max-snippet:-1","max-image-preview":"max-image-preview:large","max-video-preview":"max-video-preview:-1"},"canonical":"https:\/\/www.altominho.tv\/site\/2020\/12\/16\/retomada-circulacao-na-linha-do-minho-apos-abalroamento-que-feriu-gravemente-um-rapaz\/","og_locale":"pt_PT","og_type":"article","og_title":"Retomada circula\u00e7\u00e3o na Linha do Minho ap\u00f3s abalroamento que feriu gravemente um rapaz","og_description":"A circula\u00e7\u00e3o ferrovi\u00e1ria na Linha do Minho, em Caminha, no distrito de Viana do Castelo, foi restabelecida hoje, \u00e0s 17:07, depois de ter estado interrompida desde as 14:58, ap\u00f3s um abalroamento que feriu gravemente um rapaz de 12 anos. Contactada pela ag\u00eancia Lusa, fonte do Comando Territorial da GNR de Viana do Castelo, adiantou que [&hellip;]","og_url":"https:\/\/www.altominho.tv\/site\/2020\/12\/16\/retomada-circulacao-na-linha-do-minho-apos-abalroamento-que-feriu-gravemente-um-rapaz\/","og_site_name":"Altominho.tv","article_publisher":"https:\/\/www.facebook.com\/altominhotv","article_published_time":"2020-12-16T19:02:13+00:00","article_modified_time":"2020-12-16T19:02:17+00:00","og_image":[{"width":1700,"height":938,"url":"https:\/\/www.altominho.tv\/site\/wp-content\/uploads\/2020\/12\/inem-1.jpg","type":"image\/jpeg"}],"author":"Andreia Cunha","twitter_card":"summary_large_image","twitter_creator":"@altominhoTV","twitter_site":"@altominhoTV","twitter_misc":{"Escrito por":"Andreia Cunha","Tempo estimado de leitura":"2 minutos"},"schema":{"@context":"https:\/\/schema.org","@graph":[{"@type":"Article","@id":"https:\/\/www.altominho.tv\/site\/2020\/12\/16\/retomada-circulacao-na-linha-do-minho-apos-abalroamento-que-feriu-gravemente-um-rapaz\/#article","isPartOf":{"@id":"https:\/\/www.altominho.tv\/site\/2020\/12\/16\/retomada-circulacao-na-linha-do-minho-apos-abalroamento-que-feriu-gravemente-um-rapaz\/"},"author":{"name":"Andreia Cunha","@id":"https:\/\/www.altominho.tv\/site\/#\/schema\/person\/a0e4ef6d041f98ca284393d8f1d97153"},"headline":"Retomada circula\u00e7\u00e3o na Linha do Minho ap\u00f3s abalroamento que feriu gravemente um rapaz","datePublished":"2020-12-16T19:02:13+00:00","dateModified":"2020-12-16T19:02:17+00:00","mainEntityOfPage":{"@id":"https:\/\/www.altominho.tv\/site\/2020\/12\/16\/retomada-circulacao-na-linha-do-minho-apos-abalroamento-que-feriu-gravemente-um-rapaz\/"},"wordCount":483,"image":{"@id":"https:\/\/www.altominho.tv\/site\/2020\/12\/16\/retomada-circulacao-na-linha-do-minho-apos-abalroamento-que-feriu-gravemente-um-rapaz\/#primaryimage"},"thumbnailUrl":"https:\/\/www.altominho.tv\/site\/wp-content\/uploads\/2020\/12\/inem-1.jpg","keywords":["Sociedade"],"articleSection":["Caminha"],"inLanguage":"pt-PT","copyrightYear":"2020","copyrightHolder":{"@id":"https:\/\/www.altominho.tv\/site\/#organization"}},{"@type":"WebPage","@id":"https:\/\/www.altominho.tv\/site\/2020\/12\/16\/retomada-circulacao-na-linha-do-minho-apos-abalroamento-que-feriu-gravemente-um-rapaz\/","url":"https:\/\/www.altominho.tv\/site\/2020\/12\/16\/retomada-circulacao-na-linha-do-minho-apos-abalroamento-que-feriu-gravemente-um-rapaz\/","name":"Retomada circula\u00e7\u00e3o na Linha do Minho ap\u00f3s abalroamento que feriu gravemente um rapaz","isPartOf":{"@id":"https:\/\/www.altominho.tv\/site\/#website"},"primaryImageOfPage":{"@id":"https:\/\/www.altominho.tv\/site\/2020\/12\/16\/retomada-circulacao-na-linha-do-minho-apos-abalroamento-que-feriu-gravemente-um-rapaz\/#primaryimage"},"image":{"@id":"https:\/\/www.altominho.tv\/site\/2020\/12\/16\/retomada-circulacao-na-linha-do-minho-apos-abalroamento-que-feriu-gravemente-um-rapaz\/#primaryimage"},"thumbnailUrl":"https:\/\/www.altominho.tv\/site\/wp-content\/uploads\/2020\/12\/inem-1.jpg","datePublished":"2020-12-16T19:02:13+00:00","dateModified":"2020-12-16T19:02:17+00:00","author":{"@id":"https:\/\/www.altominho.tv\/site\/#\/schema\/person\/a0e4ef6d041f98ca284393d8f1d97153"},"breadcrumb":{"@id":"https:\/\/www.altominho.tv\/site\/2020\/12\/16\/retomada-circulacao-na-linha-do-minho-apos-abalroamento-que-feriu-gravemente-um-rapaz\/#breadcrumb"},"inLanguage":"pt-PT","potentialAction":[{"@type":"ReadAction","target":["https:\/\/www.altominho.tv\/site\/2020\/12\/16\/retomada-circulacao-na-linha-do-minho-apos-abalroamento-que-feriu-gravemente-um-rapaz\/"]}]},{"@type":"ImageObject","inLanguage":"pt-PT","@id":"https:\/\/www.altominho.tv\/site\/2020\/12\/16\/retomada-circulacao-na-linha-do-minho-apos-abalroamento-que-feriu-gravemente-um-rapaz\/#primaryimage","url":"https:\/\/www.altominho.tv\/site\/wp-content\/uploads\/2020\/12\/inem-1.jpg","contentUrl":"https:\/\/www.altominho.tv\/site\/wp-content\/uploads\/2020\/12\/inem-1.jpg","width":1700,"height":938},{"@type":"BreadcrumbList","@id":"https:\/\/www.altominho.tv\/site\/2020\/12\/16\/retomada-circulacao-na-linha-do-minho-apos-abalroamento-que-feriu-gravemente-um-rapaz\/#breadcrumb","itemListElement":[{"@type":"ListItem","position":1,"name":"In\u00edcio","item":"https:\/\/www.altominho.tv\/site\/"},{"@type":"ListItem","position":2,"name":"Retomada circula\u00e7\u00e3o na Linha do Minho ap\u00f3s abalroamento que feriu gravemente um rapaz"}]},{"@type":"WebSite","@id":"https:\/\/www.altominho.tv\/site\/#website","url":"https:\/\/www.altominho.tv\/site\/","name":"Altominho.tv","description":"A sua regi\u00e3o \u00e0 dist\u00e2ncia de um clique...","potentialAction":[{"@type":"SearchAction","target":{"@type":"EntryPoint","urlTemplate":"https:\/\/www.altominho.tv\/site\/?s={search_term_string}"},"query-input":{"@type":"PropertyValueSpecification","valueRequired":true,"valueName":"search_term_string"}}],"inLanguage":"pt-PT"},{"@type":"Person","@id":"https:\/\/www.altominho.tv\/site\/#\/schema\/person\/a0e4ef6d041f98ca284393d8f1d97153","name":"Andreia Cunha","image":{"@type":"ImageObject","inLanguage":"pt-PT","@id":"https:\/\/www.altominho.tv\/site\/wp-content\/uploads\/2017\/11\/Andreia_Cunha-1-150x150.jpg","url":"https:\/\/www.altominho.tv\/site\/wp-content\/uploads\/2017\/11\/Andreia_Cunha-1-150x150.jpg","contentUrl":"https:\/\/www.altominho.tv\/site\/wp-content\/uploads\/2017\/11\/Andreia_Cunha-1-150x150.jpg","caption":"Andreia Cunha"},"url":"https:\/\/www.altominho.tv\/site\/author\/andreiacunha\/"}]}},"_links":{"self":[{"href":"https:\/\/www.altominho.tv\/site\/wp-json\/wp\/v2\/posts\/57755","targetHints":{"allow":["GET"]}}],"collection":[{"href":"https:\/\/www.altominho.tv\/site\/wp-json\/wp\/v2\/posts"}],"about":[{"href":"https:\/\/www.altominho.tv\/site\/wp-json\/wp\/v2\/types\/post"}],"author":[{"embeddable":true,"href":"https:\/\/www.altominho.tv\/site\/wp-json\/wp\/v2\/users\/7"}],"replies":[{"embeddable":true,"href":"https:\/\/www.altominho.tv\/site\/wp-json\/wp\/v2\/comments?post=57755"}],"version-history":[{"count":0,"href":"https:\/\/www.altominho.tv\/site\/wp-json\/wp\/v2\/posts\/57755\/revisions"}],"wp:featuredmedia":[{"embeddable":true,"href":"https:\/\/www.altominho.tv\/site\/wp-json\/wp\/v2\/media\/57757"}],"wp:attachment":[{"href":"https:\/\/www.altominho.tv\/site\/wp-json\/wp\/v2\/media?parent=57755"}],"wp:term":[{"taxonomy":"category","embeddable":true,"href":"https:\/\/www.altominho.tv\/site\/wp-json\/wp\/v2\/categories?post=57755"},{"taxonomy":"post_tag","embeddable":true,"href":"https:\/\/www.altominho.tv\/site\/wp-json\/wp\/v2\/tags?post=57755"}],"curies":[{"name":"wp","href":"https:\/\/api.w.org\/{rel}","templated":true}]}}