{"id":57742,"date":"2020-12-16T16:12:33","date_gmt":"2020-12-16T16:12:33","guid":{"rendered":"https:\/\/www.altominho.tv\/site\/?p=57742"},"modified":"2020-12-16T16:13:13","modified_gmt":"2020-12-16T16:13:13","slug":"linha-do-minho-cortada-em-caminha-devido-a-abalroamento-que-causou-tres-feridos","status":"publish","type":"post","link":"https:\/\/www.altominho.tv\/site\/2020\/12\/16\/linha-do-minho-cortada-em-caminha-devido-a-abalroamento-que-causou-tres-feridos\/","title":{"rendered":"Linha do Minho cortada em Caminha devido a abalroamento que causou tr\u00eas feridos"},"content":{"rendered":"<p>Um comboio abalroou hoje uma viatura ligeira na Linha do Minho, em Caminha, distrito de Viana do Castelo, causando tr\u00eas feridos, entre os quais uma crian\u00e7a, obrigando ao corte da circula\u00e7\u00e3o ferrovi\u00e1ria, disse fonte da Prote\u00e7\u00e3o Civil.<\/p>\n<p>O alerta para o abalroamento ferrovi\u00e1rio na Linha do Minho na passagem de n\u00edvel de Lampej\u00e3o, freguesia de Moledo e Cristelo, em Caminha, foi dado \u00e0s 14:58, disse fonte do Comando Distrital de Opera\u00e7\u00f5es de Socorro (CDOS) de Viana do Castelo.<\/p>\n<p>Segundo adiantou \u00e0 ag\u00eancia Lusa o vice-presidente da C\u00e2mara de Caminha, Guilherme Lagido, os feridos s\u00e3o &#8220;as duas mulheres que seguiam nos lugares da frente do ve\u00edculo ligeiro, sendo que o rapaz de 12 anos, que seguia no banco traseiro da viatura, foi transportado ao hospital&#8221;, desconhecendo-se a gravidade dos ferimentos.<\/p>\n<p>Contactada pela Lusa, fonte da Infraestruturas de Portugal (IP) adiantou que o acidente envolveu um comboio inter-regional que fazia a liga\u00e7\u00e3o entre Valen\u00e7a e Viana do Castelo, na Linha do Minho.<\/p>\n<p>A mesma fonte explicou que &#8220;os mecanismos da passagem de funcionaram&#8221;.<br \/>\n&#8220;Ap\u00f3s o aviso, as barreiras baixaram&#8221;, afirmou, adiantando estarem a ser apuradas as causas do abalroamento.<\/p>\n<p>Ao local compareceram 21 operacionais de 11 viaturas dos bombeiros volunt\u00e1rios de Vila Praia de \u00c2ncora e Caminha, a Viatura de Emerg\u00eancia M\u00e9dica (VMER) estacionada no hospital de Santa Luzia, em Viana do Castelo, Infraestruturas de Portugal e GNR.<\/p>\n","protected":false},"excerpt":{"rendered":"<p>Um comboio abalroou hoje uma viatura ligeira na Linha do Minho, em Caminha, distrito de Viana do Castelo, causando tr\u00eas feridos, entre os quais uma crian\u00e7a, obrigando ao corte da circula\u00e7\u00e3o ferrovi\u00e1ria, disse fonte da Prote\u00e7\u00e3o Civil. O alerta para o abalroamento ferrovi\u00e1rio na Linha do Minho na passagem de n\u00edvel de Lampej\u00e3o, freguesia de [&hellip;]<\/p>\n","protected":false},"author":13,"featured_media":57743,"comment_status":"closed","ping_status":"closed","sticky":false,"template":"","format":"standard","meta":{"_exactmetrics_skip_tracking":false,"_exactmetrics_sitenote_active":false,"_exactmetrics_sitenote_note":"","_exactmetrics_sitenote_category":0,"footnotes":""},"categories":[7],"tags":[27],"class_list":["post-57742","post","type-post","status-publish","format-standard","has-post-thumbnail","hentry","category-caminha","tag-sociedade"],"yoast_head":"<!-- This site is optimized with the Yoast SEO Premium plugin v27.4 (Yoast SEO v27.4) - https:\/\/yoast.com\/product\/yoast-seo-premium-wordpress\/ -->\n<title>Linha do Minho cortada em Caminha devido a abalroamento que causou tr\u00eas feridos<\/title>\n<meta name=\"robots\" content=\"index, follow, max-snippet:-1, max-image-preview:large, max-video-preview:-1\" \/>\n<link rel=\"canonical\" href=\"https:\/\/www.altominho.tv\/site\/2020\/12\/16\/linha-do-minho-cortada-em-caminha-devido-a-abalroamento-que-causou-tres-feridos\/\" \/>\n<meta property=\"og:locale\" content=\"pt_PT\" \/>\n<meta property=\"og:type\" content=\"article\" \/>\n<meta property=\"og:title\" content=\"Linha do Minho cortada em Caminha devido a abalroamento que causou tr\u00eas feridos\" \/>\n<meta property=\"og:description\" content=\"Um comboio abalroou hoje uma viatura ligeira na Linha do Minho, em Caminha, distrito de Viana do Castelo, causando tr\u00eas feridos, entre os quais uma crian\u00e7a, obrigando ao corte da circula\u00e7\u00e3o ferrovi\u00e1ria, disse fonte da Prote\u00e7\u00e3o Civil. O alerta para o abalroamento ferrovi\u00e1rio na Linha do Minho na passagem de n\u00edvel de Lampej\u00e3o, freguesia de [&hellip;]\" \/>\n<meta property=\"og:url\" content=\"https:\/\/www.altominho.tv\/site\/2020\/12\/16\/linha-do-minho-cortada-em-caminha-devido-a-abalroamento-que-causou-tres-feridos\/\" \/>\n<meta property=\"og:site_name\" content=\"Altominho.tv\" \/>\n<meta property=\"article:publisher\" content=\"https:\/\/www.facebook.com\/altominhotv\" \/>\n<meta property=\"article:published_time\" content=\"2020-12-16T16:12:33+00:00\" \/>\n<meta property=\"article:modified_time\" content=\"2020-12-16T16:13:13+00:00\" \/>\n<meta property=\"og:image\" content=\"https:\/\/www.altominho.tv\/site\/wp-content\/uploads\/2020\/12\/ACIDENTE-scaled-1.jpg\" \/>\n\t<meta property=\"og:image:width\" content=\"2560\" \/>\n\t<meta property=\"og:image:height\" content=\"1361\" \/>\n\t<meta property=\"og:image:type\" content=\"image\/jpeg\" \/>\n<meta name=\"author\" content=\"Lusa\" \/>\n<meta name=\"twitter:card\" content=\"summary_large_image\" \/>\n<meta name=\"twitter:creator\" content=\"@altominhoTV\" \/>\n<meta name=\"twitter:site\" content=\"@altominhoTV\" \/>\n<meta name=\"twitter:label1\" content=\"Escrito por\" \/>\n\t<meta name=\"twitter:data1\" content=\"Lusa\" \/>\n\t<meta name=\"twitter:label2\" content=\"Tempo estimado de leitura\" \/>\n\t<meta name=\"twitter:data2\" content=\"1 minuto\" \/>\n<script type=\"application\/ld+json\" class=\"yoast-schema-graph\">{\"@context\":\"https:\\\/\\\/schema.org\",\"@graph\":[{\"@type\":\"Article\",\"@id\":\"https:\\\/\\\/www.altominho.tv\\\/site\\\/2020\\\/12\\\/16\\\/linha-do-minho-cortada-em-caminha-devido-a-abalroamento-que-causou-tres-feridos\\\/#article\",\"isPartOf\":{\"@id\":\"https:\\\/\\\/www.altominho.tv\\\/site\\\/2020\\\/12\\\/16\\\/linha-do-minho-cortada-em-caminha-devido-a-abalroamento-que-causou-tres-feridos\\\/\"},\"author\":{\"name\":\"Lusa\",\"@id\":\"https:\\\/\\\/www.altominho.tv\\\/site\\\/#\\\/schema\\\/person\\\/63f693da3e1899361cbe955c46f3232e\"},\"headline\":\"Linha do Minho cortada em Caminha devido a abalroamento que causou tr\u00eas feridos\",\"datePublished\":\"2020-12-16T16:12:33+00:00\",\"dateModified\":\"2020-12-16T16:13:13+00:00\",\"mainEntityOfPage\":{\"@id\":\"https:\\\/\\\/www.altominho.tv\\\/site\\\/2020\\\/12\\\/16\\\/linha-do-minho-cortada-em-caminha-devido-a-abalroamento-que-causou-tres-feridos\\\/\"},\"wordCount\":254,\"image\":{\"@id\":\"https:\\\/\\\/www.altominho.tv\\\/site\\\/2020\\\/12\\\/16\\\/linha-do-minho-cortada-em-caminha-devido-a-abalroamento-que-causou-tres-feridos\\\/#primaryimage\"},\"thumbnailUrl\":\"https:\\\/\\\/www.altominho.tv\\\/site\\\/wp-content\\\/uploads\\\/2020\\\/12\\\/ACIDENTE-scaled-1.jpg\",\"keywords\":[\"Sociedade\"],\"articleSection\":[\"Caminha\"],\"inLanguage\":\"pt-PT\",\"copyrightYear\":\"2020\",\"copyrightHolder\":{\"@id\":\"https:\\\/\\\/www.altominho.tv\\\/site\\\/#organization\"}},{\"@type\":\"WebPage\",\"@id\":\"https:\\\/\\\/www.altominho.tv\\\/site\\\/2020\\\/12\\\/16\\\/linha-do-minho-cortada-em-caminha-devido-a-abalroamento-que-causou-tres-feridos\\\/\",\"url\":\"https:\\\/\\\/www.altominho.tv\\\/site\\\/2020\\\/12\\\/16\\\/linha-do-minho-cortada-em-caminha-devido-a-abalroamento-que-causou-tres-feridos\\\/\",\"name\":\"Linha do Minho cortada em Caminha devido a abalroamento que causou tr\u00eas feridos\",\"isPartOf\":{\"@id\":\"https:\\\/\\\/www.altominho.tv\\\/site\\\/#website\"},\"primaryImageOfPage\":{\"@id\":\"https:\\\/\\\/www.altominho.tv\\\/site\\\/2020\\\/12\\\/16\\\/linha-do-minho-cortada-em-caminha-devido-a-abalroamento-que-causou-tres-feridos\\\/#primaryimage\"},\"image\":{\"@id\":\"https:\\\/\\\/www.altominho.tv\\\/site\\\/2020\\\/12\\\/16\\\/linha-do-minho-cortada-em-caminha-devido-a-abalroamento-que-causou-tres-feridos\\\/#primaryimage\"},\"thumbnailUrl\":\"https:\\\/\\\/www.altominho.tv\\\/site\\\/wp-content\\\/uploads\\\/2020\\\/12\\\/ACIDENTE-scaled-1.jpg\",\"datePublished\":\"2020-12-16T16:12:33+00:00\",\"dateModified\":\"2020-12-16T16:13:13+00:00\",\"author\":{\"@id\":\"https:\\\/\\\/www.altominho.tv\\\/site\\\/#\\\/schema\\\/person\\\/63f693da3e1899361cbe955c46f3232e\"},\"breadcrumb\":{\"@id\":\"https:\\\/\\\/www.altominho.tv\\\/site\\\/2020\\\/12\\\/16\\\/linha-do-minho-cortada-em-caminha-devido-a-abalroamento-que-causou-tres-feridos\\\/#breadcrumb\"},\"inLanguage\":\"pt-PT\",\"potentialAction\":[{\"@type\":\"ReadAction\",\"target\":[\"https:\\\/\\\/www.altominho.tv\\\/site\\\/2020\\\/12\\\/16\\\/linha-do-minho-cortada-em-caminha-devido-a-abalroamento-que-causou-tres-feridos\\\/\"]}]},{\"@type\":\"ImageObject\",\"inLanguage\":\"pt-PT\",\"@id\":\"https:\\\/\\\/www.altominho.tv\\\/site\\\/2020\\\/12\\\/16\\\/linha-do-minho-cortada-em-caminha-devido-a-abalroamento-que-causou-tres-feridos\\\/#primaryimage\",\"url\":\"https:\\\/\\\/www.altominho.tv\\\/site\\\/wp-content\\\/uploads\\\/2020\\\/12\\\/ACIDENTE-scaled-1.jpg\",\"contentUrl\":\"https:\\\/\\\/www.altominho.tv\\\/site\\\/wp-content\\\/uploads\\\/2020\\\/12\\\/ACIDENTE-scaled-1.jpg\",\"width\":2560,\"height\":1361},{\"@type\":\"BreadcrumbList\",\"@id\":\"https:\\\/\\\/www.altominho.tv\\\/site\\\/2020\\\/12\\\/16\\\/linha-do-minho-cortada-em-caminha-devido-a-abalroamento-que-causou-tres-feridos\\\/#breadcrumb\",\"itemListElement\":[{\"@type\":\"ListItem\",\"position\":1,\"name\":\"In\u00edcio\",\"item\":\"https:\\\/\\\/www.altominho.tv\\\/site\\\/\"},{\"@type\":\"ListItem\",\"position\":2,\"name\":\"Linha do Minho cortada em Caminha devido a abalroamento que causou tr\u00eas feridos\"}]},{\"@type\":\"WebSite\",\"@id\":\"https:\\\/\\\/www.altominho.tv\\\/site\\\/#website\",\"url\":\"https:\\\/\\\/www.altominho.tv\\\/site\\\/\",\"name\":\"Altominho.tv\",\"description\":\"A sua regi\u00e3o \u00e0 dist\u00e2ncia de um clique...\",\"potentialAction\":[{\"@type\":\"SearchAction\",\"target\":{\"@type\":\"EntryPoint\",\"urlTemplate\":\"https:\\\/\\\/www.altominho.tv\\\/site\\\/?s={search_term_string}\"},\"query-input\":{\"@type\":\"PropertyValueSpecification\",\"valueRequired\":true,\"valueName\":\"search_term_string\"}}],\"inLanguage\":\"pt-PT\"},{\"@type\":\"Person\",\"@id\":\"https:\\\/\\\/www.altominho.tv\\\/site\\\/#\\\/schema\\\/person\\\/63f693da3e1899361cbe955c46f3232e\",\"name\":\"Lusa\",\"image\":{\"@type\":\"ImageObject\",\"inLanguage\":\"pt-PT\",\"@id\":\"https:\\\/\\\/www.altominho.tv\\\/site\\\/wp-content\\\/uploads\\\/2019\\\/08\\\/LUSA_Logo.gif\",\"url\":\"https:\\\/\\\/www.altominho.tv\\\/site\\\/wp-content\\\/uploads\\\/2019\\\/08\\\/LUSA_Logo.gif\",\"contentUrl\":\"https:\\\/\\\/www.altominho.tv\\\/site\\\/wp-content\\\/uploads\\\/2019\\\/08\\\/LUSA_Logo.gif\",\"caption\":\"Lusa\"},\"sameAs\":[\"http:\\\/\\\/\\\/\\\/www.altominho.tv\\\/site\"],\"url\":\"https:\\\/\\\/www.altominho.tv\\\/site\\\/author\\\/lusa\\\/\"}]}<\/script>\n<!-- \/ Yoast SEO Premium plugin. -->","yoast_head_json":{"title":"Linha do Minho cortada em Caminha devido a abalroamento que causou tr\u00eas feridos","robots":{"index":"index","follow":"follow","max-snippet":"max-snippet:-1","max-image-preview":"max-image-preview:large","max-video-preview":"max-video-preview:-1"},"canonical":"https:\/\/www.altominho.tv\/site\/2020\/12\/16\/linha-do-minho-cortada-em-caminha-devido-a-abalroamento-que-causou-tres-feridos\/","og_locale":"pt_PT","og_type":"article","og_title":"Linha do Minho cortada em Caminha devido a abalroamento que causou tr\u00eas feridos","og_description":"Um comboio abalroou hoje uma viatura ligeira na Linha do Minho, em Caminha, distrito de Viana do Castelo, causando tr\u00eas feridos, entre os quais uma crian\u00e7a, obrigando ao corte da circula\u00e7\u00e3o ferrovi\u00e1ria, disse fonte da Prote\u00e7\u00e3o Civil. O alerta para o abalroamento ferrovi\u00e1rio na Linha do Minho na passagem de n\u00edvel de Lampej\u00e3o, freguesia de [&hellip;]","og_url":"https:\/\/www.altominho.tv\/site\/2020\/12\/16\/linha-do-minho-cortada-em-caminha-devido-a-abalroamento-que-causou-tres-feridos\/","og_site_name":"Altominho.tv","article_publisher":"https:\/\/www.facebook.com\/altominhotv","article_published_time":"2020-12-16T16:12:33+00:00","article_modified_time":"2020-12-16T16:13:13+00:00","og_image":[{"width":2560,"height":1361,"url":"https:\/\/www.altominho.tv\/site\/wp-content\/uploads\/2020\/12\/ACIDENTE-scaled-1.jpg","type":"image\/jpeg"}],"author":"Lusa","twitter_card":"summary_large_image","twitter_creator":"@altominhoTV","twitter_site":"@altominhoTV","twitter_misc":{"Escrito por":"Lusa","Tempo estimado de leitura":"1 minuto"},"schema":{"@context":"https:\/\/schema.org","@graph":[{"@type":"Article","@id":"https:\/\/www.altominho.tv\/site\/2020\/12\/16\/linha-do-minho-cortada-em-caminha-devido-a-abalroamento-que-causou-tres-feridos\/#article","isPartOf":{"@id":"https:\/\/www.altominho.tv\/site\/2020\/12\/16\/linha-do-minho-cortada-em-caminha-devido-a-abalroamento-que-causou-tres-feridos\/"},"author":{"name":"Lusa","@id":"https:\/\/www.altominho.tv\/site\/#\/schema\/person\/63f693da3e1899361cbe955c46f3232e"},"headline":"Linha do Minho cortada em Caminha devido a abalroamento que causou tr\u00eas feridos","datePublished":"2020-12-16T16:12:33+00:00","dateModified":"2020-12-16T16:13:13+00:00","mainEntityOfPage":{"@id":"https:\/\/www.altominho.tv\/site\/2020\/12\/16\/linha-do-minho-cortada-em-caminha-devido-a-abalroamento-que-causou-tres-feridos\/"},"wordCount":254,"image":{"@id":"https:\/\/www.altominho.tv\/site\/2020\/12\/16\/linha-do-minho-cortada-em-caminha-devido-a-abalroamento-que-causou-tres-feridos\/#primaryimage"},"thumbnailUrl":"https:\/\/www.altominho.tv\/site\/wp-content\/uploads\/2020\/12\/ACIDENTE-scaled-1.jpg","keywords":["Sociedade"],"articleSection":["Caminha"],"inLanguage":"pt-PT","copyrightYear":"2020","copyrightHolder":{"@id":"https:\/\/www.altominho.tv\/site\/#organization"}},{"@type":"WebPage","@id":"https:\/\/www.altominho.tv\/site\/2020\/12\/16\/linha-do-minho-cortada-em-caminha-devido-a-abalroamento-que-causou-tres-feridos\/","url":"https:\/\/www.altominho.tv\/site\/2020\/12\/16\/linha-do-minho-cortada-em-caminha-devido-a-abalroamento-que-causou-tres-feridos\/","name":"Linha do Minho cortada em Caminha devido a abalroamento que causou tr\u00eas feridos","isPartOf":{"@id":"https:\/\/www.altominho.tv\/site\/#website"},"primaryImageOfPage":{"@id":"https:\/\/www.altominho.tv\/site\/2020\/12\/16\/linha-do-minho-cortada-em-caminha-devido-a-abalroamento-que-causou-tres-feridos\/#primaryimage"},"image":{"@id":"https:\/\/www.altominho.tv\/site\/2020\/12\/16\/linha-do-minho-cortada-em-caminha-devido-a-abalroamento-que-causou-tres-feridos\/#primaryimage"},"thumbnailUrl":"https:\/\/www.altominho.tv\/site\/wp-content\/uploads\/2020\/12\/ACIDENTE-scaled-1.jpg","datePublished":"2020-12-16T16:12:33+00:00","dateModified":"2020-12-16T16:13:13+00:00","author":{"@id":"https:\/\/www.altominho.tv\/site\/#\/schema\/person\/63f693da3e1899361cbe955c46f3232e"},"breadcrumb":{"@id":"https:\/\/www.altominho.tv\/site\/2020\/12\/16\/linha-do-minho-cortada-em-caminha-devido-a-abalroamento-que-causou-tres-feridos\/#breadcrumb"},"inLanguage":"pt-PT","potentialAction":[{"@type":"ReadAction","target":["https:\/\/www.altominho.tv\/site\/2020\/12\/16\/linha-do-minho-cortada-em-caminha-devido-a-abalroamento-que-causou-tres-feridos\/"]}]},{"@type":"ImageObject","inLanguage":"pt-PT","@id":"https:\/\/www.altominho.tv\/site\/2020\/12\/16\/linha-do-minho-cortada-em-caminha-devido-a-abalroamento-que-causou-tres-feridos\/#primaryimage","url":"https:\/\/www.altominho.tv\/site\/wp-content\/uploads\/2020\/12\/ACIDENTE-scaled-1.jpg","contentUrl":"https:\/\/www.altominho.tv\/site\/wp-content\/uploads\/2020\/12\/ACIDENTE-scaled-1.jpg","width":2560,"height":1361},{"@type":"BreadcrumbList","@id":"https:\/\/www.altominho.tv\/site\/2020\/12\/16\/linha-do-minho-cortada-em-caminha-devido-a-abalroamento-que-causou-tres-feridos\/#breadcrumb","itemListElement":[{"@type":"ListItem","position":1,"name":"In\u00edcio","item":"https:\/\/www.altominho.tv\/site\/"},{"@type":"ListItem","position":2,"name":"Linha do Minho cortada em Caminha devido a abalroamento que causou tr\u00eas feridos"}]},{"@type":"WebSite","@id":"https:\/\/www.altominho.tv\/site\/#website","url":"https:\/\/www.altominho.tv\/site\/","name":"Altominho.tv","description":"A sua regi\u00e3o \u00e0 dist\u00e2ncia de um clique...","potentialAction":[{"@type":"SearchAction","target":{"@type":"EntryPoint","urlTemplate":"https:\/\/www.altominho.tv\/site\/?s={search_term_string}"},"query-input":{"@type":"PropertyValueSpecification","valueRequired":true,"valueName":"search_term_string"}}],"inLanguage":"pt-PT"},{"@type":"Person","@id":"https:\/\/www.altominho.tv\/site\/#\/schema\/person\/63f693da3e1899361cbe955c46f3232e","name":"Lusa","image":{"@type":"ImageObject","inLanguage":"pt-PT","@id":"https:\/\/www.altominho.tv\/site\/wp-content\/uploads\/2019\/08\/LUSA_Logo.gif","url":"https:\/\/www.altominho.tv\/site\/wp-content\/uploads\/2019\/08\/LUSA_Logo.gif","contentUrl":"https:\/\/www.altominho.tv\/site\/wp-content\/uploads\/2019\/08\/LUSA_Logo.gif","caption":"Lusa"},"sameAs":["http:\/\/\/\/www.altominho.tv\/site"],"url":"https:\/\/www.altominho.tv\/site\/author\/lusa\/"}]}},"_links":{"self":[{"href":"https:\/\/www.altominho.tv\/site\/wp-json\/wp\/v2\/posts\/57742","targetHints":{"allow":["GET"]}}],"collection":[{"href":"https:\/\/www.altominho.tv\/site\/wp-json\/wp\/v2\/posts"}],"about":[{"href":"https:\/\/www.altominho.tv\/site\/wp-json\/wp\/v2\/types\/post"}],"author":[{"embeddable":true,"href":"https:\/\/www.altominho.tv\/site\/wp-json\/wp\/v2\/users\/13"}],"replies":[{"embeddable":true,"href":"https:\/\/www.altominho.tv\/site\/wp-json\/wp\/v2\/comments?post=57742"}],"version-history":[{"count":0,"href":"https:\/\/www.altominho.tv\/site\/wp-json\/wp\/v2\/posts\/57742\/revisions"}],"wp:featuredmedia":[{"embeddable":true,"href":"https:\/\/www.altominho.tv\/site\/wp-json\/wp\/v2\/media\/57743"}],"wp:attachment":[{"href":"https:\/\/www.altominho.tv\/site\/wp-json\/wp\/v2\/media?parent=57742"}],"wp:term":[{"taxonomy":"category","embeddable":true,"href":"https:\/\/www.altominho.tv\/site\/wp-json\/wp\/v2\/categories?post=57742"},{"taxonomy":"post_tag","embeddable":true,"href":"https:\/\/www.altominho.tv\/site\/wp-json\/wp\/v2\/tags?post=57742"}],"curies":[{"name":"wp","href":"https:\/\/api.w.org\/{rel}","templated":true}]}}