{"id":57589,"date":"2020-12-13T10:09:07","date_gmt":"2020-12-13T10:09:07","guid":{"rendered":"https:\/\/www.altominho.tv\/site\/?p=57589"},"modified":"2020-12-13T10:09:12","modified_gmt":"2020-12-13T10:09:12","slug":"caminha-prepara-espetaculo-de-natal-que-sera-transmitido-online","status":"publish","type":"post","link":"https:\/\/www.altominho.tv\/site\/2020\/12\/13\/caminha-prepara-espetaculo-de-natal-que-sera-transmitido-online\/","title":{"rendered":"Caminha prepara espet\u00e1culo de Natal que ser\u00e1 transmitido online"},"content":{"rendered":"\n<p>A C\u00e2mara Municipal de Caminha est\u00e1 a preparar um grande espet\u00e1culo de Natal, que ser\u00e1 transmitido online. <\/p>\n\n\n\n<p>Segundo a autarquia, esta &#8220;\u00e9 uma forma de celebrar o Natal em completa seguran\u00e7a, apoiando os m\u00fasicos e os t\u00e9cnicos de cultura do concelho&#8221;. <\/p>\n\n\n\n<p>Neste espet\u00e1culo, interv\u00eam 18 artistas, dos quais cinco s\u00e3o m\u00fasicos e 13 cantores, que v\u00e3o interpretar m\u00fasicas tradicionais de Natal.<\/p>\n\n\n\n<p>&#8220;Trata-se de uma alternativa \u00e0 presen\u00e7a f\u00edsica e simult\u00e2nea dos espectadores nas salas de espet\u00e1culo ou mesmo em espa\u00e7os ao ar livre. Cumprindo todas as condi\u00e7\u00f5es de seguran\u00e7a, as diversas atua\u00e7\u00f5es s\u00e3o gravadas durante v\u00e1rios dias, em fases distintas&#8221;, deu ainda nota a C\u00e2mara de Caminha.<\/p>\n\n\n\n<p>Neste momento, a primeira fase est\u00e1 gravada e as restantes decorrer\u00e3o nos pr\u00f3ximos dias. <\/p>\n\n\n\n<p>Nesses palcos estar\u00e3o artistas do concelho. As m\u00fasicas ser\u00e3o interpretadas por 13 cantores: Ricardo Gomes, Eva Mina, Marco Lima, Ada Ferreira, Tatiana Freire, Tiago Garrinhas, Rita Paredes, Jos\u00e9 Meira, Paulo Baixinho, Diogo Br\u00e1s, T\u00e2nia Esteves, Marco Brantner e Evita Brantner.<\/p>\n\n\n\n<p>Os m\u00fasicos s\u00e3o: Jos\u00e9 Paulo Ribeira, Jaime Alvarez, Paulo Franco, Joaquim Ribeiro e Bruno Pereira.<\/p>\n\n\n\n<p>O espet\u00e1culo ter\u00e1 a dura\u00e7\u00e3o de cerca de uma hora.<\/p>\n","protected":false},"excerpt":{"rendered":"<p>A C\u00e2mara Municipal de Caminha est\u00e1 a preparar um grande espet\u00e1culo de Natal, que ser\u00e1 transmitido online. Segundo a autarquia, esta &#8220;\u00e9 uma forma de celebrar o Natal em completa seguran\u00e7a, apoiando os m\u00fasicos e os t\u00e9cnicos de cultura do concelho&#8221;. Neste espet\u00e1culo, interv\u00eam 18 artistas, dos quais cinco s\u00e3o m\u00fasicos e 13 cantores, que [&hellip;]<\/p>\n","protected":false},"author":7,"featured_media":57590,"comment_status":"closed","ping_status":"closed","sticky":false,"template":"","format":"standard","meta":{"_exactmetrics_skip_tracking":false,"_exactmetrics_sitenote_active":false,"_exactmetrics_sitenote_note":"","_exactmetrics_sitenote_category":0,"footnotes":""},"categories":[7],"tags":[19,27],"class_list":["post-57589","post","type-post","status-publish","format-standard","has-post-thumbnail","hentry","category-caminha","tag-cultura","tag-sociedade"],"yoast_head":"<!-- This site is optimized with the Yoast SEO Premium plugin v27.4 (Yoast SEO v27.4) - https:\/\/yoast.com\/product\/yoast-seo-premium-wordpress\/ -->\n<title>Caminha prepara espet\u00e1culo de Natal que ser\u00e1 transmitido online<\/title>\n<meta name=\"robots\" content=\"index, follow, max-snippet:-1, max-image-preview:large, max-video-preview:-1\" \/>\n<link rel=\"canonical\" href=\"https:\/\/www.altominho.tv\/site\/2020\/12\/13\/caminha-prepara-espetaculo-de-natal-que-sera-transmitido-online\/\" \/>\n<meta property=\"og:locale\" content=\"pt_PT\" \/>\n<meta property=\"og:type\" content=\"article\" \/>\n<meta property=\"og:title\" content=\"Caminha prepara espet\u00e1culo de Natal que ser\u00e1 transmitido online\" \/>\n<meta property=\"og:description\" content=\"A C\u00e2mara Municipal de Caminha est\u00e1 a preparar um grande espet\u00e1culo de Natal, que ser\u00e1 transmitido online. Segundo a autarquia, esta &#8220;\u00e9 uma forma de celebrar o Natal em completa seguran\u00e7a, apoiando os m\u00fasicos e os t\u00e9cnicos de cultura do concelho&#8221;. Neste espet\u00e1culo, interv\u00eam 18 artistas, dos quais cinco s\u00e3o m\u00fasicos e 13 cantores, que [&hellip;]\" \/>\n<meta property=\"og:url\" content=\"https:\/\/www.altominho.tv\/site\/2020\/12\/13\/caminha-prepara-espetaculo-de-natal-que-sera-transmitido-online\/\" \/>\n<meta property=\"og:site_name\" content=\"Altominho.tv\" \/>\n<meta property=\"article:publisher\" content=\"https:\/\/www.facebook.com\/altominhotv\" \/>\n<meta property=\"article:published_time\" content=\"2020-12-13T10:09:07+00:00\" \/>\n<meta property=\"article:modified_time\" content=\"2020-12-13T10:09:12+00:00\" \/>\n<meta property=\"og:image\" content=\"https:\/\/www.altominho.tv\/site\/wp-content\/uploads\/2020\/12\/concerto-caminha.jpg\" \/>\n\t<meta property=\"og:image:width\" content=\"1024\" \/>\n\t<meta property=\"og:image:height\" content=\"652\" \/>\n\t<meta property=\"og:image:type\" content=\"image\/jpeg\" \/>\n<meta name=\"author\" content=\"Andreia Cunha\" \/>\n<meta name=\"twitter:card\" content=\"summary_large_image\" \/>\n<meta name=\"twitter:creator\" content=\"@altominhoTV\" \/>\n<meta name=\"twitter:site\" content=\"@altominhoTV\" \/>\n<meta name=\"twitter:label1\" content=\"Escrito por\" \/>\n\t<meta name=\"twitter:data1\" content=\"Andreia Cunha\" \/>\n\t<meta name=\"twitter:label2\" content=\"Tempo estimado de leitura\" \/>\n\t<meta name=\"twitter:data2\" content=\"1 minuto\" \/>\n<script type=\"application\/ld+json\" class=\"yoast-schema-graph\">{\"@context\":\"https:\\\/\\\/schema.org\",\"@graph\":[{\"@type\":\"Article\",\"@id\":\"https:\\\/\\\/www.altominho.tv\\\/site\\\/2020\\\/12\\\/13\\\/caminha-prepara-espetaculo-de-natal-que-sera-transmitido-online\\\/#article\",\"isPartOf\":{\"@id\":\"https:\\\/\\\/www.altominho.tv\\\/site\\\/2020\\\/12\\\/13\\\/caminha-prepara-espetaculo-de-natal-que-sera-transmitido-online\\\/\"},\"author\":{\"name\":\"Andreia Cunha\",\"@id\":\"https:\\\/\\\/www.altominho.tv\\\/site\\\/#\\\/schema\\\/person\\\/a0e4ef6d041f98ca284393d8f1d97153\"},\"headline\":\"Caminha prepara espet\u00e1culo de Natal que ser\u00e1 transmitido online\",\"datePublished\":\"2020-12-13T10:09:07+00:00\",\"dateModified\":\"2020-12-13T10:09:12+00:00\",\"mainEntityOfPage\":{\"@id\":\"https:\\\/\\\/www.altominho.tv\\\/site\\\/2020\\\/12\\\/13\\\/caminha-prepara-espetaculo-de-natal-que-sera-transmitido-online\\\/\"},\"wordCount\":224,\"image\":{\"@id\":\"https:\\\/\\\/www.altominho.tv\\\/site\\\/2020\\\/12\\\/13\\\/caminha-prepara-espetaculo-de-natal-que-sera-transmitido-online\\\/#primaryimage\"},\"thumbnailUrl\":\"https:\\\/\\\/www.altominho.tv\\\/site\\\/wp-content\\\/uploads\\\/2020\\\/12\\\/concerto-caminha.jpg\",\"keywords\":[\"Cultura\",\"Sociedade\"],\"articleSection\":[\"Caminha\"],\"inLanguage\":\"pt-PT\",\"copyrightYear\":\"2020\",\"copyrightHolder\":{\"@id\":\"https:\\\/\\\/www.altominho.tv\\\/site\\\/#organization\"}},{\"@type\":\"WebPage\",\"@id\":\"https:\\\/\\\/www.altominho.tv\\\/site\\\/2020\\\/12\\\/13\\\/caminha-prepara-espetaculo-de-natal-que-sera-transmitido-online\\\/\",\"url\":\"https:\\\/\\\/www.altominho.tv\\\/site\\\/2020\\\/12\\\/13\\\/caminha-prepara-espetaculo-de-natal-que-sera-transmitido-online\\\/\",\"name\":\"Caminha prepara espet\u00e1culo de Natal que ser\u00e1 transmitido online\",\"isPartOf\":{\"@id\":\"https:\\\/\\\/www.altominho.tv\\\/site\\\/#website\"},\"primaryImageOfPage\":{\"@id\":\"https:\\\/\\\/www.altominho.tv\\\/site\\\/2020\\\/12\\\/13\\\/caminha-prepara-espetaculo-de-natal-que-sera-transmitido-online\\\/#primaryimage\"},\"image\":{\"@id\":\"https:\\\/\\\/www.altominho.tv\\\/site\\\/2020\\\/12\\\/13\\\/caminha-prepara-espetaculo-de-natal-que-sera-transmitido-online\\\/#primaryimage\"},\"thumbnailUrl\":\"https:\\\/\\\/www.altominho.tv\\\/site\\\/wp-content\\\/uploads\\\/2020\\\/12\\\/concerto-caminha.jpg\",\"datePublished\":\"2020-12-13T10:09:07+00:00\",\"dateModified\":\"2020-12-13T10:09:12+00:00\",\"author\":{\"@id\":\"https:\\\/\\\/www.altominho.tv\\\/site\\\/#\\\/schema\\\/person\\\/a0e4ef6d041f98ca284393d8f1d97153\"},\"breadcrumb\":{\"@id\":\"https:\\\/\\\/www.altominho.tv\\\/site\\\/2020\\\/12\\\/13\\\/caminha-prepara-espetaculo-de-natal-que-sera-transmitido-online\\\/#breadcrumb\"},\"inLanguage\":\"pt-PT\",\"potentialAction\":[{\"@type\":\"ReadAction\",\"target\":[\"https:\\\/\\\/www.altominho.tv\\\/site\\\/2020\\\/12\\\/13\\\/caminha-prepara-espetaculo-de-natal-que-sera-transmitido-online\\\/\"]}]},{\"@type\":\"ImageObject\",\"inLanguage\":\"pt-PT\",\"@id\":\"https:\\\/\\\/www.altominho.tv\\\/site\\\/2020\\\/12\\\/13\\\/caminha-prepara-espetaculo-de-natal-que-sera-transmitido-online\\\/#primaryimage\",\"url\":\"https:\\\/\\\/www.altominho.tv\\\/site\\\/wp-content\\\/uploads\\\/2020\\\/12\\\/concerto-caminha.jpg\",\"contentUrl\":\"https:\\\/\\\/www.altominho.tv\\\/site\\\/wp-content\\\/uploads\\\/2020\\\/12\\\/concerto-caminha.jpg\",\"width\":1024,\"height\":652},{\"@type\":\"BreadcrumbList\",\"@id\":\"https:\\\/\\\/www.altominho.tv\\\/site\\\/2020\\\/12\\\/13\\\/caminha-prepara-espetaculo-de-natal-que-sera-transmitido-online\\\/#breadcrumb\",\"itemListElement\":[{\"@type\":\"ListItem\",\"position\":1,\"name\":\"In\u00edcio\",\"item\":\"https:\\\/\\\/www.altominho.tv\\\/site\\\/\"},{\"@type\":\"ListItem\",\"position\":2,\"name\":\"Caminha prepara espet\u00e1culo de Natal que ser\u00e1 transmitido online\"}]},{\"@type\":\"WebSite\",\"@id\":\"https:\\\/\\\/www.altominho.tv\\\/site\\\/#website\",\"url\":\"https:\\\/\\\/www.altominho.tv\\\/site\\\/\",\"name\":\"Altominho.tv\",\"description\":\"A sua regi\u00e3o \u00e0 dist\u00e2ncia de um clique...\",\"potentialAction\":[{\"@type\":\"SearchAction\",\"target\":{\"@type\":\"EntryPoint\",\"urlTemplate\":\"https:\\\/\\\/www.altominho.tv\\\/site\\\/?s={search_term_string}\"},\"query-input\":{\"@type\":\"PropertyValueSpecification\",\"valueRequired\":true,\"valueName\":\"search_term_string\"}}],\"inLanguage\":\"pt-PT\"},{\"@type\":\"Person\",\"@id\":\"https:\\\/\\\/www.altominho.tv\\\/site\\\/#\\\/schema\\\/person\\\/a0e4ef6d041f98ca284393d8f1d97153\",\"name\":\"Andreia Cunha\",\"image\":{\"@type\":\"ImageObject\",\"inLanguage\":\"pt-PT\",\"@id\":\"https:\\\/\\\/www.altominho.tv\\\/site\\\/wp-content\\\/uploads\\\/2017\\\/11\\\/Andreia_Cunha-1-150x150.jpg\",\"url\":\"https:\\\/\\\/www.altominho.tv\\\/site\\\/wp-content\\\/uploads\\\/2017\\\/11\\\/Andreia_Cunha-1-150x150.jpg\",\"contentUrl\":\"https:\\\/\\\/www.altominho.tv\\\/site\\\/wp-content\\\/uploads\\\/2017\\\/11\\\/Andreia_Cunha-1-150x150.jpg\",\"caption\":\"Andreia Cunha\"},\"url\":\"https:\\\/\\\/www.altominho.tv\\\/site\\\/author\\\/andreiacunha\\\/\"}]}<\/script>\n<!-- \/ Yoast SEO Premium plugin. -->","yoast_head_json":{"title":"Caminha prepara espet\u00e1culo de Natal que ser\u00e1 transmitido online","robots":{"index":"index","follow":"follow","max-snippet":"max-snippet:-1","max-image-preview":"max-image-preview:large","max-video-preview":"max-video-preview:-1"},"canonical":"https:\/\/www.altominho.tv\/site\/2020\/12\/13\/caminha-prepara-espetaculo-de-natal-que-sera-transmitido-online\/","og_locale":"pt_PT","og_type":"article","og_title":"Caminha prepara espet\u00e1culo de Natal que ser\u00e1 transmitido online","og_description":"A C\u00e2mara Municipal de Caminha est\u00e1 a preparar um grande espet\u00e1culo de Natal, que ser\u00e1 transmitido online. Segundo a autarquia, esta &#8220;\u00e9 uma forma de celebrar o Natal em completa seguran\u00e7a, apoiando os m\u00fasicos e os t\u00e9cnicos de cultura do concelho&#8221;. Neste espet\u00e1culo, interv\u00eam 18 artistas, dos quais cinco s\u00e3o m\u00fasicos e 13 cantores, que [&hellip;]","og_url":"https:\/\/www.altominho.tv\/site\/2020\/12\/13\/caminha-prepara-espetaculo-de-natal-que-sera-transmitido-online\/","og_site_name":"Altominho.tv","article_publisher":"https:\/\/www.facebook.com\/altominhotv","article_published_time":"2020-12-13T10:09:07+00:00","article_modified_time":"2020-12-13T10:09:12+00:00","og_image":[{"width":1024,"height":652,"url":"https:\/\/www.altominho.tv\/site\/wp-content\/uploads\/2020\/12\/concerto-caminha.jpg","type":"image\/jpeg"}],"author":"Andreia Cunha","twitter_card":"summary_large_image","twitter_creator":"@altominhoTV","twitter_site":"@altominhoTV","twitter_misc":{"Escrito por":"Andreia Cunha","Tempo estimado de leitura":"1 minuto"},"schema":{"@context":"https:\/\/schema.org","@graph":[{"@type":"Article","@id":"https:\/\/www.altominho.tv\/site\/2020\/12\/13\/caminha-prepara-espetaculo-de-natal-que-sera-transmitido-online\/#article","isPartOf":{"@id":"https:\/\/www.altominho.tv\/site\/2020\/12\/13\/caminha-prepara-espetaculo-de-natal-que-sera-transmitido-online\/"},"author":{"name":"Andreia Cunha","@id":"https:\/\/www.altominho.tv\/site\/#\/schema\/person\/a0e4ef6d041f98ca284393d8f1d97153"},"headline":"Caminha prepara espet\u00e1culo de Natal que ser\u00e1 transmitido online","datePublished":"2020-12-13T10:09:07+00:00","dateModified":"2020-12-13T10:09:12+00:00","mainEntityOfPage":{"@id":"https:\/\/www.altominho.tv\/site\/2020\/12\/13\/caminha-prepara-espetaculo-de-natal-que-sera-transmitido-online\/"},"wordCount":224,"image":{"@id":"https:\/\/www.altominho.tv\/site\/2020\/12\/13\/caminha-prepara-espetaculo-de-natal-que-sera-transmitido-online\/#primaryimage"},"thumbnailUrl":"https:\/\/www.altominho.tv\/site\/wp-content\/uploads\/2020\/12\/concerto-caminha.jpg","keywords":["Cultura","Sociedade"],"articleSection":["Caminha"],"inLanguage":"pt-PT","copyrightYear":"2020","copyrightHolder":{"@id":"https:\/\/www.altominho.tv\/site\/#organization"}},{"@type":"WebPage","@id":"https:\/\/www.altominho.tv\/site\/2020\/12\/13\/caminha-prepara-espetaculo-de-natal-que-sera-transmitido-online\/","url":"https:\/\/www.altominho.tv\/site\/2020\/12\/13\/caminha-prepara-espetaculo-de-natal-que-sera-transmitido-online\/","name":"Caminha prepara espet\u00e1culo de Natal que ser\u00e1 transmitido online","isPartOf":{"@id":"https:\/\/www.altominho.tv\/site\/#website"},"primaryImageOfPage":{"@id":"https:\/\/www.altominho.tv\/site\/2020\/12\/13\/caminha-prepara-espetaculo-de-natal-que-sera-transmitido-online\/#primaryimage"},"image":{"@id":"https:\/\/www.altominho.tv\/site\/2020\/12\/13\/caminha-prepara-espetaculo-de-natal-que-sera-transmitido-online\/#primaryimage"},"thumbnailUrl":"https:\/\/www.altominho.tv\/site\/wp-content\/uploads\/2020\/12\/concerto-caminha.jpg","datePublished":"2020-12-13T10:09:07+00:00","dateModified":"2020-12-13T10:09:12+00:00","author":{"@id":"https:\/\/www.altominho.tv\/site\/#\/schema\/person\/a0e4ef6d041f98ca284393d8f1d97153"},"breadcrumb":{"@id":"https:\/\/www.altominho.tv\/site\/2020\/12\/13\/caminha-prepara-espetaculo-de-natal-que-sera-transmitido-online\/#breadcrumb"},"inLanguage":"pt-PT","potentialAction":[{"@type":"ReadAction","target":["https:\/\/www.altominho.tv\/site\/2020\/12\/13\/caminha-prepara-espetaculo-de-natal-que-sera-transmitido-online\/"]}]},{"@type":"ImageObject","inLanguage":"pt-PT","@id":"https:\/\/www.altominho.tv\/site\/2020\/12\/13\/caminha-prepara-espetaculo-de-natal-que-sera-transmitido-online\/#primaryimage","url":"https:\/\/www.altominho.tv\/site\/wp-content\/uploads\/2020\/12\/concerto-caminha.jpg","contentUrl":"https:\/\/www.altominho.tv\/site\/wp-content\/uploads\/2020\/12\/concerto-caminha.jpg","width":1024,"height":652},{"@type":"BreadcrumbList","@id":"https:\/\/www.altominho.tv\/site\/2020\/12\/13\/caminha-prepara-espetaculo-de-natal-que-sera-transmitido-online\/#breadcrumb","itemListElement":[{"@type":"ListItem","position":1,"name":"In\u00edcio","item":"https:\/\/www.altominho.tv\/site\/"},{"@type":"ListItem","position":2,"name":"Caminha prepara espet\u00e1culo de Natal que ser\u00e1 transmitido online"}]},{"@type":"WebSite","@id":"https:\/\/www.altominho.tv\/site\/#website","url":"https:\/\/www.altominho.tv\/site\/","name":"Altominho.tv","description":"A sua regi\u00e3o \u00e0 dist\u00e2ncia de um clique...","potentialAction":[{"@type":"SearchAction","target":{"@type":"EntryPoint","urlTemplate":"https:\/\/www.altominho.tv\/site\/?s={search_term_string}"},"query-input":{"@type":"PropertyValueSpecification","valueRequired":true,"valueName":"search_term_string"}}],"inLanguage":"pt-PT"},{"@type":"Person","@id":"https:\/\/www.altominho.tv\/site\/#\/schema\/person\/a0e4ef6d041f98ca284393d8f1d97153","name":"Andreia Cunha","image":{"@type":"ImageObject","inLanguage":"pt-PT","@id":"https:\/\/www.altominho.tv\/site\/wp-content\/uploads\/2017\/11\/Andreia_Cunha-1-150x150.jpg","url":"https:\/\/www.altominho.tv\/site\/wp-content\/uploads\/2017\/11\/Andreia_Cunha-1-150x150.jpg","contentUrl":"https:\/\/www.altominho.tv\/site\/wp-content\/uploads\/2017\/11\/Andreia_Cunha-1-150x150.jpg","caption":"Andreia Cunha"},"url":"https:\/\/www.altominho.tv\/site\/author\/andreiacunha\/"}]}},"_links":{"self":[{"href":"https:\/\/www.altominho.tv\/site\/wp-json\/wp\/v2\/posts\/57589","targetHints":{"allow":["GET"]}}],"collection":[{"href":"https:\/\/www.altominho.tv\/site\/wp-json\/wp\/v2\/posts"}],"about":[{"href":"https:\/\/www.altominho.tv\/site\/wp-json\/wp\/v2\/types\/post"}],"author":[{"embeddable":true,"href":"https:\/\/www.altominho.tv\/site\/wp-json\/wp\/v2\/users\/7"}],"replies":[{"embeddable":true,"href":"https:\/\/www.altominho.tv\/site\/wp-json\/wp\/v2\/comments?post=57589"}],"version-history":[{"count":0,"href":"https:\/\/www.altominho.tv\/site\/wp-json\/wp\/v2\/posts\/57589\/revisions"}],"wp:featuredmedia":[{"embeddable":true,"href":"https:\/\/www.altominho.tv\/site\/wp-json\/wp\/v2\/media\/57590"}],"wp:attachment":[{"href":"https:\/\/www.altominho.tv\/site\/wp-json\/wp\/v2\/media?parent=57589"}],"wp:term":[{"taxonomy":"category","embeddable":true,"href":"https:\/\/www.altominho.tv\/site\/wp-json\/wp\/v2\/categories?post=57589"},{"taxonomy":"post_tag","embeddable":true,"href":"https:\/\/www.altominho.tv\/site\/wp-json\/wp\/v2\/tags?post=57589"}],"curies":[{"name":"wp","href":"https:\/\/api.w.org\/{rel}","templated":true}]}}