{"id":57586,"date":"2020-12-13T09:48:10","date_gmt":"2020-12-13T09:48:10","guid":{"rendered":"https:\/\/www.altominho.tv\/site\/?p=57586"},"modified":"2020-12-13T09:48:14","modified_gmt":"2020-12-13T09:48:14","slug":"concurso-compre-com-ternura-compre-em-paredes-de-coura-estimula-a-compra-no-comercio-local","status":"publish","type":"post","link":"https:\/\/www.altominho.tv\/site\/2020\/12\/13\/concurso-compre-com-ternura-compre-em-paredes-de-coura-estimula-a-compra-no-comercio-local\/","title":{"rendered":"Concurso \u201cCompre com Ternura, Compre em Paredes de Coura\u201d estimula a compra no com\u00e9rcio local"},"content":{"rendered":"\n<p>Em tempo de pandemia, o apelo \u00e9 que se compre no com\u00e9rcio tradicional, um dos setores mais afetados nos \u00faltimos tempos.<\/p>\n\n\n\n<p>Em Paredes de Coura, o concurso \u201cCompre com Ternura, Compre em Paredes de Coura\u201d estimula a compra no pequeno com\u00e9rcio.<\/p>\n\n\n\n<p>Neste concelho do Alto Minho, h\u00e1 v\u00e1rias iniciativas alusivas \u00e0 \u00e9poca natal\u00edcia.<\/p>\n\n\n\n<p>Este ano o \u2018Arte em Pe\u00e7as\u2019, evento que se destaca no m\u00eas de dezembro e que por norma \u00e9 promovido no Centro Cultural, est\u00e1 espalhado pelos espa\u00e7os do com\u00e9rcio e servi\u00e7os desta vila do Alto Minho. <\/p>\n\n\n\n<p>O \u2018Arte em Pe\u00e7as sobe \u00e0 vila\u2019 contorna assim a Covid-19, enquanto a rua principal da vila transpira a magia do Natal mantendo a j\u00e1 carater\u00edstica instala\u00e7\u00e3o sob o tema \u2018L\u00c3 DE NATAL, C\u00c1 EM COURA\u2019.<\/p>\n\n\n\n<p>&#8220;A instala\u00e7\u00e3o p\u00fablica concebida por Madalena Martins sugere, a quem percorre a Rua Conselheiro Miguel Dantas, uma malha gigante como nas tricotadas camisolas de l\u00e3, enquanto as montras do com\u00e9rcio e servi\u00e7os da vila apresentam centenas de constru\u00e7\u00f5es originais dos mais variados temas como cidades, castelos, espa\u00e7o, piratas, Star Wars, Harry Potter, comboios, monumentos mundiais e at\u00e9 a ic\u00f3nica Livraria Lello, permitindo assim que o \u201cArte em Pe\u00e7as\u00ae 2020 &#8211; LEGO\u00ae Fan Event\u201d se adapte at\u00e9 10 de janeiro \u00e0 nova realidade que decorre da pandemia, deu nota a c\u00e2mara de Paredes de Coura.<\/p>\n\n\n\n<p>O Munic\u00edpio, em parceria com a AEPCOURA \u2013 Associa\u00e7\u00e3o Empresarial de Paredes de Coura est\u00e1 ainda a desenvolver outras iniciativas &#8220;como forma de atrair cada vez mais visitantes, bem como proporcionar melhores oportunidades de neg\u00f3cio para o com\u00e9rcio de proximidade durante este per\u00edodo festivo&#8221;.<\/p>\n\n\n\n<p>\u00c9 neste \u00e2mbito que surge o concurso \u201cCompre com Ternura, Compre em Paredes de Coura\u201d, com o objetivo de estimular a compra no com\u00e9rcio local. <\/p>\n\n\n\n<p>Este ano o concurso v\u00ea o prazo alargado at\u00e9 6 de janeiro, enquanto os pr\u00e9mios foram aumentados, existindo um primeiro pr\u00e9mio de 500\u20ac e seis segundos pr\u00e9mios de 250\u20ac.<\/p>\n\n\n\n<p>A c\u00e2mara de Paredes de Coura explicou que &#8220;por cada 15\u20ac de compras nos estabelecimentos do com\u00e9rcio tradicional da vila de Paredes de Coura que tenham aderido ao sorteio, no m\u00e1ximo de 6 cup\u00f5es por compra, cada pessoa receber\u00e1 um cup\u00e3o para introduzir na t\u00f4mbola localizada na Loja Rural. Esta iniciativa contempla tamb\u00e9m os supermercados MiniPre\u00e7o e Intermarch\u00e9, exclusivamente no caso da compra de brinquedos. A lista dos premiados ser\u00e1 afixada no dia 15 de janeiro de 2021, na Loja Rural&#8221;.\u00a0<\/p>\n\n\n\n<p>Por sua vez, a Loja Rural ter\u00e1 tamb\u00e9m Cabazes de Natal, totalmente personaliz\u00e1veis no ato da compra com produtos CouraMe exclusivamente locais \u00e0 venda neste espa\u00e7o junto aos Pa\u00e7os do Concelho.\u00a0<\/p>\n\n\n\n<p>Dos biscoitos \u00e0s compotas, dos acess\u00f3rios \u00e0s pe\u00e7as de joalharia, do fumeiro tradicional \u00e0s mais criativas propostas vegan, da cosm\u00e9tica ao artesanato contempor\u00e2neo, das pe\u00e7as decorativas aos licores e \u00e0 broa, tudo isto faz da CouraMe a marca distintiva dos produtos de Coura.<\/p>\n","protected":false},"excerpt":{"rendered":"<p>Em tempo de pandemia, o apelo \u00e9 que se compre no com\u00e9rcio tradicional, um dos setores mais afetados nos \u00faltimos tempos. Em Paredes de Coura, o concurso \u201cCompre com Ternura, Compre em Paredes de Coura\u201d estimula a compra no pequeno com\u00e9rcio. Neste concelho do Alto Minho, h\u00e1 v\u00e1rias iniciativas alusivas \u00e0 \u00e9poca natal\u00edcia. Este ano [&hellip;]<\/p>\n","protected":false},"author":7,"featured_media":57587,"comment_status":"closed","ping_status":"closed","sticky":false,"template":"","format":"standard","meta":{"_exactmetrics_skip_tracking":false,"_exactmetrics_sitenote_active":false,"_exactmetrics_sitenote_note":"","_exactmetrics_sitenote_category":0,"footnotes":""},"categories":[10],"tags":[27],"class_list":["post-57586","post","type-post","status-publish","format-standard","has-post-thumbnail","hentry","category-paredes-de-coura","tag-sociedade"],"yoast_head":"<!-- This site is optimized with the Yoast SEO Premium plugin v27.4 (Yoast SEO v27.4) - https:\/\/yoast.com\/product\/yoast-seo-premium-wordpress\/ -->\n<title>Concurso \u201cCompre com Ternura, Compre em Paredes de Coura\u201d estimula a compra no com\u00e9rcio local<\/title>\n<meta name=\"robots\" content=\"index, follow, max-snippet:-1, max-image-preview:large, max-video-preview:-1\" \/>\n<link rel=\"canonical\" href=\"https:\/\/www.altominho.tv\/site\/2020\/12\/13\/concurso-compre-com-ternura-compre-em-paredes-de-coura-estimula-a-compra-no-comercio-local\/\" \/>\n<meta property=\"og:locale\" content=\"pt_PT\" \/>\n<meta property=\"og:type\" content=\"article\" \/>\n<meta property=\"og:title\" content=\"Concurso \u201cCompre com Ternura, Compre em Paredes de Coura\u201d estimula a compra no com\u00e9rcio local\" \/>\n<meta property=\"og:description\" content=\"Em tempo de pandemia, o apelo \u00e9 que se compre no com\u00e9rcio tradicional, um dos setores mais afetados nos \u00faltimos tempos. Em Paredes de Coura, o concurso \u201cCompre com Ternura, Compre em Paredes de Coura\u201d estimula a compra no pequeno com\u00e9rcio. Neste concelho do Alto Minho, h\u00e1 v\u00e1rias iniciativas alusivas \u00e0 \u00e9poca natal\u00edcia. Este ano [&hellip;]\" \/>\n<meta property=\"og:url\" content=\"https:\/\/www.altominho.tv\/site\/2020\/12\/13\/concurso-compre-com-ternura-compre-em-paredes-de-coura-estimula-a-compra-no-comercio-local\/\" \/>\n<meta property=\"og:site_name\" content=\"Altominho.tv\" \/>\n<meta property=\"article:publisher\" content=\"https:\/\/www.facebook.com\/altominhotv\" \/>\n<meta property=\"article:published_time\" content=\"2020-12-13T09:48:10+00:00\" \/>\n<meta property=\"article:modified_time\" content=\"2020-12-13T09:48:14+00:00\" \/>\n<meta property=\"og:image\" content=\"https:\/\/www.altominho.tv\/site\/wp-content\/uploads\/2020\/12\/comercio-coura.jpg\" \/>\n\t<meta property=\"og:image:width\" content=\"1280\" \/>\n\t<meta property=\"og:image:height\" content=\"720\" \/>\n\t<meta property=\"og:image:type\" content=\"image\/jpeg\" \/>\n<meta name=\"author\" content=\"Andreia Cunha\" \/>\n<meta name=\"twitter:card\" content=\"summary_large_image\" \/>\n<meta name=\"twitter:creator\" content=\"@altominhoTV\" \/>\n<meta name=\"twitter:site\" content=\"@altominhoTV\" \/>\n<meta name=\"twitter:label1\" content=\"Escrito por\" \/>\n\t<meta name=\"twitter:data1\" content=\"Andreia Cunha\" \/>\n\t<meta name=\"twitter:label2\" content=\"Tempo estimado de leitura\" \/>\n\t<meta name=\"twitter:data2\" content=\"3 minutos\" \/>\n<script type=\"application\/ld+json\" class=\"yoast-schema-graph\">{\"@context\":\"https:\\\/\\\/schema.org\",\"@graph\":[{\"@type\":\"Article\",\"@id\":\"https:\\\/\\\/www.altominho.tv\\\/site\\\/2020\\\/12\\\/13\\\/concurso-compre-com-ternura-compre-em-paredes-de-coura-estimula-a-compra-no-comercio-local\\\/#article\",\"isPartOf\":{\"@id\":\"https:\\\/\\\/www.altominho.tv\\\/site\\\/2020\\\/12\\\/13\\\/concurso-compre-com-ternura-compre-em-paredes-de-coura-estimula-a-compra-no-comercio-local\\\/\"},\"author\":{\"name\":\"Andreia Cunha\",\"@id\":\"https:\\\/\\\/www.altominho.tv\\\/site\\\/#\\\/schema\\\/person\\\/a0e4ef6d041f98ca284393d8f1d97153\"},\"headline\":\"Concurso \u201cCompre com Ternura, Compre em Paredes de Coura\u201d estimula a compra no com\u00e9rcio local\",\"datePublished\":\"2020-12-13T09:48:10+00:00\",\"dateModified\":\"2020-12-13T09:48:14+00:00\",\"mainEntityOfPage\":{\"@id\":\"https:\\\/\\\/www.altominho.tv\\\/site\\\/2020\\\/12\\\/13\\\/concurso-compre-com-ternura-compre-em-paredes-de-coura-estimula-a-compra-no-comercio-local\\\/\"},\"wordCount\":517,\"image\":{\"@id\":\"https:\\\/\\\/www.altominho.tv\\\/site\\\/2020\\\/12\\\/13\\\/concurso-compre-com-ternura-compre-em-paredes-de-coura-estimula-a-compra-no-comercio-local\\\/#primaryimage\"},\"thumbnailUrl\":\"https:\\\/\\\/www.altominho.tv\\\/site\\\/wp-content\\\/uploads\\\/2020\\\/12\\\/comercio-coura.jpg\",\"keywords\":[\"Sociedade\"],\"articleSection\":[\"Paredes de Coura\"],\"inLanguage\":\"pt-PT\",\"copyrightYear\":\"2020\",\"copyrightHolder\":{\"@id\":\"https:\\\/\\\/www.altominho.tv\\\/site\\\/#organization\"}},{\"@type\":\"WebPage\",\"@id\":\"https:\\\/\\\/www.altominho.tv\\\/site\\\/2020\\\/12\\\/13\\\/concurso-compre-com-ternura-compre-em-paredes-de-coura-estimula-a-compra-no-comercio-local\\\/\",\"url\":\"https:\\\/\\\/www.altominho.tv\\\/site\\\/2020\\\/12\\\/13\\\/concurso-compre-com-ternura-compre-em-paredes-de-coura-estimula-a-compra-no-comercio-local\\\/\",\"name\":\"Concurso \u201cCompre com Ternura, Compre em Paredes de Coura\u201d estimula a compra no com\u00e9rcio local\",\"isPartOf\":{\"@id\":\"https:\\\/\\\/www.altominho.tv\\\/site\\\/#website\"},\"primaryImageOfPage\":{\"@id\":\"https:\\\/\\\/www.altominho.tv\\\/site\\\/2020\\\/12\\\/13\\\/concurso-compre-com-ternura-compre-em-paredes-de-coura-estimula-a-compra-no-comercio-local\\\/#primaryimage\"},\"image\":{\"@id\":\"https:\\\/\\\/www.altominho.tv\\\/site\\\/2020\\\/12\\\/13\\\/concurso-compre-com-ternura-compre-em-paredes-de-coura-estimula-a-compra-no-comercio-local\\\/#primaryimage\"},\"thumbnailUrl\":\"https:\\\/\\\/www.altominho.tv\\\/site\\\/wp-content\\\/uploads\\\/2020\\\/12\\\/comercio-coura.jpg\",\"datePublished\":\"2020-12-13T09:48:10+00:00\",\"dateModified\":\"2020-12-13T09:48:14+00:00\",\"author\":{\"@id\":\"https:\\\/\\\/www.altominho.tv\\\/site\\\/#\\\/schema\\\/person\\\/a0e4ef6d041f98ca284393d8f1d97153\"},\"breadcrumb\":{\"@id\":\"https:\\\/\\\/www.altominho.tv\\\/site\\\/2020\\\/12\\\/13\\\/concurso-compre-com-ternura-compre-em-paredes-de-coura-estimula-a-compra-no-comercio-local\\\/#breadcrumb\"},\"inLanguage\":\"pt-PT\",\"potentialAction\":[{\"@type\":\"ReadAction\",\"target\":[\"https:\\\/\\\/www.altominho.tv\\\/site\\\/2020\\\/12\\\/13\\\/concurso-compre-com-ternura-compre-em-paredes-de-coura-estimula-a-compra-no-comercio-local\\\/\"]}]},{\"@type\":\"ImageObject\",\"inLanguage\":\"pt-PT\",\"@id\":\"https:\\\/\\\/www.altominho.tv\\\/site\\\/2020\\\/12\\\/13\\\/concurso-compre-com-ternura-compre-em-paredes-de-coura-estimula-a-compra-no-comercio-local\\\/#primaryimage\",\"url\":\"https:\\\/\\\/www.altominho.tv\\\/site\\\/wp-content\\\/uploads\\\/2020\\\/12\\\/comercio-coura.jpg\",\"contentUrl\":\"https:\\\/\\\/www.altominho.tv\\\/site\\\/wp-content\\\/uploads\\\/2020\\\/12\\\/comercio-coura.jpg\",\"width\":1280,\"height\":720},{\"@type\":\"BreadcrumbList\",\"@id\":\"https:\\\/\\\/www.altominho.tv\\\/site\\\/2020\\\/12\\\/13\\\/concurso-compre-com-ternura-compre-em-paredes-de-coura-estimula-a-compra-no-comercio-local\\\/#breadcrumb\",\"itemListElement\":[{\"@type\":\"ListItem\",\"position\":1,\"name\":\"In\u00edcio\",\"item\":\"https:\\\/\\\/www.altominho.tv\\\/site\\\/\"},{\"@type\":\"ListItem\",\"position\":2,\"name\":\"Concurso \u201cCompre com Ternura, Compre em Paredes de Coura\u201d estimula a compra no com\u00e9rcio local\"}]},{\"@type\":\"WebSite\",\"@id\":\"https:\\\/\\\/www.altominho.tv\\\/site\\\/#website\",\"url\":\"https:\\\/\\\/www.altominho.tv\\\/site\\\/\",\"name\":\"Altominho.tv\",\"description\":\"A sua regi\u00e3o \u00e0 dist\u00e2ncia de um clique...\",\"potentialAction\":[{\"@type\":\"SearchAction\",\"target\":{\"@type\":\"EntryPoint\",\"urlTemplate\":\"https:\\\/\\\/www.altominho.tv\\\/site\\\/?s={search_term_string}\"},\"query-input\":{\"@type\":\"PropertyValueSpecification\",\"valueRequired\":true,\"valueName\":\"search_term_string\"}}],\"inLanguage\":\"pt-PT\"},{\"@type\":\"Person\",\"@id\":\"https:\\\/\\\/www.altominho.tv\\\/site\\\/#\\\/schema\\\/person\\\/a0e4ef6d041f98ca284393d8f1d97153\",\"name\":\"Andreia Cunha\",\"image\":{\"@type\":\"ImageObject\",\"inLanguage\":\"pt-PT\",\"@id\":\"https:\\\/\\\/www.altominho.tv\\\/site\\\/wp-content\\\/uploads\\\/2017\\\/11\\\/Andreia_Cunha-1-150x150.jpg\",\"url\":\"https:\\\/\\\/www.altominho.tv\\\/site\\\/wp-content\\\/uploads\\\/2017\\\/11\\\/Andreia_Cunha-1-150x150.jpg\",\"contentUrl\":\"https:\\\/\\\/www.altominho.tv\\\/site\\\/wp-content\\\/uploads\\\/2017\\\/11\\\/Andreia_Cunha-1-150x150.jpg\",\"caption\":\"Andreia Cunha\"},\"url\":\"https:\\\/\\\/www.altominho.tv\\\/site\\\/author\\\/andreiacunha\\\/\"}]}<\/script>\n<!-- \/ Yoast SEO Premium plugin. -->","yoast_head_json":{"title":"Concurso \u201cCompre com Ternura, Compre em Paredes de Coura\u201d estimula a compra no com\u00e9rcio local","robots":{"index":"index","follow":"follow","max-snippet":"max-snippet:-1","max-image-preview":"max-image-preview:large","max-video-preview":"max-video-preview:-1"},"canonical":"https:\/\/www.altominho.tv\/site\/2020\/12\/13\/concurso-compre-com-ternura-compre-em-paredes-de-coura-estimula-a-compra-no-comercio-local\/","og_locale":"pt_PT","og_type":"article","og_title":"Concurso \u201cCompre com Ternura, Compre em Paredes de Coura\u201d estimula a compra no com\u00e9rcio local","og_description":"Em tempo de pandemia, o apelo \u00e9 que se compre no com\u00e9rcio tradicional, um dos setores mais afetados nos \u00faltimos tempos. Em Paredes de Coura, o concurso \u201cCompre com Ternura, Compre em Paredes de Coura\u201d estimula a compra no pequeno com\u00e9rcio. Neste concelho do Alto Minho, h\u00e1 v\u00e1rias iniciativas alusivas \u00e0 \u00e9poca natal\u00edcia. Este ano [&hellip;]","og_url":"https:\/\/www.altominho.tv\/site\/2020\/12\/13\/concurso-compre-com-ternura-compre-em-paredes-de-coura-estimula-a-compra-no-comercio-local\/","og_site_name":"Altominho.tv","article_publisher":"https:\/\/www.facebook.com\/altominhotv","article_published_time":"2020-12-13T09:48:10+00:00","article_modified_time":"2020-12-13T09:48:14+00:00","og_image":[{"width":1280,"height":720,"url":"https:\/\/www.altominho.tv\/site\/wp-content\/uploads\/2020\/12\/comercio-coura.jpg","type":"image\/jpeg"}],"author":"Andreia Cunha","twitter_card":"summary_large_image","twitter_creator":"@altominhoTV","twitter_site":"@altominhoTV","twitter_misc":{"Escrito por":"Andreia Cunha","Tempo estimado de leitura":"3 minutos"},"schema":{"@context":"https:\/\/schema.org","@graph":[{"@type":"Article","@id":"https:\/\/www.altominho.tv\/site\/2020\/12\/13\/concurso-compre-com-ternura-compre-em-paredes-de-coura-estimula-a-compra-no-comercio-local\/#article","isPartOf":{"@id":"https:\/\/www.altominho.tv\/site\/2020\/12\/13\/concurso-compre-com-ternura-compre-em-paredes-de-coura-estimula-a-compra-no-comercio-local\/"},"author":{"name":"Andreia Cunha","@id":"https:\/\/www.altominho.tv\/site\/#\/schema\/person\/a0e4ef6d041f98ca284393d8f1d97153"},"headline":"Concurso \u201cCompre com Ternura, Compre em Paredes de Coura\u201d estimula a compra no com\u00e9rcio local","datePublished":"2020-12-13T09:48:10+00:00","dateModified":"2020-12-13T09:48:14+00:00","mainEntityOfPage":{"@id":"https:\/\/www.altominho.tv\/site\/2020\/12\/13\/concurso-compre-com-ternura-compre-em-paredes-de-coura-estimula-a-compra-no-comercio-local\/"},"wordCount":517,"image":{"@id":"https:\/\/www.altominho.tv\/site\/2020\/12\/13\/concurso-compre-com-ternura-compre-em-paredes-de-coura-estimula-a-compra-no-comercio-local\/#primaryimage"},"thumbnailUrl":"https:\/\/www.altominho.tv\/site\/wp-content\/uploads\/2020\/12\/comercio-coura.jpg","keywords":["Sociedade"],"articleSection":["Paredes de Coura"],"inLanguage":"pt-PT","copyrightYear":"2020","copyrightHolder":{"@id":"https:\/\/www.altominho.tv\/site\/#organization"}},{"@type":"WebPage","@id":"https:\/\/www.altominho.tv\/site\/2020\/12\/13\/concurso-compre-com-ternura-compre-em-paredes-de-coura-estimula-a-compra-no-comercio-local\/","url":"https:\/\/www.altominho.tv\/site\/2020\/12\/13\/concurso-compre-com-ternura-compre-em-paredes-de-coura-estimula-a-compra-no-comercio-local\/","name":"Concurso \u201cCompre com Ternura, Compre em Paredes de Coura\u201d estimula a compra no com\u00e9rcio local","isPartOf":{"@id":"https:\/\/www.altominho.tv\/site\/#website"},"primaryImageOfPage":{"@id":"https:\/\/www.altominho.tv\/site\/2020\/12\/13\/concurso-compre-com-ternura-compre-em-paredes-de-coura-estimula-a-compra-no-comercio-local\/#primaryimage"},"image":{"@id":"https:\/\/www.altominho.tv\/site\/2020\/12\/13\/concurso-compre-com-ternura-compre-em-paredes-de-coura-estimula-a-compra-no-comercio-local\/#primaryimage"},"thumbnailUrl":"https:\/\/www.altominho.tv\/site\/wp-content\/uploads\/2020\/12\/comercio-coura.jpg","datePublished":"2020-12-13T09:48:10+00:00","dateModified":"2020-12-13T09:48:14+00:00","author":{"@id":"https:\/\/www.altominho.tv\/site\/#\/schema\/person\/a0e4ef6d041f98ca284393d8f1d97153"},"breadcrumb":{"@id":"https:\/\/www.altominho.tv\/site\/2020\/12\/13\/concurso-compre-com-ternura-compre-em-paredes-de-coura-estimula-a-compra-no-comercio-local\/#breadcrumb"},"inLanguage":"pt-PT","potentialAction":[{"@type":"ReadAction","target":["https:\/\/www.altominho.tv\/site\/2020\/12\/13\/concurso-compre-com-ternura-compre-em-paredes-de-coura-estimula-a-compra-no-comercio-local\/"]}]},{"@type":"ImageObject","inLanguage":"pt-PT","@id":"https:\/\/www.altominho.tv\/site\/2020\/12\/13\/concurso-compre-com-ternura-compre-em-paredes-de-coura-estimula-a-compra-no-comercio-local\/#primaryimage","url":"https:\/\/www.altominho.tv\/site\/wp-content\/uploads\/2020\/12\/comercio-coura.jpg","contentUrl":"https:\/\/www.altominho.tv\/site\/wp-content\/uploads\/2020\/12\/comercio-coura.jpg","width":1280,"height":720},{"@type":"BreadcrumbList","@id":"https:\/\/www.altominho.tv\/site\/2020\/12\/13\/concurso-compre-com-ternura-compre-em-paredes-de-coura-estimula-a-compra-no-comercio-local\/#breadcrumb","itemListElement":[{"@type":"ListItem","position":1,"name":"In\u00edcio","item":"https:\/\/www.altominho.tv\/site\/"},{"@type":"ListItem","position":2,"name":"Concurso \u201cCompre com Ternura, Compre em Paredes de Coura\u201d estimula a compra no com\u00e9rcio local"}]},{"@type":"WebSite","@id":"https:\/\/www.altominho.tv\/site\/#website","url":"https:\/\/www.altominho.tv\/site\/","name":"Altominho.tv","description":"A sua regi\u00e3o \u00e0 dist\u00e2ncia de um clique...","potentialAction":[{"@type":"SearchAction","target":{"@type":"EntryPoint","urlTemplate":"https:\/\/www.altominho.tv\/site\/?s={search_term_string}"},"query-input":{"@type":"PropertyValueSpecification","valueRequired":true,"valueName":"search_term_string"}}],"inLanguage":"pt-PT"},{"@type":"Person","@id":"https:\/\/www.altominho.tv\/site\/#\/schema\/person\/a0e4ef6d041f98ca284393d8f1d97153","name":"Andreia Cunha","image":{"@type":"ImageObject","inLanguage":"pt-PT","@id":"https:\/\/www.altominho.tv\/site\/wp-content\/uploads\/2017\/11\/Andreia_Cunha-1-150x150.jpg","url":"https:\/\/www.altominho.tv\/site\/wp-content\/uploads\/2017\/11\/Andreia_Cunha-1-150x150.jpg","contentUrl":"https:\/\/www.altominho.tv\/site\/wp-content\/uploads\/2017\/11\/Andreia_Cunha-1-150x150.jpg","caption":"Andreia Cunha"},"url":"https:\/\/www.altominho.tv\/site\/author\/andreiacunha\/"}]}},"_links":{"self":[{"href":"https:\/\/www.altominho.tv\/site\/wp-json\/wp\/v2\/posts\/57586","targetHints":{"allow":["GET"]}}],"collection":[{"href":"https:\/\/www.altominho.tv\/site\/wp-json\/wp\/v2\/posts"}],"about":[{"href":"https:\/\/www.altominho.tv\/site\/wp-json\/wp\/v2\/types\/post"}],"author":[{"embeddable":true,"href":"https:\/\/www.altominho.tv\/site\/wp-json\/wp\/v2\/users\/7"}],"replies":[{"embeddable":true,"href":"https:\/\/www.altominho.tv\/site\/wp-json\/wp\/v2\/comments?post=57586"}],"version-history":[{"count":0,"href":"https:\/\/www.altominho.tv\/site\/wp-json\/wp\/v2\/posts\/57586\/revisions"}],"wp:featuredmedia":[{"embeddable":true,"href":"https:\/\/www.altominho.tv\/site\/wp-json\/wp\/v2\/media\/57587"}],"wp:attachment":[{"href":"https:\/\/www.altominho.tv\/site\/wp-json\/wp\/v2\/media?parent=57586"}],"wp:term":[{"taxonomy":"category","embeddable":true,"href":"https:\/\/www.altominho.tv\/site\/wp-json\/wp\/v2\/categories?post=57586"},{"taxonomy":"post_tag","embeddable":true,"href":"https:\/\/www.altominho.tv\/site\/wp-json\/wp\/v2\/tags?post=57586"}],"curies":[{"name":"wp","href":"https:\/\/api.w.org\/{rel}","templated":true}]}}