{"id":57472,"date":"2020-12-10T14:56:54","date_gmt":"2020-12-10T14:56:54","guid":{"rendered":"https:\/\/www.altominho.tv\/site\/?p=57472"},"modified":"2020-12-10T15:00:07","modified_gmt":"2020-12-10T15:00:07","slug":"mais-de-300-fotografias-apresentadas-em-concurso-lancado-pela-camara","status":"publish","type":"post","link":"https:\/\/www.altominho.tv\/site\/2020\/12\/10\/mais-de-300-fotografias-apresentadas-em-concurso-lancado-pela-camara\/","title":{"rendered":"Mais de 300 fotografias apresentadas em concurso lan\u00e7ado pela C\u00e2mara de Arcos de Valdevez"},"content":{"rendered":"<p>O concurso &#8220;Arcos pela Lente&#8221; que decorreu em novembro, em Arcos de Valdevez, promovido pela C\u00e2mara local contou com 117 participantes e recebeu mais de 300 fotografias realizadas na \u00e1rea geogr\u00e1fica do concelho, foi hoje divulgado.<\/p>\n<p>Em comunicado, aquela autarquia do distrito de Viana do Castelo informou os vencedores ser\u00e3o anunciados na sexta-feira, atrav\u00e9s do &#8216;website&#8217; do Turismo.<\/p>\n<p>O primeiro classificado tem direito a um pr\u00e9mio no valor de 250 euros, enquanto que os restantes classificados v\u00e3o receber uma men\u00e7\u00e3o honrosa no \u00e2mbito de uma iniciativa que &#8220;surgiu com o objetivo de apresentar as paisagens naturais de Arcos de Valdevez em diversas perspetivas, e pretendia &#8220;estimular a descoberta e a curiosidade pelo patrim\u00f3nio paisag\u00edstico&#8221; do concelho.<\/p>\n<p>Entre os locais fotografados est\u00e3o o Parque Nacional da Peneda-Ger\u00eas (PNPG), a Paisagem Cultural de Sistelo, as florestas da Miranda, Rio Frio e Senharei.<\/p>\n","protected":false},"excerpt":{"rendered":"<p>O concurso &#8220;Arcos pela Lente&#8221; que decorreu em novembro, em Arcos de Valdevez, promovido pela C\u00e2mara local contou com 117 participantes e recebeu mais de 300 fotografias realizadas na \u00e1rea geogr\u00e1fica do concelho, foi hoje divulgado. Em comunicado, aquela autarquia do distrito de Viana do Castelo informou os vencedores ser\u00e3o anunciados na sexta-feira, atrav\u00e9s do [&hellip;]<\/p>\n","protected":false},"author":13,"featured_media":57473,"comment_status":"closed","ping_status":"closed","sticky":false,"template":"","format":"standard","meta":{"_exactmetrics_skip_tracking":false,"_exactmetrics_sitenote_active":false,"_exactmetrics_sitenote_note":"","_exactmetrics_sitenote_category":0,"footnotes":""},"categories":[2],"tags":[19],"class_list":["post-57472","post","type-post","status-publish","format-standard","has-post-thumbnail","hentry","category-arcos-de-valdevez","tag-cultura"],"yoast_head":"<!-- This site is optimized with the Yoast SEO Premium plugin v27.4 (Yoast SEO v27.4) - https:\/\/yoast.com\/product\/yoast-seo-premium-wordpress\/ -->\n<title>Mais de 300 fotografias apresentadas em concurso lan\u00e7ado pela C\u00e2mara de Arcos de Valdevez<\/title>\n<meta name=\"robots\" content=\"index, follow, max-snippet:-1, max-image-preview:large, max-video-preview:-1\" \/>\n<link rel=\"canonical\" href=\"https:\/\/www.altominho.tv\/site\/2020\/12\/10\/mais-de-300-fotografias-apresentadas-em-concurso-lancado-pela-camara\/\" \/>\n<meta property=\"og:locale\" content=\"pt_PT\" \/>\n<meta property=\"og:type\" content=\"article\" \/>\n<meta property=\"og:title\" content=\"Mais de 300 fotografias apresentadas em concurso lan\u00e7ado pela C\u00e2mara de Arcos de Valdevez\" \/>\n<meta property=\"og:description\" content=\"O concurso &#8220;Arcos pela Lente&#8221; que decorreu em novembro, em Arcos de Valdevez, promovido pela C\u00e2mara local contou com 117 participantes e recebeu mais de 300 fotografias realizadas na \u00e1rea geogr\u00e1fica do concelho, foi hoje divulgado. Em comunicado, aquela autarquia do distrito de Viana do Castelo informou os vencedores ser\u00e3o anunciados na sexta-feira, atrav\u00e9s do [&hellip;]\" \/>\n<meta property=\"og:url\" content=\"https:\/\/www.altominho.tv\/site\/2020\/12\/10\/mais-de-300-fotografias-apresentadas-em-concurso-lancado-pela-camara\/\" \/>\n<meta property=\"og:site_name\" content=\"Altominho.tv\" \/>\n<meta property=\"article:publisher\" content=\"https:\/\/www.facebook.com\/altominhotv\" \/>\n<meta property=\"article:published_time\" content=\"2020-12-10T14:56:54+00:00\" \/>\n<meta property=\"article:modified_time\" content=\"2020-12-10T15:00:07+00:00\" \/>\n<meta property=\"og:image\" content=\"https:\/\/www.altominho.tv\/site\/wp-content\/uploads\/2020\/12\/Captura-de-ecra\u0303-2020-12-10-a\u0300s-14.53.45.png\" \/>\n\t<meta property=\"og:image:width\" content=\"1057\" \/>\n\t<meta property=\"og:image:height\" content=\"655\" \/>\n\t<meta property=\"og:image:type\" content=\"image\/png\" \/>\n<meta name=\"author\" content=\"Lusa\" \/>\n<meta name=\"twitter:card\" content=\"summary_large_image\" \/>\n<meta name=\"twitter:creator\" content=\"@altominhoTV\" \/>\n<meta name=\"twitter:site\" content=\"@altominhoTV\" \/>\n<meta name=\"twitter:label1\" content=\"Escrito por\" \/>\n\t<meta name=\"twitter:data1\" content=\"Lusa\" \/>\n\t<meta name=\"twitter:label2\" content=\"Tempo estimado de leitura\" \/>\n\t<meta name=\"twitter:data2\" content=\"1 minuto\" \/>\n<script type=\"application\/ld+json\" class=\"yoast-schema-graph\">{\"@context\":\"https:\\\/\\\/schema.org\",\"@graph\":[{\"@type\":\"Article\",\"@id\":\"https:\\\/\\\/www.altominho.tv\\\/site\\\/2020\\\/12\\\/10\\\/mais-de-300-fotografias-apresentadas-em-concurso-lancado-pela-camara\\\/#article\",\"isPartOf\":{\"@id\":\"https:\\\/\\\/www.altominho.tv\\\/site\\\/2020\\\/12\\\/10\\\/mais-de-300-fotografias-apresentadas-em-concurso-lancado-pela-camara\\\/\"},\"author\":{\"name\":\"Lusa\",\"@id\":\"https:\\\/\\\/www.altominho.tv\\\/site\\\/#\\\/schema\\\/person\\\/63f693da3e1899361cbe955c46f3232e\"},\"headline\":\"Mais de 300 fotografias apresentadas em concurso lan\u00e7ado pela C\u00e2mara de Arcos de Valdevez\",\"datePublished\":\"2020-12-10T14:56:54+00:00\",\"dateModified\":\"2020-12-10T15:00:07+00:00\",\"mainEntityOfPage\":{\"@id\":\"https:\\\/\\\/www.altominho.tv\\\/site\\\/2020\\\/12\\\/10\\\/mais-de-300-fotografias-apresentadas-em-concurso-lancado-pela-camara\\\/\"},\"wordCount\":163,\"image\":{\"@id\":\"https:\\\/\\\/www.altominho.tv\\\/site\\\/2020\\\/12\\\/10\\\/mais-de-300-fotografias-apresentadas-em-concurso-lancado-pela-camara\\\/#primaryimage\"},\"thumbnailUrl\":\"https:\\\/\\\/www.altominho.tv\\\/site\\\/wp-content\\\/uploads\\\/2020\\\/12\\\/Captura-de-ecra\u0303-2020-12-10-a\u0300s-14.53.45.png\",\"keywords\":[\"Cultura\"],\"articleSection\":[\"Arcos de Valdevez\"],\"inLanguage\":\"pt-PT\",\"copyrightYear\":\"2020\",\"copyrightHolder\":{\"@id\":\"https:\\\/\\\/www.altominho.tv\\\/site\\\/#organization\"}},{\"@type\":\"WebPage\",\"@id\":\"https:\\\/\\\/www.altominho.tv\\\/site\\\/2020\\\/12\\\/10\\\/mais-de-300-fotografias-apresentadas-em-concurso-lancado-pela-camara\\\/\",\"url\":\"https:\\\/\\\/www.altominho.tv\\\/site\\\/2020\\\/12\\\/10\\\/mais-de-300-fotografias-apresentadas-em-concurso-lancado-pela-camara\\\/\",\"name\":\"Mais de 300 fotografias apresentadas em concurso lan\u00e7ado pela C\u00e2mara de Arcos de Valdevez\",\"isPartOf\":{\"@id\":\"https:\\\/\\\/www.altominho.tv\\\/site\\\/#website\"},\"primaryImageOfPage\":{\"@id\":\"https:\\\/\\\/www.altominho.tv\\\/site\\\/2020\\\/12\\\/10\\\/mais-de-300-fotografias-apresentadas-em-concurso-lancado-pela-camara\\\/#primaryimage\"},\"image\":{\"@id\":\"https:\\\/\\\/www.altominho.tv\\\/site\\\/2020\\\/12\\\/10\\\/mais-de-300-fotografias-apresentadas-em-concurso-lancado-pela-camara\\\/#primaryimage\"},\"thumbnailUrl\":\"https:\\\/\\\/www.altominho.tv\\\/site\\\/wp-content\\\/uploads\\\/2020\\\/12\\\/Captura-de-ecra\u0303-2020-12-10-a\u0300s-14.53.45.png\",\"datePublished\":\"2020-12-10T14:56:54+00:00\",\"dateModified\":\"2020-12-10T15:00:07+00:00\",\"author\":{\"@id\":\"https:\\\/\\\/www.altominho.tv\\\/site\\\/#\\\/schema\\\/person\\\/63f693da3e1899361cbe955c46f3232e\"},\"breadcrumb\":{\"@id\":\"https:\\\/\\\/www.altominho.tv\\\/site\\\/2020\\\/12\\\/10\\\/mais-de-300-fotografias-apresentadas-em-concurso-lancado-pela-camara\\\/#breadcrumb\"},\"inLanguage\":\"pt-PT\",\"potentialAction\":[{\"@type\":\"ReadAction\",\"target\":[\"https:\\\/\\\/www.altominho.tv\\\/site\\\/2020\\\/12\\\/10\\\/mais-de-300-fotografias-apresentadas-em-concurso-lancado-pela-camara\\\/\"]}]},{\"@type\":\"ImageObject\",\"inLanguage\":\"pt-PT\",\"@id\":\"https:\\\/\\\/www.altominho.tv\\\/site\\\/2020\\\/12\\\/10\\\/mais-de-300-fotografias-apresentadas-em-concurso-lancado-pela-camara\\\/#primaryimage\",\"url\":\"https:\\\/\\\/www.altominho.tv\\\/site\\\/wp-content\\\/uploads\\\/2020\\\/12\\\/Captura-de-ecra\u0303-2020-12-10-a\u0300s-14.53.45.png\",\"contentUrl\":\"https:\\\/\\\/www.altominho.tv\\\/site\\\/wp-content\\\/uploads\\\/2020\\\/12\\\/Captura-de-ecra\u0303-2020-12-10-a\u0300s-14.53.45.png\",\"width\":1057,\"height\":655},{\"@type\":\"BreadcrumbList\",\"@id\":\"https:\\\/\\\/www.altominho.tv\\\/site\\\/2020\\\/12\\\/10\\\/mais-de-300-fotografias-apresentadas-em-concurso-lancado-pela-camara\\\/#breadcrumb\",\"itemListElement\":[{\"@type\":\"ListItem\",\"position\":1,\"name\":\"In\u00edcio\",\"item\":\"https:\\\/\\\/www.altominho.tv\\\/site\\\/\"},{\"@type\":\"ListItem\",\"position\":2,\"name\":\"Mais de 300 fotografias apresentadas em concurso lan\u00e7ado pela C\u00e2mara de Arcos de Valdevez\"}]},{\"@type\":\"WebSite\",\"@id\":\"https:\\\/\\\/www.altominho.tv\\\/site\\\/#website\",\"url\":\"https:\\\/\\\/www.altominho.tv\\\/site\\\/\",\"name\":\"Altominho.tv\",\"description\":\"A sua regi\u00e3o \u00e0 dist\u00e2ncia de um clique...\",\"potentialAction\":[{\"@type\":\"SearchAction\",\"target\":{\"@type\":\"EntryPoint\",\"urlTemplate\":\"https:\\\/\\\/www.altominho.tv\\\/site\\\/?s={search_term_string}\"},\"query-input\":{\"@type\":\"PropertyValueSpecification\",\"valueRequired\":true,\"valueName\":\"search_term_string\"}}],\"inLanguage\":\"pt-PT\"},{\"@type\":\"Person\",\"@id\":\"https:\\\/\\\/www.altominho.tv\\\/site\\\/#\\\/schema\\\/person\\\/63f693da3e1899361cbe955c46f3232e\",\"name\":\"Lusa\",\"image\":{\"@type\":\"ImageObject\",\"inLanguage\":\"pt-PT\",\"@id\":\"https:\\\/\\\/www.altominho.tv\\\/site\\\/wp-content\\\/uploads\\\/2019\\\/08\\\/LUSA_Logo.gif\",\"url\":\"https:\\\/\\\/www.altominho.tv\\\/site\\\/wp-content\\\/uploads\\\/2019\\\/08\\\/LUSA_Logo.gif\",\"contentUrl\":\"https:\\\/\\\/www.altominho.tv\\\/site\\\/wp-content\\\/uploads\\\/2019\\\/08\\\/LUSA_Logo.gif\",\"caption\":\"Lusa\"},\"sameAs\":[\"http:\\\/\\\/\\\/\\\/www.altominho.tv\\\/site\"],\"url\":\"https:\\\/\\\/www.altominho.tv\\\/site\\\/author\\\/lusa\\\/\"}]}<\/script>\n<!-- \/ Yoast SEO Premium plugin. -->","yoast_head_json":{"title":"Mais de 300 fotografias apresentadas em concurso lan\u00e7ado pela C\u00e2mara de Arcos de Valdevez","robots":{"index":"index","follow":"follow","max-snippet":"max-snippet:-1","max-image-preview":"max-image-preview:large","max-video-preview":"max-video-preview:-1"},"canonical":"https:\/\/www.altominho.tv\/site\/2020\/12\/10\/mais-de-300-fotografias-apresentadas-em-concurso-lancado-pela-camara\/","og_locale":"pt_PT","og_type":"article","og_title":"Mais de 300 fotografias apresentadas em concurso lan\u00e7ado pela C\u00e2mara de Arcos de Valdevez","og_description":"O concurso &#8220;Arcos pela Lente&#8221; que decorreu em novembro, em Arcos de Valdevez, promovido pela C\u00e2mara local contou com 117 participantes e recebeu mais de 300 fotografias realizadas na \u00e1rea geogr\u00e1fica do concelho, foi hoje divulgado. Em comunicado, aquela autarquia do distrito de Viana do Castelo informou os vencedores ser\u00e3o anunciados na sexta-feira, atrav\u00e9s do [&hellip;]","og_url":"https:\/\/www.altominho.tv\/site\/2020\/12\/10\/mais-de-300-fotografias-apresentadas-em-concurso-lancado-pela-camara\/","og_site_name":"Altominho.tv","article_publisher":"https:\/\/www.facebook.com\/altominhotv","article_published_time":"2020-12-10T14:56:54+00:00","article_modified_time":"2020-12-10T15:00:07+00:00","og_image":[{"width":1057,"height":655,"url":"https:\/\/www.altominho.tv\/site\/wp-content\/uploads\/2020\/12\/Captura-de-ecra\u0303-2020-12-10-a\u0300s-14.53.45.png","type":"image\/png"}],"author":"Lusa","twitter_card":"summary_large_image","twitter_creator":"@altominhoTV","twitter_site":"@altominhoTV","twitter_misc":{"Escrito por":"Lusa","Tempo estimado de leitura":"1 minuto"},"schema":{"@context":"https:\/\/schema.org","@graph":[{"@type":"Article","@id":"https:\/\/www.altominho.tv\/site\/2020\/12\/10\/mais-de-300-fotografias-apresentadas-em-concurso-lancado-pela-camara\/#article","isPartOf":{"@id":"https:\/\/www.altominho.tv\/site\/2020\/12\/10\/mais-de-300-fotografias-apresentadas-em-concurso-lancado-pela-camara\/"},"author":{"name":"Lusa","@id":"https:\/\/www.altominho.tv\/site\/#\/schema\/person\/63f693da3e1899361cbe955c46f3232e"},"headline":"Mais de 300 fotografias apresentadas em concurso lan\u00e7ado pela C\u00e2mara de Arcos de Valdevez","datePublished":"2020-12-10T14:56:54+00:00","dateModified":"2020-12-10T15:00:07+00:00","mainEntityOfPage":{"@id":"https:\/\/www.altominho.tv\/site\/2020\/12\/10\/mais-de-300-fotografias-apresentadas-em-concurso-lancado-pela-camara\/"},"wordCount":163,"image":{"@id":"https:\/\/www.altominho.tv\/site\/2020\/12\/10\/mais-de-300-fotografias-apresentadas-em-concurso-lancado-pela-camara\/#primaryimage"},"thumbnailUrl":"https:\/\/www.altominho.tv\/site\/wp-content\/uploads\/2020\/12\/Captura-de-ecra\u0303-2020-12-10-a\u0300s-14.53.45.png","keywords":["Cultura"],"articleSection":["Arcos de Valdevez"],"inLanguage":"pt-PT","copyrightYear":"2020","copyrightHolder":{"@id":"https:\/\/www.altominho.tv\/site\/#organization"}},{"@type":"WebPage","@id":"https:\/\/www.altominho.tv\/site\/2020\/12\/10\/mais-de-300-fotografias-apresentadas-em-concurso-lancado-pela-camara\/","url":"https:\/\/www.altominho.tv\/site\/2020\/12\/10\/mais-de-300-fotografias-apresentadas-em-concurso-lancado-pela-camara\/","name":"Mais de 300 fotografias apresentadas em concurso lan\u00e7ado pela C\u00e2mara de Arcos de Valdevez","isPartOf":{"@id":"https:\/\/www.altominho.tv\/site\/#website"},"primaryImageOfPage":{"@id":"https:\/\/www.altominho.tv\/site\/2020\/12\/10\/mais-de-300-fotografias-apresentadas-em-concurso-lancado-pela-camara\/#primaryimage"},"image":{"@id":"https:\/\/www.altominho.tv\/site\/2020\/12\/10\/mais-de-300-fotografias-apresentadas-em-concurso-lancado-pela-camara\/#primaryimage"},"thumbnailUrl":"https:\/\/www.altominho.tv\/site\/wp-content\/uploads\/2020\/12\/Captura-de-ecra\u0303-2020-12-10-a\u0300s-14.53.45.png","datePublished":"2020-12-10T14:56:54+00:00","dateModified":"2020-12-10T15:00:07+00:00","author":{"@id":"https:\/\/www.altominho.tv\/site\/#\/schema\/person\/63f693da3e1899361cbe955c46f3232e"},"breadcrumb":{"@id":"https:\/\/www.altominho.tv\/site\/2020\/12\/10\/mais-de-300-fotografias-apresentadas-em-concurso-lancado-pela-camara\/#breadcrumb"},"inLanguage":"pt-PT","potentialAction":[{"@type":"ReadAction","target":["https:\/\/www.altominho.tv\/site\/2020\/12\/10\/mais-de-300-fotografias-apresentadas-em-concurso-lancado-pela-camara\/"]}]},{"@type":"ImageObject","inLanguage":"pt-PT","@id":"https:\/\/www.altominho.tv\/site\/2020\/12\/10\/mais-de-300-fotografias-apresentadas-em-concurso-lancado-pela-camara\/#primaryimage","url":"https:\/\/www.altominho.tv\/site\/wp-content\/uploads\/2020\/12\/Captura-de-ecra\u0303-2020-12-10-a\u0300s-14.53.45.png","contentUrl":"https:\/\/www.altominho.tv\/site\/wp-content\/uploads\/2020\/12\/Captura-de-ecra\u0303-2020-12-10-a\u0300s-14.53.45.png","width":1057,"height":655},{"@type":"BreadcrumbList","@id":"https:\/\/www.altominho.tv\/site\/2020\/12\/10\/mais-de-300-fotografias-apresentadas-em-concurso-lancado-pela-camara\/#breadcrumb","itemListElement":[{"@type":"ListItem","position":1,"name":"In\u00edcio","item":"https:\/\/www.altominho.tv\/site\/"},{"@type":"ListItem","position":2,"name":"Mais de 300 fotografias apresentadas em concurso lan\u00e7ado pela C\u00e2mara de Arcos de Valdevez"}]},{"@type":"WebSite","@id":"https:\/\/www.altominho.tv\/site\/#website","url":"https:\/\/www.altominho.tv\/site\/","name":"Altominho.tv","description":"A sua regi\u00e3o \u00e0 dist\u00e2ncia de um clique...","potentialAction":[{"@type":"SearchAction","target":{"@type":"EntryPoint","urlTemplate":"https:\/\/www.altominho.tv\/site\/?s={search_term_string}"},"query-input":{"@type":"PropertyValueSpecification","valueRequired":true,"valueName":"search_term_string"}}],"inLanguage":"pt-PT"},{"@type":"Person","@id":"https:\/\/www.altominho.tv\/site\/#\/schema\/person\/63f693da3e1899361cbe955c46f3232e","name":"Lusa","image":{"@type":"ImageObject","inLanguage":"pt-PT","@id":"https:\/\/www.altominho.tv\/site\/wp-content\/uploads\/2019\/08\/LUSA_Logo.gif","url":"https:\/\/www.altominho.tv\/site\/wp-content\/uploads\/2019\/08\/LUSA_Logo.gif","contentUrl":"https:\/\/www.altominho.tv\/site\/wp-content\/uploads\/2019\/08\/LUSA_Logo.gif","caption":"Lusa"},"sameAs":["http:\/\/\/\/www.altominho.tv\/site"],"url":"https:\/\/www.altominho.tv\/site\/author\/lusa\/"}]}},"_links":{"self":[{"href":"https:\/\/www.altominho.tv\/site\/wp-json\/wp\/v2\/posts\/57472","targetHints":{"allow":["GET"]}}],"collection":[{"href":"https:\/\/www.altominho.tv\/site\/wp-json\/wp\/v2\/posts"}],"about":[{"href":"https:\/\/www.altominho.tv\/site\/wp-json\/wp\/v2\/types\/post"}],"author":[{"embeddable":true,"href":"https:\/\/www.altominho.tv\/site\/wp-json\/wp\/v2\/users\/13"}],"replies":[{"embeddable":true,"href":"https:\/\/www.altominho.tv\/site\/wp-json\/wp\/v2\/comments?post=57472"}],"version-history":[{"count":0,"href":"https:\/\/www.altominho.tv\/site\/wp-json\/wp\/v2\/posts\/57472\/revisions"}],"wp:featuredmedia":[{"embeddable":true,"href":"https:\/\/www.altominho.tv\/site\/wp-json\/wp\/v2\/media\/57473"}],"wp:attachment":[{"href":"https:\/\/www.altominho.tv\/site\/wp-json\/wp\/v2\/media?parent=57472"}],"wp:term":[{"taxonomy":"category","embeddable":true,"href":"https:\/\/www.altominho.tv\/site\/wp-json\/wp\/v2\/categories?post=57472"},{"taxonomy":"post_tag","embeddable":true,"href":"https:\/\/www.altominho.tv\/site\/wp-json\/wp\/v2\/tags?post=57472"}],"curies":[{"name":"wp","href":"https:\/\/api.w.org\/{rel}","templated":true}]}}