{"id":57455,"date":"2020-12-10T11:31:10","date_gmt":"2020-12-10T11:31:10","guid":{"rendered":"https:\/\/www.altominho.tv\/site\/?p=57455"},"modified":"2020-12-10T11:31:13","modified_gmt":"2020-12-10T11:31:13","slug":"gnr-detem-dois-homens-por-posse-ilegal-de-armas-2","status":"publish","type":"post","link":"https:\/\/www.altominho.tv\/site\/2020\/12\/10\/gnr-detem-dois-homens-por-posse-ilegal-de-armas-2\/","title":{"rendered":"GNR det\u00e9m dois homens por posse ilegal de armas"},"content":{"rendered":"<p>A GNR deteve dois homens, de 25 e 47 anos, por posse ilegal de armas, no concelho de Arcos de Valdevez.<u><\/u><u><\/u><\/p>\n<p>Em comunicado, o Comando Territorial da GNR de Viana do Castelo adiantou que a deten\u00e7\u00e3o ocorreu esta quarta-feira, &#8220;no \u00e2mbito de uma investiga\u00e7\u00e3o por furto que decorre h\u00e1 um ano&#8221;.<\/p>\n<p>Segundo a GNR, os militares realizaram duas buscas domicili\u00e1rias e uma em ve\u00edculo, tendo sido apreendidos tr\u00eas espingardas de ca\u00e7a de calibre 12, um rev\u00f3lver de calibre 7.65mm, uma pistola de calibre 6.35mm, uma espingarda de ar comprimido, 161 muni\u00e7\u00f5es de diversos calibres e um telem\u00f3vel.<\/p>\n<p>Os detidos foram constitu\u00eddos arguidos e os factos remetidos para o Tribunal Judicial de Arcos de Valdevez.<\/p>\n<p><u><\/u><u><\/u>A a\u00e7\u00e3o contou com o refor\u00e7o do Destacamento Territorial de Arcos de Valdevez.<\/p>\n","protected":false},"excerpt":{"rendered":"<p>A GNR deteve dois homens, de 25 e 47 anos, por posse ilegal de armas, no concelho de Arcos de Valdevez. Em comunicado, o Comando Territorial da GNR de Viana do Castelo adiantou que a deten\u00e7\u00e3o ocorreu esta quarta-feira, &#8220;no \u00e2mbito de uma investiga\u00e7\u00e3o por furto que decorre h\u00e1 um ano&#8221;. Segundo a GNR, os [&hellip;]<\/p>\n","protected":false},"author":12,"featured_media":57456,"comment_status":"closed","ping_status":"closed","sticky":false,"template":"","format":"standard","meta":{"_exactmetrics_skip_tracking":false,"footnotes":""},"categories":[2],"tags":[27],"class_list":["post-57455","post","type-post","status-publish","format-standard","has-post-thumbnail","hentry","category-arcos-de-valdevez","tag-sociedade"],"yoast_head":"<!-- This site is optimized with the Yoast SEO Premium plugin v28.3 (Yoast SEO v28.3) - https:\/\/yoast.com\/product\/yoast-seo-premium-wordpress\/ -->\n<title>GNR det\u00e9m dois homens por posse ilegal de armas<\/title>\n<meta name=\"robots\" content=\"index, follow, max-snippet:-1, max-image-preview:large, max-video-preview:-1\" \/>\n<link rel=\"canonical\" href=\"https:\/\/www.altominho.tv\/site\/2020\/12\/10\/gnr-detem-dois-homens-por-posse-ilegal-de-armas-2\/\" \/>\n<meta property=\"og:locale\" content=\"pt_PT\" \/>\n<meta property=\"og:type\" content=\"article\" \/>\n<meta property=\"og:title\" content=\"GNR det\u00e9m dois homens por posse ilegal de armas\" \/>\n<meta property=\"og:description\" content=\"A GNR deteve dois homens, de 25 e 47 anos, por posse ilegal de armas, no concelho de Arcos de Valdevez. Em comunicado, o Comando Territorial da GNR de Viana do Castelo adiantou que a deten\u00e7\u00e3o ocorreu esta quarta-feira, &#8220;no \u00e2mbito de uma investiga\u00e7\u00e3o por furto que decorre h\u00e1 um ano&#8221;. Segundo a GNR, os [&hellip;]\" \/>\n<meta property=\"og:url\" content=\"https:\/\/www.altominho.tv\/site\/2020\/12\/10\/gnr-detem-dois-homens-por-posse-ilegal-de-armas-2\/\" \/>\n<meta property=\"og:site_name\" content=\"Altominho.tv\" \/>\n<meta property=\"article:publisher\" content=\"https:\/\/www.facebook.com\/altominhotv\" \/>\n<meta property=\"article:published_time\" content=\"2020-12-10T11:31:10+00:00\" \/>\n<meta property=\"article:modified_time\" content=\"2020-12-10T11:31:13+00:00\" \/>\n<meta property=\"og:image\" content=\"https:\/\/www.altominho.tv\/site\/wp-content\/uploads\/2020\/12\/Arcos-de-Valdevez-Detidos-por-posse-ilegal-de-armas.jpg\" \/>\n\t<meta property=\"og:image:width\" content=\"896\" \/>\n\t<meta property=\"og:image:height\" content=\"569\" \/>\n\t<meta property=\"og:image:type\" content=\"image\/jpeg\" \/>\n<meta name=\"author\" content=\"Andreia Ferreira\" \/>\n<meta name=\"twitter:card\" content=\"summary_large_image\" \/>\n<meta name=\"twitter:creator\" content=\"@altominhoTV\" \/>\n<meta name=\"twitter:site\" content=\"@altominhoTV\" \/>\n<meta name=\"twitter:label1\" content=\"Escrito por\" \/>\n\t<meta name=\"twitter:data1\" content=\"Andreia Ferreira\" \/>\n\t<meta name=\"twitter:label2\" content=\"Tempo estimado de leitura\" \/>\n\t<meta name=\"twitter:data2\" content=\"1 minuto\" \/>\n<script type=\"application\/ld+json\" class=\"yoast-schema-graph\">{\"@context\":\"https:\\\/\\\/schema.org\",\"@graph\":[{\"@type\":\"Article\",\"@id\":\"https:\\\/\\\/www.altominho.tv\\\/site\\\/2020\\\/12\\\/10\\\/gnr-detem-dois-homens-por-posse-ilegal-de-armas-2\\\/#article\",\"isPartOf\":{\"@id\":\"https:\\\/\\\/www.altominho.tv\\\/site\\\/2020\\\/12\\\/10\\\/gnr-detem-dois-homens-por-posse-ilegal-de-armas-2\\\/\"},\"author\":{\"name\":\"Andreia Ferreira\",\"@id\":\"https:\\\/\\\/www.altominho.tv\\\/site\\\/#\\\/schema\\\/person\\\/d9be4265364723f14ea8e0d56a1d38cd\"},\"headline\":\"GNR det\u00e9m dois homens por posse ilegal de armas\",\"datePublished\":\"2020-12-10T11:31:10+00:00\",\"dateModified\":\"2020-12-10T11:31:13+00:00\",\"mainEntityOfPage\":{\"@id\":\"https:\\\/\\\/www.altominho.tv\\\/site\\\/2020\\\/12\\\/10\\\/gnr-detem-dois-homens-por-posse-ilegal-de-armas-2\\\/\"},\"wordCount\":145,\"image\":{\"@id\":\"https:\\\/\\\/www.altominho.tv\\\/site\\\/2020\\\/12\\\/10\\\/gnr-detem-dois-homens-por-posse-ilegal-de-armas-2\\\/#primaryimage\"},\"thumbnailUrl\":\"https:\\\/\\\/www.altominho.tv\\\/site\\\/wp-content\\\/uploads\\\/2020\\\/12\\\/Arcos-de-Valdevez-Detidos-por-posse-ilegal-de-armas.jpg\",\"keywords\":[\"Sociedade\"],\"articleSection\":[\"Arcos de Valdevez\"],\"inLanguage\":\"pt-PT\",\"copyrightYear\":\"2020\",\"copyrightHolder\":{\"@id\":\"https:\\\/\\\/www.altominho.tv\\\/site\\\/#organization\"}},{\"@type\":\"WebPage\",\"@id\":\"https:\\\/\\\/www.altominho.tv\\\/site\\\/2020\\\/12\\\/10\\\/gnr-detem-dois-homens-por-posse-ilegal-de-armas-2\\\/\",\"url\":\"https:\\\/\\\/www.altominho.tv\\\/site\\\/2020\\\/12\\\/10\\\/gnr-detem-dois-homens-por-posse-ilegal-de-armas-2\\\/\",\"name\":\"GNR det\u00e9m dois homens por posse ilegal de armas\",\"isPartOf\":{\"@id\":\"https:\\\/\\\/www.altominho.tv\\\/site\\\/#website\"},\"primaryImageOfPage\":{\"@id\":\"https:\\\/\\\/www.altominho.tv\\\/site\\\/2020\\\/12\\\/10\\\/gnr-detem-dois-homens-por-posse-ilegal-de-armas-2\\\/#primaryimage\"},\"image\":{\"@id\":\"https:\\\/\\\/www.altominho.tv\\\/site\\\/2020\\\/12\\\/10\\\/gnr-detem-dois-homens-por-posse-ilegal-de-armas-2\\\/#primaryimage\"},\"thumbnailUrl\":\"https:\\\/\\\/www.altominho.tv\\\/site\\\/wp-content\\\/uploads\\\/2020\\\/12\\\/Arcos-de-Valdevez-Detidos-por-posse-ilegal-de-armas.jpg\",\"datePublished\":\"2020-12-10T11:31:10+00:00\",\"dateModified\":\"2020-12-10T11:31:13+00:00\",\"author\":{\"@id\":\"https:\\\/\\\/www.altominho.tv\\\/site\\\/#\\\/schema\\\/person\\\/d9be4265364723f14ea8e0d56a1d38cd\"},\"breadcrumb\":{\"@id\":\"https:\\\/\\\/www.altominho.tv\\\/site\\\/2020\\\/12\\\/10\\\/gnr-detem-dois-homens-por-posse-ilegal-de-armas-2\\\/#breadcrumb\"},\"inLanguage\":\"pt-PT\",\"potentialAction\":[{\"@type\":\"ReadAction\",\"target\":[\"https:\\\/\\\/www.altominho.tv\\\/site\\\/2020\\\/12\\\/10\\\/gnr-detem-dois-homens-por-posse-ilegal-de-armas-2\\\/\"]}]},{\"@type\":\"ImageObject\",\"inLanguage\":\"pt-PT\",\"@id\":\"https:\\\/\\\/www.altominho.tv\\\/site\\\/2020\\\/12\\\/10\\\/gnr-detem-dois-homens-por-posse-ilegal-de-armas-2\\\/#primaryimage\",\"url\":\"https:\\\/\\\/www.altominho.tv\\\/site\\\/wp-content\\\/uploads\\\/2020\\\/12\\\/Arcos-de-Valdevez-Detidos-por-posse-ilegal-de-armas.jpg\",\"contentUrl\":\"https:\\\/\\\/www.altominho.tv\\\/site\\\/wp-content\\\/uploads\\\/2020\\\/12\\\/Arcos-de-Valdevez-Detidos-por-posse-ilegal-de-armas.jpg\",\"width\":896,\"height\":569,\"caption\":\"GNR\"},{\"@type\":\"BreadcrumbList\",\"@id\":\"https:\\\/\\\/www.altominho.tv\\\/site\\\/2020\\\/12\\\/10\\\/gnr-detem-dois-homens-por-posse-ilegal-de-armas-2\\\/#breadcrumb\",\"itemListElement\":[{\"@type\":\"ListItem\",\"position\":1,\"name\":\"In\u00edcio\",\"item\":\"https:\\\/\\\/www.altominho.tv\\\/site\\\/\"},{\"@type\":\"ListItem\",\"position\":2,\"name\":\"GNR det\u00e9m dois homens por posse ilegal de armas\"}]},{\"@type\":\"WebSite\",\"@id\":\"https:\\\/\\\/www.altominho.tv\\\/site\\\/#website\",\"url\":\"https:\\\/\\\/www.altominho.tv\\\/site\\\/\",\"name\":\"Altominho.tv\",\"description\":\"A sua regi\u00e3o \u00e0 dist\u00e2ncia de um clique...\",\"potentialAction\":[{\"@type\":\"SearchAction\",\"target\":{\"@type\":\"EntryPoint\",\"urlTemplate\":\"https:\\\/\\\/www.altominho.tv\\\/site\\\/?s={search_term_string}\"},\"query-input\":{\"@type\":\"PropertyValueSpecification\",\"valueRequired\":true,\"valueName\":\"search_term_string\"}}],\"inLanguage\":\"pt-PT\"},{\"@type\":\"Person\",\"@id\":\"https:\\\/\\\/www.altominho.tv\\\/site\\\/#\\\/schema\\\/person\\\/d9be4265364723f14ea8e0d56a1d38cd\",\"name\":\"Andreia Ferreira\",\"image\":{\"@type\":\"ImageObject\",\"inLanguage\":\"pt-PT\",\"@id\":\"https:\\\/\\\/www.altominho.tv\\\/site\\\/wp-content\\\/uploads\\\/2021\\\/01\\\/AndreiaFerreira-150x150.jpg\",\"url\":\"https:\\\/\\\/www.altominho.tv\\\/site\\\/wp-content\\\/uploads\\\/2021\\\/01\\\/AndreiaFerreira-150x150.jpg\",\"contentUrl\":\"https:\\\/\\\/www.altominho.tv\\\/site\\\/wp-content\\\/uploads\\\/2021\\\/01\\\/AndreiaFerreira-150x150.jpg\",\"caption\":\"Andreia Ferreira\"},\"url\":\"https:\\\/\\\/www.altominho.tv\\\/site\\\/author\\\/andreiaferreira\\\/\"}]}<\/script>\n<!-- \/ Yoast SEO Premium plugin. -->","yoast_head_json":{"title":"GNR det\u00e9m dois homens por posse ilegal de armas","robots":{"index":"index","follow":"follow","max-snippet":"max-snippet:-1","max-image-preview":"max-image-preview:large","max-video-preview":"max-video-preview:-1"},"canonical":"https:\/\/www.altominho.tv\/site\/2020\/12\/10\/gnr-detem-dois-homens-por-posse-ilegal-de-armas-2\/","og_locale":"pt_PT","og_type":"article","og_title":"GNR det\u00e9m dois homens por posse ilegal de armas","og_description":"A GNR deteve dois homens, de 25 e 47 anos, por posse ilegal de armas, no concelho de Arcos de Valdevez. Em comunicado, o Comando Territorial da GNR de Viana do Castelo adiantou que a deten\u00e7\u00e3o ocorreu esta quarta-feira, &#8220;no \u00e2mbito de uma investiga\u00e7\u00e3o por furto que decorre h\u00e1 um ano&#8221;. Segundo a GNR, os [&hellip;]","og_url":"https:\/\/www.altominho.tv\/site\/2020\/12\/10\/gnr-detem-dois-homens-por-posse-ilegal-de-armas-2\/","og_site_name":"Altominho.tv","article_publisher":"https:\/\/www.facebook.com\/altominhotv","article_published_time":"2020-12-10T11:31:10+00:00","article_modified_time":"2020-12-10T11:31:13+00:00","og_image":[{"width":896,"height":569,"url":"https:\/\/www.altominho.tv\/site\/wp-content\/uploads\/2020\/12\/Arcos-de-Valdevez-Detidos-por-posse-ilegal-de-armas.jpg","type":"image\/jpeg"}],"author":"Andreia Ferreira","twitter_card":"summary_large_image","twitter_creator":"@altominhoTV","twitter_site":"@altominhoTV","twitter_misc":{"Escrito por":"Andreia Ferreira","Tempo estimado de leitura":"1 minuto"},"schema":{"@context":"https:\/\/schema.org","@graph":[{"@type":"Article","@id":"https:\/\/www.altominho.tv\/site\/2020\/12\/10\/gnr-detem-dois-homens-por-posse-ilegal-de-armas-2\/#article","isPartOf":{"@id":"https:\/\/www.altominho.tv\/site\/2020\/12\/10\/gnr-detem-dois-homens-por-posse-ilegal-de-armas-2\/"},"author":{"name":"Andreia Ferreira","@id":"https:\/\/www.altominho.tv\/site\/#\/schema\/person\/d9be4265364723f14ea8e0d56a1d38cd"},"headline":"GNR det\u00e9m dois homens por posse ilegal de armas","datePublished":"2020-12-10T11:31:10+00:00","dateModified":"2020-12-10T11:31:13+00:00","mainEntityOfPage":{"@id":"https:\/\/www.altominho.tv\/site\/2020\/12\/10\/gnr-detem-dois-homens-por-posse-ilegal-de-armas-2\/"},"wordCount":145,"image":{"@id":"https:\/\/www.altominho.tv\/site\/2020\/12\/10\/gnr-detem-dois-homens-por-posse-ilegal-de-armas-2\/#primaryimage"},"thumbnailUrl":"https:\/\/www.altominho.tv\/site\/wp-content\/uploads\/2020\/12\/Arcos-de-Valdevez-Detidos-por-posse-ilegal-de-armas.jpg","keywords":["Sociedade"],"articleSection":["Arcos de Valdevez"],"inLanguage":"pt-PT","copyrightYear":"2020","copyrightHolder":{"@id":"https:\/\/www.altominho.tv\/site\/#organization"}},{"@type":"WebPage","@id":"https:\/\/www.altominho.tv\/site\/2020\/12\/10\/gnr-detem-dois-homens-por-posse-ilegal-de-armas-2\/","url":"https:\/\/www.altominho.tv\/site\/2020\/12\/10\/gnr-detem-dois-homens-por-posse-ilegal-de-armas-2\/","name":"GNR det\u00e9m dois homens por posse ilegal de armas","isPartOf":{"@id":"https:\/\/www.altominho.tv\/site\/#website"},"primaryImageOfPage":{"@id":"https:\/\/www.altominho.tv\/site\/2020\/12\/10\/gnr-detem-dois-homens-por-posse-ilegal-de-armas-2\/#primaryimage"},"image":{"@id":"https:\/\/www.altominho.tv\/site\/2020\/12\/10\/gnr-detem-dois-homens-por-posse-ilegal-de-armas-2\/#primaryimage"},"thumbnailUrl":"https:\/\/www.altominho.tv\/site\/wp-content\/uploads\/2020\/12\/Arcos-de-Valdevez-Detidos-por-posse-ilegal-de-armas.jpg","datePublished":"2020-12-10T11:31:10+00:00","dateModified":"2020-12-10T11:31:13+00:00","author":{"@id":"https:\/\/www.altominho.tv\/site\/#\/schema\/person\/d9be4265364723f14ea8e0d56a1d38cd"},"breadcrumb":{"@id":"https:\/\/www.altominho.tv\/site\/2020\/12\/10\/gnr-detem-dois-homens-por-posse-ilegal-de-armas-2\/#breadcrumb"},"inLanguage":"pt-PT","potentialAction":[{"@type":"ReadAction","target":["https:\/\/www.altominho.tv\/site\/2020\/12\/10\/gnr-detem-dois-homens-por-posse-ilegal-de-armas-2\/"]}]},{"@type":"ImageObject","inLanguage":"pt-PT","@id":"https:\/\/www.altominho.tv\/site\/2020\/12\/10\/gnr-detem-dois-homens-por-posse-ilegal-de-armas-2\/#primaryimage","url":"https:\/\/www.altominho.tv\/site\/wp-content\/uploads\/2020\/12\/Arcos-de-Valdevez-Detidos-por-posse-ilegal-de-armas.jpg","contentUrl":"https:\/\/www.altominho.tv\/site\/wp-content\/uploads\/2020\/12\/Arcos-de-Valdevez-Detidos-por-posse-ilegal-de-armas.jpg","width":896,"height":569,"caption":"GNR"},{"@type":"BreadcrumbList","@id":"https:\/\/www.altominho.tv\/site\/2020\/12\/10\/gnr-detem-dois-homens-por-posse-ilegal-de-armas-2\/#breadcrumb","itemListElement":[{"@type":"ListItem","position":1,"name":"In\u00edcio","item":"https:\/\/www.altominho.tv\/site\/"},{"@type":"ListItem","position":2,"name":"GNR det\u00e9m dois homens por posse ilegal de armas"}]},{"@type":"WebSite","@id":"https:\/\/www.altominho.tv\/site\/#website","url":"https:\/\/www.altominho.tv\/site\/","name":"Altominho.tv","description":"A sua regi\u00e3o \u00e0 dist\u00e2ncia de um clique...","potentialAction":[{"@type":"SearchAction","target":{"@type":"EntryPoint","urlTemplate":"https:\/\/www.altominho.tv\/site\/?s={search_term_string}"},"query-input":{"@type":"PropertyValueSpecification","valueRequired":true,"valueName":"search_term_string"}}],"inLanguage":"pt-PT"},{"@type":"Person","@id":"https:\/\/www.altominho.tv\/site\/#\/schema\/person\/d9be4265364723f14ea8e0d56a1d38cd","name":"Andreia Ferreira","image":{"@type":"ImageObject","inLanguage":"pt-PT","@id":"https:\/\/www.altominho.tv\/site\/wp-content\/uploads\/2021\/01\/AndreiaFerreira-150x150.jpg","url":"https:\/\/www.altominho.tv\/site\/wp-content\/uploads\/2021\/01\/AndreiaFerreira-150x150.jpg","contentUrl":"https:\/\/www.altominho.tv\/site\/wp-content\/uploads\/2021\/01\/AndreiaFerreira-150x150.jpg","caption":"Andreia Ferreira"},"url":"https:\/\/www.altominho.tv\/site\/author\/andreiaferreira\/"}]}},"_links":{"self":[{"href":"https:\/\/www.altominho.tv\/site\/wp-json\/wp\/v2\/posts\/57455","targetHints":{"allow":["GET"]}}],"collection":[{"href":"https:\/\/www.altominho.tv\/site\/wp-json\/wp\/v2\/posts"}],"about":[{"href":"https:\/\/www.altominho.tv\/site\/wp-json\/wp\/v2\/types\/post"}],"author":[{"embeddable":true,"href":"https:\/\/www.altominho.tv\/site\/wp-json\/wp\/v2\/users\/12"}],"replies":[{"embeddable":true,"href":"https:\/\/www.altominho.tv\/site\/wp-json\/wp\/v2\/comments?post=57455"}],"version-history":[{"count":0,"href":"https:\/\/www.altominho.tv\/site\/wp-json\/wp\/v2\/posts\/57455\/revisions"}],"wp:featuredmedia":[{"embeddable":true,"href":"https:\/\/www.altominho.tv\/site\/wp-json\/wp\/v2\/media\/57456"}],"wp:attachment":[{"href":"https:\/\/www.altominho.tv\/site\/wp-json\/wp\/v2\/media?parent=57455"}],"wp:term":[{"taxonomy":"category","embeddable":true,"href":"https:\/\/www.altominho.tv\/site\/wp-json\/wp\/v2\/categories?post=57455"},{"taxonomy":"post_tag","embeddable":true,"href":"https:\/\/www.altominho.tv\/site\/wp-json\/wp\/v2\/tags?post=57455"}],"curies":[{"name":"wp","href":"https:\/\/api.w.org\/{rel}","templated":true}]}}