{"id":57279,"date":"2020-12-07T14:56:02","date_gmt":"2020-12-07T14:56:02","guid":{"rendered":"https:\/\/www.altominho.tv\/site\/?p=57279"},"modified":"2020-12-07T14:56:06","modified_gmt":"2020-12-07T14:56:06","slug":"mil-clientes-da-aguas-do-alto-minho-recebem-fatura-com-codigo-de-pagamento-errado","status":"publish","type":"post","link":"https:\/\/www.altominho.tv\/site\/2020\/12\/07\/mil-clientes-da-aguas-do-alto-minho-recebem-fatura-com-codigo-de-pagamento-errado\/","title":{"rendered":"Mil clientes da \u00c1guas do Alto Minho recebem fatura com c\u00f3digo de pagamento errado"},"content":{"rendered":"<p>Cerca de mil clientes da \u00c1guas do Alto Minho residentes em Arcos de Valdevez receberam o c\u00f3digo errado de entidade para pagamento das faturas por multibanco, &#8220;falha&#8221; que a empresa atribuiu aos CTT-Correios de Portugal.<\/p>\n<p>A empresa de gest\u00e3o das redes de \u00e1gua em baixa e de saneamento \u00c1guas do Alto Minho (AdAM) explicou em comunicado que, &#8220;por falha dos CTT, cerca de mil clientes residentes no concelho de Arcos de Valdevez receberam as suas faturas com o c\u00f3digo errado de entidade para o pagamento por multibanco&#8221;.<\/p>\n<p>A AdAM acrescenta que, &#8220;no \u00e2mbito do mesmo lapso dos CTT, detetou-se ainda que alguns clientes residentes nos concelhos de Arcos de Valdevez e de Paredes de Coura receberam duas vezes a mesma fatura&#8221;.<\/p>\n<p>Quanto ao primeiro erro, relacionado com o c\u00f3digo de entidade errado, a AdAM diz que os clientes \u201capenas conseguir\u00e3o proceder ao pagamento via Multibanco substituindo o c\u00f3digo da entidade 21309 por 21887, deslocando-se a uma das lojas da AdAM, ou por d\u00e9bito direto&#8221;.<\/p>\n<p>No caso das faturas duplicadas, \u201co cliente dever\u00e1 ignorar uma delas e o pagamento em falta ser efetuado pela via indicada na fatura, ou numa das suas lojas&#8221;, refere a AdAM. A empresa garante que a &#8220;fatura\u00e7\u00e3o est\u00e1 correta&#8221;, lamentando o &#8220;inc\u00f3modo causado&#8221;.<\/p>\n<p>Em resposta escrita a um pedido de esclarecimento enviado esta segunda-feira pela ag\u00eancia Lusa, &#8220;os CTT confirmam que houve um lapso na emiss\u00e3o das faturas, tendo estas sido imediatamente corrigidas&#8221;.<\/p>\n<p>A AdAM \u00e9 detida em 51% pela \u00c1guas de Portugal (AdP)e em 49% pelos munic\u00edpios de Arcos de Valdevez, Caminha, Paredes de Coura, Ponte de Lima, Valen\u00e7a, Viana do Castelo e Vila Nova de Cerveira, que comp\u00f5em a Comunidade Intermunicipal (CIM) do Alto Minho.<\/p>\n<p>A nova empresa come\u00e7ou a operar em janeiro, &#8220;dimensionada para fornecer mais de nove milh\u00f5es de metros c\u00fabicos de \u00e1gua pot\u00e1vel, por ano, e para recolher e tratar mais de seis milh\u00f5es de metros c\u00fabicos de \u00e1gua residual, por ano, a cerca de 70 mil clientes&#8221;.<\/p>\n\n\n<p><\/p>\n","protected":false},"excerpt":{"rendered":"<p>Cerca de mil clientes da \u00c1guas do Alto Minho residentes em Arcos de Valdevez receberam o c\u00f3digo errado de entidade para pagamento das faturas por multibanco, &#8220;falha&#8221; que a empresa atribuiu aos CTT-Correios de Portugal. A empresa de gest\u00e3o das redes de \u00e1gua em baixa e de saneamento \u00c1guas do Alto Minho (AdAM) explicou em [&hellip;]<\/p>\n","protected":false},"author":13,"featured_media":50321,"comment_status":"closed","ping_status":"closed","sticky":false,"template":"","format":"standard","meta":{"_exactmetrics_skip_tracking":false,"_exactmetrics_sitenote_active":false,"_exactmetrics_sitenote_note":"","_exactmetrics_sitenote_category":0,"footnotes":""},"categories":[2],"tags":[21],"class_list":["post-57279","post","type-post","status-publish","format-standard","has-post-thumbnail","hentry","category-arcos-de-valdevez","tag-economia"],"yoast_head":"<!-- This site is optimized with the Yoast SEO Premium plugin v27.4 (Yoast SEO v27.4) - https:\/\/yoast.com\/product\/yoast-seo-premium-wordpress\/ -->\n<title>Mil clientes da \u00c1guas do Alto Minho recebem fatura com c\u00f3digo de pagamento errado<\/title>\n<meta name=\"robots\" content=\"index, follow, max-snippet:-1, max-image-preview:large, max-video-preview:-1\" \/>\n<link rel=\"canonical\" href=\"https:\/\/www.altominho.tv\/site\/2020\/12\/07\/mil-clientes-da-aguas-do-alto-minho-recebem-fatura-com-codigo-de-pagamento-errado\/\" \/>\n<meta property=\"og:locale\" content=\"pt_PT\" \/>\n<meta property=\"og:type\" content=\"article\" \/>\n<meta property=\"og:title\" content=\"Mil clientes da \u00c1guas do Alto Minho recebem fatura com c\u00f3digo de pagamento errado\" \/>\n<meta property=\"og:description\" content=\"Cerca de mil clientes da \u00c1guas do Alto Minho residentes em Arcos de Valdevez receberam o c\u00f3digo errado de entidade para pagamento das faturas por multibanco, &#8220;falha&#8221; que a empresa atribuiu aos CTT-Correios de Portugal. A empresa de gest\u00e3o das redes de \u00e1gua em baixa e de saneamento \u00c1guas do Alto Minho (AdAM) explicou em [&hellip;]\" \/>\n<meta property=\"og:url\" content=\"https:\/\/www.altominho.tv\/site\/2020\/12\/07\/mil-clientes-da-aguas-do-alto-minho-recebem-fatura-com-codigo-de-pagamento-errado\/\" \/>\n<meta property=\"og:site_name\" content=\"Altominho.tv\" \/>\n<meta property=\"article:publisher\" content=\"https:\/\/www.facebook.com\/altominhotv\" \/>\n<meta property=\"article:published_time\" content=\"2020-12-07T14:56:02+00:00\" \/>\n<meta property=\"article:modified_time\" content=\"2020-12-07T14:56:06+00:00\" \/>\n<meta property=\"og:image\" content=\"https:\/\/www.altominho.tv\/site\/wp-content\/uploads\/2020\/08\/aguas.jpg\" \/>\n\t<meta property=\"og:image:width\" content=\"1920\" \/>\n\t<meta property=\"og:image:height\" content=\"1080\" \/>\n\t<meta property=\"og:image:type\" content=\"image\/jpeg\" \/>\n<meta name=\"author\" content=\"Lusa\" \/>\n<meta name=\"twitter:card\" content=\"summary_large_image\" \/>\n<meta name=\"twitter:creator\" content=\"@altominhoTV\" \/>\n<meta name=\"twitter:site\" content=\"@altominhoTV\" \/>\n<meta name=\"twitter:label1\" content=\"Escrito por\" \/>\n\t<meta name=\"twitter:data1\" content=\"Lusa\" \/>\n\t<meta name=\"twitter:label2\" content=\"Tempo estimado de leitura\" \/>\n\t<meta name=\"twitter:data2\" content=\"2 minutos\" \/>\n<script type=\"application\/ld+json\" class=\"yoast-schema-graph\">{\"@context\":\"https:\\\/\\\/schema.org\",\"@graph\":[{\"@type\":\"Article\",\"@id\":\"https:\\\/\\\/www.altominho.tv\\\/site\\\/2020\\\/12\\\/07\\\/mil-clientes-da-aguas-do-alto-minho-recebem-fatura-com-codigo-de-pagamento-errado\\\/#article\",\"isPartOf\":{\"@id\":\"https:\\\/\\\/www.altominho.tv\\\/site\\\/2020\\\/12\\\/07\\\/mil-clientes-da-aguas-do-alto-minho-recebem-fatura-com-codigo-de-pagamento-errado\\\/\"},\"author\":{\"name\":\"Lusa\",\"@id\":\"https:\\\/\\\/www.altominho.tv\\\/site\\\/#\\\/schema\\\/person\\\/63f693da3e1899361cbe955c46f3232e\"},\"headline\":\"Mil clientes da \u00c1guas do Alto Minho recebem fatura com c\u00f3digo de pagamento errado\",\"datePublished\":\"2020-12-07T14:56:02+00:00\",\"dateModified\":\"2020-12-07T14:56:06+00:00\",\"mainEntityOfPage\":{\"@id\":\"https:\\\/\\\/www.altominho.tv\\\/site\\\/2020\\\/12\\\/07\\\/mil-clientes-da-aguas-do-alto-minho-recebem-fatura-com-codigo-de-pagamento-errado\\\/\"},\"wordCount\":357,\"image\":{\"@id\":\"https:\\\/\\\/www.altominho.tv\\\/site\\\/2020\\\/12\\\/07\\\/mil-clientes-da-aguas-do-alto-minho-recebem-fatura-com-codigo-de-pagamento-errado\\\/#primaryimage\"},\"thumbnailUrl\":\"https:\\\/\\\/www.altominho.tv\\\/site\\\/wp-content\\\/uploads\\\/2020\\\/08\\\/aguas.jpg\",\"keywords\":[\"Economia\"],\"articleSection\":[\"Arcos de Valdevez\"],\"inLanguage\":\"pt-PT\",\"copyrightYear\":\"2020\",\"copyrightHolder\":{\"@id\":\"https:\\\/\\\/www.altominho.tv\\\/site\\\/#organization\"}},{\"@type\":\"WebPage\",\"@id\":\"https:\\\/\\\/www.altominho.tv\\\/site\\\/2020\\\/12\\\/07\\\/mil-clientes-da-aguas-do-alto-minho-recebem-fatura-com-codigo-de-pagamento-errado\\\/\",\"url\":\"https:\\\/\\\/www.altominho.tv\\\/site\\\/2020\\\/12\\\/07\\\/mil-clientes-da-aguas-do-alto-minho-recebem-fatura-com-codigo-de-pagamento-errado\\\/\",\"name\":\"Mil clientes da \u00c1guas do Alto Minho recebem fatura com c\u00f3digo de pagamento errado\",\"isPartOf\":{\"@id\":\"https:\\\/\\\/www.altominho.tv\\\/site\\\/#website\"},\"primaryImageOfPage\":{\"@id\":\"https:\\\/\\\/www.altominho.tv\\\/site\\\/2020\\\/12\\\/07\\\/mil-clientes-da-aguas-do-alto-minho-recebem-fatura-com-codigo-de-pagamento-errado\\\/#primaryimage\"},\"image\":{\"@id\":\"https:\\\/\\\/www.altominho.tv\\\/site\\\/2020\\\/12\\\/07\\\/mil-clientes-da-aguas-do-alto-minho-recebem-fatura-com-codigo-de-pagamento-errado\\\/#primaryimage\"},\"thumbnailUrl\":\"https:\\\/\\\/www.altominho.tv\\\/site\\\/wp-content\\\/uploads\\\/2020\\\/08\\\/aguas.jpg\",\"datePublished\":\"2020-12-07T14:56:02+00:00\",\"dateModified\":\"2020-12-07T14:56:06+00:00\",\"author\":{\"@id\":\"https:\\\/\\\/www.altominho.tv\\\/site\\\/#\\\/schema\\\/person\\\/63f693da3e1899361cbe955c46f3232e\"},\"breadcrumb\":{\"@id\":\"https:\\\/\\\/www.altominho.tv\\\/site\\\/2020\\\/12\\\/07\\\/mil-clientes-da-aguas-do-alto-minho-recebem-fatura-com-codigo-de-pagamento-errado\\\/#breadcrumb\"},\"inLanguage\":\"pt-PT\",\"potentialAction\":[{\"@type\":\"ReadAction\",\"target\":[\"https:\\\/\\\/www.altominho.tv\\\/site\\\/2020\\\/12\\\/07\\\/mil-clientes-da-aguas-do-alto-minho-recebem-fatura-com-codigo-de-pagamento-errado\\\/\"]}]},{\"@type\":\"ImageObject\",\"inLanguage\":\"pt-PT\",\"@id\":\"https:\\\/\\\/www.altominho.tv\\\/site\\\/2020\\\/12\\\/07\\\/mil-clientes-da-aguas-do-alto-minho-recebem-fatura-com-codigo-de-pagamento-errado\\\/#primaryimage\",\"url\":\"https:\\\/\\\/www.altominho.tv\\\/site\\\/wp-content\\\/uploads\\\/2020\\\/08\\\/aguas.jpg\",\"contentUrl\":\"https:\\\/\\\/www.altominho.tv\\\/site\\\/wp-content\\\/uploads\\\/2020\\\/08\\\/aguas.jpg\",\"width\":1920,\"height\":1080},{\"@type\":\"BreadcrumbList\",\"@id\":\"https:\\\/\\\/www.altominho.tv\\\/site\\\/2020\\\/12\\\/07\\\/mil-clientes-da-aguas-do-alto-minho-recebem-fatura-com-codigo-de-pagamento-errado\\\/#breadcrumb\",\"itemListElement\":[{\"@type\":\"ListItem\",\"position\":1,\"name\":\"In\u00edcio\",\"item\":\"https:\\\/\\\/www.altominho.tv\\\/site\\\/\"},{\"@type\":\"ListItem\",\"position\":2,\"name\":\"Mil clientes da \u00c1guas do Alto Minho recebem fatura com c\u00f3digo de pagamento errado\"}]},{\"@type\":\"WebSite\",\"@id\":\"https:\\\/\\\/www.altominho.tv\\\/site\\\/#website\",\"url\":\"https:\\\/\\\/www.altominho.tv\\\/site\\\/\",\"name\":\"Altominho.tv\",\"description\":\"A sua regi\u00e3o \u00e0 dist\u00e2ncia de um clique...\",\"potentialAction\":[{\"@type\":\"SearchAction\",\"target\":{\"@type\":\"EntryPoint\",\"urlTemplate\":\"https:\\\/\\\/www.altominho.tv\\\/site\\\/?s={search_term_string}\"},\"query-input\":{\"@type\":\"PropertyValueSpecification\",\"valueRequired\":true,\"valueName\":\"search_term_string\"}}],\"inLanguage\":\"pt-PT\"},{\"@type\":\"Person\",\"@id\":\"https:\\\/\\\/www.altominho.tv\\\/site\\\/#\\\/schema\\\/person\\\/63f693da3e1899361cbe955c46f3232e\",\"name\":\"Lusa\",\"image\":{\"@type\":\"ImageObject\",\"inLanguage\":\"pt-PT\",\"@id\":\"https:\\\/\\\/www.altominho.tv\\\/site\\\/wp-content\\\/uploads\\\/2019\\\/08\\\/LUSA_Logo.gif\",\"url\":\"https:\\\/\\\/www.altominho.tv\\\/site\\\/wp-content\\\/uploads\\\/2019\\\/08\\\/LUSA_Logo.gif\",\"contentUrl\":\"https:\\\/\\\/www.altominho.tv\\\/site\\\/wp-content\\\/uploads\\\/2019\\\/08\\\/LUSA_Logo.gif\",\"caption\":\"Lusa\"},\"sameAs\":[\"http:\\\/\\\/\\\/\\\/www.altominho.tv\\\/site\"],\"url\":\"https:\\\/\\\/www.altominho.tv\\\/site\\\/author\\\/lusa\\\/\"}]}<\/script>\n<!-- \/ Yoast SEO Premium plugin. -->","yoast_head_json":{"title":"Mil clientes da \u00c1guas do Alto Minho recebem fatura com c\u00f3digo de pagamento errado","robots":{"index":"index","follow":"follow","max-snippet":"max-snippet:-1","max-image-preview":"max-image-preview:large","max-video-preview":"max-video-preview:-1"},"canonical":"https:\/\/www.altominho.tv\/site\/2020\/12\/07\/mil-clientes-da-aguas-do-alto-minho-recebem-fatura-com-codigo-de-pagamento-errado\/","og_locale":"pt_PT","og_type":"article","og_title":"Mil clientes da \u00c1guas do Alto Minho recebem fatura com c\u00f3digo de pagamento errado","og_description":"Cerca de mil clientes da \u00c1guas do Alto Minho residentes em Arcos de Valdevez receberam o c\u00f3digo errado de entidade para pagamento das faturas por multibanco, &#8220;falha&#8221; que a empresa atribuiu aos CTT-Correios de Portugal. A empresa de gest\u00e3o das redes de \u00e1gua em baixa e de saneamento \u00c1guas do Alto Minho (AdAM) explicou em [&hellip;]","og_url":"https:\/\/www.altominho.tv\/site\/2020\/12\/07\/mil-clientes-da-aguas-do-alto-minho-recebem-fatura-com-codigo-de-pagamento-errado\/","og_site_name":"Altominho.tv","article_publisher":"https:\/\/www.facebook.com\/altominhotv","article_published_time":"2020-12-07T14:56:02+00:00","article_modified_time":"2020-12-07T14:56:06+00:00","og_image":[{"width":1920,"height":1080,"url":"https:\/\/www.altominho.tv\/site\/wp-content\/uploads\/2020\/08\/aguas.jpg","type":"image\/jpeg"}],"author":"Lusa","twitter_card":"summary_large_image","twitter_creator":"@altominhoTV","twitter_site":"@altominhoTV","twitter_misc":{"Escrito por":"Lusa","Tempo estimado de leitura":"2 minutos"},"schema":{"@context":"https:\/\/schema.org","@graph":[{"@type":"Article","@id":"https:\/\/www.altominho.tv\/site\/2020\/12\/07\/mil-clientes-da-aguas-do-alto-minho-recebem-fatura-com-codigo-de-pagamento-errado\/#article","isPartOf":{"@id":"https:\/\/www.altominho.tv\/site\/2020\/12\/07\/mil-clientes-da-aguas-do-alto-minho-recebem-fatura-com-codigo-de-pagamento-errado\/"},"author":{"name":"Lusa","@id":"https:\/\/www.altominho.tv\/site\/#\/schema\/person\/63f693da3e1899361cbe955c46f3232e"},"headline":"Mil clientes da \u00c1guas do Alto Minho recebem fatura com c\u00f3digo de pagamento errado","datePublished":"2020-12-07T14:56:02+00:00","dateModified":"2020-12-07T14:56:06+00:00","mainEntityOfPage":{"@id":"https:\/\/www.altominho.tv\/site\/2020\/12\/07\/mil-clientes-da-aguas-do-alto-minho-recebem-fatura-com-codigo-de-pagamento-errado\/"},"wordCount":357,"image":{"@id":"https:\/\/www.altominho.tv\/site\/2020\/12\/07\/mil-clientes-da-aguas-do-alto-minho-recebem-fatura-com-codigo-de-pagamento-errado\/#primaryimage"},"thumbnailUrl":"https:\/\/www.altominho.tv\/site\/wp-content\/uploads\/2020\/08\/aguas.jpg","keywords":["Economia"],"articleSection":["Arcos de Valdevez"],"inLanguage":"pt-PT","copyrightYear":"2020","copyrightHolder":{"@id":"https:\/\/www.altominho.tv\/site\/#organization"}},{"@type":"WebPage","@id":"https:\/\/www.altominho.tv\/site\/2020\/12\/07\/mil-clientes-da-aguas-do-alto-minho-recebem-fatura-com-codigo-de-pagamento-errado\/","url":"https:\/\/www.altominho.tv\/site\/2020\/12\/07\/mil-clientes-da-aguas-do-alto-minho-recebem-fatura-com-codigo-de-pagamento-errado\/","name":"Mil clientes da \u00c1guas do Alto Minho recebem fatura com c\u00f3digo de pagamento errado","isPartOf":{"@id":"https:\/\/www.altominho.tv\/site\/#website"},"primaryImageOfPage":{"@id":"https:\/\/www.altominho.tv\/site\/2020\/12\/07\/mil-clientes-da-aguas-do-alto-minho-recebem-fatura-com-codigo-de-pagamento-errado\/#primaryimage"},"image":{"@id":"https:\/\/www.altominho.tv\/site\/2020\/12\/07\/mil-clientes-da-aguas-do-alto-minho-recebem-fatura-com-codigo-de-pagamento-errado\/#primaryimage"},"thumbnailUrl":"https:\/\/www.altominho.tv\/site\/wp-content\/uploads\/2020\/08\/aguas.jpg","datePublished":"2020-12-07T14:56:02+00:00","dateModified":"2020-12-07T14:56:06+00:00","author":{"@id":"https:\/\/www.altominho.tv\/site\/#\/schema\/person\/63f693da3e1899361cbe955c46f3232e"},"breadcrumb":{"@id":"https:\/\/www.altominho.tv\/site\/2020\/12\/07\/mil-clientes-da-aguas-do-alto-minho-recebem-fatura-com-codigo-de-pagamento-errado\/#breadcrumb"},"inLanguage":"pt-PT","potentialAction":[{"@type":"ReadAction","target":["https:\/\/www.altominho.tv\/site\/2020\/12\/07\/mil-clientes-da-aguas-do-alto-minho-recebem-fatura-com-codigo-de-pagamento-errado\/"]}]},{"@type":"ImageObject","inLanguage":"pt-PT","@id":"https:\/\/www.altominho.tv\/site\/2020\/12\/07\/mil-clientes-da-aguas-do-alto-minho-recebem-fatura-com-codigo-de-pagamento-errado\/#primaryimage","url":"https:\/\/www.altominho.tv\/site\/wp-content\/uploads\/2020\/08\/aguas.jpg","contentUrl":"https:\/\/www.altominho.tv\/site\/wp-content\/uploads\/2020\/08\/aguas.jpg","width":1920,"height":1080},{"@type":"BreadcrumbList","@id":"https:\/\/www.altominho.tv\/site\/2020\/12\/07\/mil-clientes-da-aguas-do-alto-minho-recebem-fatura-com-codigo-de-pagamento-errado\/#breadcrumb","itemListElement":[{"@type":"ListItem","position":1,"name":"In\u00edcio","item":"https:\/\/www.altominho.tv\/site\/"},{"@type":"ListItem","position":2,"name":"Mil clientes da \u00c1guas do Alto Minho recebem fatura com c\u00f3digo de pagamento errado"}]},{"@type":"WebSite","@id":"https:\/\/www.altominho.tv\/site\/#website","url":"https:\/\/www.altominho.tv\/site\/","name":"Altominho.tv","description":"A sua regi\u00e3o \u00e0 dist\u00e2ncia de um clique...","potentialAction":[{"@type":"SearchAction","target":{"@type":"EntryPoint","urlTemplate":"https:\/\/www.altominho.tv\/site\/?s={search_term_string}"},"query-input":{"@type":"PropertyValueSpecification","valueRequired":true,"valueName":"search_term_string"}}],"inLanguage":"pt-PT"},{"@type":"Person","@id":"https:\/\/www.altominho.tv\/site\/#\/schema\/person\/63f693da3e1899361cbe955c46f3232e","name":"Lusa","image":{"@type":"ImageObject","inLanguage":"pt-PT","@id":"https:\/\/www.altominho.tv\/site\/wp-content\/uploads\/2019\/08\/LUSA_Logo.gif","url":"https:\/\/www.altominho.tv\/site\/wp-content\/uploads\/2019\/08\/LUSA_Logo.gif","contentUrl":"https:\/\/www.altominho.tv\/site\/wp-content\/uploads\/2019\/08\/LUSA_Logo.gif","caption":"Lusa"},"sameAs":["http:\/\/\/\/www.altominho.tv\/site"],"url":"https:\/\/www.altominho.tv\/site\/author\/lusa\/"}]}},"_links":{"self":[{"href":"https:\/\/www.altominho.tv\/site\/wp-json\/wp\/v2\/posts\/57279","targetHints":{"allow":["GET"]}}],"collection":[{"href":"https:\/\/www.altominho.tv\/site\/wp-json\/wp\/v2\/posts"}],"about":[{"href":"https:\/\/www.altominho.tv\/site\/wp-json\/wp\/v2\/types\/post"}],"author":[{"embeddable":true,"href":"https:\/\/www.altominho.tv\/site\/wp-json\/wp\/v2\/users\/13"}],"replies":[{"embeddable":true,"href":"https:\/\/www.altominho.tv\/site\/wp-json\/wp\/v2\/comments?post=57279"}],"version-history":[{"count":0,"href":"https:\/\/www.altominho.tv\/site\/wp-json\/wp\/v2\/posts\/57279\/revisions"}],"wp:featuredmedia":[{"embeddable":true,"href":"https:\/\/www.altominho.tv\/site\/wp-json\/wp\/v2\/media\/50321"}],"wp:attachment":[{"href":"https:\/\/www.altominho.tv\/site\/wp-json\/wp\/v2\/media?parent=57279"}],"wp:term":[{"taxonomy":"category","embeddable":true,"href":"https:\/\/www.altominho.tv\/site\/wp-json\/wp\/v2\/categories?post=57279"},{"taxonomy":"post_tag","embeddable":true,"href":"https:\/\/www.altominho.tv\/site\/wp-json\/wp\/v2\/tags?post=57279"}],"curies":[{"name":"wp","href":"https:\/\/api.w.org\/{rel}","templated":true}]}}