{"id":57198,"date":"2020-12-05T14:12:31","date_gmt":"2020-12-05T14:12:31","guid":{"rendered":"https:\/\/www.altominho.tv\/site\/?p=57198"},"modified":"2020-12-05T14:35:41","modified_gmt":"2020-12-05T14:35:41","slug":"acidente-em-moncao-provoca-dois-feridos-um-deles-em-estado-grave","status":"publish","type":"post","link":"https:\/\/www.altominho.tv\/site\/2020\/12\/05\/acidente-em-moncao-provoca-dois-feridos-um-deles-em-estado-grave\/","title":{"rendered":"Acidente em Mon\u00e7\u00e3o provoca dois feridos, um deles em estado grave"},"content":{"rendered":"<p>Uma colis\u00e3o entre dois ve\u00edculos ligeiros na Estrada Nacional (EN) 202, na freguesia de Troviscoso, em Mon\u00e7\u00e3o, provocou este s\u00e1bado dois feridos, um deles em estado grave.<\/p>\n<p>Segundo os bombeiros locais, a v\u00edtima em estado grave \u00e9 uma mulher com 54 anos de idade. J\u00e1 a v\u00edtima com ferimentos ligeiros \u00e9 um homem, de 31 anos. Ambos os feridos foram transportados para o Hospital de Viana do Castelo.<\/p>\n<p>O alerta foi registado \u00e0s 12h02. Ao local compareceram seis operacionais e uma viatura dos Bombeiros Volunt\u00e1rios de Mon\u00e7\u00e3o e a ambul\u00e2ncia de\u00a0Suporte Imediato de Vida (<span class=\"il\">SIV<\/span>) de Valen\u00e7a.<\/p>\n<p>A GNR tomou conta da ocorr\u00eancia.<\/p>\n","protected":false},"excerpt":{"rendered":"<p>Uma colis\u00e3o entre dois ve\u00edculos ligeiros na Estrada Nacional (EN) 202, na freguesia de Troviscoso, em Mon\u00e7\u00e3o, provocou este s\u00e1bado dois feridos, um deles em estado grave. Segundo os bombeiros locais, a v\u00edtima em estado grave \u00e9 uma mulher com 54 anos de idade. J\u00e1 a v\u00edtima com ferimentos ligeiros \u00e9 um homem, de 31 [&hellip;]<\/p>\n","protected":false},"author":1,"featured_media":57199,"comment_status":"closed","ping_status":"closed","sticky":false,"template":"","format":"standard","meta":{"_exactmetrics_skip_tracking":false,"_exactmetrics_sitenote_active":false,"_exactmetrics_sitenote_note":"","_exactmetrics_sitenote_category":0,"footnotes":""},"categories":[9],"tags":[27],"class_list":["post-57198","post","type-post","status-publish","format-standard","has-post-thumbnail","hentry","category-moncao","tag-sociedade"],"yoast_head":"<!-- This site is optimized with the Yoast SEO Premium plugin v27.5 (Yoast SEO v27.5) - https:\/\/yoast.com\/product\/yoast-seo-premium-wordpress\/ -->\n<title>Acidente em Mon\u00e7\u00e3o provoca dois feridos, um deles em estado grave<\/title>\n<meta name=\"robots\" content=\"index, follow, max-snippet:-1, max-image-preview:large, max-video-preview:-1\" \/>\n<link rel=\"canonical\" href=\"https:\/\/www.altominho.tv\/site\/2020\/12\/05\/acidente-em-moncao-provoca-dois-feridos-um-deles-em-estado-grave\/\" \/>\n<meta property=\"og:locale\" content=\"pt_PT\" \/>\n<meta property=\"og:type\" content=\"article\" \/>\n<meta property=\"og:title\" content=\"Acidente em Mon\u00e7\u00e3o provoca dois feridos, um deles em estado grave\" \/>\n<meta property=\"og:description\" content=\"Uma colis\u00e3o entre dois ve\u00edculos ligeiros na Estrada Nacional (EN) 202, na freguesia de Troviscoso, em Mon\u00e7\u00e3o, provocou este s\u00e1bado dois feridos, um deles em estado grave. Segundo os bombeiros locais, a v\u00edtima em estado grave \u00e9 uma mulher com 54 anos de idade. J\u00e1 a v\u00edtima com ferimentos ligeiros \u00e9 um homem, de 31 [&hellip;]\" \/>\n<meta property=\"og:url\" content=\"https:\/\/www.altominho.tv\/site\/2020\/12\/05\/acidente-em-moncao-provoca-dois-feridos-um-deles-em-estado-grave\/\" \/>\n<meta property=\"og:site_name\" content=\"Altominho.tv\" \/>\n<meta property=\"article:publisher\" content=\"https:\/\/www.facebook.com\/altominhotv\" \/>\n<meta property=\"article:published_time\" content=\"2020-12-05T14:12:31+00:00\" \/>\n<meta property=\"article:modified_time\" content=\"2020-12-05T14:35:41+00:00\" \/>\n<meta property=\"og:image\" content=\"https:\/\/www.altominho.tv\/site\/wp-content\/uploads\/2020\/12\/Acidente_Troviscoso.jpg\" \/>\n\t<meta property=\"og:image:width\" content=\"1320\" \/>\n\t<meta property=\"og:image:height\" content=\"742\" \/>\n\t<meta property=\"og:image:type\" content=\"image\/jpeg\" \/>\n<meta name=\"author\" content=\"Altominho.tv\" \/>\n<meta name=\"twitter:card\" content=\"summary_large_image\" \/>\n<meta name=\"twitter:creator\" content=\"@altominhoTV\" \/>\n<meta name=\"twitter:site\" content=\"@altominhoTV\" \/>\n<meta name=\"twitter:label1\" content=\"Escrito por\" \/>\n\t<meta name=\"twitter:data1\" content=\"Altominho.tv\" \/>\n\t<meta name=\"twitter:label2\" content=\"Tempo estimado de leitura\" \/>\n\t<meta name=\"twitter:data2\" content=\"1 minuto\" \/>\n<script type=\"application\/ld+json\" class=\"yoast-schema-graph\">{\"@context\":\"https:\\\/\\\/schema.org\",\"@graph\":[{\"@type\":\"Article\",\"@id\":\"https:\\\/\\\/www.altominho.tv\\\/site\\\/2020\\\/12\\\/05\\\/acidente-em-moncao-provoca-dois-feridos-um-deles-em-estado-grave\\\/#article\",\"isPartOf\":{\"@id\":\"https:\\\/\\\/www.altominho.tv\\\/site\\\/2020\\\/12\\\/05\\\/acidente-em-moncao-provoca-dois-feridos-um-deles-em-estado-grave\\\/\"},\"author\":{\"name\":\"Altominho.tv\",\"@id\":\"https:\\\/\\\/www.altominho.tv\\\/site\\\/#\\\/schema\\\/person\\\/4e536851627d7914baf3dac752b6af22\"},\"headline\":\"Acidente em Mon\u00e7\u00e3o provoca dois feridos, um deles em estado grave\",\"datePublished\":\"2020-12-05T14:12:31+00:00\",\"dateModified\":\"2020-12-05T14:35:41+00:00\",\"mainEntityOfPage\":{\"@id\":\"https:\\\/\\\/www.altominho.tv\\\/site\\\/2020\\\/12\\\/05\\\/acidente-em-moncao-provoca-dois-feridos-um-deles-em-estado-grave\\\/\"},\"wordCount\":122,\"image\":{\"@id\":\"https:\\\/\\\/www.altominho.tv\\\/site\\\/2020\\\/12\\\/05\\\/acidente-em-moncao-provoca-dois-feridos-um-deles-em-estado-grave\\\/#primaryimage\"},\"thumbnailUrl\":\"https:\\\/\\\/www.altominho.tv\\\/site\\\/wp-content\\\/uploads\\\/2020\\\/12\\\/Acidente_Troviscoso.jpg\",\"keywords\":[\"Sociedade\"],\"articleSection\":[\"Mon\u00e7\u00e3o\"],\"inLanguage\":\"pt-PT\",\"copyrightYear\":\"2020\",\"copyrightHolder\":{\"@id\":\"https:\\\/\\\/www.altominho.tv\\\/site\\\/#organization\"}},{\"@type\":\"WebPage\",\"@id\":\"https:\\\/\\\/www.altominho.tv\\\/site\\\/2020\\\/12\\\/05\\\/acidente-em-moncao-provoca-dois-feridos-um-deles-em-estado-grave\\\/\",\"url\":\"https:\\\/\\\/www.altominho.tv\\\/site\\\/2020\\\/12\\\/05\\\/acidente-em-moncao-provoca-dois-feridos-um-deles-em-estado-grave\\\/\",\"name\":\"Acidente em Mon\u00e7\u00e3o provoca dois feridos, um deles em estado grave\",\"isPartOf\":{\"@id\":\"https:\\\/\\\/www.altominho.tv\\\/site\\\/#website\"},\"primaryImageOfPage\":{\"@id\":\"https:\\\/\\\/www.altominho.tv\\\/site\\\/2020\\\/12\\\/05\\\/acidente-em-moncao-provoca-dois-feridos-um-deles-em-estado-grave\\\/#primaryimage\"},\"image\":{\"@id\":\"https:\\\/\\\/www.altominho.tv\\\/site\\\/2020\\\/12\\\/05\\\/acidente-em-moncao-provoca-dois-feridos-um-deles-em-estado-grave\\\/#primaryimage\"},\"thumbnailUrl\":\"https:\\\/\\\/www.altominho.tv\\\/site\\\/wp-content\\\/uploads\\\/2020\\\/12\\\/Acidente_Troviscoso.jpg\",\"datePublished\":\"2020-12-05T14:12:31+00:00\",\"dateModified\":\"2020-12-05T14:35:41+00:00\",\"author\":{\"@id\":\"https:\\\/\\\/www.altominho.tv\\\/site\\\/#\\\/schema\\\/person\\\/4e536851627d7914baf3dac752b6af22\"},\"breadcrumb\":{\"@id\":\"https:\\\/\\\/www.altominho.tv\\\/site\\\/2020\\\/12\\\/05\\\/acidente-em-moncao-provoca-dois-feridos-um-deles-em-estado-grave\\\/#breadcrumb\"},\"inLanguage\":\"pt-PT\",\"potentialAction\":[{\"@type\":\"ReadAction\",\"target\":[\"https:\\\/\\\/www.altominho.tv\\\/site\\\/2020\\\/12\\\/05\\\/acidente-em-moncao-provoca-dois-feridos-um-deles-em-estado-grave\\\/\"]}]},{\"@type\":\"ImageObject\",\"inLanguage\":\"pt-PT\",\"@id\":\"https:\\\/\\\/www.altominho.tv\\\/site\\\/2020\\\/12\\\/05\\\/acidente-em-moncao-provoca-dois-feridos-um-deles-em-estado-grave\\\/#primaryimage\",\"url\":\"https:\\\/\\\/www.altominho.tv\\\/site\\\/wp-content\\\/uploads\\\/2020\\\/12\\\/Acidente_Troviscoso.jpg\",\"contentUrl\":\"https:\\\/\\\/www.altominho.tv\\\/site\\\/wp-content\\\/uploads\\\/2020\\\/12\\\/Acidente_Troviscoso.jpg\",\"width\":1320,\"height\":742,\"caption\":\"B.V.Mon\u00e7\u00e3o\"},{\"@type\":\"BreadcrumbList\",\"@id\":\"https:\\\/\\\/www.altominho.tv\\\/site\\\/2020\\\/12\\\/05\\\/acidente-em-moncao-provoca-dois-feridos-um-deles-em-estado-grave\\\/#breadcrumb\",\"itemListElement\":[{\"@type\":\"ListItem\",\"position\":1,\"name\":\"In\u00edcio\",\"item\":\"https:\\\/\\\/www.altominho.tv\\\/site\\\/\"},{\"@type\":\"ListItem\",\"position\":2,\"name\":\"Acidente em Mon\u00e7\u00e3o provoca dois feridos, um deles em estado grave\"}]},{\"@type\":\"WebSite\",\"@id\":\"https:\\\/\\\/www.altominho.tv\\\/site\\\/#website\",\"url\":\"https:\\\/\\\/www.altominho.tv\\\/site\\\/\",\"name\":\"Altominho.tv\",\"description\":\"A sua regi\u00e3o \u00e0 dist\u00e2ncia de um clique...\",\"potentialAction\":[{\"@type\":\"SearchAction\",\"target\":{\"@type\":\"EntryPoint\",\"urlTemplate\":\"https:\\\/\\\/www.altominho.tv\\\/site\\\/?s={search_term_string}\"},\"query-input\":{\"@type\":\"PropertyValueSpecification\",\"valueRequired\":true,\"valueName\":\"search_term_string\"}}],\"inLanguage\":\"pt-PT\"},{\"@type\":\"Person\",\"@id\":\"https:\\\/\\\/www.altominho.tv\\\/site\\\/#\\\/schema\\\/person\\\/4e536851627d7914baf3dac752b6af22\",\"name\":\"Altominho.tv\",\"image\":{\"@type\":\"ImageObject\",\"inLanguage\":\"pt-PT\",\"@id\":\"https:\\\/\\\/www.altominho.tv\\\/site\\\/wp-content\\\/uploads\\\/2019\\\/11\\\/Logo_Avatar_2-150x150.jpg\",\"url\":\"https:\\\/\\\/www.altominho.tv\\\/site\\\/wp-content\\\/uploads\\\/2019\\\/11\\\/Logo_Avatar_2-150x150.jpg\",\"contentUrl\":\"https:\\\/\\\/www.altominho.tv\\\/site\\\/wp-content\\\/uploads\\\/2019\\\/11\\\/Logo_Avatar_2-150x150.jpg\",\"caption\":\"Altominho.tv\"},\"url\":\"https:\\\/\\\/www.altominho.tv\\\/site\\\/author\\\/altominhotv-tecnico\\\/\"}]}<\/script>\n<!-- \/ Yoast SEO Premium plugin. -->","yoast_head_json":{"title":"Acidente em Mon\u00e7\u00e3o provoca dois feridos, um deles em estado grave","robots":{"index":"index","follow":"follow","max-snippet":"max-snippet:-1","max-image-preview":"max-image-preview:large","max-video-preview":"max-video-preview:-1"},"canonical":"https:\/\/www.altominho.tv\/site\/2020\/12\/05\/acidente-em-moncao-provoca-dois-feridos-um-deles-em-estado-grave\/","og_locale":"pt_PT","og_type":"article","og_title":"Acidente em Mon\u00e7\u00e3o provoca dois feridos, um deles em estado grave","og_description":"Uma colis\u00e3o entre dois ve\u00edculos ligeiros na Estrada Nacional (EN) 202, na freguesia de Troviscoso, em Mon\u00e7\u00e3o, provocou este s\u00e1bado dois feridos, um deles em estado grave. Segundo os bombeiros locais, a v\u00edtima em estado grave \u00e9 uma mulher com 54 anos de idade. J\u00e1 a v\u00edtima com ferimentos ligeiros \u00e9 um homem, de 31 [&hellip;]","og_url":"https:\/\/www.altominho.tv\/site\/2020\/12\/05\/acidente-em-moncao-provoca-dois-feridos-um-deles-em-estado-grave\/","og_site_name":"Altominho.tv","article_publisher":"https:\/\/www.facebook.com\/altominhotv","article_published_time":"2020-12-05T14:12:31+00:00","article_modified_time":"2020-12-05T14:35:41+00:00","og_image":[{"width":1320,"height":742,"url":"https:\/\/www.altominho.tv\/site\/wp-content\/uploads\/2020\/12\/Acidente_Troviscoso.jpg","type":"image\/jpeg"}],"author":"Altominho.tv","twitter_card":"summary_large_image","twitter_creator":"@altominhoTV","twitter_site":"@altominhoTV","twitter_misc":{"Escrito por":"Altominho.tv","Tempo estimado de leitura":"1 minuto"},"schema":{"@context":"https:\/\/schema.org","@graph":[{"@type":"Article","@id":"https:\/\/www.altominho.tv\/site\/2020\/12\/05\/acidente-em-moncao-provoca-dois-feridos-um-deles-em-estado-grave\/#article","isPartOf":{"@id":"https:\/\/www.altominho.tv\/site\/2020\/12\/05\/acidente-em-moncao-provoca-dois-feridos-um-deles-em-estado-grave\/"},"author":{"name":"Altominho.tv","@id":"https:\/\/www.altominho.tv\/site\/#\/schema\/person\/4e536851627d7914baf3dac752b6af22"},"headline":"Acidente em Mon\u00e7\u00e3o provoca dois feridos, um deles em estado grave","datePublished":"2020-12-05T14:12:31+00:00","dateModified":"2020-12-05T14:35:41+00:00","mainEntityOfPage":{"@id":"https:\/\/www.altominho.tv\/site\/2020\/12\/05\/acidente-em-moncao-provoca-dois-feridos-um-deles-em-estado-grave\/"},"wordCount":122,"image":{"@id":"https:\/\/www.altominho.tv\/site\/2020\/12\/05\/acidente-em-moncao-provoca-dois-feridos-um-deles-em-estado-grave\/#primaryimage"},"thumbnailUrl":"https:\/\/www.altominho.tv\/site\/wp-content\/uploads\/2020\/12\/Acidente_Troviscoso.jpg","keywords":["Sociedade"],"articleSection":["Mon\u00e7\u00e3o"],"inLanguage":"pt-PT","copyrightYear":"2020","copyrightHolder":{"@id":"https:\/\/www.altominho.tv\/site\/#organization"}},{"@type":"WebPage","@id":"https:\/\/www.altominho.tv\/site\/2020\/12\/05\/acidente-em-moncao-provoca-dois-feridos-um-deles-em-estado-grave\/","url":"https:\/\/www.altominho.tv\/site\/2020\/12\/05\/acidente-em-moncao-provoca-dois-feridos-um-deles-em-estado-grave\/","name":"Acidente em Mon\u00e7\u00e3o provoca dois feridos, um deles em estado grave","isPartOf":{"@id":"https:\/\/www.altominho.tv\/site\/#website"},"primaryImageOfPage":{"@id":"https:\/\/www.altominho.tv\/site\/2020\/12\/05\/acidente-em-moncao-provoca-dois-feridos-um-deles-em-estado-grave\/#primaryimage"},"image":{"@id":"https:\/\/www.altominho.tv\/site\/2020\/12\/05\/acidente-em-moncao-provoca-dois-feridos-um-deles-em-estado-grave\/#primaryimage"},"thumbnailUrl":"https:\/\/www.altominho.tv\/site\/wp-content\/uploads\/2020\/12\/Acidente_Troviscoso.jpg","datePublished":"2020-12-05T14:12:31+00:00","dateModified":"2020-12-05T14:35:41+00:00","author":{"@id":"https:\/\/www.altominho.tv\/site\/#\/schema\/person\/4e536851627d7914baf3dac752b6af22"},"breadcrumb":{"@id":"https:\/\/www.altominho.tv\/site\/2020\/12\/05\/acidente-em-moncao-provoca-dois-feridos-um-deles-em-estado-grave\/#breadcrumb"},"inLanguage":"pt-PT","potentialAction":[{"@type":"ReadAction","target":["https:\/\/www.altominho.tv\/site\/2020\/12\/05\/acidente-em-moncao-provoca-dois-feridos-um-deles-em-estado-grave\/"]}]},{"@type":"ImageObject","inLanguage":"pt-PT","@id":"https:\/\/www.altominho.tv\/site\/2020\/12\/05\/acidente-em-moncao-provoca-dois-feridos-um-deles-em-estado-grave\/#primaryimage","url":"https:\/\/www.altominho.tv\/site\/wp-content\/uploads\/2020\/12\/Acidente_Troviscoso.jpg","contentUrl":"https:\/\/www.altominho.tv\/site\/wp-content\/uploads\/2020\/12\/Acidente_Troviscoso.jpg","width":1320,"height":742,"caption":"B.V.Mon\u00e7\u00e3o"},{"@type":"BreadcrumbList","@id":"https:\/\/www.altominho.tv\/site\/2020\/12\/05\/acidente-em-moncao-provoca-dois-feridos-um-deles-em-estado-grave\/#breadcrumb","itemListElement":[{"@type":"ListItem","position":1,"name":"In\u00edcio","item":"https:\/\/www.altominho.tv\/site\/"},{"@type":"ListItem","position":2,"name":"Acidente em Mon\u00e7\u00e3o provoca dois feridos, um deles em estado grave"}]},{"@type":"WebSite","@id":"https:\/\/www.altominho.tv\/site\/#website","url":"https:\/\/www.altominho.tv\/site\/","name":"Altominho.tv","description":"A sua regi\u00e3o \u00e0 dist\u00e2ncia de um clique...","potentialAction":[{"@type":"SearchAction","target":{"@type":"EntryPoint","urlTemplate":"https:\/\/www.altominho.tv\/site\/?s={search_term_string}"},"query-input":{"@type":"PropertyValueSpecification","valueRequired":true,"valueName":"search_term_string"}}],"inLanguage":"pt-PT"},{"@type":"Person","@id":"https:\/\/www.altominho.tv\/site\/#\/schema\/person\/4e536851627d7914baf3dac752b6af22","name":"Altominho.tv","image":{"@type":"ImageObject","inLanguage":"pt-PT","@id":"https:\/\/www.altominho.tv\/site\/wp-content\/uploads\/2019\/11\/Logo_Avatar_2-150x150.jpg","url":"https:\/\/www.altominho.tv\/site\/wp-content\/uploads\/2019\/11\/Logo_Avatar_2-150x150.jpg","contentUrl":"https:\/\/www.altominho.tv\/site\/wp-content\/uploads\/2019\/11\/Logo_Avatar_2-150x150.jpg","caption":"Altominho.tv"},"url":"https:\/\/www.altominho.tv\/site\/author\/altominhotv-tecnico\/"}]}},"_links":{"self":[{"href":"https:\/\/www.altominho.tv\/site\/wp-json\/wp\/v2\/posts\/57198","targetHints":{"allow":["GET"]}}],"collection":[{"href":"https:\/\/www.altominho.tv\/site\/wp-json\/wp\/v2\/posts"}],"about":[{"href":"https:\/\/www.altominho.tv\/site\/wp-json\/wp\/v2\/types\/post"}],"author":[{"embeddable":true,"href":"https:\/\/www.altominho.tv\/site\/wp-json\/wp\/v2\/users\/1"}],"replies":[{"embeddable":true,"href":"https:\/\/www.altominho.tv\/site\/wp-json\/wp\/v2\/comments?post=57198"}],"version-history":[{"count":0,"href":"https:\/\/www.altominho.tv\/site\/wp-json\/wp\/v2\/posts\/57198\/revisions"}],"wp:featuredmedia":[{"embeddable":true,"href":"https:\/\/www.altominho.tv\/site\/wp-json\/wp\/v2\/media\/57199"}],"wp:attachment":[{"href":"https:\/\/www.altominho.tv\/site\/wp-json\/wp\/v2\/media?parent=57198"}],"wp:term":[{"taxonomy":"category","embeddable":true,"href":"https:\/\/www.altominho.tv\/site\/wp-json\/wp\/v2\/categories?post=57198"},{"taxonomy":"post_tag","embeddable":true,"href":"https:\/\/www.altominho.tv\/site\/wp-json\/wp\/v2\/tags?post=57198"}],"curies":[{"name":"wp","href":"https:\/\/api.w.org\/{rel}","templated":true}]}}