{"id":56997,"date":"2020-12-03T09:21:51","date_gmt":"2020-12-03T09:21:51","guid":{"rendered":"https:\/\/www.altominho.tv\/site\/?p=56997"},"modified":"2020-12-03T09:32:37","modified_gmt":"2020-12-03T09:32:37","slug":"confinamento-na-galiza-visa-estimular-consumo-interno","status":"publish","type":"post","link":"https:\/\/www.altominho.tv\/site\/2020\/12\/03\/confinamento-na-galiza-visa-estimular-consumo-interno\/","title":{"rendered":"Confinamento na Galiza visa estimular consumo interno"},"content":{"rendered":"<p>O Agrupamento Europeu de Coopera\u00e7\u00e3o Territorial (AECT) do Rio Minho considerou que o confinamento anunciado pela Junta da Galiza visa estimular o consumo interno, e lembrou que Portugal tamb\u00e9m aplicou restri\u00e7\u00f5es \u00e0 circula\u00e7\u00e3o entre concelhos portugueses.<\/p>\n<p>&#8220;Esta decis\u00e3o destina-se a estimular o consumo interno. Para os galegos comprarem na Galiza, porque as medidas previstas no confinamento anunciado n\u00e3o s\u00e3o mais, nem menos, as que j\u00e1 est\u00e3o em vigor em Portugal relativamente \u00e0 proibi\u00e7\u00e3o de circula\u00e7\u00e3o entre concelhos&#8221;, afirmou esta quarta-feira \u00e0 Lusa o diretor daquele agrupamento europeu.<\/p>\n<p>Contactado pela Lusa, Fernando Nogueira classificou de &#8220;normal&#8221; a decis\u00e3o do Governo Regional da Galiza de decretar um confinamento entre as 12h01 de sexta-feira, 4 de dezembro, e a mesma hora de quarta-feira, dia 9, para restringir a mobilidade com territ\u00f3rio portugu\u00eas.<\/p>\n<p>&#8220;Havendo restri\u00e7\u00f5es de circula\u00e7\u00e3o entre os concelhos portugueses, entre os dias 4 e 9, a medida adotada pelo Governo da Galiza \u00e9 rec\u00edproca \u00e0 adotada em Portugal para o mesmo per\u00edodo. Nestes fins de semana prolongados nenhum portugu\u00eas pode passar para a Galiza. E os galegos fazem o mesmo em rela\u00e7\u00e3o a Portugal. \u00c9 normal&#8221;, referiu.<\/p>\n<p>Fernando Nogueira, que \u00e9 tamb\u00e9m presidente da C\u00e2mara de Vila Nova de Cerveira, acrescentou que &#8220;sendo uma medida muito penalizadora, n\u00e3o representa um acr\u00e9scimo de restri\u00e7\u00f5es para os residentes em territ\u00f3rio continental&#8221;.<\/p>\n<p>&#8220;Lamentamos que assim tenha de ser, e apesar de parecer que haja uma ligeira inflex\u00e3o dos n\u00edveis epidemiol\u00f3gicos, a situa\u00e7\u00e3o ainda justifica o controlo para evitar retrocessos nesta evolu\u00e7\u00e3o favor\u00e1vel&#8221;, observou.<\/p>\n<p>Constitu\u00eddo em fevereiro de 2018, e com sede em Valen\u00e7a, o AECT Rio Minho abrange um total de 26 concelhos: os 10 munic\u00edpios do distrito de Viana do Castelo que comp\u00f5e a Comunidade Intermunicipal (CIM) do Alto Minho e 16 concelhos galegos da prov\u00edncia de Pontevedra.<\/p>\n<p>Segundo fontes do executivo galego citadas pela ag\u00eancia Efe, esta decis\u00e3o \u00e9 adotada porque o comit\u00e9 cl\u00ednico considera priorit\u00e1rio restringir a mobilidade com Portugal, dada a alta incid\u00eancia de casos de Covid-19 em territ\u00f3rio portugu\u00eas.<\/p>\n<p>O Governo Regional informou o executivo de Madrid que &#8220;n\u00e3o \u00e9 oportuno faz\u00ea-lo [o confinamento] por partes&#8221;, pelo que ser\u00e1 decretado o encerramento de toda a comunidade.<\/p>\n<p>O presidente da Xunta [o Governo Regional galego], Alberto N\u00fa\u00f1ez Feij\u00f3o, j\u00e1 tinha anunciado na manh\u00e3 de quarta-feira que iria estabelecer &#8220;restri\u00e7\u00f5es de mobilidade&#8221; com Portugal a partir de sexta-feira, altura em que come\u00e7a o levantamento das restri\u00e7\u00f5es mais apertadas aplicadas h\u00e1 tr\u00eas semanas.<\/p>\n<p>Na sua interven\u00e7\u00e3o, N\u00fa\u00f1ez Feij\u00f3o tinha j\u00e1 sublinhado que as limita\u00e7\u00f5es de mobilidade com Portugal, atrav\u00e9s das prov\u00edncias de Ourense e Pontevedra, poderiam implicar ter que decretar o encerramento total da Galiza.<\/p>\n<p>A Xunta considerou inicialmente que n\u00e3o era necess\u00e1rio o encerramento de toda a Galiza, j\u00e1 que o territ\u00f3rio galego se encontraria limitado nas desloca\u00e7\u00f5es durante o fim de semana de feriado devido aos confinamentos das Ast\u00farias e Castela e Le\u00e3o. No entanto, finalmente optou pelo encerramento de todo o per\u00edmetro da comunidade, ao abrigo do decreto real do estado de emerg\u00eancia do Governo central espanhol, que permite aos presidentes regionais adotarem medidas neste sentido.<\/p>\n","protected":false},"excerpt":{"rendered":"<p>O Agrupamento Europeu de Coopera\u00e7\u00e3o Territorial (AECT) do Rio Minho considerou que o confinamento anunciado pela Junta da Galiza visa estimular o consumo interno, e lembrou que Portugal tamb\u00e9m aplicou restri\u00e7\u00f5es \u00e0 circula\u00e7\u00e3o entre concelhos portugueses. &#8220;Esta decis\u00e3o destina-se a estimular o consumo interno. Para os galegos comprarem na Galiza, porque as medidas previstas no [&hellip;]<\/p>\n","protected":false},"author":13,"featured_media":56998,"comment_status":"closed","ping_status":"closed","sticky":false,"template":"","format":"standard","meta":{"_exactmetrics_skip_tracking":false,"footnotes":""},"categories":[73],"tags":[27],"class_list":["post-56997","post","type-post","status-publish","format-standard","has-post-thumbnail","hentry","category-alto-minho","tag-sociedade"],"yoast_head":"<!-- This site is optimized with the Yoast SEO Premium plugin v28.3 (Yoast SEO v28.3) - https:\/\/yoast.com\/product\/yoast-seo-premium-wordpress\/ -->\n<title>Confinamento na Galiza visa estimular consumo interno<\/title>\n<meta name=\"robots\" content=\"index, follow, max-snippet:-1, max-image-preview:large, max-video-preview:-1\" \/>\n<link rel=\"canonical\" href=\"https:\/\/www.altominho.tv\/site\/2020\/12\/03\/confinamento-na-galiza-visa-estimular-consumo-interno\/\" \/>\n<meta property=\"og:locale\" content=\"pt_PT\" \/>\n<meta property=\"og:type\" content=\"article\" \/>\n<meta property=\"og:title\" content=\"Confinamento na Galiza visa estimular consumo interno\" \/>\n<meta property=\"og:description\" content=\"O Agrupamento Europeu de Coopera\u00e7\u00e3o Territorial (AECT) do Rio Minho considerou que o confinamento anunciado pela Junta da Galiza visa estimular o consumo interno, e lembrou que Portugal tamb\u00e9m aplicou restri\u00e7\u00f5es \u00e0 circula\u00e7\u00e3o entre concelhos portugueses. &#8220;Esta decis\u00e3o destina-se a estimular o consumo interno. Para os galegos comprarem na Galiza, porque as medidas previstas no [&hellip;]\" \/>\n<meta property=\"og:url\" content=\"https:\/\/www.altominho.tv\/site\/2020\/12\/03\/confinamento-na-galiza-visa-estimular-consumo-interno\/\" \/>\n<meta property=\"og:site_name\" content=\"Altominho.tv\" \/>\n<meta property=\"article:publisher\" content=\"https:\/\/www.facebook.com\/altominhotv\" \/>\n<meta property=\"article:published_time\" content=\"2020-12-03T09:21:51+00:00\" \/>\n<meta property=\"article:modified_time\" content=\"2020-12-03T09:32:37+00:00\" \/>\n<meta property=\"og:image\" content=\"https:\/\/www.altominho.tv\/site\/wp-content\/uploads\/2020\/12\/galiza.jpg\" \/>\n\t<meta property=\"og:image:width\" content=\"711\" \/>\n\t<meta property=\"og:image:height\" content=\"400\" \/>\n\t<meta property=\"og:image:type\" content=\"image\/jpeg\" \/>\n<meta name=\"author\" content=\"Lusa\" \/>\n<meta name=\"twitter:card\" content=\"summary_large_image\" \/>\n<meta name=\"twitter:creator\" content=\"@altominhoTV\" \/>\n<meta name=\"twitter:site\" content=\"@altominhoTV\" \/>\n<meta name=\"twitter:label1\" content=\"Escrito por\" \/>\n\t<meta name=\"twitter:data1\" content=\"Lusa\" \/>\n\t<meta name=\"twitter:label2\" content=\"Tempo estimado de leitura\" \/>\n\t<meta name=\"twitter:data2\" content=\"3 minutos\" \/>\n<script type=\"application\/ld+json\" class=\"yoast-schema-graph\">{\"@context\":\"https:\\\/\\\/schema.org\",\"@graph\":[{\"@type\":\"Article\",\"@id\":\"https:\\\/\\\/www.altominho.tv\\\/site\\\/2020\\\/12\\\/03\\\/confinamento-na-galiza-visa-estimular-consumo-interno\\\/#article\",\"isPartOf\":{\"@id\":\"https:\\\/\\\/www.altominho.tv\\\/site\\\/2020\\\/12\\\/03\\\/confinamento-na-galiza-visa-estimular-consumo-interno\\\/\"},\"author\":{\"name\":\"Lusa\",\"@id\":\"https:\\\/\\\/www.altominho.tv\\\/site\\\/#\\\/schema\\\/person\\\/63f693da3e1899361cbe955c46f3232e\"},\"headline\":\"Confinamento na Galiza visa estimular consumo interno\",\"datePublished\":\"2020-12-03T09:21:51+00:00\",\"dateModified\":\"2020-12-03T09:32:37+00:00\",\"mainEntityOfPage\":{\"@id\":\"https:\\\/\\\/www.altominho.tv\\\/site\\\/2020\\\/12\\\/03\\\/confinamento-na-galiza-visa-estimular-consumo-interno\\\/\"},\"wordCount\":561,\"image\":{\"@id\":\"https:\\\/\\\/www.altominho.tv\\\/site\\\/2020\\\/12\\\/03\\\/confinamento-na-galiza-visa-estimular-consumo-interno\\\/#primaryimage\"},\"thumbnailUrl\":\"https:\\\/\\\/www.altominho.tv\\\/site\\\/wp-content\\\/uploads\\\/2020\\\/12\\\/galiza.jpg\",\"keywords\":[\"Sociedade\"],\"articleSection\":[\"Alto Minho\"],\"inLanguage\":\"pt-PT\",\"copyrightYear\":\"2020\",\"copyrightHolder\":{\"@id\":\"https:\\\/\\\/www.altominho.tv\\\/site\\\/#organization\"}},{\"@type\":\"WebPage\",\"@id\":\"https:\\\/\\\/www.altominho.tv\\\/site\\\/2020\\\/12\\\/03\\\/confinamento-na-galiza-visa-estimular-consumo-interno\\\/\",\"url\":\"https:\\\/\\\/www.altominho.tv\\\/site\\\/2020\\\/12\\\/03\\\/confinamento-na-galiza-visa-estimular-consumo-interno\\\/\",\"name\":\"Confinamento na Galiza visa estimular consumo interno\",\"isPartOf\":{\"@id\":\"https:\\\/\\\/www.altominho.tv\\\/site\\\/#website\"},\"primaryImageOfPage\":{\"@id\":\"https:\\\/\\\/www.altominho.tv\\\/site\\\/2020\\\/12\\\/03\\\/confinamento-na-galiza-visa-estimular-consumo-interno\\\/#primaryimage\"},\"image\":{\"@id\":\"https:\\\/\\\/www.altominho.tv\\\/site\\\/2020\\\/12\\\/03\\\/confinamento-na-galiza-visa-estimular-consumo-interno\\\/#primaryimage\"},\"thumbnailUrl\":\"https:\\\/\\\/www.altominho.tv\\\/site\\\/wp-content\\\/uploads\\\/2020\\\/12\\\/galiza.jpg\",\"datePublished\":\"2020-12-03T09:21:51+00:00\",\"dateModified\":\"2020-12-03T09:32:37+00:00\",\"author\":{\"@id\":\"https:\\\/\\\/www.altominho.tv\\\/site\\\/#\\\/schema\\\/person\\\/63f693da3e1899361cbe955c46f3232e\"},\"breadcrumb\":{\"@id\":\"https:\\\/\\\/www.altominho.tv\\\/site\\\/2020\\\/12\\\/03\\\/confinamento-na-galiza-visa-estimular-consumo-interno\\\/#breadcrumb\"},\"inLanguage\":\"pt-PT\",\"potentialAction\":[{\"@type\":\"ReadAction\",\"target\":[\"https:\\\/\\\/www.altominho.tv\\\/site\\\/2020\\\/12\\\/03\\\/confinamento-na-galiza-visa-estimular-consumo-interno\\\/\"]}]},{\"@type\":\"ImageObject\",\"inLanguage\":\"pt-PT\",\"@id\":\"https:\\\/\\\/www.altominho.tv\\\/site\\\/2020\\\/12\\\/03\\\/confinamento-na-galiza-visa-estimular-consumo-interno\\\/#primaryimage\",\"url\":\"https:\\\/\\\/www.altominho.tv\\\/site\\\/wp-content\\\/uploads\\\/2020\\\/12\\\/galiza.jpg\",\"contentUrl\":\"https:\\\/\\\/www.altominho.tv\\\/site\\\/wp-content\\\/uploads\\\/2020\\\/12\\\/galiza.jpg\",\"width\":711,\"height\":400},{\"@type\":\"BreadcrumbList\",\"@id\":\"https:\\\/\\\/www.altominho.tv\\\/site\\\/2020\\\/12\\\/03\\\/confinamento-na-galiza-visa-estimular-consumo-interno\\\/#breadcrumb\",\"itemListElement\":[{\"@type\":\"ListItem\",\"position\":1,\"name\":\"In\u00edcio\",\"item\":\"https:\\\/\\\/www.altominho.tv\\\/site\\\/\"},{\"@type\":\"ListItem\",\"position\":2,\"name\":\"Confinamento na Galiza visa estimular consumo interno\"}]},{\"@type\":\"WebSite\",\"@id\":\"https:\\\/\\\/www.altominho.tv\\\/site\\\/#website\",\"url\":\"https:\\\/\\\/www.altominho.tv\\\/site\\\/\",\"name\":\"Altominho.tv\",\"description\":\"A sua regi\u00e3o \u00e0 dist\u00e2ncia de um clique...\",\"potentialAction\":[{\"@type\":\"SearchAction\",\"target\":{\"@type\":\"EntryPoint\",\"urlTemplate\":\"https:\\\/\\\/www.altominho.tv\\\/site\\\/?s={search_term_string}\"},\"query-input\":{\"@type\":\"PropertyValueSpecification\",\"valueRequired\":true,\"valueName\":\"search_term_string\"}}],\"inLanguage\":\"pt-PT\"},{\"@type\":\"Person\",\"@id\":\"https:\\\/\\\/www.altominho.tv\\\/site\\\/#\\\/schema\\\/person\\\/63f693da3e1899361cbe955c46f3232e\",\"name\":\"Lusa\",\"image\":{\"@type\":\"ImageObject\",\"inLanguage\":\"pt-PT\",\"@id\":\"https:\\\/\\\/www.altominho.tv\\\/site\\\/wp-content\\\/uploads\\\/2019\\\/08\\\/LUSA_Logo.gif\",\"url\":\"https:\\\/\\\/www.altominho.tv\\\/site\\\/wp-content\\\/uploads\\\/2019\\\/08\\\/LUSA_Logo.gif\",\"contentUrl\":\"https:\\\/\\\/www.altominho.tv\\\/site\\\/wp-content\\\/uploads\\\/2019\\\/08\\\/LUSA_Logo.gif\",\"caption\":\"Lusa\"},\"sameAs\":[\"http:\\\/\\\/\\\/\\\/www.altominho.tv\\\/site\"],\"url\":\"https:\\\/\\\/www.altominho.tv\\\/site\\\/author\\\/lusa\\\/\"}]}<\/script>\n<!-- \/ Yoast SEO Premium plugin. -->","yoast_head_json":{"title":"Confinamento na Galiza visa estimular consumo interno","robots":{"index":"index","follow":"follow","max-snippet":"max-snippet:-1","max-image-preview":"max-image-preview:large","max-video-preview":"max-video-preview:-1"},"canonical":"https:\/\/www.altominho.tv\/site\/2020\/12\/03\/confinamento-na-galiza-visa-estimular-consumo-interno\/","og_locale":"pt_PT","og_type":"article","og_title":"Confinamento na Galiza visa estimular consumo interno","og_description":"O Agrupamento Europeu de Coopera\u00e7\u00e3o Territorial (AECT) do Rio Minho considerou que o confinamento anunciado pela Junta da Galiza visa estimular o consumo interno, e lembrou que Portugal tamb\u00e9m aplicou restri\u00e7\u00f5es \u00e0 circula\u00e7\u00e3o entre concelhos portugueses. &#8220;Esta decis\u00e3o destina-se a estimular o consumo interno. Para os galegos comprarem na Galiza, porque as medidas previstas no [&hellip;]","og_url":"https:\/\/www.altominho.tv\/site\/2020\/12\/03\/confinamento-na-galiza-visa-estimular-consumo-interno\/","og_site_name":"Altominho.tv","article_publisher":"https:\/\/www.facebook.com\/altominhotv","article_published_time":"2020-12-03T09:21:51+00:00","article_modified_time":"2020-12-03T09:32:37+00:00","og_image":[{"width":711,"height":400,"url":"https:\/\/www.altominho.tv\/site\/wp-content\/uploads\/2020\/12\/galiza.jpg","type":"image\/jpeg"}],"author":"Lusa","twitter_card":"summary_large_image","twitter_creator":"@altominhoTV","twitter_site":"@altominhoTV","twitter_misc":{"Escrito por":"Lusa","Tempo estimado de leitura":"3 minutos"},"schema":{"@context":"https:\/\/schema.org","@graph":[{"@type":"Article","@id":"https:\/\/www.altominho.tv\/site\/2020\/12\/03\/confinamento-na-galiza-visa-estimular-consumo-interno\/#article","isPartOf":{"@id":"https:\/\/www.altominho.tv\/site\/2020\/12\/03\/confinamento-na-galiza-visa-estimular-consumo-interno\/"},"author":{"name":"Lusa","@id":"https:\/\/www.altominho.tv\/site\/#\/schema\/person\/63f693da3e1899361cbe955c46f3232e"},"headline":"Confinamento na Galiza visa estimular consumo interno","datePublished":"2020-12-03T09:21:51+00:00","dateModified":"2020-12-03T09:32:37+00:00","mainEntityOfPage":{"@id":"https:\/\/www.altominho.tv\/site\/2020\/12\/03\/confinamento-na-galiza-visa-estimular-consumo-interno\/"},"wordCount":561,"image":{"@id":"https:\/\/www.altominho.tv\/site\/2020\/12\/03\/confinamento-na-galiza-visa-estimular-consumo-interno\/#primaryimage"},"thumbnailUrl":"https:\/\/www.altominho.tv\/site\/wp-content\/uploads\/2020\/12\/galiza.jpg","keywords":["Sociedade"],"articleSection":["Alto Minho"],"inLanguage":"pt-PT","copyrightYear":"2020","copyrightHolder":{"@id":"https:\/\/www.altominho.tv\/site\/#organization"}},{"@type":"WebPage","@id":"https:\/\/www.altominho.tv\/site\/2020\/12\/03\/confinamento-na-galiza-visa-estimular-consumo-interno\/","url":"https:\/\/www.altominho.tv\/site\/2020\/12\/03\/confinamento-na-galiza-visa-estimular-consumo-interno\/","name":"Confinamento na Galiza visa estimular consumo interno","isPartOf":{"@id":"https:\/\/www.altominho.tv\/site\/#website"},"primaryImageOfPage":{"@id":"https:\/\/www.altominho.tv\/site\/2020\/12\/03\/confinamento-na-galiza-visa-estimular-consumo-interno\/#primaryimage"},"image":{"@id":"https:\/\/www.altominho.tv\/site\/2020\/12\/03\/confinamento-na-galiza-visa-estimular-consumo-interno\/#primaryimage"},"thumbnailUrl":"https:\/\/www.altominho.tv\/site\/wp-content\/uploads\/2020\/12\/galiza.jpg","datePublished":"2020-12-03T09:21:51+00:00","dateModified":"2020-12-03T09:32:37+00:00","author":{"@id":"https:\/\/www.altominho.tv\/site\/#\/schema\/person\/63f693da3e1899361cbe955c46f3232e"},"breadcrumb":{"@id":"https:\/\/www.altominho.tv\/site\/2020\/12\/03\/confinamento-na-galiza-visa-estimular-consumo-interno\/#breadcrumb"},"inLanguage":"pt-PT","potentialAction":[{"@type":"ReadAction","target":["https:\/\/www.altominho.tv\/site\/2020\/12\/03\/confinamento-na-galiza-visa-estimular-consumo-interno\/"]}]},{"@type":"ImageObject","inLanguage":"pt-PT","@id":"https:\/\/www.altominho.tv\/site\/2020\/12\/03\/confinamento-na-galiza-visa-estimular-consumo-interno\/#primaryimage","url":"https:\/\/www.altominho.tv\/site\/wp-content\/uploads\/2020\/12\/galiza.jpg","contentUrl":"https:\/\/www.altominho.tv\/site\/wp-content\/uploads\/2020\/12\/galiza.jpg","width":711,"height":400},{"@type":"BreadcrumbList","@id":"https:\/\/www.altominho.tv\/site\/2020\/12\/03\/confinamento-na-galiza-visa-estimular-consumo-interno\/#breadcrumb","itemListElement":[{"@type":"ListItem","position":1,"name":"In\u00edcio","item":"https:\/\/www.altominho.tv\/site\/"},{"@type":"ListItem","position":2,"name":"Confinamento na Galiza visa estimular consumo interno"}]},{"@type":"WebSite","@id":"https:\/\/www.altominho.tv\/site\/#website","url":"https:\/\/www.altominho.tv\/site\/","name":"Altominho.tv","description":"A sua regi\u00e3o \u00e0 dist\u00e2ncia de um clique...","potentialAction":[{"@type":"SearchAction","target":{"@type":"EntryPoint","urlTemplate":"https:\/\/www.altominho.tv\/site\/?s={search_term_string}"},"query-input":{"@type":"PropertyValueSpecification","valueRequired":true,"valueName":"search_term_string"}}],"inLanguage":"pt-PT"},{"@type":"Person","@id":"https:\/\/www.altominho.tv\/site\/#\/schema\/person\/63f693da3e1899361cbe955c46f3232e","name":"Lusa","image":{"@type":"ImageObject","inLanguage":"pt-PT","@id":"https:\/\/www.altominho.tv\/site\/wp-content\/uploads\/2019\/08\/LUSA_Logo.gif","url":"https:\/\/www.altominho.tv\/site\/wp-content\/uploads\/2019\/08\/LUSA_Logo.gif","contentUrl":"https:\/\/www.altominho.tv\/site\/wp-content\/uploads\/2019\/08\/LUSA_Logo.gif","caption":"Lusa"},"sameAs":["http:\/\/\/\/www.altominho.tv\/site"],"url":"https:\/\/www.altominho.tv\/site\/author\/lusa\/"}]}},"_links":{"self":[{"href":"https:\/\/www.altominho.tv\/site\/wp-json\/wp\/v2\/posts\/56997","targetHints":{"allow":["GET"]}}],"collection":[{"href":"https:\/\/www.altominho.tv\/site\/wp-json\/wp\/v2\/posts"}],"about":[{"href":"https:\/\/www.altominho.tv\/site\/wp-json\/wp\/v2\/types\/post"}],"author":[{"embeddable":true,"href":"https:\/\/www.altominho.tv\/site\/wp-json\/wp\/v2\/users\/13"}],"replies":[{"embeddable":true,"href":"https:\/\/www.altominho.tv\/site\/wp-json\/wp\/v2\/comments?post=56997"}],"version-history":[{"count":0,"href":"https:\/\/www.altominho.tv\/site\/wp-json\/wp\/v2\/posts\/56997\/revisions"}],"wp:featuredmedia":[{"embeddable":true,"href":"https:\/\/www.altominho.tv\/site\/wp-json\/wp\/v2\/media\/56998"}],"wp:attachment":[{"href":"https:\/\/www.altominho.tv\/site\/wp-json\/wp\/v2\/media?parent=56997"}],"wp:term":[{"taxonomy":"category","embeddable":true,"href":"https:\/\/www.altominho.tv\/site\/wp-json\/wp\/v2\/categories?post=56997"},{"taxonomy":"post_tag","embeddable":true,"href":"https:\/\/www.altominho.tv\/site\/wp-json\/wp\/v2\/tags?post=56997"}],"curies":[{"name":"wp","href":"https:\/\/api.w.org\/{rel}","templated":true}]}}