{"id":56828,"date":"2020-11-30T14:46:26","date_gmt":"2020-11-30T14:46:26","guid":{"rendered":"https:\/\/www.altominho.tv\/site\/?p=56828"},"modified":"2020-11-30T14:46:30","modified_gmt":"2020-11-30T14:46:30","slug":"contestada-em-tribunal-cobranca-de-imi-ao-navio-gil-eannes","status":"publish","type":"post","link":"https:\/\/www.altominho.tv\/site\/2020\/11\/30\/contestada-em-tribunal-cobranca-de-imi-ao-navio-gil-eannes\/","title":{"rendered":"Contestada em tribunal cobran\u00e7a de IMI ao navio Gil Eannes"},"content":{"rendered":"<p>A Funda\u00e7\u00e3o Gil Eannes vai pedir em tribunal a isen\u00e7\u00e3o de imposto municipal sobre im\u00f3veis (IMI) para aquele antigo navio-hospital, que est\u00e1 fundeado na doca comercial de Viana do Castelo, funcionando agora como museu.<\/p>\n<p>Em comunicado, a funda\u00e7\u00e3o acrescenta que o presidente do Conselho de Administra\u00e7\u00e3o e da C\u00e2mara de Viana do Castelo, Jos\u00e9 Maria Costa, tamb\u00e9m \u201cinformou\u201d o primeiro-ministro e os ministros das Finan\u00e7as e do Mar sobre a quest\u00e3o.<\/p>\n<p>Em causa est\u00e1 a notifica\u00e7\u00e3o da avalia\u00e7\u00e3o do Navio Gil Eannes referente ao seu enquadramento como sujeito passivo de IMI, como \u201cpr\u00e9dio tipo outros\u201d.<\/p>\n<p>O conselho de administra\u00e7\u00e3o contesta, lembrando que \u201co bem m\u00f3vel objeto de avalia\u00e7\u00e3o \u00e9 um navio, o qual est\u00e1 fundeado na doca comercial, tem feito desloca\u00e7\u00f5es para o estaleiro e vice-versa, flutua e navega\u201d. Sublinha, por isso, ter algumas d\u00favidas que o navio possa ser considerado um pr\u00e9dio, \u201cassente e com funda\u00e7\u00f5es de implanta\u00e7\u00e3o\u201d.<\/p>\n<p>A Funda\u00e7\u00e3o refere que o navio \u201ctem uma miss\u00e3o cultural\u201d e \u00e9 \u201cum dos espa\u00e7os mais visitados do pa\u00eds, enquanto mem\u00f3ria viva da pesca do bacalhau\u201d, tendo at\u00e9 certificado de navegabilidade.<\/p>\n<p>\u201cPor isso, e pelo conhecimento de situa\u00e7\u00f5es an\u00e1logas no pa\u00eds, esta ser\u00e1 uma situa\u00e7\u00e3o \u00fanica no pa\u00eds, pelo que o C\u00f3digo do IMI n\u00e3o pode ser aplicado pelas suas especificidades de ser uma embarca\u00e7\u00e3o e o c\u00e1lculo da sua dimens\u00e3o se reger pelas normas da arquea\u00e7\u00e3o\u201d.<\/p>\n<p>Assim, e sendo a Funda\u00e7\u00e3o Gil Eannes uma entidade sem fins lucrativos e que representa \u201cum ativo cultural e museol\u00f3gico muito importante para Viana do Castelo e para o pa\u00eds\u201d, a administra\u00e7\u00e3o solicita que o navio-museu Gil Eannes n\u00e3o seja enquadrado como sujeito passivo de IMI, uma vez que flutua e navega e disp\u00f5e de certificado de navegabilidade, pelo que \u201cn\u00e3o poder\u00e1\u201d ser considerado um pr\u00e9dio, mesmo na tipologia de \u201coutros\u201d.<\/p>\n","protected":false},"excerpt":{"rendered":"<p>A Funda\u00e7\u00e3o Gil Eannes vai pedir em tribunal a isen\u00e7\u00e3o de imposto municipal sobre im\u00f3veis (IMI) para aquele antigo navio-hospital, que est\u00e1 fundeado na doca comercial de Viana do Castelo, funcionando agora como museu. Em comunicado, a funda\u00e7\u00e3o acrescenta que o presidente do Conselho de Administra\u00e7\u00e3o e da C\u00e2mara de Viana do Castelo, Jos\u00e9 Maria [&hellip;]<\/p>\n","protected":false},"author":13,"featured_media":56829,"comment_status":"closed","ping_status":"closed","sticky":false,"template":"","format":"standard","meta":{"_exactmetrics_skip_tracking":false,"_exactmetrics_sitenote_active":false,"_exactmetrics_sitenote_note":"","_exactmetrics_sitenote_category":0,"footnotes":""},"categories":[14],"tags":[27],"class_list":["post-56828","post","type-post","status-publish","format-standard","has-post-thumbnail","hentry","category-viana-do-castelo","tag-sociedade"],"yoast_head":"<!-- This site is optimized with the Yoast SEO Premium plugin v27.5 (Yoast SEO v27.5) - https:\/\/yoast.com\/product\/yoast-seo-premium-wordpress\/ -->\n<title>Contestada em tribunal cobran\u00e7a de IMI ao navio Gil Eannes<\/title>\n<meta name=\"robots\" content=\"index, follow, max-snippet:-1, max-image-preview:large, max-video-preview:-1\" \/>\n<link rel=\"canonical\" href=\"https:\/\/www.altominho.tv\/site\/2020\/11\/30\/contestada-em-tribunal-cobranca-de-imi-ao-navio-gil-eannes\/\" \/>\n<meta property=\"og:locale\" content=\"pt_PT\" \/>\n<meta property=\"og:type\" content=\"article\" \/>\n<meta property=\"og:title\" content=\"Contestada em tribunal cobran\u00e7a de IMI ao navio Gil Eannes\" \/>\n<meta property=\"og:description\" content=\"A Funda\u00e7\u00e3o Gil Eannes vai pedir em tribunal a isen\u00e7\u00e3o de imposto municipal sobre im\u00f3veis (IMI) para aquele antigo navio-hospital, que est\u00e1 fundeado na doca comercial de Viana do Castelo, funcionando agora como museu. Em comunicado, a funda\u00e7\u00e3o acrescenta que o presidente do Conselho de Administra\u00e7\u00e3o e da C\u00e2mara de Viana do Castelo, Jos\u00e9 Maria [&hellip;]\" \/>\n<meta property=\"og:url\" content=\"https:\/\/www.altominho.tv\/site\/2020\/11\/30\/contestada-em-tribunal-cobranca-de-imi-ao-navio-gil-eannes\/\" \/>\n<meta property=\"og:site_name\" content=\"Altominho.tv\" \/>\n<meta property=\"article:publisher\" content=\"https:\/\/www.facebook.com\/altominhotv\" \/>\n<meta property=\"article:published_time\" content=\"2020-11-30T14:46:26+00:00\" \/>\n<meta property=\"article:modified_time\" content=\"2020-11-30T14:46:30+00:00\" \/>\n<meta property=\"og:image\" content=\"https:\/\/www.altominho.tv\/site\/wp-content\/uploads\/2020\/11\/Navio-Gil-Eannes-1.jpg\" \/>\n\t<meta property=\"og:image:width\" content=\"740\" \/>\n\t<meta property=\"og:image:height\" content=\"336\" \/>\n\t<meta property=\"og:image:type\" content=\"image\/jpeg\" \/>\n<meta name=\"author\" content=\"Lusa\" \/>\n<meta name=\"twitter:card\" content=\"summary_large_image\" \/>\n<meta name=\"twitter:creator\" content=\"@altominhoTV\" \/>\n<meta name=\"twitter:site\" content=\"@altominhoTV\" \/>\n<meta name=\"twitter:label1\" content=\"Escrito por\" \/>\n\t<meta name=\"twitter:data1\" content=\"Lusa\" \/>\n\t<meta name=\"twitter:label2\" content=\"Tempo estimado de leitura\" \/>\n\t<meta name=\"twitter:data2\" content=\"2 minutos\" \/>\n<script type=\"application\/ld+json\" class=\"yoast-schema-graph\">{\"@context\":\"https:\\\/\\\/schema.org\",\"@graph\":[{\"@type\":\"Article\",\"@id\":\"https:\\\/\\\/www.altominho.tv\\\/site\\\/2020\\\/11\\\/30\\\/contestada-em-tribunal-cobranca-de-imi-ao-navio-gil-eannes\\\/#article\",\"isPartOf\":{\"@id\":\"https:\\\/\\\/www.altominho.tv\\\/site\\\/2020\\\/11\\\/30\\\/contestada-em-tribunal-cobranca-de-imi-ao-navio-gil-eannes\\\/\"},\"author\":{\"name\":\"Lusa\",\"@id\":\"https:\\\/\\\/www.altominho.tv\\\/site\\\/#\\\/schema\\\/person\\\/63f693da3e1899361cbe955c46f3232e\"},\"headline\":\"Contestada em tribunal cobran\u00e7a de IMI ao navio Gil Eannes\",\"datePublished\":\"2020-11-30T14:46:26+00:00\",\"dateModified\":\"2020-11-30T14:46:30+00:00\",\"mainEntityOfPage\":{\"@id\":\"https:\\\/\\\/www.altominho.tv\\\/site\\\/2020\\\/11\\\/30\\\/contestada-em-tribunal-cobranca-de-imi-ao-navio-gil-eannes\\\/\"},\"wordCount\":350,\"image\":{\"@id\":\"https:\\\/\\\/www.altominho.tv\\\/site\\\/2020\\\/11\\\/30\\\/contestada-em-tribunal-cobranca-de-imi-ao-navio-gil-eannes\\\/#primaryimage\"},\"thumbnailUrl\":\"https:\\\/\\\/www.altominho.tv\\\/site\\\/wp-content\\\/uploads\\\/2020\\\/11\\\/Navio-Gil-Eannes-1.jpg\",\"keywords\":[\"Sociedade\"],\"articleSection\":[\"Viana do Castelo\"],\"inLanguage\":\"pt-PT\",\"copyrightYear\":\"2020\",\"copyrightHolder\":{\"@id\":\"https:\\\/\\\/www.altominho.tv\\\/site\\\/#organization\"}},{\"@type\":\"WebPage\",\"@id\":\"https:\\\/\\\/www.altominho.tv\\\/site\\\/2020\\\/11\\\/30\\\/contestada-em-tribunal-cobranca-de-imi-ao-navio-gil-eannes\\\/\",\"url\":\"https:\\\/\\\/www.altominho.tv\\\/site\\\/2020\\\/11\\\/30\\\/contestada-em-tribunal-cobranca-de-imi-ao-navio-gil-eannes\\\/\",\"name\":\"Contestada em tribunal cobran\u00e7a de IMI ao navio Gil Eannes\",\"isPartOf\":{\"@id\":\"https:\\\/\\\/www.altominho.tv\\\/site\\\/#website\"},\"primaryImageOfPage\":{\"@id\":\"https:\\\/\\\/www.altominho.tv\\\/site\\\/2020\\\/11\\\/30\\\/contestada-em-tribunal-cobranca-de-imi-ao-navio-gil-eannes\\\/#primaryimage\"},\"image\":{\"@id\":\"https:\\\/\\\/www.altominho.tv\\\/site\\\/2020\\\/11\\\/30\\\/contestada-em-tribunal-cobranca-de-imi-ao-navio-gil-eannes\\\/#primaryimage\"},\"thumbnailUrl\":\"https:\\\/\\\/www.altominho.tv\\\/site\\\/wp-content\\\/uploads\\\/2020\\\/11\\\/Navio-Gil-Eannes-1.jpg\",\"datePublished\":\"2020-11-30T14:46:26+00:00\",\"dateModified\":\"2020-11-30T14:46:30+00:00\",\"author\":{\"@id\":\"https:\\\/\\\/www.altominho.tv\\\/site\\\/#\\\/schema\\\/person\\\/63f693da3e1899361cbe955c46f3232e\"},\"breadcrumb\":{\"@id\":\"https:\\\/\\\/www.altominho.tv\\\/site\\\/2020\\\/11\\\/30\\\/contestada-em-tribunal-cobranca-de-imi-ao-navio-gil-eannes\\\/#breadcrumb\"},\"inLanguage\":\"pt-PT\",\"potentialAction\":[{\"@type\":\"ReadAction\",\"target\":[\"https:\\\/\\\/www.altominho.tv\\\/site\\\/2020\\\/11\\\/30\\\/contestada-em-tribunal-cobranca-de-imi-ao-navio-gil-eannes\\\/\"]}]},{\"@type\":\"ImageObject\",\"inLanguage\":\"pt-PT\",\"@id\":\"https:\\\/\\\/www.altominho.tv\\\/site\\\/2020\\\/11\\\/30\\\/contestada-em-tribunal-cobranca-de-imi-ao-navio-gil-eannes\\\/#primaryimage\",\"url\":\"https:\\\/\\\/www.altominho.tv\\\/site\\\/wp-content\\\/uploads\\\/2020\\\/11\\\/Navio-Gil-Eannes-1.jpg\",\"contentUrl\":\"https:\\\/\\\/www.altominho.tv\\\/site\\\/wp-content\\\/uploads\\\/2020\\\/11\\\/Navio-Gil-Eannes-1.jpg\",\"width\":740,\"height\":336},{\"@type\":\"BreadcrumbList\",\"@id\":\"https:\\\/\\\/www.altominho.tv\\\/site\\\/2020\\\/11\\\/30\\\/contestada-em-tribunal-cobranca-de-imi-ao-navio-gil-eannes\\\/#breadcrumb\",\"itemListElement\":[{\"@type\":\"ListItem\",\"position\":1,\"name\":\"In\u00edcio\",\"item\":\"https:\\\/\\\/www.altominho.tv\\\/site\\\/\"},{\"@type\":\"ListItem\",\"position\":2,\"name\":\"Contestada em tribunal cobran\u00e7a de IMI ao navio Gil Eannes\"}]},{\"@type\":\"WebSite\",\"@id\":\"https:\\\/\\\/www.altominho.tv\\\/site\\\/#website\",\"url\":\"https:\\\/\\\/www.altominho.tv\\\/site\\\/\",\"name\":\"Altominho.tv\",\"description\":\"A sua regi\u00e3o \u00e0 dist\u00e2ncia de um clique...\",\"potentialAction\":[{\"@type\":\"SearchAction\",\"target\":{\"@type\":\"EntryPoint\",\"urlTemplate\":\"https:\\\/\\\/www.altominho.tv\\\/site\\\/?s={search_term_string}\"},\"query-input\":{\"@type\":\"PropertyValueSpecification\",\"valueRequired\":true,\"valueName\":\"search_term_string\"}}],\"inLanguage\":\"pt-PT\"},{\"@type\":\"Person\",\"@id\":\"https:\\\/\\\/www.altominho.tv\\\/site\\\/#\\\/schema\\\/person\\\/63f693da3e1899361cbe955c46f3232e\",\"name\":\"Lusa\",\"image\":{\"@type\":\"ImageObject\",\"inLanguage\":\"pt-PT\",\"@id\":\"https:\\\/\\\/www.altominho.tv\\\/site\\\/wp-content\\\/uploads\\\/2019\\\/08\\\/LUSA_Logo.gif\",\"url\":\"https:\\\/\\\/www.altominho.tv\\\/site\\\/wp-content\\\/uploads\\\/2019\\\/08\\\/LUSA_Logo.gif\",\"contentUrl\":\"https:\\\/\\\/www.altominho.tv\\\/site\\\/wp-content\\\/uploads\\\/2019\\\/08\\\/LUSA_Logo.gif\",\"caption\":\"Lusa\"},\"sameAs\":[\"http:\\\/\\\/\\\/\\\/www.altominho.tv\\\/site\"],\"url\":\"https:\\\/\\\/www.altominho.tv\\\/site\\\/author\\\/lusa\\\/\"}]}<\/script>\n<!-- \/ Yoast SEO Premium plugin. -->","yoast_head_json":{"title":"Contestada em tribunal cobran\u00e7a de IMI ao navio Gil Eannes","robots":{"index":"index","follow":"follow","max-snippet":"max-snippet:-1","max-image-preview":"max-image-preview:large","max-video-preview":"max-video-preview:-1"},"canonical":"https:\/\/www.altominho.tv\/site\/2020\/11\/30\/contestada-em-tribunal-cobranca-de-imi-ao-navio-gil-eannes\/","og_locale":"pt_PT","og_type":"article","og_title":"Contestada em tribunal cobran\u00e7a de IMI ao navio Gil Eannes","og_description":"A Funda\u00e7\u00e3o Gil Eannes vai pedir em tribunal a isen\u00e7\u00e3o de imposto municipal sobre im\u00f3veis (IMI) para aquele antigo navio-hospital, que est\u00e1 fundeado na doca comercial de Viana do Castelo, funcionando agora como museu. Em comunicado, a funda\u00e7\u00e3o acrescenta que o presidente do Conselho de Administra\u00e7\u00e3o e da C\u00e2mara de Viana do Castelo, Jos\u00e9 Maria [&hellip;]","og_url":"https:\/\/www.altominho.tv\/site\/2020\/11\/30\/contestada-em-tribunal-cobranca-de-imi-ao-navio-gil-eannes\/","og_site_name":"Altominho.tv","article_publisher":"https:\/\/www.facebook.com\/altominhotv","article_published_time":"2020-11-30T14:46:26+00:00","article_modified_time":"2020-11-30T14:46:30+00:00","og_image":[{"width":740,"height":336,"url":"https:\/\/www.altominho.tv\/site\/wp-content\/uploads\/2020\/11\/Navio-Gil-Eannes-1.jpg","type":"image\/jpeg"}],"author":"Lusa","twitter_card":"summary_large_image","twitter_creator":"@altominhoTV","twitter_site":"@altominhoTV","twitter_misc":{"Escrito por":"Lusa","Tempo estimado de leitura":"2 minutos"},"schema":{"@context":"https:\/\/schema.org","@graph":[{"@type":"Article","@id":"https:\/\/www.altominho.tv\/site\/2020\/11\/30\/contestada-em-tribunal-cobranca-de-imi-ao-navio-gil-eannes\/#article","isPartOf":{"@id":"https:\/\/www.altominho.tv\/site\/2020\/11\/30\/contestada-em-tribunal-cobranca-de-imi-ao-navio-gil-eannes\/"},"author":{"name":"Lusa","@id":"https:\/\/www.altominho.tv\/site\/#\/schema\/person\/63f693da3e1899361cbe955c46f3232e"},"headline":"Contestada em tribunal cobran\u00e7a de IMI ao navio Gil Eannes","datePublished":"2020-11-30T14:46:26+00:00","dateModified":"2020-11-30T14:46:30+00:00","mainEntityOfPage":{"@id":"https:\/\/www.altominho.tv\/site\/2020\/11\/30\/contestada-em-tribunal-cobranca-de-imi-ao-navio-gil-eannes\/"},"wordCount":350,"image":{"@id":"https:\/\/www.altominho.tv\/site\/2020\/11\/30\/contestada-em-tribunal-cobranca-de-imi-ao-navio-gil-eannes\/#primaryimage"},"thumbnailUrl":"https:\/\/www.altominho.tv\/site\/wp-content\/uploads\/2020\/11\/Navio-Gil-Eannes-1.jpg","keywords":["Sociedade"],"articleSection":["Viana do Castelo"],"inLanguage":"pt-PT","copyrightYear":"2020","copyrightHolder":{"@id":"https:\/\/www.altominho.tv\/site\/#organization"}},{"@type":"WebPage","@id":"https:\/\/www.altominho.tv\/site\/2020\/11\/30\/contestada-em-tribunal-cobranca-de-imi-ao-navio-gil-eannes\/","url":"https:\/\/www.altominho.tv\/site\/2020\/11\/30\/contestada-em-tribunal-cobranca-de-imi-ao-navio-gil-eannes\/","name":"Contestada em tribunal cobran\u00e7a de IMI ao navio Gil Eannes","isPartOf":{"@id":"https:\/\/www.altominho.tv\/site\/#website"},"primaryImageOfPage":{"@id":"https:\/\/www.altominho.tv\/site\/2020\/11\/30\/contestada-em-tribunal-cobranca-de-imi-ao-navio-gil-eannes\/#primaryimage"},"image":{"@id":"https:\/\/www.altominho.tv\/site\/2020\/11\/30\/contestada-em-tribunal-cobranca-de-imi-ao-navio-gil-eannes\/#primaryimage"},"thumbnailUrl":"https:\/\/www.altominho.tv\/site\/wp-content\/uploads\/2020\/11\/Navio-Gil-Eannes-1.jpg","datePublished":"2020-11-30T14:46:26+00:00","dateModified":"2020-11-30T14:46:30+00:00","author":{"@id":"https:\/\/www.altominho.tv\/site\/#\/schema\/person\/63f693da3e1899361cbe955c46f3232e"},"breadcrumb":{"@id":"https:\/\/www.altominho.tv\/site\/2020\/11\/30\/contestada-em-tribunal-cobranca-de-imi-ao-navio-gil-eannes\/#breadcrumb"},"inLanguage":"pt-PT","potentialAction":[{"@type":"ReadAction","target":["https:\/\/www.altominho.tv\/site\/2020\/11\/30\/contestada-em-tribunal-cobranca-de-imi-ao-navio-gil-eannes\/"]}]},{"@type":"ImageObject","inLanguage":"pt-PT","@id":"https:\/\/www.altominho.tv\/site\/2020\/11\/30\/contestada-em-tribunal-cobranca-de-imi-ao-navio-gil-eannes\/#primaryimage","url":"https:\/\/www.altominho.tv\/site\/wp-content\/uploads\/2020\/11\/Navio-Gil-Eannes-1.jpg","contentUrl":"https:\/\/www.altominho.tv\/site\/wp-content\/uploads\/2020\/11\/Navio-Gil-Eannes-1.jpg","width":740,"height":336},{"@type":"BreadcrumbList","@id":"https:\/\/www.altominho.tv\/site\/2020\/11\/30\/contestada-em-tribunal-cobranca-de-imi-ao-navio-gil-eannes\/#breadcrumb","itemListElement":[{"@type":"ListItem","position":1,"name":"In\u00edcio","item":"https:\/\/www.altominho.tv\/site\/"},{"@type":"ListItem","position":2,"name":"Contestada em tribunal cobran\u00e7a de IMI ao navio Gil Eannes"}]},{"@type":"WebSite","@id":"https:\/\/www.altominho.tv\/site\/#website","url":"https:\/\/www.altominho.tv\/site\/","name":"Altominho.tv","description":"A sua regi\u00e3o \u00e0 dist\u00e2ncia de um clique...","potentialAction":[{"@type":"SearchAction","target":{"@type":"EntryPoint","urlTemplate":"https:\/\/www.altominho.tv\/site\/?s={search_term_string}"},"query-input":{"@type":"PropertyValueSpecification","valueRequired":true,"valueName":"search_term_string"}}],"inLanguage":"pt-PT"},{"@type":"Person","@id":"https:\/\/www.altominho.tv\/site\/#\/schema\/person\/63f693da3e1899361cbe955c46f3232e","name":"Lusa","image":{"@type":"ImageObject","inLanguage":"pt-PT","@id":"https:\/\/www.altominho.tv\/site\/wp-content\/uploads\/2019\/08\/LUSA_Logo.gif","url":"https:\/\/www.altominho.tv\/site\/wp-content\/uploads\/2019\/08\/LUSA_Logo.gif","contentUrl":"https:\/\/www.altominho.tv\/site\/wp-content\/uploads\/2019\/08\/LUSA_Logo.gif","caption":"Lusa"},"sameAs":["http:\/\/\/\/www.altominho.tv\/site"],"url":"https:\/\/www.altominho.tv\/site\/author\/lusa\/"}]}},"_links":{"self":[{"href":"https:\/\/www.altominho.tv\/site\/wp-json\/wp\/v2\/posts\/56828","targetHints":{"allow":["GET"]}}],"collection":[{"href":"https:\/\/www.altominho.tv\/site\/wp-json\/wp\/v2\/posts"}],"about":[{"href":"https:\/\/www.altominho.tv\/site\/wp-json\/wp\/v2\/types\/post"}],"author":[{"embeddable":true,"href":"https:\/\/www.altominho.tv\/site\/wp-json\/wp\/v2\/users\/13"}],"replies":[{"embeddable":true,"href":"https:\/\/www.altominho.tv\/site\/wp-json\/wp\/v2\/comments?post=56828"}],"version-history":[{"count":0,"href":"https:\/\/www.altominho.tv\/site\/wp-json\/wp\/v2\/posts\/56828\/revisions"}],"wp:featuredmedia":[{"embeddable":true,"href":"https:\/\/www.altominho.tv\/site\/wp-json\/wp\/v2\/media\/56829"}],"wp:attachment":[{"href":"https:\/\/www.altominho.tv\/site\/wp-json\/wp\/v2\/media?parent=56828"}],"wp:term":[{"taxonomy":"category","embeddable":true,"href":"https:\/\/www.altominho.tv\/site\/wp-json\/wp\/v2\/categories?post=56828"},{"taxonomy":"post_tag","embeddable":true,"href":"https:\/\/www.altominho.tv\/site\/wp-json\/wp\/v2\/tags?post=56828"}],"curies":[{"name":"wp","href":"https:\/\/api.w.org\/{rel}","templated":true}]}}