{"id":5679,"date":"2017-10-26T13:51:04","date_gmt":"2017-10-26T13:51:04","guid":{"rendered":"http:\/\/www.altominho.tv\/site\/?p=5679"},"modified":"2017-11-27T18:16:54","modified_gmt":"2017-11-27T18:16:54","slug":"moncao-trilho-da-carvalheira-de-abedim-marcado-para-este-sabado","status":"publish","type":"post","link":"https:\/\/www.altominho.tv\/site\/2017\/10\/26\/moncao-trilho-da-carvalheira-de-abedim-marcado-para-este-sabado\/","title":{"rendered":"Mon\u00e7\u00e3o: Trilho da Carvalheira de Abedim marcado para este s\u00e1bado"},"content":{"rendered":"<p>&nbsp;<\/p>\n<div>No \u00e2mbito da iniciativa \u201cCaminha para Conhecer Mon\u00e7\u00e3o\u201d, realiza-se este s\u00e1bado, 28 de outubro, o Trilho da Carvalheira de Abedim, percurso de 7,1 quil\u00f3metros com dura\u00e7\u00e3o superior a duas horas e um grau de dificuldade f\u00e1cil\/moderado.<\/div>\n<div>Este percurso, cujo ponto de encontro \u00e9 na Junta de Freguesia de Abedim, pelas 09h00, coincide com o pedit\u00f3rio anual da AMI (entre 26 e 29 de outubro), sendo uma\u00a0 oportunidade para os participantes fazerem exerc\u00edcio f\u00edsico e praticarem uma a\u00e7\u00e3o solid\u00e1ria atrav\u00e9s de um donativo simb\u00f3lico para esta causa humanit\u00e1ria.<\/div>\n<div>O Trilho da Carvalheira de Abedim atravessa um denso e frondoso bosque de carvalhos e azevinhos. Como ponto singular de observa\u00e7\u00e3o refer\u00eancia para a Penha de S. Martinho que oferece uma panor\u00e2mica magn\u00edfica sobre as parcelas de minif\u00fandio do Vale do Gadanha.<\/div>\n<div>Podem-se tamb\u00e9m contemplar caminhos carreteiros empedrados, a\u00e7udes, levadas e moinhos seculares que, em outros tempos, eram utilizados com v\u00e1rios fins (moagem de cereais, lagares de azeite, serra\u00e7\u00e3o de madeira, engenhos de linho etc).<\/div>\n<div><\/div>\n<div>A organiza\u00e7\u00e3o aconselha roupa e cal\u00e7ado confort\u00e1vel, refor\u00e7o alimentar e \u00e1gua.<\/div>\n","protected":false},"excerpt":{"rendered":"<p>&nbsp; No \u00e2mbito da iniciativa \u201cCaminha para Conhecer Mon\u00e7\u00e3o\u201d, realiza-se este s\u00e1bado, 28 de outubro, o Trilho da Carvalheira de Abedim, percurso de 7,1 quil\u00f3metros com dura\u00e7\u00e3o superior a duas horas e um grau de dificuldade f\u00e1cil\/moderado. Este percurso, cujo ponto de encontro \u00e9 na Junta de Freguesia de Abedim, pelas 09h00, coincide com o [&hellip;]<\/p>\n","protected":false},"author":6,"featured_media":5681,"comment_status":"closed","ping_status":"closed","sticky":false,"template":"","format":"standard","meta":{"_exactmetrics_skip_tracking":false,"_exactmetrics_sitenote_active":false,"_exactmetrics_sitenote_note":"","_exactmetrics_sitenote_category":0,"footnotes":""},"categories":[9],"tags":[20],"class_list":["post-5679","post","type-post","status-publish","format-standard","has-post-thumbnail","hentry","category-moncao","tag-desporto"],"yoast_head":"<!-- This site is optimized with the Yoast SEO Premium plugin v27.5 (Yoast SEO v27.5) - https:\/\/yoast.com\/product\/yoast-seo-premium-wordpress\/ -->\n<title>Mon\u00e7\u00e3o: Trilho da Carvalheira de Abedim marcado para este s\u00e1bado<\/title>\n<meta name=\"robots\" content=\"index, follow, max-snippet:-1, max-image-preview:large, max-video-preview:-1\" \/>\n<link rel=\"canonical\" href=\"https:\/\/www.altominho.tv\/site\/2017\/10\/26\/moncao-trilho-da-carvalheira-de-abedim-marcado-para-este-sabado\/\" \/>\n<meta property=\"og:locale\" content=\"pt_PT\" \/>\n<meta property=\"og:type\" content=\"article\" \/>\n<meta property=\"og:title\" content=\"Mon\u00e7\u00e3o: Trilho da Carvalheira de Abedim marcado para este s\u00e1bado\" \/>\n<meta property=\"og:description\" content=\"&nbsp; No \u00e2mbito da iniciativa \u201cCaminha para Conhecer Mon\u00e7\u00e3o\u201d, realiza-se este s\u00e1bado, 28 de outubro, o Trilho da Carvalheira de Abedim, percurso de 7,1 quil\u00f3metros com dura\u00e7\u00e3o superior a duas horas e um grau de dificuldade f\u00e1cil\/moderado. Este percurso, cujo ponto de encontro \u00e9 na Junta de Freguesia de Abedim, pelas 09h00, coincide com o [&hellip;]\" \/>\n<meta property=\"og:url\" content=\"https:\/\/www.altominho.tv\/site\/2017\/10\/26\/moncao-trilho-da-carvalheira-de-abedim-marcado-para-este-sabado\/\" \/>\n<meta property=\"og:site_name\" content=\"Altominho.tv\" \/>\n<meta property=\"article:publisher\" content=\"https:\/\/www.facebook.com\/altominhotv\" \/>\n<meta property=\"article:published_time\" content=\"2017-10-26T13:51:04+00:00\" \/>\n<meta property=\"article:modified_time\" content=\"2017-11-27T18:16:54+00:00\" \/>\n<meta property=\"og:image\" content=\"https:\/\/www.altominho.tv\/site\/wp-content\/uploads\/2017\/11\/caminhar-1.jpg\" \/>\n\t<meta property=\"og:image:width\" content=\"1200\" \/>\n\t<meta property=\"og:image:height\" content=\"480\" \/>\n\t<meta property=\"og:image:type\" content=\"image\/jpeg\" \/>\n<meta name=\"author\" content=\"C\u00e1tia Malheiro\" \/>\n<meta name=\"twitter:card\" content=\"summary_large_image\" \/>\n<meta name=\"twitter:creator\" content=\"@altominhoTV\" \/>\n<meta name=\"twitter:site\" content=\"@altominhoTV\" \/>\n<meta name=\"twitter:label1\" content=\"Escrito por\" \/>\n\t<meta name=\"twitter:data1\" content=\"C\u00e1tia Malheiro\" \/>\n\t<meta name=\"twitter:label2\" content=\"Tempo estimado de leitura\" \/>\n\t<meta name=\"twitter:data2\" content=\"1 minuto\" \/>\n<script type=\"application\/ld+json\" class=\"yoast-schema-graph\">{\"@context\":\"https:\\\/\\\/schema.org\",\"@graph\":[{\"@type\":\"Article\",\"@id\":\"https:\\\/\\\/www.altominho.tv\\\/site\\\/2017\\\/10\\\/26\\\/moncao-trilho-da-carvalheira-de-abedim-marcado-para-este-sabado\\\/#article\",\"isPartOf\":{\"@id\":\"https:\\\/\\\/www.altominho.tv\\\/site\\\/2017\\\/10\\\/26\\\/moncao-trilho-da-carvalheira-de-abedim-marcado-para-este-sabado\\\/\"},\"author\":{\"name\":\"C\u00e1tia Malheiro\",\"@id\":\"https:\\\/\\\/www.altominho.tv\\\/site\\\/#\\\/schema\\\/person\\\/5c9404a8b438614c93da6ca09db92574\"},\"headline\":\"Mon\u00e7\u00e3o: Trilho da Carvalheira de Abedim marcado para este s\u00e1bado\",\"datePublished\":\"2017-10-26T13:51:04+00:00\",\"dateModified\":\"2017-11-27T18:16:54+00:00\",\"mainEntityOfPage\":{\"@id\":\"https:\\\/\\\/www.altominho.tv\\\/site\\\/2017\\\/10\\\/26\\\/moncao-trilho-da-carvalheira-de-abedim-marcado-para-este-sabado\\\/\"},\"wordCount\":208,\"image\":{\"@id\":\"https:\\\/\\\/www.altominho.tv\\\/site\\\/2017\\\/10\\\/26\\\/moncao-trilho-da-carvalheira-de-abedim-marcado-para-este-sabado\\\/#primaryimage\"},\"thumbnailUrl\":\"https:\\\/\\\/www.altominho.tv\\\/site\\\/wp-content\\\/uploads\\\/2017\\\/11\\\/caminhar-1.jpg\",\"keywords\":[\"Desporto\"],\"articleSection\":[\"Mon\u00e7\u00e3o\"],\"inLanguage\":\"pt-PT\",\"copyrightYear\":\"2017\",\"copyrightHolder\":{\"@id\":\"https:\\\/\\\/www.altominho.tv\\\/site\\\/#organization\"}},{\"@type\":\"WebPage\",\"@id\":\"https:\\\/\\\/www.altominho.tv\\\/site\\\/2017\\\/10\\\/26\\\/moncao-trilho-da-carvalheira-de-abedim-marcado-para-este-sabado\\\/\",\"url\":\"https:\\\/\\\/www.altominho.tv\\\/site\\\/2017\\\/10\\\/26\\\/moncao-trilho-da-carvalheira-de-abedim-marcado-para-este-sabado\\\/\",\"name\":\"Mon\u00e7\u00e3o: Trilho da Carvalheira de Abedim marcado para este s\u00e1bado\",\"isPartOf\":{\"@id\":\"https:\\\/\\\/www.altominho.tv\\\/site\\\/#website\"},\"primaryImageOfPage\":{\"@id\":\"https:\\\/\\\/www.altominho.tv\\\/site\\\/2017\\\/10\\\/26\\\/moncao-trilho-da-carvalheira-de-abedim-marcado-para-este-sabado\\\/#primaryimage\"},\"image\":{\"@id\":\"https:\\\/\\\/www.altominho.tv\\\/site\\\/2017\\\/10\\\/26\\\/moncao-trilho-da-carvalheira-de-abedim-marcado-para-este-sabado\\\/#primaryimage\"},\"thumbnailUrl\":\"https:\\\/\\\/www.altominho.tv\\\/site\\\/wp-content\\\/uploads\\\/2017\\\/11\\\/caminhar-1.jpg\",\"datePublished\":\"2017-10-26T13:51:04+00:00\",\"dateModified\":\"2017-11-27T18:16:54+00:00\",\"author\":{\"@id\":\"https:\\\/\\\/www.altominho.tv\\\/site\\\/#\\\/schema\\\/person\\\/5c9404a8b438614c93da6ca09db92574\"},\"breadcrumb\":{\"@id\":\"https:\\\/\\\/www.altominho.tv\\\/site\\\/2017\\\/10\\\/26\\\/moncao-trilho-da-carvalheira-de-abedim-marcado-para-este-sabado\\\/#breadcrumb\"},\"inLanguage\":\"pt-PT\",\"potentialAction\":[{\"@type\":\"ReadAction\",\"target\":[\"https:\\\/\\\/www.altominho.tv\\\/site\\\/2017\\\/10\\\/26\\\/moncao-trilho-da-carvalheira-de-abedim-marcado-para-este-sabado\\\/\"]}]},{\"@type\":\"ImageObject\",\"inLanguage\":\"pt-PT\",\"@id\":\"https:\\\/\\\/www.altominho.tv\\\/site\\\/2017\\\/10\\\/26\\\/moncao-trilho-da-carvalheira-de-abedim-marcado-para-este-sabado\\\/#primaryimage\",\"url\":\"https:\\\/\\\/www.altominho.tv\\\/site\\\/wp-content\\\/uploads\\\/2017\\\/11\\\/caminhar-1.jpg\",\"contentUrl\":\"https:\\\/\\\/www.altominho.tv\\\/site\\\/wp-content\\\/uploads\\\/2017\\\/11\\\/caminhar-1.jpg\",\"width\":1200,\"height\":480},{\"@type\":\"BreadcrumbList\",\"@id\":\"https:\\\/\\\/www.altominho.tv\\\/site\\\/2017\\\/10\\\/26\\\/moncao-trilho-da-carvalheira-de-abedim-marcado-para-este-sabado\\\/#breadcrumb\",\"itemListElement\":[{\"@type\":\"ListItem\",\"position\":1,\"name\":\"In\u00edcio\",\"item\":\"https:\\\/\\\/www.altominho.tv\\\/site\\\/\"},{\"@type\":\"ListItem\",\"position\":2,\"name\":\"Mon\u00e7\u00e3o: Trilho da Carvalheira de Abedim marcado para este s\u00e1bado\"}]},{\"@type\":\"WebSite\",\"@id\":\"https:\\\/\\\/www.altominho.tv\\\/site\\\/#website\",\"url\":\"https:\\\/\\\/www.altominho.tv\\\/site\\\/\",\"name\":\"Altominho.tv\",\"description\":\"A sua regi\u00e3o \u00e0 dist\u00e2ncia de um clique...\",\"potentialAction\":[{\"@type\":\"SearchAction\",\"target\":{\"@type\":\"EntryPoint\",\"urlTemplate\":\"https:\\\/\\\/www.altominho.tv\\\/site\\\/?s={search_term_string}\"},\"query-input\":{\"@type\":\"PropertyValueSpecification\",\"valueRequired\":true,\"valueName\":\"search_term_string\"}}],\"inLanguage\":\"pt-PT\"},{\"@type\":\"Person\",\"@id\":\"https:\\\/\\\/www.altominho.tv\\\/site\\\/#\\\/schema\\\/person\\\/5c9404a8b438614c93da6ca09db92574\",\"name\":\"C\u00e1tia Malheiro\",\"image\":{\"@type\":\"ImageObject\",\"inLanguage\":\"pt-PT\",\"@id\":\"https:\\\/\\\/www.altominho.tv\\\/site\\\/wp-content\\\/uploads\\\/2017\\\/11\\\/Catia_Malheiro-150x150.jpg\",\"url\":\"https:\\\/\\\/www.altominho.tv\\\/site\\\/wp-content\\\/uploads\\\/2017\\\/11\\\/Catia_Malheiro-150x150.jpg\",\"contentUrl\":\"https:\\\/\\\/www.altominho.tv\\\/site\\\/wp-content\\\/uploads\\\/2017\\\/11\\\/Catia_Malheiro-150x150.jpg\",\"caption\":\"C\u00e1tia Malheiro\"},\"url\":\"https:\\\/\\\/www.altominho.tv\\\/site\\\/author\\\/catiamalheiro\\\/\"}]}<\/script>\n<!-- \/ Yoast SEO Premium plugin. -->","yoast_head_json":{"title":"Mon\u00e7\u00e3o: Trilho da Carvalheira de Abedim marcado para este s\u00e1bado","robots":{"index":"index","follow":"follow","max-snippet":"max-snippet:-1","max-image-preview":"max-image-preview:large","max-video-preview":"max-video-preview:-1"},"canonical":"https:\/\/www.altominho.tv\/site\/2017\/10\/26\/moncao-trilho-da-carvalheira-de-abedim-marcado-para-este-sabado\/","og_locale":"pt_PT","og_type":"article","og_title":"Mon\u00e7\u00e3o: Trilho da Carvalheira de Abedim marcado para este s\u00e1bado","og_description":"&nbsp; No \u00e2mbito da iniciativa \u201cCaminha para Conhecer Mon\u00e7\u00e3o\u201d, realiza-se este s\u00e1bado, 28 de outubro, o Trilho da Carvalheira de Abedim, percurso de 7,1 quil\u00f3metros com dura\u00e7\u00e3o superior a duas horas e um grau de dificuldade f\u00e1cil\/moderado. Este percurso, cujo ponto de encontro \u00e9 na Junta de Freguesia de Abedim, pelas 09h00, coincide com o [&hellip;]","og_url":"https:\/\/www.altominho.tv\/site\/2017\/10\/26\/moncao-trilho-da-carvalheira-de-abedim-marcado-para-este-sabado\/","og_site_name":"Altominho.tv","article_publisher":"https:\/\/www.facebook.com\/altominhotv","article_published_time":"2017-10-26T13:51:04+00:00","article_modified_time":"2017-11-27T18:16:54+00:00","og_image":[{"width":1200,"height":480,"url":"https:\/\/www.altominho.tv\/site\/wp-content\/uploads\/2017\/11\/caminhar-1.jpg","type":"image\/jpeg"}],"author":"C\u00e1tia Malheiro","twitter_card":"summary_large_image","twitter_creator":"@altominhoTV","twitter_site":"@altominhoTV","twitter_misc":{"Escrito por":"C\u00e1tia Malheiro","Tempo estimado de leitura":"1 minuto"},"schema":{"@context":"https:\/\/schema.org","@graph":[{"@type":"Article","@id":"https:\/\/www.altominho.tv\/site\/2017\/10\/26\/moncao-trilho-da-carvalheira-de-abedim-marcado-para-este-sabado\/#article","isPartOf":{"@id":"https:\/\/www.altominho.tv\/site\/2017\/10\/26\/moncao-trilho-da-carvalheira-de-abedim-marcado-para-este-sabado\/"},"author":{"name":"C\u00e1tia Malheiro","@id":"https:\/\/www.altominho.tv\/site\/#\/schema\/person\/5c9404a8b438614c93da6ca09db92574"},"headline":"Mon\u00e7\u00e3o: Trilho da Carvalheira de Abedim marcado para este s\u00e1bado","datePublished":"2017-10-26T13:51:04+00:00","dateModified":"2017-11-27T18:16:54+00:00","mainEntityOfPage":{"@id":"https:\/\/www.altominho.tv\/site\/2017\/10\/26\/moncao-trilho-da-carvalheira-de-abedim-marcado-para-este-sabado\/"},"wordCount":208,"image":{"@id":"https:\/\/www.altominho.tv\/site\/2017\/10\/26\/moncao-trilho-da-carvalheira-de-abedim-marcado-para-este-sabado\/#primaryimage"},"thumbnailUrl":"https:\/\/www.altominho.tv\/site\/wp-content\/uploads\/2017\/11\/caminhar-1.jpg","keywords":["Desporto"],"articleSection":["Mon\u00e7\u00e3o"],"inLanguage":"pt-PT","copyrightYear":"2017","copyrightHolder":{"@id":"https:\/\/www.altominho.tv\/site\/#organization"}},{"@type":"WebPage","@id":"https:\/\/www.altominho.tv\/site\/2017\/10\/26\/moncao-trilho-da-carvalheira-de-abedim-marcado-para-este-sabado\/","url":"https:\/\/www.altominho.tv\/site\/2017\/10\/26\/moncao-trilho-da-carvalheira-de-abedim-marcado-para-este-sabado\/","name":"Mon\u00e7\u00e3o: Trilho da Carvalheira de Abedim marcado para este s\u00e1bado","isPartOf":{"@id":"https:\/\/www.altominho.tv\/site\/#website"},"primaryImageOfPage":{"@id":"https:\/\/www.altominho.tv\/site\/2017\/10\/26\/moncao-trilho-da-carvalheira-de-abedim-marcado-para-este-sabado\/#primaryimage"},"image":{"@id":"https:\/\/www.altominho.tv\/site\/2017\/10\/26\/moncao-trilho-da-carvalheira-de-abedim-marcado-para-este-sabado\/#primaryimage"},"thumbnailUrl":"https:\/\/www.altominho.tv\/site\/wp-content\/uploads\/2017\/11\/caminhar-1.jpg","datePublished":"2017-10-26T13:51:04+00:00","dateModified":"2017-11-27T18:16:54+00:00","author":{"@id":"https:\/\/www.altominho.tv\/site\/#\/schema\/person\/5c9404a8b438614c93da6ca09db92574"},"breadcrumb":{"@id":"https:\/\/www.altominho.tv\/site\/2017\/10\/26\/moncao-trilho-da-carvalheira-de-abedim-marcado-para-este-sabado\/#breadcrumb"},"inLanguage":"pt-PT","potentialAction":[{"@type":"ReadAction","target":["https:\/\/www.altominho.tv\/site\/2017\/10\/26\/moncao-trilho-da-carvalheira-de-abedim-marcado-para-este-sabado\/"]}]},{"@type":"ImageObject","inLanguage":"pt-PT","@id":"https:\/\/www.altominho.tv\/site\/2017\/10\/26\/moncao-trilho-da-carvalheira-de-abedim-marcado-para-este-sabado\/#primaryimage","url":"https:\/\/www.altominho.tv\/site\/wp-content\/uploads\/2017\/11\/caminhar-1.jpg","contentUrl":"https:\/\/www.altominho.tv\/site\/wp-content\/uploads\/2017\/11\/caminhar-1.jpg","width":1200,"height":480},{"@type":"BreadcrumbList","@id":"https:\/\/www.altominho.tv\/site\/2017\/10\/26\/moncao-trilho-da-carvalheira-de-abedim-marcado-para-este-sabado\/#breadcrumb","itemListElement":[{"@type":"ListItem","position":1,"name":"In\u00edcio","item":"https:\/\/www.altominho.tv\/site\/"},{"@type":"ListItem","position":2,"name":"Mon\u00e7\u00e3o: Trilho da Carvalheira de Abedim marcado para este s\u00e1bado"}]},{"@type":"WebSite","@id":"https:\/\/www.altominho.tv\/site\/#website","url":"https:\/\/www.altominho.tv\/site\/","name":"Altominho.tv","description":"A sua regi\u00e3o \u00e0 dist\u00e2ncia de um clique...","potentialAction":[{"@type":"SearchAction","target":{"@type":"EntryPoint","urlTemplate":"https:\/\/www.altominho.tv\/site\/?s={search_term_string}"},"query-input":{"@type":"PropertyValueSpecification","valueRequired":true,"valueName":"search_term_string"}}],"inLanguage":"pt-PT"},{"@type":"Person","@id":"https:\/\/www.altominho.tv\/site\/#\/schema\/person\/5c9404a8b438614c93da6ca09db92574","name":"C\u00e1tia Malheiro","image":{"@type":"ImageObject","inLanguage":"pt-PT","@id":"https:\/\/www.altominho.tv\/site\/wp-content\/uploads\/2017\/11\/Catia_Malheiro-150x150.jpg","url":"https:\/\/www.altominho.tv\/site\/wp-content\/uploads\/2017\/11\/Catia_Malheiro-150x150.jpg","contentUrl":"https:\/\/www.altominho.tv\/site\/wp-content\/uploads\/2017\/11\/Catia_Malheiro-150x150.jpg","caption":"C\u00e1tia Malheiro"},"url":"https:\/\/www.altominho.tv\/site\/author\/catiamalheiro\/"}]}},"_links":{"self":[{"href":"https:\/\/www.altominho.tv\/site\/wp-json\/wp\/v2\/posts\/5679","targetHints":{"allow":["GET"]}}],"collection":[{"href":"https:\/\/www.altominho.tv\/site\/wp-json\/wp\/v2\/posts"}],"about":[{"href":"https:\/\/www.altominho.tv\/site\/wp-json\/wp\/v2\/types\/post"}],"author":[{"embeddable":true,"href":"https:\/\/www.altominho.tv\/site\/wp-json\/wp\/v2\/users\/6"}],"replies":[{"embeddable":true,"href":"https:\/\/www.altominho.tv\/site\/wp-json\/wp\/v2\/comments?post=5679"}],"version-history":[{"count":0,"href":"https:\/\/www.altominho.tv\/site\/wp-json\/wp\/v2\/posts\/5679\/revisions"}],"wp:featuredmedia":[{"embeddable":true,"href":"https:\/\/www.altominho.tv\/site\/wp-json\/wp\/v2\/media\/5681"}],"wp:attachment":[{"href":"https:\/\/www.altominho.tv\/site\/wp-json\/wp\/v2\/media?parent=5679"}],"wp:term":[{"taxonomy":"category","embeddable":true,"href":"https:\/\/www.altominho.tv\/site\/wp-json\/wp\/v2\/categories?post=5679"},{"taxonomy":"post_tag","embeddable":true,"href":"https:\/\/www.altominho.tv\/site\/wp-json\/wp\/v2\/tags?post=5679"}],"curies":[{"name":"wp","href":"https:\/\/api.w.org\/{rel}","templated":true}]}}