{"id":56734,"date":"2020-11-27T16:47:57","date_gmt":"2020-11-27T16:47:57","guid":{"rendered":"https:\/\/www.altominho.tv\/site\/?p=56734"},"modified":"2020-11-27T16:48:01","modified_gmt":"2020-11-27T16:48:01","slug":"praca-natal-volta-a-animar-viana-do-castelo","status":"publish","type":"post","link":"https:\/\/www.altominho.tv\/site\/2020\/11\/27\/praca-natal-volta-a-animar-viana-do-castelo\/","title":{"rendered":"Pra\u00e7a Natal volta a animar Viana do Castelo"},"content":{"rendered":"<p>A Pra\u00e7a da Rep\u00fablica de Viana do Castelo vai transformar-se em &#8220;Pra\u00e7a Natal&#8221;, entre 28 de novembro e 10 de janeiro.<\/p>\n<p>A iniciativa da C\u00e2mara Municipal de Viana do Castelo e da Associa\u00e7\u00e3o Empresarial de Viana do Castelo (AEVC) visa &#8220;promover o com\u00e9rcio e dinamizar o centro da cidade no per\u00edodo natal\u00edcio&#8221;, explica a autarquia em comunicado.<\/p>\n<p>A Pra\u00e7a Natal, com a Casinha do Pai Natal, o pres\u00e9pio tradicional, ornamenta\u00e7\u00e3o variada e ilumina\u00e7\u00e3o diversificada, tem como objetivo &#8220;cativar as fam\u00edlias e assumir a Pra\u00e7a da Rep\u00fablica como espa\u00e7o principal de anima\u00e7\u00e3o natal\u00edcia&#8221;.<\/p>\n<p>As ruas do centro hist\u00f3rico foram tamb\u00e9m decoradas com cerca de uma centena de pinheiros naturais, para estimular a visita \u00e0s ruas e promover as compras no com\u00e9rcio tradicional.<\/p>\n<div id='gallery-1' class='gallery galleryid-56734 gallery-columns-1 gallery-size-gridlove-single'><figure class='gallery-item'>\n\t\t\t<div class='gallery-icon landscape'>\n\t\t\t\t<a class=\"gridlove-popup\" href='https:\/\/www.altominho.tv\/site\/wp-content\/uploads\/2020\/11\/abelo8629_2_2.jpg'><img loading=\"lazy\" decoding=\"async\" width=\"740\" height=\"493\" src=\"https:\/\/www.altominho.tv\/site\/wp-content\/uploads\/2020\/11\/abelo8629_2_2-740x493.jpg\" class=\"attachment-gridlove-single size-gridlove-single\" alt=\"\" aria-describedby=\"gallery-1-56739\" srcset=\"https:\/\/www.altominho.tv\/site\/wp-content\/uploads\/2020\/11\/abelo8629_2_2-740x493.jpg 740w, https:\/\/www.altominho.tv\/site\/wp-content\/uploads\/2020\/11\/abelo8629_2_2-650x433.jpg 650w, https:\/\/www.altominho.tv\/site\/wp-content\/uploads\/2020\/11\/abelo8629_2_2-1024x683.jpg 1024w, https:\/\/www.altominho.tv\/site\/wp-content\/uploads\/2020\/11\/abelo8629_2_2-768x512.jpg 768w, https:\/\/www.altominho.tv\/site\/wp-content\/uploads\/2020\/11\/abelo8629_2_2-1536x1024.jpg 1536w, https:\/\/www.altominho.tv\/site\/wp-content\/uploads\/2020\/11\/abelo8629_2_2-370x247.jpg 370w, https:\/\/www.altominho.tv\/site\/wp-content\/uploads\/2020\/11\/abelo8629_2_2-270x180.jpg 270w, https:\/\/www.altominho.tv\/site\/wp-content\/uploads\/2020\/11\/abelo8629_2_2-570x380.jpg 570w, https:\/\/www.altominho.tv\/site\/wp-content\/uploads\/2020\/11\/abelo8629_2_2.jpg 1698w\" sizes=\"auto, (max-width: 740px) 100vw, 740px\" \/><\/a>\n\t\t\t<\/div>\n\t\t\t\t<figcaption class='wp-caption-text gallery-caption' id='gallery-1-56739'>\n\t\t\t\tMUNIC\u00cdPIO DE VIANA DO CASTELO\n\t\t\t\t<\/figcaption><\/figure><figure class='gallery-item'>\n\t\t\t<div class='gallery-icon landscape'>\n\t\t\t\t<a class=\"gridlove-popup\" href='https:\/\/www.altominho.tv\/site\/wp-content\/uploads\/2020\/11\/abelo8581_2_2.jpg'><img loading=\"lazy\" decoding=\"async\" width=\"740\" height=\"493\" src=\"https:\/\/www.altominho.tv\/site\/wp-content\/uploads\/2020\/11\/abelo8581_2_2-740x493.jpg\" class=\"attachment-gridlove-single size-gridlove-single\" alt=\"\" aria-describedby=\"gallery-1-56740\" srcset=\"https:\/\/www.altominho.tv\/site\/wp-content\/uploads\/2020\/11\/abelo8581_2_2-740x493.jpg 740w, https:\/\/www.altominho.tv\/site\/wp-content\/uploads\/2020\/11\/abelo8581_2_2-650x433.jpg 650w, https:\/\/www.altominho.tv\/site\/wp-content\/uploads\/2020\/11\/abelo8581_2_2-1024x683.jpg 1024w, https:\/\/www.altominho.tv\/site\/wp-content\/uploads\/2020\/11\/abelo8581_2_2-768x512.jpg 768w, https:\/\/www.altominho.tv\/site\/wp-content\/uploads\/2020\/11\/abelo8581_2_2-1536x1024.jpg 1536w, https:\/\/www.altominho.tv\/site\/wp-content\/uploads\/2020\/11\/abelo8581_2_2-370x247.jpg 370w, https:\/\/www.altominho.tv\/site\/wp-content\/uploads\/2020\/11\/abelo8581_2_2-270x180.jpg 270w, https:\/\/www.altominho.tv\/site\/wp-content\/uploads\/2020\/11\/abelo8581_2_2-570x380.jpg 570w, https:\/\/www.altominho.tv\/site\/wp-content\/uploads\/2020\/11\/abelo8581_2_2.jpg 1698w\" sizes=\"auto, (max-width: 740px) 100vw, 740px\" \/><\/a>\n\t\t\t<\/div>\n\t\t\t\t<figcaption class='wp-caption-text gallery-caption' id='gallery-1-56740'>\n\t\t\t\tMUNIC\u00cdPIO DE VIANA DO CASTELO\n\t\t\t\t<\/figcaption><\/figure><figure class='gallery-item'>\n\t\t\t<div class='gallery-icon landscape'>\n\t\t\t\t<a class=\"gridlove-popup\" href='https:\/\/www.altominho.tv\/site\/wp-content\/uploads\/2020\/11\/abelo8508_2_2.jpg'><img loading=\"lazy\" decoding=\"async\" width=\"740\" height=\"493\" src=\"https:\/\/www.altominho.tv\/site\/wp-content\/uploads\/2020\/11\/abelo8508_2_2-740x493.jpg\" class=\"attachment-gridlove-single size-gridlove-single\" alt=\"\" aria-describedby=\"gallery-1-56742\" srcset=\"https:\/\/www.altominho.tv\/site\/wp-content\/uploads\/2020\/11\/abelo8508_2_2-740x493.jpg 740w, https:\/\/www.altominho.tv\/site\/wp-content\/uploads\/2020\/11\/abelo8508_2_2-650x433.jpg 650w, https:\/\/www.altominho.tv\/site\/wp-content\/uploads\/2020\/11\/abelo8508_2_2-1024x683.jpg 1024w, https:\/\/www.altominho.tv\/site\/wp-content\/uploads\/2020\/11\/abelo8508_2_2-768x512.jpg 768w, https:\/\/www.altominho.tv\/site\/wp-content\/uploads\/2020\/11\/abelo8508_2_2-1536x1024.jpg 1536w, https:\/\/www.altominho.tv\/site\/wp-content\/uploads\/2020\/11\/abelo8508_2_2-370x247.jpg 370w, https:\/\/www.altominho.tv\/site\/wp-content\/uploads\/2020\/11\/abelo8508_2_2-270x180.jpg 270w, https:\/\/www.altominho.tv\/site\/wp-content\/uploads\/2020\/11\/abelo8508_2_2-570x380.jpg 570w, https:\/\/www.altominho.tv\/site\/wp-content\/uploads\/2020\/11\/abelo8508_2_2.jpg 1698w\" sizes=\"auto, (max-width: 740px) 100vw, 740px\" \/><\/a>\n\t\t\t<\/div>\n\t\t\t\t<figcaption class='wp-caption-text gallery-caption' id='gallery-1-56742'>\n\t\t\t\tMUNIC\u00cdPIO DE VIANA DO CASTELO\n\t\t\t\t<\/figcaption><\/figure><figure class='gallery-item'>\n\t\t\t<div class='gallery-icon landscape'>\n\t\t\t\t<a class=\"gridlove-popup\" href='https:\/\/www.altominho.tv\/site\/wp-content\/uploads\/2020\/11\/abelo8542_2_2.jpg'><img loading=\"lazy\" decoding=\"async\" width=\"740\" height=\"493\" src=\"https:\/\/www.altominho.tv\/site\/wp-content\/uploads\/2020\/11\/abelo8542_2_2-740x493.jpg\" class=\"attachment-gridlove-single size-gridlove-single\" alt=\"\" aria-describedby=\"gallery-1-56741\" srcset=\"https:\/\/www.altominho.tv\/site\/wp-content\/uploads\/2020\/11\/abelo8542_2_2-740x493.jpg 740w, https:\/\/www.altominho.tv\/site\/wp-content\/uploads\/2020\/11\/abelo8542_2_2-650x433.jpg 650w, https:\/\/www.altominho.tv\/site\/wp-content\/uploads\/2020\/11\/abelo8542_2_2-1024x683.jpg 1024w, https:\/\/www.altominho.tv\/site\/wp-content\/uploads\/2020\/11\/abelo8542_2_2-768x512.jpg 768w, https:\/\/www.altominho.tv\/site\/wp-content\/uploads\/2020\/11\/abelo8542_2_2-1536x1024.jpg 1536w, https:\/\/www.altominho.tv\/site\/wp-content\/uploads\/2020\/11\/abelo8542_2_2-370x247.jpg 370w, https:\/\/www.altominho.tv\/site\/wp-content\/uploads\/2020\/11\/abelo8542_2_2-270x180.jpg 270w, https:\/\/www.altominho.tv\/site\/wp-content\/uploads\/2020\/11\/abelo8542_2_2-570x380.jpg 570w, https:\/\/www.altominho.tv\/site\/wp-content\/uploads\/2020\/11\/abelo8542_2_2.jpg 1698w\" sizes=\"auto, (max-width: 740px) 100vw, 740px\" \/><\/a>\n\t\t\t<\/div>\n\t\t\t\t<figcaption class='wp-caption-text gallery-caption' id='gallery-1-56741'>\n\t\t\t\tMUNIC\u00cdPIO DE VIANA DO CASTELO\n\t\t\t\t<\/figcaption><\/figure>\n\t\t<\/div>\n\n","protected":false},"excerpt":{"rendered":"<p>A Pra\u00e7a da Rep\u00fablica de Viana do Castelo vai transformar-se em &#8220;Pra\u00e7a Natal&#8221;, entre 28 de novembro e 10 de janeiro. A iniciativa da C\u00e2mara Municipal de Viana do Castelo e da Associa\u00e7\u00e3o Empresarial de Viana do Castelo (AEVC) visa &#8220;promover o com\u00e9rcio e dinamizar o centro da cidade no per\u00edodo natal\u00edcio&#8221;, explica a autarquia [&hellip;]<\/p>\n","protected":false},"author":12,"featured_media":56736,"comment_status":"closed","ping_status":"closed","sticky":false,"template":"","format":"standard","meta":{"_exactmetrics_skip_tracking":false,"_exactmetrics_sitenote_active":false,"_exactmetrics_sitenote_note":"","_exactmetrics_sitenote_category":0,"footnotes":""},"categories":[14],"tags":[24],"class_list":["post-56734","post","type-post","status-publish","format-standard","has-post-thumbnail","hentry","category-viana-do-castelo","tag-lazer"],"yoast_head":"<!-- This site is optimized with the Yoast SEO Premium plugin v27.5 (Yoast SEO v27.5) - https:\/\/yoast.com\/product\/yoast-seo-premium-wordpress\/ -->\n<title>Pra\u00e7a Natal volta a animar Viana do Castelo<\/title>\n<meta name=\"robots\" content=\"index, follow, max-snippet:-1, max-image-preview:large, max-video-preview:-1\" \/>\n<link rel=\"canonical\" href=\"https:\/\/www.altominho.tv\/site\/2020\/11\/27\/praca-natal-volta-a-animar-viana-do-castelo\/\" \/>\n<meta property=\"og:locale\" content=\"pt_PT\" \/>\n<meta property=\"og:type\" content=\"article\" \/>\n<meta property=\"og:title\" content=\"Pra\u00e7a Natal volta a animar Viana do Castelo\" \/>\n<meta property=\"og:description\" content=\"A Pra\u00e7a da Rep\u00fablica de Viana do Castelo vai transformar-se em &#8220;Pra\u00e7a Natal&#8221;, entre 28 de novembro e 10 de janeiro. A iniciativa da C\u00e2mara Municipal de Viana do Castelo e da Associa\u00e7\u00e3o Empresarial de Viana do Castelo (AEVC) visa &#8220;promover o com\u00e9rcio e dinamizar o centro da cidade no per\u00edodo natal\u00edcio&#8221;, explica a autarquia [&hellip;]\" \/>\n<meta property=\"og:url\" content=\"https:\/\/www.altominho.tv\/site\/2020\/11\/27\/praca-natal-volta-a-animar-viana-do-castelo\/\" \/>\n<meta property=\"og:site_name\" content=\"Altominho.tv\" \/>\n<meta property=\"article:publisher\" content=\"https:\/\/www.facebook.com\/altominhotv\" \/>\n<meta property=\"article:published_time\" content=\"2020-11-27T16:47:57+00:00\" \/>\n<meta property=\"article:modified_time\" content=\"2020-11-27T16:48:01+00:00\" \/>\n<meta property=\"og:image\" content=\"https:\/\/www.altominho.tv\/site\/wp-content\/uploads\/2020\/11\/abelo8526_2_2.jpg\" \/>\n\t<meta property=\"og:image:width\" content=\"1698\" \/>\n\t<meta property=\"og:image:height\" content=\"1132\" \/>\n\t<meta property=\"og:image:type\" content=\"image\/jpeg\" \/>\n<meta name=\"author\" content=\"Andreia Ferreira\" \/>\n<meta name=\"twitter:card\" content=\"summary_large_image\" \/>\n<meta name=\"twitter:creator\" content=\"@altominhoTV\" \/>\n<meta name=\"twitter:site\" content=\"@altominhoTV\" \/>\n<meta name=\"twitter:label1\" content=\"Escrito por\" \/>\n\t<meta name=\"twitter:data1\" content=\"Andreia Ferreira\" \/>\n\t<meta name=\"twitter:label2\" content=\"Tempo estimado de leitura\" \/>\n\t<meta name=\"twitter:data2\" content=\"1 minuto\" \/>\n<script type=\"application\/ld+json\" class=\"yoast-schema-graph\">{\"@context\":\"https:\\\/\\\/schema.org\",\"@graph\":[{\"@type\":\"Article\",\"@id\":\"https:\\\/\\\/www.altominho.tv\\\/site\\\/2020\\\/11\\\/27\\\/praca-natal-volta-a-animar-viana-do-castelo\\\/#article\",\"isPartOf\":{\"@id\":\"https:\\\/\\\/www.altominho.tv\\\/site\\\/2020\\\/11\\\/27\\\/praca-natal-volta-a-animar-viana-do-castelo\\\/\"},\"author\":{\"name\":\"Andreia Ferreira\",\"@id\":\"https:\\\/\\\/www.altominho.tv\\\/site\\\/#\\\/schema\\\/person\\\/d9be4265364723f14ea8e0d56a1d38cd\"},\"headline\":\"Pra\u00e7a Natal volta a animar Viana do Castelo\",\"datePublished\":\"2020-11-27T16:47:57+00:00\",\"dateModified\":\"2020-11-27T16:48:01+00:00\",\"mainEntityOfPage\":{\"@id\":\"https:\\\/\\\/www.altominho.tv\\\/site\\\/2020\\\/11\\\/27\\\/praca-natal-volta-a-animar-viana-do-castelo\\\/\"},\"wordCount\":154,\"image\":{\"@id\":\"https:\\\/\\\/www.altominho.tv\\\/site\\\/2020\\\/11\\\/27\\\/praca-natal-volta-a-animar-viana-do-castelo\\\/#primaryimage\"},\"thumbnailUrl\":\"https:\\\/\\\/www.altominho.tv\\\/site\\\/wp-content\\\/uploads\\\/2020\\\/11\\\/abelo8526_2_2.jpg\",\"keywords\":[\"Lazer\"],\"articleSection\":[\"Viana do Castelo\"],\"inLanguage\":\"pt-PT\",\"copyrightYear\":\"2020\",\"copyrightHolder\":{\"@id\":\"https:\\\/\\\/www.altominho.tv\\\/site\\\/#organization\"}},{\"@type\":\"WebPage\",\"@id\":\"https:\\\/\\\/www.altominho.tv\\\/site\\\/2020\\\/11\\\/27\\\/praca-natal-volta-a-animar-viana-do-castelo\\\/\",\"url\":\"https:\\\/\\\/www.altominho.tv\\\/site\\\/2020\\\/11\\\/27\\\/praca-natal-volta-a-animar-viana-do-castelo\\\/\",\"name\":\"Pra\u00e7a Natal volta a animar Viana do Castelo\",\"isPartOf\":{\"@id\":\"https:\\\/\\\/www.altominho.tv\\\/site\\\/#website\"},\"primaryImageOfPage\":{\"@id\":\"https:\\\/\\\/www.altominho.tv\\\/site\\\/2020\\\/11\\\/27\\\/praca-natal-volta-a-animar-viana-do-castelo\\\/#primaryimage\"},\"image\":{\"@id\":\"https:\\\/\\\/www.altominho.tv\\\/site\\\/2020\\\/11\\\/27\\\/praca-natal-volta-a-animar-viana-do-castelo\\\/#primaryimage\"},\"thumbnailUrl\":\"https:\\\/\\\/www.altominho.tv\\\/site\\\/wp-content\\\/uploads\\\/2020\\\/11\\\/abelo8526_2_2.jpg\",\"datePublished\":\"2020-11-27T16:47:57+00:00\",\"dateModified\":\"2020-11-27T16:48:01+00:00\",\"author\":{\"@id\":\"https:\\\/\\\/www.altominho.tv\\\/site\\\/#\\\/schema\\\/person\\\/d9be4265364723f14ea8e0d56a1d38cd\"},\"breadcrumb\":{\"@id\":\"https:\\\/\\\/www.altominho.tv\\\/site\\\/2020\\\/11\\\/27\\\/praca-natal-volta-a-animar-viana-do-castelo\\\/#breadcrumb\"},\"inLanguage\":\"pt-PT\",\"potentialAction\":[{\"@type\":\"ReadAction\",\"target\":[\"https:\\\/\\\/www.altominho.tv\\\/site\\\/2020\\\/11\\\/27\\\/praca-natal-volta-a-animar-viana-do-castelo\\\/\"]}]},{\"@type\":\"ImageObject\",\"inLanguage\":\"pt-PT\",\"@id\":\"https:\\\/\\\/www.altominho.tv\\\/site\\\/2020\\\/11\\\/27\\\/praca-natal-volta-a-animar-viana-do-castelo\\\/#primaryimage\",\"url\":\"https:\\\/\\\/www.altominho.tv\\\/site\\\/wp-content\\\/uploads\\\/2020\\\/11\\\/abelo8526_2_2.jpg\",\"contentUrl\":\"https:\\\/\\\/www.altominho.tv\\\/site\\\/wp-content\\\/uploads\\\/2020\\\/11\\\/abelo8526_2_2.jpg\",\"width\":1698,\"height\":1132,\"caption\":\"MUNIC\u00cdPIO DE VIANA DO CASTELO\"},{\"@type\":\"BreadcrumbList\",\"@id\":\"https:\\\/\\\/www.altominho.tv\\\/site\\\/2020\\\/11\\\/27\\\/praca-natal-volta-a-animar-viana-do-castelo\\\/#breadcrumb\",\"itemListElement\":[{\"@type\":\"ListItem\",\"position\":1,\"name\":\"In\u00edcio\",\"item\":\"https:\\\/\\\/www.altominho.tv\\\/site\\\/\"},{\"@type\":\"ListItem\",\"position\":2,\"name\":\"Pra\u00e7a Natal volta a animar Viana do Castelo\"}]},{\"@type\":\"WebSite\",\"@id\":\"https:\\\/\\\/www.altominho.tv\\\/site\\\/#website\",\"url\":\"https:\\\/\\\/www.altominho.tv\\\/site\\\/\",\"name\":\"Altominho.tv\",\"description\":\"A sua regi\u00e3o \u00e0 dist\u00e2ncia de um clique...\",\"potentialAction\":[{\"@type\":\"SearchAction\",\"target\":{\"@type\":\"EntryPoint\",\"urlTemplate\":\"https:\\\/\\\/www.altominho.tv\\\/site\\\/?s={search_term_string}\"},\"query-input\":{\"@type\":\"PropertyValueSpecification\",\"valueRequired\":true,\"valueName\":\"search_term_string\"}}],\"inLanguage\":\"pt-PT\"},{\"@type\":\"Person\",\"@id\":\"https:\\\/\\\/www.altominho.tv\\\/site\\\/#\\\/schema\\\/person\\\/d9be4265364723f14ea8e0d56a1d38cd\",\"name\":\"Andreia Ferreira\",\"image\":{\"@type\":\"ImageObject\",\"inLanguage\":\"pt-PT\",\"@id\":\"https:\\\/\\\/www.altominho.tv\\\/site\\\/wp-content\\\/uploads\\\/2021\\\/01\\\/AndreiaFerreira-150x150.jpg\",\"url\":\"https:\\\/\\\/www.altominho.tv\\\/site\\\/wp-content\\\/uploads\\\/2021\\\/01\\\/AndreiaFerreira-150x150.jpg\",\"contentUrl\":\"https:\\\/\\\/www.altominho.tv\\\/site\\\/wp-content\\\/uploads\\\/2021\\\/01\\\/AndreiaFerreira-150x150.jpg\",\"caption\":\"Andreia Ferreira\"},\"url\":\"https:\\\/\\\/www.altominho.tv\\\/site\\\/author\\\/andreiaferreira\\\/\"}]}<\/script>\n<!-- \/ Yoast SEO Premium plugin. -->","yoast_head_json":{"title":"Pra\u00e7a Natal volta a animar Viana do Castelo","robots":{"index":"index","follow":"follow","max-snippet":"max-snippet:-1","max-image-preview":"max-image-preview:large","max-video-preview":"max-video-preview:-1"},"canonical":"https:\/\/www.altominho.tv\/site\/2020\/11\/27\/praca-natal-volta-a-animar-viana-do-castelo\/","og_locale":"pt_PT","og_type":"article","og_title":"Pra\u00e7a Natal volta a animar Viana do Castelo","og_description":"A Pra\u00e7a da Rep\u00fablica de Viana do Castelo vai transformar-se em &#8220;Pra\u00e7a Natal&#8221;, entre 28 de novembro e 10 de janeiro. A iniciativa da C\u00e2mara Municipal de Viana do Castelo e da Associa\u00e7\u00e3o Empresarial de Viana do Castelo (AEVC) visa &#8220;promover o com\u00e9rcio e dinamizar o centro da cidade no per\u00edodo natal\u00edcio&#8221;, explica a autarquia [&hellip;]","og_url":"https:\/\/www.altominho.tv\/site\/2020\/11\/27\/praca-natal-volta-a-animar-viana-do-castelo\/","og_site_name":"Altominho.tv","article_publisher":"https:\/\/www.facebook.com\/altominhotv","article_published_time":"2020-11-27T16:47:57+00:00","article_modified_time":"2020-11-27T16:48:01+00:00","og_image":[{"width":1698,"height":1132,"url":"https:\/\/www.altominho.tv\/site\/wp-content\/uploads\/2020\/11\/abelo8526_2_2.jpg","type":"image\/jpeg"}],"author":"Andreia Ferreira","twitter_card":"summary_large_image","twitter_creator":"@altominhoTV","twitter_site":"@altominhoTV","twitter_misc":{"Escrito por":"Andreia Ferreira","Tempo estimado de leitura":"1 minuto"},"schema":{"@context":"https:\/\/schema.org","@graph":[{"@type":"Article","@id":"https:\/\/www.altominho.tv\/site\/2020\/11\/27\/praca-natal-volta-a-animar-viana-do-castelo\/#article","isPartOf":{"@id":"https:\/\/www.altominho.tv\/site\/2020\/11\/27\/praca-natal-volta-a-animar-viana-do-castelo\/"},"author":{"name":"Andreia Ferreira","@id":"https:\/\/www.altominho.tv\/site\/#\/schema\/person\/d9be4265364723f14ea8e0d56a1d38cd"},"headline":"Pra\u00e7a Natal volta a animar Viana do Castelo","datePublished":"2020-11-27T16:47:57+00:00","dateModified":"2020-11-27T16:48:01+00:00","mainEntityOfPage":{"@id":"https:\/\/www.altominho.tv\/site\/2020\/11\/27\/praca-natal-volta-a-animar-viana-do-castelo\/"},"wordCount":154,"image":{"@id":"https:\/\/www.altominho.tv\/site\/2020\/11\/27\/praca-natal-volta-a-animar-viana-do-castelo\/#primaryimage"},"thumbnailUrl":"https:\/\/www.altominho.tv\/site\/wp-content\/uploads\/2020\/11\/abelo8526_2_2.jpg","keywords":["Lazer"],"articleSection":["Viana do Castelo"],"inLanguage":"pt-PT","copyrightYear":"2020","copyrightHolder":{"@id":"https:\/\/www.altominho.tv\/site\/#organization"}},{"@type":"WebPage","@id":"https:\/\/www.altominho.tv\/site\/2020\/11\/27\/praca-natal-volta-a-animar-viana-do-castelo\/","url":"https:\/\/www.altominho.tv\/site\/2020\/11\/27\/praca-natal-volta-a-animar-viana-do-castelo\/","name":"Pra\u00e7a Natal volta a animar Viana do Castelo","isPartOf":{"@id":"https:\/\/www.altominho.tv\/site\/#website"},"primaryImageOfPage":{"@id":"https:\/\/www.altominho.tv\/site\/2020\/11\/27\/praca-natal-volta-a-animar-viana-do-castelo\/#primaryimage"},"image":{"@id":"https:\/\/www.altominho.tv\/site\/2020\/11\/27\/praca-natal-volta-a-animar-viana-do-castelo\/#primaryimage"},"thumbnailUrl":"https:\/\/www.altominho.tv\/site\/wp-content\/uploads\/2020\/11\/abelo8526_2_2.jpg","datePublished":"2020-11-27T16:47:57+00:00","dateModified":"2020-11-27T16:48:01+00:00","author":{"@id":"https:\/\/www.altominho.tv\/site\/#\/schema\/person\/d9be4265364723f14ea8e0d56a1d38cd"},"breadcrumb":{"@id":"https:\/\/www.altominho.tv\/site\/2020\/11\/27\/praca-natal-volta-a-animar-viana-do-castelo\/#breadcrumb"},"inLanguage":"pt-PT","potentialAction":[{"@type":"ReadAction","target":["https:\/\/www.altominho.tv\/site\/2020\/11\/27\/praca-natal-volta-a-animar-viana-do-castelo\/"]}]},{"@type":"ImageObject","inLanguage":"pt-PT","@id":"https:\/\/www.altominho.tv\/site\/2020\/11\/27\/praca-natal-volta-a-animar-viana-do-castelo\/#primaryimage","url":"https:\/\/www.altominho.tv\/site\/wp-content\/uploads\/2020\/11\/abelo8526_2_2.jpg","contentUrl":"https:\/\/www.altominho.tv\/site\/wp-content\/uploads\/2020\/11\/abelo8526_2_2.jpg","width":1698,"height":1132,"caption":"MUNIC\u00cdPIO DE VIANA DO CASTELO"},{"@type":"BreadcrumbList","@id":"https:\/\/www.altominho.tv\/site\/2020\/11\/27\/praca-natal-volta-a-animar-viana-do-castelo\/#breadcrumb","itemListElement":[{"@type":"ListItem","position":1,"name":"In\u00edcio","item":"https:\/\/www.altominho.tv\/site\/"},{"@type":"ListItem","position":2,"name":"Pra\u00e7a Natal volta a animar Viana do Castelo"}]},{"@type":"WebSite","@id":"https:\/\/www.altominho.tv\/site\/#website","url":"https:\/\/www.altominho.tv\/site\/","name":"Altominho.tv","description":"A sua regi\u00e3o \u00e0 dist\u00e2ncia de um clique...","potentialAction":[{"@type":"SearchAction","target":{"@type":"EntryPoint","urlTemplate":"https:\/\/www.altominho.tv\/site\/?s={search_term_string}"},"query-input":{"@type":"PropertyValueSpecification","valueRequired":true,"valueName":"search_term_string"}}],"inLanguage":"pt-PT"},{"@type":"Person","@id":"https:\/\/www.altominho.tv\/site\/#\/schema\/person\/d9be4265364723f14ea8e0d56a1d38cd","name":"Andreia Ferreira","image":{"@type":"ImageObject","inLanguage":"pt-PT","@id":"https:\/\/www.altominho.tv\/site\/wp-content\/uploads\/2021\/01\/AndreiaFerreira-150x150.jpg","url":"https:\/\/www.altominho.tv\/site\/wp-content\/uploads\/2021\/01\/AndreiaFerreira-150x150.jpg","contentUrl":"https:\/\/www.altominho.tv\/site\/wp-content\/uploads\/2021\/01\/AndreiaFerreira-150x150.jpg","caption":"Andreia Ferreira"},"url":"https:\/\/www.altominho.tv\/site\/author\/andreiaferreira\/"}]}},"_links":{"self":[{"href":"https:\/\/www.altominho.tv\/site\/wp-json\/wp\/v2\/posts\/56734","targetHints":{"allow":["GET"]}}],"collection":[{"href":"https:\/\/www.altominho.tv\/site\/wp-json\/wp\/v2\/posts"}],"about":[{"href":"https:\/\/www.altominho.tv\/site\/wp-json\/wp\/v2\/types\/post"}],"author":[{"embeddable":true,"href":"https:\/\/www.altominho.tv\/site\/wp-json\/wp\/v2\/users\/12"}],"replies":[{"embeddable":true,"href":"https:\/\/www.altominho.tv\/site\/wp-json\/wp\/v2\/comments?post=56734"}],"version-history":[{"count":0,"href":"https:\/\/www.altominho.tv\/site\/wp-json\/wp\/v2\/posts\/56734\/revisions"}],"wp:featuredmedia":[{"embeddable":true,"href":"https:\/\/www.altominho.tv\/site\/wp-json\/wp\/v2\/media\/56736"}],"wp:attachment":[{"href":"https:\/\/www.altominho.tv\/site\/wp-json\/wp\/v2\/media?parent=56734"}],"wp:term":[{"taxonomy":"category","embeddable":true,"href":"https:\/\/www.altominho.tv\/site\/wp-json\/wp\/v2\/categories?post=56734"},{"taxonomy":"post_tag","embeddable":true,"href":"https:\/\/www.altominho.tv\/site\/wp-json\/wp\/v2\/tags?post=56734"}],"curies":[{"name":"wp","href":"https:\/\/api.w.org\/{rel}","templated":true}]}}