{"id":56728,"date":"2020-11-27T18:02:25","date_gmt":"2020-11-27T18:02:25","guid":{"rendered":"https:\/\/www.altominho.tv\/site\/?p=56728"},"modified":"2020-11-27T18:02:30","modified_gmt":"2020-11-27T18:02:30","slug":"concertos-solidarios-de-natal-angariam-verbas-para-instituicoes-sociais-de-viana","status":"publish","type":"post","link":"https:\/\/www.altominho.tv\/site\/2020\/11\/27\/concertos-solidarios-de-natal-angariam-verbas-para-instituicoes-sociais-de-viana\/","title":{"rendered":"Concertos solid\u00e1rios de Natal angariam verbas para institui\u00e7\u00f5es sociais de Viana"},"content":{"rendered":"<p>O Teatro Municipal S\u00e1 de Miranda, em Viana do Castelo, vai acolher, ao longo do m\u00eas de dezembro, tr\u00eas concertos solid\u00e1rios de Natal, para angariar verbas para institui\u00e7\u00f5es sociais do concelho.<\/p>\n<p><span style=\"font-size: inherit\">O primeiro espet\u00e1culo solid\u00e1rio, a reverter para as crian\u00e7as do \u201cBer\u00e7o\u201d, acontece a 4 de dezembro com os Contraponto.<\/span><\/p>\n<p>A 23 de dezembro, atua Augusto Can\u00e1rio &amp; Amigos, com a bilheteira a reverter para a Casa de Acolhimento de Crian\u00e7as e Jovens \u201cLar de Santa Teresa\u201d.<\/p>\n<p>J\u00e1 a 29 de dezembro, sobem a palco os Sons do Minho, num espet\u00e1culo que vai angariar verbas para a casa de acolhimento de crian\u00e7as e jovens \u201cCasa dos Rapazes\u201d.<\/p>\n<p>Os concertos t\u00eam in\u00edcio \u00e0s 21h00 e<span style=\"font-size: inherit\">&nbsp;t\u00eam um custo de bilheteira de 10 euros.<\/span><\/p>\n","protected":false},"excerpt":{"rendered":"<p>O Teatro Municipal S\u00e1 de Miranda, em Viana do Castelo, vai acolher, ao longo do m\u00eas de dezembro, tr\u00eas concertos solid\u00e1rios de Natal, para angariar verbas para institui\u00e7\u00f5es sociais do concelho. O primeiro espet\u00e1culo solid\u00e1rio, a reverter para as crian\u00e7as do \u201cBer\u00e7o\u201d, acontece a 4 de dezembro com os Contraponto. A 23 de dezembro, atua [&hellip;]<\/p>\n","protected":false},"author":12,"featured_media":56729,"comment_status":"closed","ping_status":"closed","sticky":false,"template":"","format":"standard","meta":{"_exactmetrics_skip_tracking":false,"_exactmetrics_sitenote_active":false,"_exactmetrics_sitenote_note":"","_exactmetrics_sitenote_category":0,"footnotes":""},"categories":[14],"tags":[19,27],"class_list":["post-56728","post","type-post","status-publish","format-standard","has-post-thumbnail","hentry","category-viana-do-castelo","tag-cultura","tag-sociedade"],"yoast_head":"<!-- This site is optimized with the Yoast SEO Premium plugin v27.5 (Yoast SEO v27.5) - https:\/\/yoast.com\/product\/yoast-seo-premium-wordpress\/ -->\n<title>Concertos solid\u00e1rios de Natal angariam verbas para institui\u00e7\u00f5es sociais de Viana<\/title>\n<meta name=\"robots\" content=\"index, follow, max-snippet:-1, max-image-preview:large, max-video-preview:-1\" \/>\n<link rel=\"canonical\" href=\"https:\/\/www.altominho.tv\/site\/2020\/11\/27\/concertos-solidarios-de-natal-angariam-verbas-para-instituicoes-sociais-de-viana\/\" \/>\n<meta property=\"og:locale\" content=\"pt_PT\" \/>\n<meta property=\"og:type\" content=\"article\" \/>\n<meta property=\"og:title\" content=\"Concertos solid\u00e1rios de Natal angariam verbas para institui\u00e7\u00f5es sociais de Viana\" \/>\n<meta property=\"og:description\" content=\"O Teatro Municipal S\u00e1 de Miranda, em Viana do Castelo, vai acolher, ao longo do m\u00eas de dezembro, tr\u00eas concertos solid\u00e1rios de Natal, para angariar verbas para institui\u00e7\u00f5es sociais do concelho. O primeiro espet\u00e1culo solid\u00e1rio, a reverter para as crian\u00e7as do \u201cBer\u00e7o\u201d, acontece a 4 de dezembro com os Contraponto. A 23 de dezembro, atua [&hellip;]\" \/>\n<meta property=\"og:url\" content=\"https:\/\/www.altominho.tv\/site\/2020\/11\/27\/concertos-solidarios-de-natal-angariam-verbas-para-instituicoes-sociais-de-viana\/\" \/>\n<meta property=\"og:site_name\" content=\"Altominho.tv\" \/>\n<meta property=\"article:publisher\" content=\"https:\/\/www.facebook.com\/altominhotv\" \/>\n<meta property=\"article:published_time\" content=\"2020-11-27T18:02:25+00:00\" \/>\n<meta property=\"article:modified_time\" content=\"2020-11-27T18:02:30+00:00\" \/>\n<meta property=\"og:image\" content=\"https:\/\/www.altominho.tv\/site\/wp-content\/uploads\/2020\/11\/Teatro-Sa\u0301-de-Miranda-548x365-1.jpg\" \/>\n\t<meta property=\"og:image:width\" content=\"548\" \/>\n\t<meta property=\"og:image:height\" content=\"365\" \/>\n\t<meta property=\"og:image:type\" content=\"image\/jpeg\" \/>\n<meta name=\"author\" content=\"Andreia Ferreira\" \/>\n<meta name=\"twitter:card\" content=\"summary_large_image\" \/>\n<meta name=\"twitter:creator\" content=\"@altominhoTV\" \/>\n<meta name=\"twitter:site\" content=\"@altominhoTV\" \/>\n<meta name=\"twitter:label1\" content=\"Escrito por\" \/>\n\t<meta name=\"twitter:data1\" content=\"Andreia Ferreira\" \/>\n\t<meta name=\"twitter:label2\" content=\"Tempo estimado de leitura\" \/>\n\t<meta name=\"twitter:data2\" content=\"1 minuto\" \/>\n<script type=\"application\/ld+json\" class=\"yoast-schema-graph\">{\"@context\":\"https:\\\/\\\/schema.org\",\"@graph\":[{\"@type\":\"Article\",\"@id\":\"https:\\\/\\\/www.altominho.tv\\\/site\\\/2020\\\/11\\\/27\\\/concertos-solidarios-de-natal-angariam-verbas-para-instituicoes-sociais-de-viana\\\/#article\",\"isPartOf\":{\"@id\":\"https:\\\/\\\/www.altominho.tv\\\/site\\\/2020\\\/11\\\/27\\\/concertos-solidarios-de-natal-angariam-verbas-para-instituicoes-sociais-de-viana\\\/\"},\"author\":{\"name\":\"Andreia Ferreira\",\"@id\":\"https:\\\/\\\/www.altominho.tv\\\/site\\\/#\\\/schema\\\/person\\\/d9be4265364723f14ea8e0d56a1d38cd\"},\"headline\":\"Concertos solid\u00e1rios de Natal angariam verbas para institui\u00e7\u00f5es sociais de Viana\",\"datePublished\":\"2020-11-27T18:02:25+00:00\",\"dateModified\":\"2020-11-27T18:02:30+00:00\",\"mainEntityOfPage\":{\"@id\":\"https:\\\/\\\/www.altominho.tv\\\/site\\\/2020\\\/11\\\/27\\\/concertos-solidarios-de-natal-angariam-verbas-para-instituicoes-sociais-de-viana\\\/\"},\"wordCount\":147,\"image\":{\"@id\":\"https:\\\/\\\/www.altominho.tv\\\/site\\\/2020\\\/11\\\/27\\\/concertos-solidarios-de-natal-angariam-verbas-para-instituicoes-sociais-de-viana\\\/#primaryimage\"},\"thumbnailUrl\":\"https:\\\/\\\/www.altominho.tv\\\/site\\\/wp-content\\\/uploads\\\/2020\\\/11\\\/Teatro-Sa\u0301-de-Miranda-548x365-1.jpg\",\"keywords\":[\"Cultura\",\"Sociedade\"],\"articleSection\":[\"Viana do Castelo\"],\"inLanguage\":\"pt-PT\",\"copyrightYear\":\"2020\",\"copyrightHolder\":{\"@id\":\"https:\\\/\\\/www.altominho.tv\\\/site\\\/#organization\"}},{\"@type\":\"WebPage\",\"@id\":\"https:\\\/\\\/www.altominho.tv\\\/site\\\/2020\\\/11\\\/27\\\/concertos-solidarios-de-natal-angariam-verbas-para-instituicoes-sociais-de-viana\\\/\",\"url\":\"https:\\\/\\\/www.altominho.tv\\\/site\\\/2020\\\/11\\\/27\\\/concertos-solidarios-de-natal-angariam-verbas-para-instituicoes-sociais-de-viana\\\/\",\"name\":\"Concertos solid\u00e1rios de Natal angariam verbas para institui\u00e7\u00f5es sociais de Viana\",\"isPartOf\":{\"@id\":\"https:\\\/\\\/www.altominho.tv\\\/site\\\/#website\"},\"primaryImageOfPage\":{\"@id\":\"https:\\\/\\\/www.altominho.tv\\\/site\\\/2020\\\/11\\\/27\\\/concertos-solidarios-de-natal-angariam-verbas-para-instituicoes-sociais-de-viana\\\/#primaryimage\"},\"image\":{\"@id\":\"https:\\\/\\\/www.altominho.tv\\\/site\\\/2020\\\/11\\\/27\\\/concertos-solidarios-de-natal-angariam-verbas-para-instituicoes-sociais-de-viana\\\/#primaryimage\"},\"thumbnailUrl\":\"https:\\\/\\\/www.altominho.tv\\\/site\\\/wp-content\\\/uploads\\\/2020\\\/11\\\/Teatro-Sa\u0301-de-Miranda-548x365-1.jpg\",\"datePublished\":\"2020-11-27T18:02:25+00:00\",\"dateModified\":\"2020-11-27T18:02:30+00:00\",\"author\":{\"@id\":\"https:\\\/\\\/www.altominho.tv\\\/site\\\/#\\\/schema\\\/person\\\/d9be4265364723f14ea8e0d56a1d38cd\"},\"breadcrumb\":{\"@id\":\"https:\\\/\\\/www.altominho.tv\\\/site\\\/2020\\\/11\\\/27\\\/concertos-solidarios-de-natal-angariam-verbas-para-instituicoes-sociais-de-viana\\\/#breadcrumb\"},\"inLanguage\":\"pt-PT\",\"potentialAction\":[{\"@type\":\"ReadAction\",\"target\":[\"https:\\\/\\\/www.altominho.tv\\\/site\\\/2020\\\/11\\\/27\\\/concertos-solidarios-de-natal-angariam-verbas-para-instituicoes-sociais-de-viana\\\/\"]}]},{\"@type\":\"ImageObject\",\"inLanguage\":\"pt-PT\",\"@id\":\"https:\\\/\\\/www.altominho.tv\\\/site\\\/2020\\\/11\\\/27\\\/concertos-solidarios-de-natal-angariam-verbas-para-instituicoes-sociais-de-viana\\\/#primaryimage\",\"url\":\"https:\\\/\\\/www.altominho.tv\\\/site\\\/wp-content\\\/uploads\\\/2020\\\/11\\\/Teatro-Sa\u0301-de-Miranda-548x365-1.jpg\",\"contentUrl\":\"https:\\\/\\\/www.altominho.tv\\\/site\\\/wp-content\\\/uploads\\\/2020\\\/11\\\/Teatro-Sa\u0301-de-Miranda-548x365-1.jpg\",\"width\":548,\"height\":365},{\"@type\":\"BreadcrumbList\",\"@id\":\"https:\\\/\\\/www.altominho.tv\\\/site\\\/2020\\\/11\\\/27\\\/concertos-solidarios-de-natal-angariam-verbas-para-instituicoes-sociais-de-viana\\\/#breadcrumb\",\"itemListElement\":[{\"@type\":\"ListItem\",\"position\":1,\"name\":\"In\u00edcio\",\"item\":\"https:\\\/\\\/www.altominho.tv\\\/site\\\/\"},{\"@type\":\"ListItem\",\"position\":2,\"name\":\"Concertos solid\u00e1rios de Natal angariam verbas para institui\u00e7\u00f5es sociais de Viana\"}]},{\"@type\":\"WebSite\",\"@id\":\"https:\\\/\\\/www.altominho.tv\\\/site\\\/#website\",\"url\":\"https:\\\/\\\/www.altominho.tv\\\/site\\\/\",\"name\":\"Altominho.tv\",\"description\":\"A sua regi\u00e3o \u00e0 dist\u00e2ncia de um clique...\",\"potentialAction\":[{\"@type\":\"SearchAction\",\"target\":{\"@type\":\"EntryPoint\",\"urlTemplate\":\"https:\\\/\\\/www.altominho.tv\\\/site\\\/?s={search_term_string}\"},\"query-input\":{\"@type\":\"PropertyValueSpecification\",\"valueRequired\":true,\"valueName\":\"search_term_string\"}}],\"inLanguage\":\"pt-PT\"},{\"@type\":\"Person\",\"@id\":\"https:\\\/\\\/www.altominho.tv\\\/site\\\/#\\\/schema\\\/person\\\/d9be4265364723f14ea8e0d56a1d38cd\",\"name\":\"Andreia Ferreira\",\"image\":{\"@type\":\"ImageObject\",\"inLanguage\":\"pt-PT\",\"@id\":\"https:\\\/\\\/www.altominho.tv\\\/site\\\/wp-content\\\/uploads\\\/2021\\\/01\\\/AndreiaFerreira-150x150.jpg\",\"url\":\"https:\\\/\\\/www.altominho.tv\\\/site\\\/wp-content\\\/uploads\\\/2021\\\/01\\\/AndreiaFerreira-150x150.jpg\",\"contentUrl\":\"https:\\\/\\\/www.altominho.tv\\\/site\\\/wp-content\\\/uploads\\\/2021\\\/01\\\/AndreiaFerreira-150x150.jpg\",\"caption\":\"Andreia Ferreira\"},\"url\":\"https:\\\/\\\/www.altominho.tv\\\/site\\\/author\\\/andreiaferreira\\\/\"}]}<\/script>\n<!-- \/ Yoast SEO Premium plugin. -->","yoast_head_json":{"title":"Concertos solid\u00e1rios de Natal angariam verbas para institui\u00e7\u00f5es sociais de Viana","robots":{"index":"index","follow":"follow","max-snippet":"max-snippet:-1","max-image-preview":"max-image-preview:large","max-video-preview":"max-video-preview:-1"},"canonical":"https:\/\/www.altominho.tv\/site\/2020\/11\/27\/concertos-solidarios-de-natal-angariam-verbas-para-instituicoes-sociais-de-viana\/","og_locale":"pt_PT","og_type":"article","og_title":"Concertos solid\u00e1rios de Natal angariam verbas para institui\u00e7\u00f5es sociais de Viana","og_description":"O Teatro Municipal S\u00e1 de Miranda, em Viana do Castelo, vai acolher, ao longo do m\u00eas de dezembro, tr\u00eas concertos solid\u00e1rios de Natal, para angariar verbas para institui\u00e7\u00f5es sociais do concelho. O primeiro espet\u00e1culo solid\u00e1rio, a reverter para as crian\u00e7as do \u201cBer\u00e7o\u201d, acontece a 4 de dezembro com os Contraponto. A 23 de dezembro, atua [&hellip;]","og_url":"https:\/\/www.altominho.tv\/site\/2020\/11\/27\/concertos-solidarios-de-natal-angariam-verbas-para-instituicoes-sociais-de-viana\/","og_site_name":"Altominho.tv","article_publisher":"https:\/\/www.facebook.com\/altominhotv","article_published_time":"2020-11-27T18:02:25+00:00","article_modified_time":"2020-11-27T18:02:30+00:00","og_image":[{"width":548,"height":365,"url":"https:\/\/www.altominho.tv\/site\/wp-content\/uploads\/2020\/11\/Teatro-Sa\u0301-de-Miranda-548x365-1.jpg","type":"image\/jpeg"}],"author":"Andreia Ferreira","twitter_card":"summary_large_image","twitter_creator":"@altominhoTV","twitter_site":"@altominhoTV","twitter_misc":{"Escrito por":"Andreia Ferreira","Tempo estimado de leitura":"1 minuto"},"schema":{"@context":"https:\/\/schema.org","@graph":[{"@type":"Article","@id":"https:\/\/www.altominho.tv\/site\/2020\/11\/27\/concertos-solidarios-de-natal-angariam-verbas-para-instituicoes-sociais-de-viana\/#article","isPartOf":{"@id":"https:\/\/www.altominho.tv\/site\/2020\/11\/27\/concertos-solidarios-de-natal-angariam-verbas-para-instituicoes-sociais-de-viana\/"},"author":{"name":"Andreia Ferreira","@id":"https:\/\/www.altominho.tv\/site\/#\/schema\/person\/d9be4265364723f14ea8e0d56a1d38cd"},"headline":"Concertos solid\u00e1rios de Natal angariam verbas para institui\u00e7\u00f5es sociais de Viana","datePublished":"2020-11-27T18:02:25+00:00","dateModified":"2020-11-27T18:02:30+00:00","mainEntityOfPage":{"@id":"https:\/\/www.altominho.tv\/site\/2020\/11\/27\/concertos-solidarios-de-natal-angariam-verbas-para-instituicoes-sociais-de-viana\/"},"wordCount":147,"image":{"@id":"https:\/\/www.altominho.tv\/site\/2020\/11\/27\/concertos-solidarios-de-natal-angariam-verbas-para-instituicoes-sociais-de-viana\/#primaryimage"},"thumbnailUrl":"https:\/\/www.altominho.tv\/site\/wp-content\/uploads\/2020\/11\/Teatro-Sa\u0301-de-Miranda-548x365-1.jpg","keywords":["Cultura","Sociedade"],"articleSection":["Viana do Castelo"],"inLanguage":"pt-PT","copyrightYear":"2020","copyrightHolder":{"@id":"https:\/\/www.altominho.tv\/site\/#organization"}},{"@type":"WebPage","@id":"https:\/\/www.altominho.tv\/site\/2020\/11\/27\/concertos-solidarios-de-natal-angariam-verbas-para-instituicoes-sociais-de-viana\/","url":"https:\/\/www.altominho.tv\/site\/2020\/11\/27\/concertos-solidarios-de-natal-angariam-verbas-para-instituicoes-sociais-de-viana\/","name":"Concertos solid\u00e1rios de Natal angariam verbas para institui\u00e7\u00f5es sociais de Viana","isPartOf":{"@id":"https:\/\/www.altominho.tv\/site\/#website"},"primaryImageOfPage":{"@id":"https:\/\/www.altominho.tv\/site\/2020\/11\/27\/concertos-solidarios-de-natal-angariam-verbas-para-instituicoes-sociais-de-viana\/#primaryimage"},"image":{"@id":"https:\/\/www.altominho.tv\/site\/2020\/11\/27\/concertos-solidarios-de-natal-angariam-verbas-para-instituicoes-sociais-de-viana\/#primaryimage"},"thumbnailUrl":"https:\/\/www.altominho.tv\/site\/wp-content\/uploads\/2020\/11\/Teatro-Sa\u0301-de-Miranda-548x365-1.jpg","datePublished":"2020-11-27T18:02:25+00:00","dateModified":"2020-11-27T18:02:30+00:00","author":{"@id":"https:\/\/www.altominho.tv\/site\/#\/schema\/person\/d9be4265364723f14ea8e0d56a1d38cd"},"breadcrumb":{"@id":"https:\/\/www.altominho.tv\/site\/2020\/11\/27\/concertos-solidarios-de-natal-angariam-verbas-para-instituicoes-sociais-de-viana\/#breadcrumb"},"inLanguage":"pt-PT","potentialAction":[{"@type":"ReadAction","target":["https:\/\/www.altominho.tv\/site\/2020\/11\/27\/concertos-solidarios-de-natal-angariam-verbas-para-instituicoes-sociais-de-viana\/"]}]},{"@type":"ImageObject","inLanguage":"pt-PT","@id":"https:\/\/www.altominho.tv\/site\/2020\/11\/27\/concertos-solidarios-de-natal-angariam-verbas-para-instituicoes-sociais-de-viana\/#primaryimage","url":"https:\/\/www.altominho.tv\/site\/wp-content\/uploads\/2020\/11\/Teatro-Sa\u0301-de-Miranda-548x365-1.jpg","contentUrl":"https:\/\/www.altominho.tv\/site\/wp-content\/uploads\/2020\/11\/Teatro-Sa\u0301-de-Miranda-548x365-1.jpg","width":548,"height":365},{"@type":"BreadcrumbList","@id":"https:\/\/www.altominho.tv\/site\/2020\/11\/27\/concertos-solidarios-de-natal-angariam-verbas-para-instituicoes-sociais-de-viana\/#breadcrumb","itemListElement":[{"@type":"ListItem","position":1,"name":"In\u00edcio","item":"https:\/\/www.altominho.tv\/site\/"},{"@type":"ListItem","position":2,"name":"Concertos solid\u00e1rios de Natal angariam verbas para institui\u00e7\u00f5es sociais de Viana"}]},{"@type":"WebSite","@id":"https:\/\/www.altominho.tv\/site\/#website","url":"https:\/\/www.altominho.tv\/site\/","name":"Altominho.tv","description":"A sua regi\u00e3o \u00e0 dist\u00e2ncia de um clique...","potentialAction":[{"@type":"SearchAction","target":{"@type":"EntryPoint","urlTemplate":"https:\/\/www.altominho.tv\/site\/?s={search_term_string}"},"query-input":{"@type":"PropertyValueSpecification","valueRequired":true,"valueName":"search_term_string"}}],"inLanguage":"pt-PT"},{"@type":"Person","@id":"https:\/\/www.altominho.tv\/site\/#\/schema\/person\/d9be4265364723f14ea8e0d56a1d38cd","name":"Andreia Ferreira","image":{"@type":"ImageObject","inLanguage":"pt-PT","@id":"https:\/\/www.altominho.tv\/site\/wp-content\/uploads\/2021\/01\/AndreiaFerreira-150x150.jpg","url":"https:\/\/www.altominho.tv\/site\/wp-content\/uploads\/2021\/01\/AndreiaFerreira-150x150.jpg","contentUrl":"https:\/\/www.altominho.tv\/site\/wp-content\/uploads\/2021\/01\/AndreiaFerreira-150x150.jpg","caption":"Andreia Ferreira"},"url":"https:\/\/www.altominho.tv\/site\/author\/andreiaferreira\/"}]}},"_links":{"self":[{"href":"https:\/\/www.altominho.tv\/site\/wp-json\/wp\/v2\/posts\/56728","targetHints":{"allow":["GET"]}}],"collection":[{"href":"https:\/\/www.altominho.tv\/site\/wp-json\/wp\/v2\/posts"}],"about":[{"href":"https:\/\/www.altominho.tv\/site\/wp-json\/wp\/v2\/types\/post"}],"author":[{"embeddable":true,"href":"https:\/\/www.altominho.tv\/site\/wp-json\/wp\/v2\/users\/12"}],"replies":[{"embeddable":true,"href":"https:\/\/www.altominho.tv\/site\/wp-json\/wp\/v2\/comments?post=56728"}],"version-history":[{"count":0,"href":"https:\/\/www.altominho.tv\/site\/wp-json\/wp\/v2\/posts\/56728\/revisions"}],"wp:featuredmedia":[{"embeddable":true,"href":"https:\/\/www.altominho.tv\/site\/wp-json\/wp\/v2\/media\/56729"}],"wp:attachment":[{"href":"https:\/\/www.altominho.tv\/site\/wp-json\/wp\/v2\/media?parent=56728"}],"wp:term":[{"taxonomy":"category","embeddable":true,"href":"https:\/\/www.altominho.tv\/site\/wp-json\/wp\/v2\/categories?post=56728"},{"taxonomy":"post_tag","embeddable":true,"href":"https:\/\/www.altominho.tv\/site\/wp-json\/wp\/v2\/tags?post=56728"}],"curies":[{"name":"wp","href":"https:\/\/api.w.org\/{rel}","templated":true}]}}