{"id":56725,"date":"2020-11-27T15:59:43","date_gmt":"2020-11-27T15:59:43","guid":{"rendered":"https:\/\/www.altominho.tv\/site\/?p=56725"},"modified":"2020-11-27T15:59:47","modified_gmt":"2020-11-27T15:59:47","slug":"multinacional-investe-sete-milhoes-de-euros-a-ampliar-fabrica-de-viana-do-castelo","status":"publish","type":"post","link":"https:\/\/www.altominho.tv\/site\/2020\/11\/27\/multinacional-investe-sete-milhoes-de-euros-a-ampliar-fabrica-de-viana-do-castelo\/","title":{"rendered":"Multinacional investe sete milh\u00f5es de euros a ampliar f\u00e1brica de Viana do Castelo"},"content":{"rendered":"<p>A multinacional norte-americana BorgWarner, de componentes para autom\u00f3vel, vai investir em 2021 sete milh\u00f5es de euros na amplia\u00e7\u00e3o da f\u00e1brica do parque empresarial de Lanheses, em Viana do Castelo, criando 38 novos postos de trabalho.<\/p>\n<p>A multinacional instalou-se na capital do Alto Minho em 2014, num investimento de 25 milh\u00f5es de euros e na altura estimava criar 500 postos de trabalho, mas atualmente emprega 966 trabalhadores.<\/p>\n<p>Esta sexta-feira, na C\u00e2mara de Viana do Castelo, foi assinado o novo contrato de investimento e, em confer\u00eancia de imprensa, Hugo Silva, da BorgWarner, explicou que a expans\u00e3o &#8220;resulta do potencial aumento do volume de neg\u00f3cios previsto para os pr\u00f3ximos anos&#8221;.<\/p>\n<p>&#8220;O projeto contempla um investimento na ordem dos sete milh\u00f5es de euros e inclui um aumento da \u00e1rea produtiva em 5.800 metros quadrados&#8221;, adiantou o respons\u00e1vel, que leu uma declara\u00e7\u00e3o escrita e se escusou a responder \u00e0s quest\u00f5es dos jornalistas.<\/p>\n<p>Hugo Silva informou que esclarecimentos acionais sobre aquele investimento teriam de ser colocados por escrito, e que seriam respondidos &#8220;\u00e0 posteriori&#8221;. O respons\u00e1vel\u00a0esclareceu apenas que o plano de expans\u00e3o vai decorrer durante o ano de 2021.<\/p>\n<p>O presidente da C\u00e2mara de Viana do Castelo disse que as obras de amplia\u00e7\u00e3o v\u00e3o come\u00e7ar no in\u00edcio de 2021, sendo estimada a cria\u00e7\u00e3o de 38 novos postos de trabalho. &#8220;Este investimento vai gerar mais economia e mais emprego e ajudar a regi\u00e3o e o pa\u00eds a aumentar as exporta\u00e7\u00f5es j\u00e1 que \u00e9 uma empresa muito exportadora&#8221;, referiu.<\/p>\n<p>Segundo Jos\u00e9 Maria Costa, as empresas do \u2018cluster&#8217; autom\u00f3vel instaladas no parque empresarial de Lanheses empregam cerca de 3.000 trabalhadores.<\/p>\n<p>O autarca acrescentou que, nas tr\u00eas zonas empresariais do concelho (Lanheses, S\u00e3o Rom\u00e3o do Neiva e Alvar\u00e3es), est\u00e3o instaladas nove empresas do setor autom\u00f3vel.<\/p>\n<p>Em 2014, os incentivos concedidos pela C\u00e2mara de Viana do Castelo evitaram a sa\u00edda da multinacional norte-americana BorgWarner, de Portugal, encontrando-se instalada no munic\u00edpio vizinho de Valen\u00e7a. Na altura, a multinacional beneficiou de um conjunto de isen\u00e7\u00f5es de taxas de infraestruturas, apoios \u00e0 aquisi\u00e7\u00e3o de terrenos e acompanhamento de processos de licenciamento, entre outras medidas.<\/p>\n<p>A autarquia contratou ainda, um gabinete especializado, por 40 mil euros, para conceder apoio t\u00e9cnico \u00e0 multinacional na constru\u00e7\u00e3o da nova f\u00e1brica.<\/p>\n<p>O grupo \u00e9 l\u00edder mundial de produtos em solu\u00e7\u00f5es de tecnologia limpa e efici\u00eancia para ve\u00edculos de combust\u00e3o, h\u00edbridos e el\u00e9tricos. Com f\u00e1bricas e instala\u00e7\u00f5es t\u00e9cnicas em 99 localiza\u00e7\u00f5es em 24 pa\u00edses, a empresa emprega cerca de 48.000 pessoas.<\/p>\n","protected":false},"excerpt":{"rendered":"<p>A multinacional norte-americana BorgWarner, de componentes para autom\u00f3vel, vai investir em 2021 sete milh\u00f5es de euros na amplia\u00e7\u00e3o da f\u00e1brica do parque empresarial de Lanheses, em Viana do Castelo, criando 38 novos postos de trabalho. A multinacional instalou-se na capital do Alto Minho em 2014, num investimento de 25 milh\u00f5es de euros e na altura [&hellip;]<\/p>\n","protected":false},"author":13,"featured_media":56726,"comment_status":"closed","ping_status":"closed","sticky":false,"template":"","format":"standard","meta":{"_exactmetrics_skip_tracking":false,"_exactmetrics_sitenote_active":false,"_exactmetrics_sitenote_note":"","_exactmetrics_sitenote_category":0,"footnotes":""},"categories":[14],"tags":[21],"class_list":["post-56725","post","type-post","status-publish","format-standard","has-post-thumbnail","hentry","category-viana-do-castelo","tag-economia"],"yoast_head":"<!-- This site is optimized with the Yoast SEO Premium plugin v27.5 (Yoast SEO v27.5) - https:\/\/yoast.com\/product\/yoast-seo-premium-wordpress\/ -->\n<title>Multinacional investe sete milh\u00f5es de euros a ampliar f\u00e1brica de Viana do Castelo<\/title>\n<meta name=\"robots\" content=\"index, follow, max-snippet:-1, max-image-preview:large, max-video-preview:-1\" \/>\n<link rel=\"canonical\" href=\"https:\/\/www.altominho.tv\/site\/2020\/11\/27\/multinacional-investe-sete-milhoes-de-euros-a-ampliar-fabrica-de-viana-do-castelo\/\" \/>\n<meta property=\"og:locale\" content=\"pt_PT\" \/>\n<meta property=\"og:type\" content=\"article\" \/>\n<meta property=\"og:title\" content=\"Multinacional investe sete milh\u00f5es de euros a ampliar f\u00e1brica de Viana do Castelo\" \/>\n<meta property=\"og:description\" content=\"A multinacional norte-americana BorgWarner, de componentes para autom\u00f3vel, vai investir em 2021 sete milh\u00f5es de euros na amplia\u00e7\u00e3o da f\u00e1brica do parque empresarial de Lanheses, em Viana do Castelo, criando 38 novos postos de trabalho. A multinacional instalou-se na capital do Alto Minho em 2014, num investimento de 25 milh\u00f5es de euros e na altura [&hellip;]\" \/>\n<meta property=\"og:url\" content=\"https:\/\/www.altominho.tv\/site\/2020\/11\/27\/multinacional-investe-sete-milhoes-de-euros-a-ampliar-fabrica-de-viana-do-castelo\/\" \/>\n<meta property=\"og:site_name\" content=\"Altominho.tv\" \/>\n<meta property=\"article:publisher\" content=\"https:\/\/www.facebook.com\/altominhotv\" \/>\n<meta property=\"article:published_time\" content=\"2020-11-27T15:59:43+00:00\" \/>\n<meta property=\"article:modified_time\" content=\"2020-11-27T15:59:47+00:00\" \/>\n<meta property=\"og:image\" content=\"https:\/\/www.altominho.tv\/site\/wp-content\/uploads\/2020\/11\/borgwarner_20out2014_808b33.jpg\" \/>\n\t<meta property=\"og:image:width\" content=\"1476\" \/>\n\t<meta property=\"og:image:height\" content=\"978\" \/>\n\t<meta property=\"og:image:type\" content=\"image\/jpeg\" \/>\n<meta name=\"author\" content=\"Lusa\" \/>\n<meta name=\"twitter:card\" content=\"summary_large_image\" \/>\n<meta name=\"twitter:creator\" content=\"@altominhoTV\" \/>\n<meta name=\"twitter:site\" content=\"@altominhoTV\" \/>\n<meta name=\"twitter:label1\" content=\"Escrito por\" \/>\n\t<meta name=\"twitter:data1\" content=\"Lusa\" \/>\n\t<meta name=\"twitter:label2\" content=\"Tempo estimado de leitura\" \/>\n\t<meta name=\"twitter:data2\" content=\"2 minutos\" \/>\n<script type=\"application\/ld+json\" class=\"yoast-schema-graph\">{\"@context\":\"https:\\\/\\\/schema.org\",\"@graph\":[{\"@type\":\"Article\",\"@id\":\"https:\\\/\\\/www.altominho.tv\\\/site\\\/2020\\\/11\\\/27\\\/multinacional-investe-sete-milhoes-de-euros-a-ampliar-fabrica-de-viana-do-castelo\\\/#article\",\"isPartOf\":{\"@id\":\"https:\\\/\\\/www.altominho.tv\\\/site\\\/2020\\\/11\\\/27\\\/multinacional-investe-sete-milhoes-de-euros-a-ampliar-fabrica-de-viana-do-castelo\\\/\"},\"author\":{\"name\":\"Lusa\",\"@id\":\"https:\\\/\\\/www.altominho.tv\\\/site\\\/#\\\/schema\\\/person\\\/63f693da3e1899361cbe955c46f3232e\"},\"headline\":\"Multinacional investe sete milh\u00f5es de euros a ampliar f\u00e1brica de Viana do Castelo\",\"datePublished\":\"2020-11-27T15:59:43+00:00\",\"dateModified\":\"2020-11-27T15:59:47+00:00\",\"mainEntityOfPage\":{\"@id\":\"https:\\\/\\\/www.altominho.tv\\\/site\\\/2020\\\/11\\\/27\\\/multinacional-investe-sete-milhoes-de-euros-a-ampliar-fabrica-de-viana-do-castelo\\\/\"},\"wordCount\":449,\"image\":{\"@id\":\"https:\\\/\\\/www.altominho.tv\\\/site\\\/2020\\\/11\\\/27\\\/multinacional-investe-sete-milhoes-de-euros-a-ampliar-fabrica-de-viana-do-castelo\\\/#primaryimage\"},\"thumbnailUrl\":\"https:\\\/\\\/www.altominho.tv\\\/site\\\/wp-content\\\/uploads\\\/2020\\\/11\\\/borgwarner_20out2014_808b33.jpg\",\"keywords\":[\"Economia\"],\"articleSection\":[\"Viana do Castelo\"],\"inLanguage\":\"pt-PT\",\"copyrightYear\":\"2020\",\"copyrightHolder\":{\"@id\":\"https:\\\/\\\/www.altominho.tv\\\/site\\\/#organization\"}},{\"@type\":\"WebPage\",\"@id\":\"https:\\\/\\\/www.altominho.tv\\\/site\\\/2020\\\/11\\\/27\\\/multinacional-investe-sete-milhoes-de-euros-a-ampliar-fabrica-de-viana-do-castelo\\\/\",\"url\":\"https:\\\/\\\/www.altominho.tv\\\/site\\\/2020\\\/11\\\/27\\\/multinacional-investe-sete-milhoes-de-euros-a-ampliar-fabrica-de-viana-do-castelo\\\/\",\"name\":\"Multinacional investe sete milh\u00f5es de euros a ampliar f\u00e1brica de Viana do Castelo\",\"isPartOf\":{\"@id\":\"https:\\\/\\\/www.altominho.tv\\\/site\\\/#website\"},\"primaryImageOfPage\":{\"@id\":\"https:\\\/\\\/www.altominho.tv\\\/site\\\/2020\\\/11\\\/27\\\/multinacional-investe-sete-milhoes-de-euros-a-ampliar-fabrica-de-viana-do-castelo\\\/#primaryimage\"},\"image\":{\"@id\":\"https:\\\/\\\/www.altominho.tv\\\/site\\\/2020\\\/11\\\/27\\\/multinacional-investe-sete-milhoes-de-euros-a-ampliar-fabrica-de-viana-do-castelo\\\/#primaryimage\"},\"thumbnailUrl\":\"https:\\\/\\\/www.altominho.tv\\\/site\\\/wp-content\\\/uploads\\\/2020\\\/11\\\/borgwarner_20out2014_808b33.jpg\",\"datePublished\":\"2020-11-27T15:59:43+00:00\",\"dateModified\":\"2020-11-27T15:59:47+00:00\",\"author\":{\"@id\":\"https:\\\/\\\/www.altominho.tv\\\/site\\\/#\\\/schema\\\/person\\\/63f693da3e1899361cbe955c46f3232e\"},\"breadcrumb\":{\"@id\":\"https:\\\/\\\/www.altominho.tv\\\/site\\\/2020\\\/11\\\/27\\\/multinacional-investe-sete-milhoes-de-euros-a-ampliar-fabrica-de-viana-do-castelo\\\/#breadcrumb\"},\"inLanguage\":\"pt-PT\",\"potentialAction\":[{\"@type\":\"ReadAction\",\"target\":[\"https:\\\/\\\/www.altominho.tv\\\/site\\\/2020\\\/11\\\/27\\\/multinacional-investe-sete-milhoes-de-euros-a-ampliar-fabrica-de-viana-do-castelo\\\/\"]}]},{\"@type\":\"ImageObject\",\"inLanguage\":\"pt-PT\",\"@id\":\"https:\\\/\\\/www.altominho.tv\\\/site\\\/2020\\\/11\\\/27\\\/multinacional-investe-sete-milhoes-de-euros-a-ampliar-fabrica-de-viana-do-castelo\\\/#primaryimage\",\"url\":\"https:\\\/\\\/www.altominho.tv\\\/site\\\/wp-content\\\/uploads\\\/2020\\\/11\\\/borgwarner_20out2014_808b33.jpg\",\"contentUrl\":\"https:\\\/\\\/www.altominho.tv\\\/site\\\/wp-content\\\/uploads\\\/2020\\\/11\\\/borgwarner_20out2014_808b33.jpg\",\"width\":1476,\"height\":978,\"caption\":\"CM VIANA DO CASTELO\"},{\"@type\":\"BreadcrumbList\",\"@id\":\"https:\\\/\\\/www.altominho.tv\\\/site\\\/2020\\\/11\\\/27\\\/multinacional-investe-sete-milhoes-de-euros-a-ampliar-fabrica-de-viana-do-castelo\\\/#breadcrumb\",\"itemListElement\":[{\"@type\":\"ListItem\",\"position\":1,\"name\":\"In\u00edcio\",\"item\":\"https:\\\/\\\/www.altominho.tv\\\/site\\\/\"},{\"@type\":\"ListItem\",\"position\":2,\"name\":\"Multinacional investe sete milh\u00f5es de euros a ampliar f\u00e1brica de Viana do Castelo\"}]},{\"@type\":\"WebSite\",\"@id\":\"https:\\\/\\\/www.altominho.tv\\\/site\\\/#website\",\"url\":\"https:\\\/\\\/www.altominho.tv\\\/site\\\/\",\"name\":\"Altominho.tv\",\"description\":\"A sua regi\u00e3o \u00e0 dist\u00e2ncia de um clique...\",\"potentialAction\":[{\"@type\":\"SearchAction\",\"target\":{\"@type\":\"EntryPoint\",\"urlTemplate\":\"https:\\\/\\\/www.altominho.tv\\\/site\\\/?s={search_term_string}\"},\"query-input\":{\"@type\":\"PropertyValueSpecification\",\"valueRequired\":true,\"valueName\":\"search_term_string\"}}],\"inLanguage\":\"pt-PT\"},{\"@type\":\"Person\",\"@id\":\"https:\\\/\\\/www.altominho.tv\\\/site\\\/#\\\/schema\\\/person\\\/63f693da3e1899361cbe955c46f3232e\",\"name\":\"Lusa\",\"image\":{\"@type\":\"ImageObject\",\"inLanguage\":\"pt-PT\",\"@id\":\"https:\\\/\\\/www.altominho.tv\\\/site\\\/wp-content\\\/uploads\\\/2019\\\/08\\\/LUSA_Logo.gif\",\"url\":\"https:\\\/\\\/www.altominho.tv\\\/site\\\/wp-content\\\/uploads\\\/2019\\\/08\\\/LUSA_Logo.gif\",\"contentUrl\":\"https:\\\/\\\/www.altominho.tv\\\/site\\\/wp-content\\\/uploads\\\/2019\\\/08\\\/LUSA_Logo.gif\",\"caption\":\"Lusa\"},\"sameAs\":[\"http:\\\/\\\/\\\/\\\/www.altominho.tv\\\/site\"],\"url\":\"https:\\\/\\\/www.altominho.tv\\\/site\\\/author\\\/lusa\\\/\"}]}<\/script>\n<!-- \/ Yoast SEO Premium plugin. -->","yoast_head_json":{"title":"Multinacional investe sete milh\u00f5es de euros a ampliar f\u00e1brica de Viana do Castelo","robots":{"index":"index","follow":"follow","max-snippet":"max-snippet:-1","max-image-preview":"max-image-preview:large","max-video-preview":"max-video-preview:-1"},"canonical":"https:\/\/www.altominho.tv\/site\/2020\/11\/27\/multinacional-investe-sete-milhoes-de-euros-a-ampliar-fabrica-de-viana-do-castelo\/","og_locale":"pt_PT","og_type":"article","og_title":"Multinacional investe sete milh\u00f5es de euros a ampliar f\u00e1brica de Viana do Castelo","og_description":"A multinacional norte-americana BorgWarner, de componentes para autom\u00f3vel, vai investir em 2021 sete milh\u00f5es de euros na amplia\u00e7\u00e3o da f\u00e1brica do parque empresarial de Lanheses, em Viana do Castelo, criando 38 novos postos de trabalho. A multinacional instalou-se na capital do Alto Minho em 2014, num investimento de 25 milh\u00f5es de euros e na altura [&hellip;]","og_url":"https:\/\/www.altominho.tv\/site\/2020\/11\/27\/multinacional-investe-sete-milhoes-de-euros-a-ampliar-fabrica-de-viana-do-castelo\/","og_site_name":"Altominho.tv","article_publisher":"https:\/\/www.facebook.com\/altominhotv","article_published_time":"2020-11-27T15:59:43+00:00","article_modified_time":"2020-11-27T15:59:47+00:00","og_image":[{"width":1476,"height":978,"url":"https:\/\/www.altominho.tv\/site\/wp-content\/uploads\/2020\/11\/borgwarner_20out2014_808b33.jpg","type":"image\/jpeg"}],"author":"Lusa","twitter_card":"summary_large_image","twitter_creator":"@altominhoTV","twitter_site":"@altominhoTV","twitter_misc":{"Escrito por":"Lusa","Tempo estimado de leitura":"2 minutos"},"schema":{"@context":"https:\/\/schema.org","@graph":[{"@type":"Article","@id":"https:\/\/www.altominho.tv\/site\/2020\/11\/27\/multinacional-investe-sete-milhoes-de-euros-a-ampliar-fabrica-de-viana-do-castelo\/#article","isPartOf":{"@id":"https:\/\/www.altominho.tv\/site\/2020\/11\/27\/multinacional-investe-sete-milhoes-de-euros-a-ampliar-fabrica-de-viana-do-castelo\/"},"author":{"name":"Lusa","@id":"https:\/\/www.altominho.tv\/site\/#\/schema\/person\/63f693da3e1899361cbe955c46f3232e"},"headline":"Multinacional investe sete milh\u00f5es de euros a ampliar f\u00e1brica de Viana do Castelo","datePublished":"2020-11-27T15:59:43+00:00","dateModified":"2020-11-27T15:59:47+00:00","mainEntityOfPage":{"@id":"https:\/\/www.altominho.tv\/site\/2020\/11\/27\/multinacional-investe-sete-milhoes-de-euros-a-ampliar-fabrica-de-viana-do-castelo\/"},"wordCount":449,"image":{"@id":"https:\/\/www.altominho.tv\/site\/2020\/11\/27\/multinacional-investe-sete-milhoes-de-euros-a-ampliar-fabrica-de-viana-do-castelo\/#primaryimage"},"thumbnailUrl":"https:\/\/www.altominho.tv\/site\/wp-content\/uploads\/2020\/11\/borgwarner_20out2014_808b33.jpg","keywords":["Economia"],"articleSection":["Viana do Castelo"],"inLanguage":"pt-PT","copyrightYear":"2020","copyrightHolder":{"@id":"https:\/\/www.altominho.tv\/site\/#organization"}},{"@type":"WebPage","@id":"https:\/\/www.altominho.tv\/site\/2020\/11\/27\/multinacional-investe-sete-milhoes-de-euros-a-ampliar-fabrica-de-viana-do-castelo\/","url":"https:\/\/www.altominho.tv\/site\/2020\/11\/27\/multinacional-investe-sete-milhoes-de-euros-a-ampliar-fabrica-de-viana-do-castelo\/","name":"Multinacional investe sete milh\u00f5es de euros a ampliar f\u00e1brica de Viana do Castelo","isPartOf":{"@id":"https:\/\/www.altominho.tv\/site\/#website"},"primaryImageOfPage":{"@id":"https:\/\/www.altominho.tv\/site\/2020\/11\/27\/multinacional-investe-sete-milhoes-de-euros-a-ampliar-fabrica-de-viana-do-castelo\/#primaryimage"},"image":{"@id":"https:\/\/www.altominho.tv\/site\/2020\/11\/27\/multinacional-investe-sete-milhoes-de-euros-a-ampliar-fabrica-de-viana-do-castelo\/#primaryimage"},"thumbnailUrl":"https:\/\/www.altominho.tv\/site\/wp-content\/uploads\/2020\/11\/borgwarner_20out2014_808b33.jpg","datePublished":"2020-11-27T15:59:43+00:00","dateModified":"2020-11-27T15:59:47+00:00","author":{"@id":"https:\/\/www.altominho.tv\/site\/#\/schema\/person\/63f693da3e1899361cbe955c46f3232e"},"breadcrumb":{"@id":"https:\/\/www.altominho.tv\/site\/2020\/11\/27\/multinacional-investe-sete-milhoes-de-euros-a-ampliar-fabrica-de-viana-do-castelo\/#breadcrumb"},"inLanguage":"pt-PT","potentialAction":[{"@type":"ReadAction","target":["https:\/\/www.altominho.tv\/site\/2020\/11\/27\/multinacional-investe-sete-milhoes-de-euros-a-ampliar-fabrica-de-viana-do-castelo\/"]}]},{"@type":"ImageObject","inLanguage":"pt-PT","@id":"https:\/\/www.altominho.tv\/site\/2020\/11\/27\/multinacional-investe-sete-milhoes-de-euros-a-ampliar-fabrica-de-viana-do-castelo\/#primaryimage","url":"https:\/\/www.altominho.tv\/site\/wp-content\/uploads\/2020\/11\/borgwarner_20out2014_808b33.jpg","contentUrl":"https:\/\/www.altominho.tv\/site\/wp-content\/uploads\/2020\/11\/borgwarner_20out2014_808b33.jpg","width":1476,"height":978,"caption":"CM VIANA DO CASTELO"},{"@type":"BreadcrumbList","@id":"https:\/\/www.altominho.tv\/site\/2020\/11\/27\/multinacional-investe-sete-milhoes-de-euros-a-ampliar-fabrica-de-viana-do-castelo\/#breadcrumb","itemListElement":[{"@type":"ListItem","position":1,"name":"In\u00edcio","item":"https:\/\/www.altominho.tv\/site\/"},{"@type":"ListItem","position":2,"name":"Multinacional investe sete milh\u00f5es de euros a ampliar f\u00e1brica de Viana do Castelo"}]},{"@type":"WebSite","@id":"https:\/\/www.altominho.tv\/site\/#website","url":"https:\/\/www.altominho.tv\/site\/","name":"Altominho.tv","description":"A sua regi\u00e3o \u00e0 dist\u00e2ncia de um clique...","potentialAction":[{"@type":"SearchAction","target":{"@type":"EntryPoint","urlTemplate":"https:\/\/www.altominho.tv\/site\/?s={search_term_string}"},"query-input":{"@type":"PropertyValueSpecification","valueRequired":true,"valueName":"search_term_string"}}],"inLanguage":"pt-PT"},{"@type":"Person","@id":"https:\/\/www.altominho.tv\/site\/#\/schema\/person\/63f693da3e1899361cbe955c46f3232e","name":"Lusa","image":{"@type":"ImageObject","inLanguage":"pt-PT","@id":"https:\/\/www.altominho.tv\/site\/wp-content\/uploads\/2019\/08\/LUSA_Logo.gif","url":"https:\/\/www.altominho.tv\/site\/wp-content\/uploads\/2019\/08\/LUSA_Logo.gif","contentUrl":"https:\/\/www.altominho.tv\/site\/wp-content\/uploads\/2019\/08\/LUSA_Logo.gif","caption":"Lusa"},"sameAs":["http:\/\/\/\/www.altominho.tv\/site"],"url":"https:\/\/www.altominho.tv\/site\/author\/lusa\/"}]}},"_links":{"self":[{"href":"https:\/\/www.altominho.tv\/site\/wp-json\/wp\/v2\/posts\/56725","targetHints":{"allow":["GET"]}}],"collection":[{"href":"https:\/\/www.altominho.tv\/site\/wp-json\/wp\/v2\/posts"}],"about":[{"href":"https:\/\/www.altominho.tv\/site\/wp-json\/wp\/v2\/types\/post"}],"author":[{"embeddable":true,"href":"https:\/\/www.altominho.tv\/site\/wp-json\/wp\/v2\/users\/13"}],"replies":[{"embeddable":true,"href":"https:\/\/www.altominho.tv\/site\/wp-json\/wp\/v2\/comments?post=56725"}],"version-history":[{"count":0,"href":"https:\/\/www.altominho.tv\/site\/wp-json\/wp\/v2\/posts\/56725\/revisions"}],"wp:featuredmedia":[{"embeddable":true,"href":"https:\/\/www.altominho.tv\/site\/wp-json\/wp\/v2\/media\/56726"}],"wp:attachment":[{"href":"https:\/\/www.altominho.tv\/site\/wp-json\/wp\/v2\/media?parent=56725"}],"wp:term":[{"taxonomy":"category","embeddable":true,"href":"https:\/\/www.altominho.tv\/site\/wp-json\/wp\/v2\/categories?post=56725"},{"taxonomy":"post_tag","embeddable":true,"href":"https:\/\/www.altominho.tv\/site\/wp-json\/wp\/v2\/tags?post=56725"}],"curies":[{"name":"wp","href":"https:\/\/api.w.org\/{rel}","templated":true}]}}