{"id":56614,"date":"2020-11-26T18:02:41","date_gmt":"2020-11-26T18:02:41","guid":{"rendered":"https:\/\/www.altominho.tv\/site\/?p=56614"},"modified":"2020-11-26T18:02:45","modified_gmt":"2020-11-26T18:02:45","slug":"campanha-solidaria-quer-oferecer-presentes-a-mais-de-500-criancas-carenciadas","status":"publish","type":"post","link":"https:\/\/www.altominho.tv\/site\/2020\/11\/26\/campanha-solidaria-quer-oferecer-presentes-a-mais-de-500-criancas-carenciadas\/","title":{"rendered":"Campanha solid\u00e1ria quer oferecer presentes a mais de 500 crian\u00e7as carenciadas"},"content":{"rendered":"<p>A C\u00e2mara e os servi\u00e7os sociais dos trabalhadores do munic\u00edpio de <span class=\"il\">Viana<\/span> do Castelo promovem, entre 3 e 16 de dezembro, pelo terceiro ano consecutivo, a campanha solid\u00e1ria \u201c<span class=\"il\">Viana<\/span>\u00a0+\u00a0<span class=\"il\">Presente<\/span>(<span class=\"il\">s<\/span>)\u201d, de recolha de<span style=\"font-size: inherit\"> presentes para mais de 500 crian\u00e7as carenciadas do concelho.<\/span><\/p>\n<p>A campanha, que foi lan\u00e7ada em 2018 pela autarquia e pelos Servi\u00e7os Sociais dos Trabalhadores Municipais, incentiva os cerca de mil funcion\u00e1rios da C\u00e2mara e a popula\u00e7\u00e3o a assumir os presentes de Natal de crian\u00e7as identificadas pelo pelouro da Coes\u00e3o Social nas 40 freguesias do concelho, explica a nota enviada pelo munic\u00edpio.<\/p>\n<p>O mote para a iniciativa solid\u00e1ria &#8220;\u00e9 envolver os funcion\u00e1rios municipais e os mun\u00edcipes a estarem mais presentes, oferecendo prendas de Natal, num gesto solid\u00e1rio&#8221;.<\/p>\n<p>Segundo a autarquia, &#8220;est\u00e1 dispon\u00edvel uma lista das crian\u00e7as que v\u00e3o ser apoiadas, estando o documento dividido por menino, menina e respetiva idade, no Servi\u00e7o de Atendimento ao Mun\u00edcipe (SAM) e na sede dos Servi\u00e7os Sociais dos Trabalhadores Municipais de <span class=\"il\">Viana<\/span>\u00a0do Castelo&#8221;.<\/p>\n<p>&#8220;Os funcion\u00e1rios e mun\u00edcipes que quiserem juntar-se a esta iniciativa ir\u00e3o assumir a responsabilidade de comprar um <span class=\"il\">presente<\/span> para a crian\u00e7a que elegerem at\u00e9 dia 16 de dezembro&#8221;, especificou, acrescentando que com os presentes recolhidos ser\u00e1 constru\u00edda uma \u201c\u00e1rvore de Natal\u201d.<\/p>\n<p>Terminada a recolha, &#8220;as equipas locais ir\u00e3o iniciar a entrega dos presentes \u00e0<span class=\"il\">s<\/span>\u00a0crian\u00e7as pelas freguesias do concelho de\u00a0<span class=\"il\">Viana<\/span>\u00a0do Castelo&#8221;.<\/p>\n<p>Os Servi\u00e7os Sociais dos Trabalhadores Municipais de\u00a0<span class=\"il\">Viana<\/span>\u00a0do Castelo, constitu\u00eddos em 1930, ent\u00e3o com a designa\u00e7\u00e3o de Caixa de Previd\u00eancia dos Funcion\u00e1rios da C\u00e2mara Municipal,\u00a0<span class=\"il\">s<\/span>\u00e3o uma associa\u00e7\u00e3o sem fins lucrativos, dotada de autonomia administrativa e financeira, constitu\u00edda por associados que\u00a0<span class=\"il\">s<\/span>\u00e3o ou foram trabalhadores municipais.<\/p>\n","protected":false},"excerpt":{"rendered":"<p>A C\u00e2mara e os servi\u00e7os sociais dos trabalhadores do munic\u00edpio de Viana do Castelo promovem, entre 3 e 16 de dezembro, pelo terceiro ano consecutivo, a campanha solid\u00e1ria \u201cViana\u00a0+\u00a0Presente(s)\u201d, de recolha de presentes para mais de 500 crian\u00e7as carenciadas do concelho. A campanha, que foi lan\u00e7ada em 2018 pela autarquia e pelos Servi\u00e7os Sociais dos [&hellip;]<\/p>\n","protected":false},"author":12,"featured_media":56617,"comment_status":"closed","ping_status":"closed","sticky":false,"template":"","format":"standard","meta":{"_exactmetrics_skip_tracking":false,"_exactmetrics_sitenote_active":false,"_exactmetrics_sitenote_note":"","_exactmetrics_sitenote_category":0,"footnotes":""},"categories":[14],"tags":[27],"class_list":["post-56614","post","type-post","status-publish","format-standard","has-post-thumbnail","hentry","category-viana-do-castelo","tag-sociedade"],"yoast_head":"<!-- This site is optimized with the Yoast SEO Premium plugin v27.5 (Yoast SEO v27.5) - https:\/\/yoast.com\/product\/yoast-seo-premium-wordpress\/ -->\n<title>Campanha solid\u00e1ria quer oferecer presentes a mais de 500 crian\u00e7as carenciadas<\/title>\n<meta name=\"robots\" content=\"index, follow, max-snippet:-1, max-image-preview:large, max-video-preview:-1\" \/>\n<link rel=\"canonical\" href=\"https:\/\/www.altominho.tv\/site\/2020\/11\/26\/campanha-solidaria-quer-oferecer-presentes-a-mais-de-500-criancas-carenciadas\/\" \/>\n<meta property=\"og:locale\" content=\"pt_PT\" \/>\n<meta property=\"og:type\" content=\"article\" \/>\n<meta property=\"og:title\" content=\"Campanha solid\u00e1ria quer oferecer presentes a mais de 500 crian\u00e7as carenciadas\" \/>\n<meta property=\"og:description\" content=\"A C\u00e2mara e os servi\u00e7os sociais dos trabalhadores do munic\u00edpio de Viana do Castelo promovem, entre 3 e 16 de dezembro, pelo terceiro ano consecutivo, a campanha solid\u00e1ria \u201cViana\u00a0+\u00a0Presente(s)\u201d, de recolha de presentes para mais de 500 crian\u00e7as carenciadas do concelho. A campanha, que foi lan\u00e7ada em 2018 pela autarquia e pelos Servi\u00e7os Sociais dos [&hellip;]\" \/>\n<meta property=\"og:url\" content=\"https:\/\/www.altominho.tv\/site\/2020\/11\/26\/campanha-solidaria-quer-oferecer-presentes-a-mais-de-500-criancas-carenciadas\/\" \/>\n<meta property=\"og:site_name\" content=\"Altominho.tv\" \/>\n<meta property=\"article:publisher\" content=\"https:\/\/www.facebook.com\/altominhotv\" \/>\n<meta property=\"article:published_time\" content=\"2020-11-26T18:02:41+00:00\" \/>\n<meta property=\"article:modified_time\" content=\"2020-11-26T18:02:45+00:00\" \/>\n<meta property=\"og:image\" content=\"https:\/\/www.altominho.tv\/site\/wp-content\/uploads\/2020\/11\/gifts-3835455_1920.jpg\" \/>\n\t<meta property=\"og:image:width\" content=\"1920\" \/>\n\t<meta property=\"og:image:height\" content=\"1280\" \/>\n\t<meta property=\"og:image:type\" content=\"image\/jpeg\" \/>\n<meta name=\"author\" content=\"Andreia Ferreira\" \/>\n<meta name=\"twitter:card\" content=\"summary_large_image\" \/>\n<meta name=\"twitter:creator\" content=\"@altominhoTV\" \/>\n<meta name=\"twitter:site\" content=\"@altominhoTV\" \/>\n<meta name=\"twitter:label1\" content=\"Escrito por\" \/>\n\t<meta name=\"twitter:data1\" content=\"Andreia Ferreira\" \/>\n\t<meta name=\"twitter:label2\" content=\"Tempo estimado de leitura\" \/>\n\t<meta name=\"twitter:data2\" content=\"2 minutos\" \/>\n<script type=\"application\/ld+json\" class=\"yoast-schema-graph\">{\"@context\":\"https:\\\/\\\/schema.org\",\"@graph\":[{\"@type\":\"Article\",\"@id\":\"https:\\\/\\\/www.altominho.tv\\\/site\\\/2020\\\/11\\\/26\\\/campanha-solidaria-quer-oferecer-presentes-a-mais-de-500-criancas-carenciadas\\\/#article\",\"isPartOf\":{\"@id\":\"https:\\\/\\\/www.altominho.tv\\\/site\\\/2020\\\/11\\\/26\\\/campanha-solidaria-quer-oferecer-presentes-a-mais-de-500-criancas-carenciadas\\\/\"},\"author\":{\"name\":\"Andreia Ferreira\",\"@id\":\"https:\\\/\\\/www.altominho.tv\\\/site\\\/#\\\/schema\\\/person\\\/d9be4265364723f14ea8e0d56a1d38cd\"},\"headline\":\"Campanha solid\u00e1ria quer oferecer presentes a mais de 500 crian\u00e7as carenciadas\",\"datePublished\":\"2020-11-26T18:02:41+00:00\",\"dateModified\":\"2020-11-26T18:02:45+00:00\",\"mainEntityOfPage\":{\"@id\":\"https:\\\/\\\/www.altominho.tv\\\/site\\\/2020\\\/11\\\/26\\\/campanha-solidaria-quer-oferecer-presentes-a-mais-de-500-criancas-carenciadas\\\/\"},\"wordCount\":318,\"image\":{\"@id\":\"https:\\\/\\\/www.altominho.tv\\\/site\\\/2020\\\/11\\\/26\\\/campanha-solidaria-quer-oferecer-presentes-a-mais-de-500-criancas-carenciadas\\\/#primaryimage\"},\"thumbnailUrl\":\"https:\\\/\\\/www.altominho.tv\\\/site\\\/wp-content\\\/uploads\\\/2020\\\/11\\\/gifts-3835455_1920.jpg\",\"keywords\":[\"Sociedade\"],\"articleSection\":[\"Viana do Castelo\"],\"inLanguage\":\"pt-PT\",\"copyrightYear\":\"2020\",\"copyrightHolder\":{\"@id\":\"https:\\\/\\\/www.altominho.tv\\\/site\\\/#organization\"}},{\"@type\":\"WebPage\",\"@id\":\"https:\\\/\\\/www.altominho.tv\\\/site\\\/2020\\\/11\\\/26\\\/campanha-solidaria-quer-oferecer-presentes-a-mais-de-500-criancas-carenciadas\\\/\",\"url\":\"https:\\\/\\\/www.altominho.tv\\\/site\\\/2020\\\/11\\\/26\\\/campanha-solidaria-quer-oferecer-presentes-a-mais-de-500-criancas-carenciadas\\\/\",\"name\":\"Campanha solid\u00e1ria quer oferecer presentes a mais de 500 crian\u00e7as carenciadas\",\"isPartOf\":{\"@id\":\"https:\\\/\\\/www.altominho.tv\\\/site\\\/#website\"},\"primaryImageOfPage\":{\"@id\":\"https:\\\/\\\/www.altominho.tv\\\/site\\\/2020\\\/11\\\/26\\\/campanha-solidaria-quer-oferecer-presentes-a-mais-de-500-criancas-carenciadas\\\/#primaryimage\"},\"image\":{\"@id\":\"https:\\\/\\\/www.altominho.tv\\\/site\\\/2020\\\/11\\\/26\\\/campanha-solidaria-quer-oferecer-presentes-a-mais-de-500-criancas-carenciadas\\\/#primaryimage\"},\"thumbnailUrl\":\"https:\\\/\\\/www.altominho.tv\\\/site\\\/wp-content\\\/uploads\\\/2020\\\/11\\\/gifts-3835455_1920.jpg\",\"datePublished\":\"2020-11-26T18:02:41+00:00\",\"dateModified\":\"2020-11-26T18:02:45+00:00\",\"author\":{\"@id\":\"https:\\\/\\\/www.altominho.tv\\\/site\\\/#\\\/schema\\\/person\\\/d9be4265364723f14ea8e0d56a1d38cd\"},\"breadcrumb\":{\"@id\":\"https:\\\/\\\/www.altominho.tv\\\/site\\\/2020\\\/11\\\/26\\\/campanha-solidaria-quer-oferecer-presentes-a-mais-de-500-criancas-carenciadas\\\/#breadcrumb\"},\"inLanguage\":\"pt-PT\",\"potentialAction\":[{\"@type\":\"ReadAction\",\"target\":[\"https:\\\/\\\/www.altominho.tv\\\/site\\\/2020\\\/11\\\/26\\\/campanha-solidaria-quer-oferecer-presentes-a-mais-de-500-criancas-carenciadas\\\/\"]}]},{\"@type\":\"ImageObject\",\"inLanguage\":\"pt-PT\",\"@id\":\"https:\\\/\\\/www.altominho.tv\\\/site\\\/2020\\\/11\\\/26\\\/campanha-solidaria-quer-oferecer-presentes-a-mais-de-500-criancas-carenciadas\\\/#primaryimage\",\"url\":\"https:\\\/\\\/www.altominho.tv\\\/site\\\/wp-content\\\/uploads\\\/2020\\\/11\\\/gifts-3835455_1920.jpg\",\"contentUrl\":\"https:\\\/\\\/www.altominho.tv\\\/site\\\/wp-content\\\/uploads\\\/2020\\\/11\\\/gifts-3835455_1920.jpg\",\"width\":1920,\"height\":1280,\"caption\":\"PIXABAY\"},{\"@type\":\"BreadcrumbList\",\"@id\":\"https:\\\/\\\/www.altominho.tv\\\/site\\\/2020\\\/11\\\/26\\\/campanha-solidaria-quer-oferecer-presentes-a-mais-de-500-criancas-carenciadas\\\/#breadcrumb\",\"itemListElement\":[{\"@type\":\"ListItem\",\"position\":1,\"name\":\"In\u00edcio\",\"item\":\"https:\\\/\\\/www.altominho.tv\\\/site\\\/\"},{\"@type\":\"ListItem\",\"position\":2,\"name\":\"Campanha solid\u00e1ria quer oferecer presentes a mais de 500 crian\u00e7as carenciadas\"}]},{\"@type\":\"WebSite\",\"@id\":\"https:\\\/\\\/www.altominho.tv\\\/site\\\/#website\",\"url\":\"https:\\\/\\\/www.altominho.tv\\\/site\\\/\",\"name\":\"Altominho.tv\",\"description\":\"A sua regi\u00e3o \u00e0 dist\u00e2ncia de um clique...\",\"potentialAction\":[{\"@type\":\"SearchAction\",\"target\":{\"@type\":\"EntryPoint\",\"urlTemplate\":\"https:\\\/\\\/www.altominho.tv\\\/site\\\/?s={search_term_string}\"},\"query-input\":{\"@type\":\"PropertyValueSpecification\",\"valueRequired\":true,\"valueName\":\"search_term_string\"}}],\"inLanguage\":\"pt-PT\"},{\"@type\":\"Person\",\"@id\":\"https:\\\/\\\/www.altominho.tv\\\/site\\\/#\\\/schema\\\/person\\\/d9be4265364723f14ea8e0d56a1d38cd\",\"name\":\"Andreia Ferreira\",\"image\":{\"@type\":\"ImageObject\",\"inLanguage\":\"pt-PT\",\"@id\":\"https:\\\/\\\/www.altominho.tv\\\/site\\\/wp-content\\\/uploads\\\/2021\\\/01\\\/AndreiaFerreira-150x150.jpg\",\"url\":\"https:\\\/\\\/www.altominho.tv\\\/site\\\/wp-content\\\/uploads\\\/2021\\\/01\\\/AndreiaFerreira-150x150.jpg\",\"contentUrl\":\"https:\\\/\\\/www.altominho.tv\\\/site\\\/wp-content\\\/uploads\\\/2021\\\/01\\\/AndreiaFerreira-150x150.jpg\",\"caption\":\"Andreia Ferreira\"},\"url\":\"https:\\\/\\\/www.altominho.tv\\\/site\\\/author\\\/andreiaferreira\\\/\"}]}<\/script>\n<!-- \/ Yoast SEO Premium plugin. -->","yoast_head_json":{"title":"Campanha solid\u00e1ria quer oferecer presentes a mais de 500 crian\u00e7as carenciadas","robots":{"index":"index","follow":"follow","max-snippet":"max-snippet:-1","max-image-preview":"max-image-preview:large","max-video-preview":"max-video-preview:-1"},"canonical":"https:\/\/www.altominho.tv\/site\/2020\/11\/26\/campanha-solidaria-quer-oferecer-presentes-a-mais-de-500-criancas-carenciadas\/","og_locale":"pt_PT","og_type":"article","og_title":"Campanha solid\u00e1ria quer oferecer presentes a mais de 500 crian\u00e7as carenciadas","og_description":"A C\u00e2mara e os servi\u00e7os sociais dos trabalhadores do munic\u00edpio de Viana do Castelo promovem, entre 3 e 16 de dezembro, pelo terceiro ano consecutivo, a campanha solid\u00e1ria \u201cViana\u00a0+\u00a0Presente(s)\u201d, de recolha de presentes para mais de 500 crian\u00e7as carenciadas do concelho. A campanha, que foi lan\u00e7ada em 2018 pela autarquia e pelos Servi\u00e7os Sociais dos [&hellip;]","og_url":"https:\/\/www.altominho.tv\/site\/2020\/11\/26\/campanha-solidaria-quer-oferecer-presentes-a-mais-de-500-criancas-carenciadas\/","og_site_name":"Altominho.tv","article_publisher":"https:\/\/www.facebook.com\/altominhotv","article_published_time":"2020-11-26T18:02:41+00:00","article_modified_time":"2020-11-26T18:02:45+00:00","og_image":[{"width":1920,"height":1280,"url":"https:\/\/www.altominho.tv\/site\/wp-content\/uploads\/2020\/11\/gifts-3835455_1920.jpg","type":"image\/jpeg"}],"author":"Andreia Ferreira","twitter_card":"summary_large_image","twitter_creator":"@altominhoTV","twitter_site":"@altominhoTV","twitter_misc":{"Escrito por":"Andreia Ferreira","Tempo estimado de leitura":"2 minutos"},"schema":{"@context":"https:\/\/schema.org","@graph":[{"@type":"Article","@id":"https:\/\/www.altominho.tv\/site\/2020\/11\/26\/campanha-solidaria-quer-oferecer-presentes-a-mais-de-500-criancas-carenciadas\/#article","isPartOf":{"@id":"https:\/\/www.altominho.tv\/site\/2020\/11\/26\/campanha-solidaria-quer-oferecer-presentes-a-mais-de-500-criancas-carenciadas\/"},"author":{"name":"Andreia Ferreira","@id":"https:\/\/www.altominho.tv\/site\/#\/schema\/person\/d9be4265364723f14ea8e0d56a1d38cd"},"headline":"Campanha solid\u00e1ria quer oferecer presentes a mais de 500 crian\u00e7as carenciadas","datePublished":"2020-11-26T18:02:41+00:00","dateModified":"2020-11-26T18:02:45+00:00","mainEntityOfPage":{"@id":"https:\/\/www.altominho.tv\/site\/2020\/11\/26\/campanha-solidaria-quer-oferecer-presentes-a-mais-de-500-criancas-carenciadas\/"},"wordCount":318,"image":{"@id":"https:\/\/www.altominho.tv\/site\/2020\/11\/26\/campanha-solidaria-quer-oferecer-presentes-a-mais-de-500-criancas-carenciadas\/#primaryimage"},"thumbnailUrl":"https:\/\/www.altominho.tv\/site\/wp-content\/uploads\/2020\/11\/gifts-3835455_1920.jpg","keywords":["Sociedade"],"articleSection":["Viana do Castelo"],"inLanguage":"pt-PT","copyrightYear":"2020","copyrightHolder":{"@id":"https:\/\/www.altominho.tv\/site\/#organization"}},{"@type":"WebPage","@id":"https:\/\/www.altominho.tv\/site\/2020\/11\/26\/campanha-solidaria-quer-oferecer-presentes-a-mais-de-500-criancas-carenciadas\/","url":"https:\/\/www.altominho.tv\/site\/2020\/11\/26\/campanha-solidaria-quer-oferecer-presentes-a-mais-de-500-criancas-carenciadas\/","name":"Campanha solid\u00e1ria quer oferecer presentes a mais de 500 crian\u00e7as carenciadas","isPartOf":{"@id":"https:\/\/www.altominho.tv\/site\/#website"},"primaryImageOfPage":{"@id":"https:\/\/www.altominho.tv\/site\/2020\/11\/26\/campanha-solidaria-quer-oferecer-presentes-a-mais-de-500-criancas-carenciadas\/#primaryimage"},"image":{"@id":"https:\/\/www.altominho.tv\/site\/2020\/11\/26\/campanha-solidaria-quer-oferecer-presentes-a-mais-de-500-criancas-carenciadas\/#primaryimage"},"thumbnailUrl":"https:\/\/www.altominho.tv\/site\/wp-content\/uploads\/2020\/11\/gifts-3835455_1920.jpg","datePublished":"2020-11-26T18:02:41+00:00","dateModified":"2020-11-26T18:02:45+00:00","author":{"@id":"https:\/\/www.altominho.tv\/site\/#\/schema\/person\/d9be4265364723f14ea8e0d56a1d38cd"},"breadcrumb":{"@id":"https:\/\/www.altominho.tv\/site\/2020\/11\/26\/campanha-solidaria-quer-oferecer-presentes-a-mais-de-500-criancas-carenciadas\/#breadcrumb"},"inLanguage":"pt-PT","potentialAction":[{"@type":"ReadAction","target":["https:\/\/www.altominho.tv\/site\/2020\/11\/26\/campanha-solidaria-quer-oferecer-presentes-a-mais-de-500-criancas-carenciadas\/"]}]},{"@type":"ImageObject","inLanguage":"pt-PT","@id":"https:\/\/www.altominho.tv\/site\/2020\/11\/26\/campanha-solidaria-quer-oferecer-presentes-a-mais-de-500-criancas-carenciadas\/#primaryimage","url":"https:\/\/www.altominho.tv\/site\/wp-content\/uploads\/2020\/11\/gifts-3835455_1920.jpg","contentUrl":"https:\/\/www.altominho.tv\/site\/wp-content\/uploads\/2020\/11\/gifts-3835455_1920.jpg","width":1920,"height":1280,"caption":"PIXABAY"},{"@type":"BreadcrumbList","@id":"https:\/\/www.altominho.tv\/site\/2020\/11\/26\/campanha-solidaria-quer-oferecer-presentes-a-mais-de-500-criancas-carenciadas\/#breadcrumb","itemListElement":[{"@type":"ListItem","position":1,"name":"In\u00edcio","item":"https:\/\/www.altominho.tv\/site\/"},{"@type":"ListItem","position":2,"name":"Campanha solid\u00e1ria quer oferecer presentes a mais de 500 crian\u00e7as carenciadas"}]},{"@type":"WebSite","@id":"https:\/\/www.altominho.tv\/site\/#website","url":"https:\/\/www.altominho.tv\/site\/","name":"Altominho.tv","description":"A sua regi\u00e3o \u00e0 dist\u00e2ncia de um clique...","potentialAction":[{"@type":"SearchAction","target":{"@type":"EntryPoint","urlTemplate":"https:\/\/www.altominho.tv\/site\/?s={search_term_string}"},"query-input":{"@type":"PropertyValueSpecification","valueRequired":true,"valueName":"search_term_string"}}],"inLanguage":"pt-PT"},{"@type":"Person","@id":"https:\/\/www.altominho.tv\/site\/#\/schema\/person\/d9be4265364723f14ea8e0d56a1d38cd","name":"Andreia Ferreira","image":{"@type":"ImageObject","inLanguage":"pt-PT","@id":"https:\/\/www.altominho.tv\/site\/wp-content\/uploads\/2021\/01\/AndreiaFerreira-150x150.jpg","url":"https:\/\/www.altominho.tv\/site\/wp-content\/uploads\/2021\/01\/AndreiaFerreira-150x150.jpg","contentUrl":"https:\/\/www.altominho.tv\/site\/wp-content\/uploads\/2021\/01\/AndreiaFerreira-150x150.jpg","caption":"Andreia Ferreira"},"url":"https:\/\/www.altominho.tv\/site\/author\/andreiaferreira\/"}]}},"_links":{"self":[{"href":"https:\/\/www.altominho.tv\/site\/wp-json\/wp\/v2\/posts\/56614","targetHints":{"allow":["GET"]}}],"collection":[{"href":"https:\/\/www.altominho.tv\/site\/wp-json\/wp\/v2\/posts"}],"about":[{"href":"https:\/\/www.altominho.tv\/site\/wp-json\/wp\/v2\/types\/post"}],"author":[{"embeddable":true,"href":"https:\/\/www.altominho.tv\/site\/wp-json\/wp\/v2\/users\/12"}],"replies":[{"embeddable":true,"href":"https:\/\/www.altominho.tv\/site\/wp-json\/wp\/v2\/comments?post=56614"}],"version-history":[{"count":0,"href":"https:\/\/www.altominho.tv\/site\/wp-json\/wp\/v2\/posts\/56614\/revisions"}],"wp:featuredmedia":[{"embeddable":true,"href":"https:\/\/www.altominho.tv\/site\/wp-json\/wp\/v2\/media\/56617"}],"wp:attachment":[{"href":"https:\/\/www.altominho.tv\/site\/wp-json\/wp\/v2\/media?parent=56614"}],"wp:term":[{"taxonomy":"category","embeddable":true,"href":"https:\/\/www.altominho.tv\/site\/wp-json\/wp\/v2\/categories?post=56614"},{"taxonomy":"post_tag","embeddable":true,"href":"https:\/\/www.altominho.tv\/site\/wp-json\/wp\/v2\/tags?post=56614"}],"curies":[{"name":"wp","href":"https:\/\/api.w.org\/{rel}","templated":true}]}}