{"id":56460,"date":"2020-11-23T17:14:41","date_gmt":"2020-11-23T17:14:41","guid":{"rendered":"https:\/\/www.altominho.tv\/site\/?p=56460"},"modified":"2020-11-23T17:14:45","modified_gmt":"2020-11-23T17:14:45","slug":"moncao-distinguido-com-bandeira-de-autarquia-familiarmente-responsavel","status":"publish","type":"post","link":"https:\/\/www.altominho.tv\/site\/2020\/11\/23\/moncao-distinguido-com-bandeira-de-autarquia-familiarmente-responsavel\/","title":{"rendered":"Mon\u00e7\u00e3o distinguido com bandeira de \u201cAutarquia Familiarmente Respons\u00e1vel\u201d"},"content":{"rendered":"<p>O concelho de Mon\u00e7\u00e3o foi distinguido com a bandeira verde para \u201cpol\u00edticas amigas da fam\u00edlia\u201d pelo Observat\u00f3rio das Autarquias Familiarmente Respons\u00e1veis (OAFR), na 12.\u00aa edi\u00e7\u00e3o da iniciativa. O distrito de Viana do Castelo teve, pela primeira vez, um munic\u00edpio distinguido com a bandeira de \u201cAutarquia Familiarmente Respons\u00e1vel\u201d.<\/p>\n<p>Para o presidente da C\u00e2mara, &#8220;este pr\u00e9mio enche de orgulho todos os mon\u00e7anenses, refletindo uma estrat\u00e9gia do munic\u00edpio focada na defesa e valoriza\u00e7\u00e3o da fam\u00edlia&#8221; e desenvolvida &#8220;em parceria com os organismos estatais, as institui\u00e7\u00f5es sociais e a sociedade civil&#8221;.<\/p>\n<p>\u201cO nosso objetivo \u00e9 criar condi\u00e7\u00f5es para garantir conforto, bem-estar e qualidade de vida a todas as fam\u00edlias naturais de Mon\u00e7\u00e3o e aquelas que escolheram a nossa terra para residir. Este pr\u00e9mio diz-nos que estamos no caminho certo e d\u00e1-nos alento para continuarmos\u201d, afirma Ant\u00f3nio Barbosa, citado no comunicado enviado esta segunda-feira \u00e0 imprensa.<\/p>\n<p>Segundo a autarquia, a entrega desta bandeira deve-se a &#8220;um conjunto de medidas de apoio \u00e0s fam\u00edlias e ao envelhecimento ativo&#8221;.<\/p>\n<p>Criado em 2008, por iniciativa da Associa\u00e7\u00e3o Portuguesa de Fam\u00edlias Numerosas, o Observat\u00f3rio tem como principais objetivos \u201cacompanhar, galardoar e divulgar as melhores pr\u00e1ticas das autarquias portuguesas em mat\u00e9ria de responsabilidade familiar para as fam\u00edlias em geral\u201d. Este ano, <span style=\"font-size: inherit\">foram premiados 81 munic\u00edpios portugueses.<\/span><\/p>\n","protected":false},"excerpt":{"rendered":"<p>O concelho de Mon\u00e7\u00e3o foi distinguido com a bandeira verde para \u201cpol\u00edticas amigas da fam\u00edlia\u201d pelo Observat\u00f3rio das Autarquias Familiarmente Respons\u00e1veis (OAFR), na 12.\u00aa edi\u00e7\u00e3o da iniciativa. O distrito de Viana do Castelo teve, pela primeira vez, um munic\u00edpio distinguido com a bandeira de \u201cAutarquia Familiarmente Respons\u00e1vel\u201d. Para o presidente da C\u00e2mara, &#8220;este pr\u00e9mio enche [&hellip;]<\/p>\n","protected":false},"author":12,"featured_media":56461,"comment_status":"closed","ping_status":"closed","sticky":false,"template":"","format":"standard","meta":{"_exactmetrics_skip_tracking":false,"footnotes":""},"categories":[9],"tags":[27],"class_list":["post-56460","post","type-post","status-publish","format-standard","has-post-thumbnail","hentry","category-moncao","tag-sociedade"],"yoast_head":"<!-- This site is optimized with the Yoast SEO Premium plugin v28.3 (Yoast SEO v28.3) - https:\/\/yoast.com\/product\/yoast-seo-premium-wordpress\/ -->\n<title>Mon\u00e7\u00e3o distinguido com bandeira de \u201cAutarquia Familiarmente Respons\u00e1vel\u201d<\/title>\n<meta name=\"robots\" content=\"index, follow, max-snippet:-1, max-image-preview:large, max-video-preview:-1\" \/>\n<link rel=\"canonical\" href=\"https:\/\/www.altominho.tv\/site\/2020\/11\/23\/moncao-distinguido-com-bandeira-de-autarquia-familiarmente-responsavel\/\" \/>\n<meta property=\"og:locale\" content=\"pt_PT\" \/>\n<meta property=\"og:type\" content=\"article\" \/>\n<meta property=\"og:title\" content=\"Mon\u00e7\u00e3o distinguido com bandeira de \u201cAutarquia Familiarmente Respons\u00e1vel\u201d\" \/>\n<meta property=\"og:description\" content=\"O concelho de Mon\u00e7\u00e3o foi distinguido com a bandeira verde para \u201cpol\u00edticas amigas da fam\u00edlia\u201d pelo Observat\u00f3rio das Autarquias Familiarmente Respons\u00e1veis (OAFR), na 12.\u00aa edi\u00e7\u00e3o da iniciativa. O distrito de Viana do Castelo teve, pela primeira vez, um munic\u00edpio distinguido com a bandeira de \u201cAutarquia Familiarmente Respons\u00e1vel\u201d. Para o presidente da C\u00e2mara, &#8220;este pr\u00e9mio enche [&hellip;]\" \/>\n<meta property=\"og:url\" content=\"https:\/\/www.altominho.tv\/site\/2020\/11\/23\/moncao-distinguido-com-bandeira-de-autarquia-familiarmente-responsavel\/\" \/>\n<meta property=\"og:site_name\" content=\"Altominho.tv\" \/>\n<meta property=\"article:publisher\" content=\"https:\/\/www.facebook.com\/altominhotv\" \/>\n<meta property=\"article:published_time\" content=\"2020-11-23T17:14:41+00:00\" \/>\n<meta property=\"article:modified_time\" content=\"2020-11-23T17:14:45+00:00\" \/>\n<meta property=\"og:image\" content=\"https:\/\/www.altominho.tv\/site\/wp-content\/uploads\/2020\/11\/Monc\u0327a\u0303o.jpg\" \/>\n\t<meta property=\"og:image:width\" content=\"1570\" \/>\n\t<meta property=\"og:image:height\" content=\"782\" \/>\n\t<meta property=\"og:image:type\" content=\"image\/jpeg\" \/>\n<meta name=\"author\" content=\"Andreia Ferreira\" \/>\n<meta name=\"twitter:card\" content=\"summary_large_image\" \/>\n<meta name=\"twitter:creator\" content=\"@altominhoTV\" \/>\n<meta name=\"twitter:site\" content=\"@altominhoTV\" \/>\n<meta name=\"twitter:label1\" content=\"Escrito por\" \/>\n\t<meta name=\"twitter:data1\" content=\"Andreia Ferreira\" \/>\n\t<meta name=\"twitter:label2\" content=\"Tempo estimado de leitura\" \/>\n\t<meta name=\"twitter:data2\" content=\"1 minuto\" \/>\n<script type=\"application\/ld+json\" class=\"yoast-schema-graph\">{\"@context\":\"https:\\\/\\\/schema.org\",\"@graph\":[{\"@type\":\"Article\",\"@id\":\"https:\\\/\\\/www.altominho.tv\\\/site\\\/2020\\\/11\\\/23\\\/moncao-distinguido-com-bandeira-de-autarquia-familiarmente-responsavel\\\/#article\",\"isPartOf\":{\"@id\":\"https:\\\/\\\/www.altominho.tv\\\/site\\\/2020\\\/11\\\/23\\\/moncao-distinguido-com-bandeira-de-autarquia-familiarmente-responsavel\\\/\"},\"author\":{\"name\":\"Andreia Ferreira\",\"@id\":\"https:\\\/\\\/www.altominho.tv\\\/site\\\/#\\\/schema\\\/person\\\/d9be4265364723f14ea8e0d56a1d38cd\"},\"headline\":\"Mon\u00e7\u00e3o distinguido com bandeira de \u201cAutarquia Familiarmente Respons\u00e1vel\u201d\",\"datePublished\":\"2020-11-23T17:14:41+00:00\",\"dateModified\":\"2020-11-23T17:14:45+00:00\",\"mainEntityOfPage\":{\"@id\":\"https:\\\/\\\/www.altominho.tv\\\/site\\\/2020\\\/11\\\/23\\\/moncao-distinguido-com-bandeira-de-autarquia-familiarmente-responsavel\\\/\"},\"wordCount\":241,\"image\":{\"@id\":\"https:\\\/\\\/www.altominho.tv\\\/site\\\/2020\\\/11\\\/23\\\/moncao-distinguido-com-bandeira-de-autarquia-familiarmente-responsavel\\\/#primaryimage\"},\"thumbnailUrl\":\"https:\\\/\\\/www.altominho.tv\\\/site\\\/wp-content\\\/uploads\\\/2020\\\/11\\\/Monc\u0327a\u0303o.jpg\",\"keywords\":[\"Sociedade\"],\"articleSection\":[\"Mon\u00e7\u00e3o\"],\"inLanguage\":\"pt-PT\",\"copyrightYear\":\"2020\",\"copyrightHolder\":{\"@id\":\"https:\\\/\\\/www.altominho.tv\\\/site\\\/#organization\"}},{\"@type\":\"WebPage\",\"@id\":\"https:\\\/\\\/www.altominho.tv\\\/site\\\/2020\\\/11\\\/23\\\/moncao-distinguido-com-bandeira-de-autarquia-familiarmente-responsavel\\\/\",\"url\":\"https:\\\/\\\/www.altominho.tv\\\/site\\\/2020\\\/11\\\/23\\\/moncao-distinguido-com-bandeira-de-autarquia-familiarmente-responsavel\\\/\",\"name\":\"Mon\u00e7\u00e3o distinguido com bandeira de \u201cAutarquia Familiarmente Respons\u00e1vel\u201d\",\"isPartOf\":{\"@id\":\"https:\\\/\\\/www.altominho.tv\\\/site\\\/#website\"},\"primaryImageOfPage\":{\"@id\":\"https:\\\/\\\/www.altominho.tv\\\/site\\\/2020\\\/11\\\/23\\\/moncao-distinguido-com-bandeira-de-autarquia-familiarmente-responsavel\\\/#primaryimage\"},\"image\":{\"@id\":\"https:\\\/\\\/www.altominho.tv\\\/site\\\/2020\\\/11\\\/23\\\/moncao-distinguido-com-bandeira-de-autarquia-familiarmente-responsavel\\\/#primaryimage\"},\"thumbnailUrl\":\"https:\\\/\\\/www.altominho.tv\\\/site\\\/wp-content\\\/uploads\\\/2020\\\/11\\\/Monc\u0327a\u0303o.jpg\",\"datePublished\":\"2020-11-23T17:14:41+00:00\",\"dateModified\":\"2020-11-23T17:14:45+00:00\",\"author\":{\"@id\":\"https:\\\/\\\/www.altominho.tv\\\/site\\\/#\\\/schema\\\/person\\\/d9be4265364723f14ea8e0d56a1d38cd\"},\"breadcrumb\":{\"@id\":\"https:\\\/\\\/www.altominho.tv\\\/site\\\/2020\\\/11\\\/23\\\/moncao-distinguido-com-bandeira-de-autarquia-familiarmente-responsavel\\\/#breadcrumb\"},\"inLanguage\":\"pt-PT\",\"potentialAction\":[{\"@type\":\"ReadAction\",\"target\":[\"https:\\\/\\\/www.altominho.tv\\\/site\\\/2020\\\/11\\\/23\\\/moncao-distinguido-com-bandeira-de-autarquia-familiarmente-responsavel\\\/\"]}]},{\"@type\":\"ImageObject\",\"inLanguage\":\"pt-PT\",\"@id\":\"https:\\\/\\\/www.altominho.tv\\\/site\\\/2020\\\/11\\\/23\\\/moncao-distinguido-com-bandeira-de-autarquia-familiarmente-responsavel\\\/#primaryimage\",\"url\":\"https:\\\/\\\/www.altominho.tv\\\/site\\\/wp-content\\\/uploads\\\/2020\\\/11\\\/Monc\u0327a\u0303o.jpg\",\"contentUrl\":\"https:\\\/\\\/www.altominho.tv\\\/site\\\/wp-content\\\/uploads\\\/2020\\\/11\\\/Monc\u0327a\u0303o.jpg\",\"width\":1570,\"height\":782},{\"@type\":\"BreadcrumbList\",\"@id\":\"https:\\\/\\\/www.altominho.tv\\\/site\\\/2020\\\/11\\\/23\\\/moncao-distinguido-com-bandeira-de-autarquia-familiarmente-responsavel\\\/#breadcrumb\",\"itemListElement\":[{\"@type\":\"ListItem\",\"position\":1,\"name\":\"In\u00edcio\",\"item\":\"https:\\\/\\\/www.altominho.tv\\\/site\\\/\"},{\"@type\":\"ListItem\",\"position\":2,\"name\":\"Mon\u00e7\u00e3o distinguido com bandeira de \u201cAutarquia Familiarmente Respons\u00e1vel\u201d\"}]},{\"@type\":\"WebSite\",\"@id\":\"https:\\\/\\\/www.altominho.tv\\\/site\\\/#website\",\"url\":\"https:\\\/\\\/www.altominho.tv\\\/site\\\/\",\"name\":\"Altominho.tv\",\"description\":\"A sua regi\u00e3o \u00e0 dist\u00e2ncia de um clique...\",\"potentialAction\":[{\"@type\":\"SearchAction\",\"target\":{\"@type\":\"EntryPoint\",\"urlTemplate\":\"https:\\\/\\\/www.altominho.tv\\\/site\\\/?s={search_term_string}\"},\"query-input\":{\"@type\":\"PropertyValueSpecification\",\"valueRequired\":true,\"valueName\":\"search_term_string\"}}],\"inLanguage\":\"pt-PT\"},{\"@type\":\"Person\",\"@id\":\"https:\\\/\\\/www.altominho.tv\\\/site\\\/#\\\/schema\\\/person\\\/d9be4265364723f14ea8e0d56a1d38cd\",\"name\":\"Andreia Ferreira\",\"image\":{\"@type\":\"ImageObject\",\"inLanguage\":\"pt-PT\",\"@id\":\"https:\\\/\\\/www.altominho.tv\\\/site\\\/wp-content\\\/uploads\\\/2021\\\/01\\\/AndreiaFerreira-150x150.jpg\",\"url\":\"https:\\\/\\\/www.altominho.tv\\\/site\\\/wp-content\\\/uploads\\\/2021\\\/01\\\/AndreiaFerreira-150x150.jpg\",\"contentUrl\":\"https:\\\/\\\/www.altominho.tv\\\/site\\\/wp-content\\\/uploads\\\/2021\\\/01\\\/AndreiaFerreira-150x150.jpg\",\"caption\":\"Andreia Ferreira\"},\"url\":\"https:\\\/\\\/www.altominho.tv\\\/site\\\/author\\\/andreiaferreira\\\/\"}]}<\/script>\n<!-- \/ Yoast SEO Premium plugin. -->","yoast_head_json":{"title":"Mon\u00e7\u00e3o distinguido com bandeira de \u201cAutarquia Familiarmente Respons\u00e1vel\u201d","robots":{"index":"index","follow":"follow","max-snippet":"max-snippet:-1","max-image-preview":"max-image-preview:large","max-video-preview":"max-video-preview:-1"},"canonical":"https:\/\/www.altominho.tv\/site\/2020\/11\/23\/moncao-distinguido-com-bandeira-de-autarquia-familiarmente-responsavel\/","og_locale":"pt_PT","og_type":"article","og_title":"Mon\u00e7\u00e3o distinguido com bandeira de \u201cAutarquia Familiarmente Respons\u00e1vel\u201d","og_description":"O concelho de Mon\u00e7\u00e3o foi distinguido com a bandeira verde para \u201cpol\u00edticas amigas da fam\u00edlia\u201d pelo Observat\u00f3rio das Autarquias Familiarmente Respons\u00e1veis (OAFR), na 12.\u00aa edi\u00e7\u00e3o da iniciativa. O distrito de Viana do Castelo teve, pela primeira vez, um munic\u00edpio distinguido com a bandeira de \u201cAutarquia Familiarmente Respons\u00e1vel\u201d. Para o presidente da C\u00e2mara, &#8220;este pr\u00e9mio enche [&hellip;]","og_url":"https:\/\/www.altominho.tv\/site\/2020\/11\/23\/moncao-distinguido-com-bandeira-de-autarquia-familiarmente-responsavel\/","og_site_name":"Altominho.tv","article_publisher":"https:\/\/www.facebook.com\/altominhotv","article_published_time":"2020-11-23T17:14:41+00:00","article_modified_time":"2020-11-23T17:14:45+00:00","og_image":[{"width":1570,"height":782,"url":"https:\/\/www.altominho.tv\/site\/wp-content\/uploads\/2020\/11\/Monc\u0327a\u0303o.jpg","type":"image\/jpeg"}],"author":"Andreia Ferreira","twitter_card":"summary_large_image","twitter_creator":"@altominhoTV","twitter_site":"@altominhoTV","twitter_misc":{"Escrito por":"Andreia Ferreira","Tempo estimado de leitura":"1 minuto"},"schema":{"@context":"https:\/\/schema.org","@graph":[{"@type":"Article","@id":"https:\/\/www.altominho.tv\/site\/2020\/11\/23\/moncao-distinguido-com-bandeira-de-autarquia-familiarmente-responsavel\/#article","isPartOf":{"@id":"https:\/\/www.altominho.tv\/site\/2020\/11\/23\/moncao-distinguido-com-bandeira-de-autarquia-familiarmente-responsavel\/"},"author":{"name":"Andreia Ferreira","@id":"https:\/\/www.altominho.tv\/site\/#\/schema\/person\/d9be4265364723f14ea8e0d56a1d38cd"},"headline":"Mon\u00e7\u00e3o distinguido com bandeira de \u201cAutarquia Familiarmente Respons\u00e1vel\u201d","datePublished":"2020-11-23T17:14:41+00:00","dateModified":"2020-11-23T17:14:45+00:00","mainEntityOfPage":{"@id":"https:\/\/www.altominho.tv\/site\/2020\/11\/23\/moncao-distinguido-com-bandeira-de-autarquia-familiarmente-responsavel\/"},"wordCount":241,"image":{"@id":"https:\/\/www.altominho.tv\/site\/2020\/11\/23\/moncao-distinguido-com-bandeira-de-autarquia-familiarmente-responsavel\/#primaryimage"},"thumbnailUrl":"https:\/\/www.altominho.tv\/site\/wp-content\/uploads\/2020\/11\/Monc\u0327a\u0303o.jpg","keywords":["Sociedade"],"articleSection":["Mon\u00e7\u00e3o"],"inLanguage":"pt-PT","copyrightYear":"2020","copyrightHolder":{"@id":"https:\/\/www.altominho.tv\/site\/#organization"}},{"@type":"WebPage","@id":"https:\/\/www.altominho.tv\/site\/2020\/11\/23\/moncao-distinguido-com-bandeira-de-autarquia-familiarmente-responsavel\/","url":"https:\/\/www.altominho.tv\/site\/2020\/11\/23\/moncao-distinguido-com-bandeira-de-autarquia-familiarmente-responsavel\/","name":"Mon\u00e7\u00e3o distinguido com bandeira de \u201cAutarquia Familiarmente Respons\u00e1vel\u201d","isPartOf":{"@id":"https:\/\/www.altominho.tv\/site\/#website"},"primaryImageOfPage":{"@id":"https:\/\/www.altominho.tv\/site\/2020\/11\/23\/moncao-distinguido-com-bandeira-de-autarquia-familiarmente-responsavel\/#primaryimage"},"image":{"@id":"https:\/\/www.altominho.tv\/site\/2020\/11\/23\/moncao-distinguido-com-bandeira-de-autarquia-familiarmente-responsavel\/#primaryimage"},"thumbnailUrl":"https:\/\/www.altominho.tv\/site\/wp-content\/uploads\/2020\/11\/Monc\u0327a\u0303o.jpg","datePublished":"2020-11-23T17:14:41+00:00","dateModified":"2020-11-23T17:14:45+00:00","author":{"@id":"https:\/\/www.altominho.tv\/site\/#\/schema\/person\/d9be4265364723f14ea8e0d56a1d38cd"},"breadcrumb":{"@id":"https:\/\/www.altominho.tv\/site\/2020\/11\/23\/moncao-distinguido-com-bandeira-de-autarquia-familiarmente-responsavel\/#breadcrumb"},"inLanguage":"pt-PT","potentialAction":[{"@type":"ReadAction","target":["https:\/\/www.altominho.tv\/site\/2020\/11\/23\/moncao-distinguido-com-bandeira-de-autarquia-familiarmente-responsavel\/"]}]},{"@type":"ImageObject","inLanguage":"pt-PT","@id":"https:\/\/www.altominho.tv\/site\/2020\/11\/23\/moncao-distinguido-com-bandeira-de-autarquia-familiarmente-responsavel\/#primaryimage","url":"https:\/\/www.altominho.tv\/site\/wp-content\/uploads\/2020\/11\/Monc\u0327a\u0303o.jpg","contentUrl":"https:\/\/www.altominho.tv\/site\/wp-content\/uploads\/2020\/11\/Monc\u0327a\u0303o.jpg","width":1570,"height":782},{"@type":"BreadcrumbList","@id":"https:\/\/www.altominho.tv\/site\/2020\/11\/23\/moncao-distinguido-com-bandeira-de-autarquia-familiarmente-responsavel\/#breadcrumb","itemListElement":[{"@type":"ListItem","position":1,"name":"In\u00edcio","item":"https:\/\/www.altominho.tv\/site\/"},{"@type":"ListItem","position":2,"name":"Mon\u00e7\u00e3o distinguido com bandeira de \u201cAutarquia Familiarmente Respons\u00e1vel\u201d"}]},{"@type":"WebSite","@id":"https:\/\/www.altominho.tv\/site\/#website","url":"https:\/\/www.altominho.tv\/site\/","name":"Altominho.tv","description":"A sua regi\u00e3o \u00e0 dist\u00e2ncia de um clique...","potentialAction":[{"@type":"SearchAction","target":{"@type":"EntryPoint","urlTemplate":"https:\/\/www.altominho.tv\/site\/?s={search_term_string}"},"query-input":{"@type":"PropertyValueSpecification","valueRequired":true,"valueName":"search_term_string"}}],"inLanguage":"pt-PT"},{"@type":"Person","@id":"https:\/\/www.altominho.tv\/site\/#\/schema\/person\/d9be4265364723f14ea8e0d56a1d38cd","name":"Andreia Ferreira","image":{"@type":"ImageObject","inLanguage":"pt-PT","@id":"https:\/\/www.altominho.tv\/site\/wp-content\/uploads\/2021\/01\/AndreiaFerreira-150x150.jpg","url":"https:\/\/www.altominho.tv\/site\/wp-content\/uploads\/2021\/01\/AndreiaFerreira-150x150.jpg","contentUrl":"https:\/\/www.altominho.tv\/site\/wp-content\/uploads\/2021\/01\/AndreiaFerreira-150x150.jpg","caption":"Andreia Ferreira"},"url":"https:\/\/www.altominho.tv\/site\/author\/andreiaferreira\/"}]}},"_links":{"self":[{"href":"https:\/\/www.altominho.tv\/site\/wp-json\/wp\/v2\/posts\/56460","targetHints":{"allow":["GET"]}}],"collection":[{"href":"https:\/\/www.altominho.tv\/site\/wp-json\/wp\/v2\/posts"}],"about":[{"href":"https:\/\/www.altominho.tv\/site\/wp-json\/wp\/v2\/types\/post"}],"author":[{"embeddable":true,"href":"https:\/\/www.altominho.tv\/site\/wp-json\/wp\/v2\/users\/12"}],"replies":[{"embeddable":true,"href":"https:\/\/www.altominho.tv\/site\/wp-json\/wp\/v2\/comments?post=56460"}],"version-history":[{"count":0,"href":"https:\/\/www.altominho.tv\/site\/wp-json\/wp\/v2\/posts\/56460\/revisions"}],"wp:featuredmedia":[{"embeddable":true,"href":"https:\/\/www.altominho.tv\/site\/wp-json\/wp\/v2\/media\/56461"}],"wp:attachment":[{"href":"https:\/\/www.altominho.tv\/site\/wp-json\/wp\/v2\/media?parent=56460"}],"wp:term":[{"taxonomy":"category","embeddable":true,"href":"https:\/\/www.altominho.tv\/site\/wp-json\/wp\/v2\/categories?post=56460"},{"taxonomy":"post_tag","embeddable":true,"href":"https:\/\/www.altominho.tv\/site\/wp-json\/wp\/v2\/tags?post=56460"}],"curies":[{"name":"wp","href":"https:\/\/api.w.org\/{rel}","templated":true}]}}