{"id":56251,"date":"2020-11-19T20:49:20","date_gmt":"2020-11-19T20:49:20","guid":{"rendered":"https:\/\/www.altominho.tv\/site\/?p=56251"},"modified":"2020-11-19T20:49:25","modified_gmt":"2020-11-19T20:49:25","slug":"empresarios-do-alto-minho-exigem-mais-e-melhores-apoios","status":"publish","type":"post","link":"https:\/\/www.altominho.tv\/site\/2020\/11\/19\/empresarios-do-alto-minho-exigem-mais-e-melhores-apoios\/","title":{"rendered":"Empres\u00e1rios do Alto Minho exigem \u201cmais e melhores apoios\u201d"},"content":{"rendered":"\n<p class=\"wp-block-paragraph\">A Associa\u00e7\u00e3o Empresarial de Viana do Castelo (AEVC) exigiu hoje ao Governo &#8220;mais e melhores apoios&#8221; para &#8220;salvar&#8221; as micro e pequenas empresas e manter &#8220;muitos postos de trabalho&#8221;.<\/p>\n\n\n\n<p class=\"wp-block-paragraph\">&#8220;Para salvar empresas e postos de trabalho, as empresas necessitam urgentemente de liquidez&#8221;, avisou a AEVC.\u00a0<br><\/p>\n\n\n\n<p class=\"wp-block-paragraph\">Em comunicado hoje enviado \u00e0s reda\u00e7\u00f5es, a AEVC, que representa cerca de 1.100 associados dos concelhos de Viana do Castelo, Caminha, Vila Nova de Cerveira, Valen\u00e7a e Paredes de Coura, considerados de maior risco de propaga\u00e7\u00e3o da covid-19, apontou o prolongamento do regime de \u2018lay off&#8217; e das morat\u00f3rias&#8221;.<br><\/p>\n\n\n\n<p class=\"wp-block-paragraph\">&#8220;Os sectores mais afetados ter\u00e3o de beneficiar de taxas reduzidas do IVA e de isen\u00e7\u00e3o tempor\u00e1ria da Taxa Social \u00danica (TSU). Os pr\u00f3ximos apoios financeiros \u00e0s empresas, para comparticipar o denominado Fundo Social Europeu (FSE) ter\u00e3o de ter maior dimens\u00e3o e uma elevada componente a fundo perdido&#8221;, especificou.<br><\/p>\n\n\n\n<p class=\"wp-block-paragraph\">A AEVC, que tem sede na capital do Alto Minho, apontou ainda &#8220;o perd\u00e3o tempor\u00e1rio das rendas, e maior rapidez na implementa\u00e7\u00e3o das medidas&#8221;.<br><\/p>\n\n\n\n<p class=\"wp-block-paragraph\">&#8220;N\u00e3o poderemos continuar a assistir ao enorme desfasamento temporal entre o an\u00fancio de uma medida, a sua regulamenta\u00e7\u00e3o e disponibiliza\u00e7\u00e3o e a entrada dos apoios nos cofres das empresas&#8221;, refere a nota.<br><\/p>\n\n\n\n<p class=\"wp-block-paragraph\">A AEVC defende ainda ser &#8220;fundamental introduzir est\u00edmulos \u00e0 procura e medidas de apoio adicionais, nomeadamente, o aumento significativo dos montantes previstos para o programa\u00a0<a href=\"http:\/\/apoiar.pt\/\" rel=\"noreferrer noopener\" target=\"_blank\">APOIAR.PT<\/a>, e a urgente disponibiliza\u00e7\u00e3o do programa ADAPTAR 2.0&#8243;.<br>A associa\u00e7\u00e3o reclama ainda &#8220;apoio \u00e0s quebras na fatura\u00e7\u00e3o da restaura\u00e7\u00e3o, que ter\u00e1 de ter em conta per\u00edodos hom\u00f3logos de 2019 e n\u00e3o os terr\u00edveis meses de 2020 e o perd\u00e3o de 50% das rendas comerciais, com in\u00edcio em abril de 2020, pelo menos durante um ano&#8221;.<br><\/p>\n\n\n\n<p class=\"wp-block-paragraph\">&#8220;\u00c9 f\u00e1cil? N\u00e3o. \u00c9 poss\u00edvel? \u00c9.\u00c9 vi\u00e1vel? Ter\u00e1 de ser. Como representantes destas empresas, a quase generalidade micro e pequenas empresas, reivindicamos mais e melhores apoios. Ser\u00e3o salvas muitas empresas, ser\u00e3o mantidos muitos postos de trabalho&#8221;, remata a nota.<br><\/p>\n\n\n\n<p class=\"wp-block-paragraph\">A pandemia de covid-19 provocou pelo menos 1.350.275 mortos resultantes de mais de 56,2 milh\u00f5es de casos de infe\u00e7\u00e3o em todo o mundo, segundo um balan\u00e7o feito pela ag\u00eancia francesa AFP.<br><\/p>\n\n\n\n<p class=\"wp-block-paragraph\">Em Portugal, morreram 3.701 pessoas dos 243.009 casos de infe\u00e7\u00e3o confirmados, de acordo com o boletim mais recente da Dire\u00e7\u00e3o-Geral da Sa\u00fade.<br><\/p>\n\n\n\n<p class=\"wp-block-paragraph\">A doen\u00e7a \u00e9 transmitida por um novo coronav\u00edrus detetado no final de dezembro de 2019, em Wuhan, uma cidade do centro da China.<\/p>\n","protected":false},"excerpt":{"rendered":"<p>A Associa\u00e7\u00e3o Empresarial de Viana do Castelo (AEVC) exigiu hoje ao Governo &#8220;mais e melhores apoios&#8221; para &#8220;salvar&#8221; as micro e pequenas empresas e manter &#8220;muitos postos de trabalho&#8221;. &#8220;Para salvar empresas e postos de trabalho, as empresas necessitam urgentemente de liquidez&#8221;, avisou a AEVC.\u00a0 Em comunicado hoje enviado \u00e0s reda\u00e7\u00f5es, a AEVC, que representa [&hellip;]<\/p>\n","protected":false},"author":7,"featured_media":56252,"comment_status":"closed","ping_status":"closed","sticky":false,"template":"","format":"standard","meta":{"_exactmetrics_skip_tracking":false,"footnotes":""},"categories":[73],"tags":[21,27],"class_list":["post-56251","post","type-post","status-publish","format-standard","has-post-thumbnail","hentry","category-alto-minho","tag-economia","tag-sociedade"],"yoast_head":"<!-- This site is optimized with the Yoast SEO Premium plugin v28.3 (Yoast SEO v28.3) - https:\/\/yoast.com\/product\/yoast-seo-premium-wordpress\/ -->\n<title>Empres\u00e1rios do Alto Minho exigem \u201cmais e melhores apoios\u201d<\/title>\n<meta name=\"robots\" content=\"index, follow, max-snippet:-1, max-image-preview:large, max-video-preview:-1\" \/>\n<link rel=\"canonical\" href=\"https:\/\/www.altominho.tv\/site\/2020\/11\/19\/empresarios-do-alto-minho-exigem-mais-e-melhores-apoios\/\" \/>\n<meta property=\"og:locale\" content=\"pt_PT\" \/>\n<meta property=\"og:type\" content=\"article\" \/>\n<meta property=\"og:title\" content=\"Empres\u00e1rios do Alto Minho exigem \u201cmais e melhores apoios\u201d\" \/>\n<meta property=\"og:description\" content=\"A Associa\u00e7\u00e3o Empresarial de Viana do Castelo (AEVC) exigiu hoje ao Governo &#8220;mais e melhores apoios&#8221; para &#8220;salvar&#8221; as micro e pequenas empresas e manter &#8220;muitos postos de trabalho&#8221;. &#8220;Para salvar empresas e postos de trabalho, as empresas necessitam urgentemente de liquidez&#8221;, avisou a AEVC.\u00a0 Em comunicado hoje enviado \u00e0s reda\u00e7\u00f5es, a AEVC, que representa [&hellip;]\" \/>\n<meta property=\"og:url\" content=\"https:\/\/www.altominho.tv\/site\/2020\/11\/19\/empresarios-do-alto-minho-exigem-mais-e-melhores-apoios\/\" \/>\n<meta property=\"og:site_name\" content=\"Altominho.tv\" \/>\n<meta property=\"article:publisher\" content=\"https:\/\/www.facebook.com\/altominhotv\" \/>\n<meta property=\"article:published_time\" content=\"2020-11-19T20:49:20+00:00\" \/>\n<meta property=\"article:modified_time\" content=\"2020-11-19T20:49:25+00:00\" \/>\n<meta property=\"og:image\" content=\"https:\/\/www.altominho.tv\/site\/wp-content\/uploads\/2020\/11\/aevc.jpg\" \/>\n\t<meta property=\"og:image:width\" content=\"776\" \/>\n\t<meta property=\"og:image:height\" content=\"465\" \/>\n\t<meta property=\"og:image:type\" content=\"image\/jpeg\" \/>\n<meta name=\"author\" content=\"Andreia Cunha\" \/>\n<meta name=\"twitter:card\" content=\"summary_large_image\" \/>\n<meta name=\"twitter:creator\" content=\"@altominhoTV\" \/>\n<meta name=\"twitter:site\" content=\"@altominhoTV\" \/>\n<meta name=\"twitter:label1\" content=\"Escrito por\" \/>\n\t<meta name=\"twitter:data1\" content=\"Andreia Cunha\" \/>\n\t<meta name=\"twitter:label2\" content=\"Tempo estimado de leitura\" \/>\n\t<meta name=\"twitter:data2\" content=\"2 minutos\" \/>\n<script type=\"application\/ld+json\" class=\"yoast-schema-graph\">{\"@context\":\"https:\\\/\\\/schema.org\",\"@graph\":[{\"@type\":\"Article\",\"@id\":\"https:\\\/\\\/www.altominho.tv\\\/site\\\/2020\\\/11\\\/19\\\/empresarios-do-alto-minho-exigem-mais-e-melhores-apoios\\\/#article\",\"isPartOf\":{\"@id\":\"https:\\\/\\\/www.altominho.tv\\\/site\\\/2020\\\/11\\\/19\\\/empresarios-do-alto-minho-exigem-mais-e-melhores-apoios\\\/\"},\"author\":{\"name\":\"Andreia Cunha\",\"@id\":\"https:\\\/\\\/www.altominho.tv\\\/site\\\/#\\\/schema\\\/person\\\/a0e4ef6d041f98ca284393d8f1d97153\"},\"headline\":\"Empres\u00e1rios do Alto Minho exigem \u201cmais e melhores apoios\u201d\",\"datePublished\":\"2020-11-19T20:49:20+00:00\",\"dateModified\":\"2020-11-19T20:49:25+00:00\",\"mainEntityOfPage\":{\"@id\":\"https:\\\/\\\/www.altominho.tv\\\/site\\\/2020\\\/11\\\/19\\\/empresarios-do-alto-minho-exigem-mais-e-melhores-apoios\\\/\"},\"wordCount\":433,\"image\":{\"@id\":\"https:\\\/\\\/www.altominho.tv\\\/site\\\/2020\\\/11\\\/19\\\/empresarios-do-alto-minho-exigem-mais-e-melhores-apoios\\\/#primaryimage\"},\"thumbnailUrl\":\"https:\\\/\\\/www.altominho.tv\\\/site\\\/wp-content\\\/uploads\\\/2020\\\/11\\\/aevc.jpg\",\"keywords\":[\"Economia\",\"Sociedade\"],\"articleSection\":[\"Alto Minho\"],\"inLanguage\":\"pt-PT\",\"copyrightYear\":\"2020\",\"copyrightHolder\":{\"@id\":\"https:\\\/\\\/www.altominho.tv\\\/site\\\/#organization\"}},{\"@type\":\"WebPage\",\"@id\":\"https:\\\/\\\/www.altominho.tv\\\/site\\\/2020\\\/11\\\/19\\\/empresarios-do-alto-minho-exigem-mais-e-melhores-apoios\\\/\",\"url\":\"https:\\\/\\\/www.altominho.tv\\\/site\\\/2020\\\/11\\\/19\\\/empresarios-do-alto-minho-exigem-mais-e-melhores-apoios\\\/\",\"name\":\"Empres\u00e1rios do Alto Minho exigem \u201cmais e melhores apoios\u201d\",\"isPartOf\":{\"@id\":\"https:\\\/\\\/www.altominho.tv\\\/site\\\/#website\"},\"primaryImageOfPage\":{\"@id\":\"https:\\\/\\\/www.altominho.tv\\\/site\\\/2020\\\/11\\\/19\\\/empresarios-do-alto-minho-exigem-mais-e-melhores-apoios\\\/#primaryimage\"},\"image\":{\"@id\":\"https:\\\/\\\/www.altominho.tv\\\/site\\\/2020\\\/11\\\/19\\\/empresarios-do-alto-minho-exigem-mais-e-melhores-apoios\\\/#primaryimage\"},\"thumbnailUrl\":\"https:\\\/\\\/www.altominho.tv\\\/site\\\/wp-content\\\/uploads\\\/2020\\\/11\\\/aevc.jpg\",\"datePublished\":\"2020-11-19T20:49:20+00:00\",\"dateModified\":\"2020-11-19T20:49:25+00:00\",\"author\":{\"@id\":\"https:\\\/\\\/www.altominho.tv\\\/site\\\/#\\\/schema\\\/person\\\/a0e4ef6d041f98ca284393d8f1d97153\"},\"breadcrumb\":{\"@id\":\"https:\\\/\\\/www.altominho.tv\\\/site\\\/2020\\\/11\\\/19\\\/empresarios-do-alto-minho-exigem-mais-e-melhores-apoios\\\/#breadcrumb\"},\"inLanguage\":\"pt-PT\",\"potentialAction\":[{\"@type\":\"ReadAction\",\"target\":[\"https:\\\/\\\/www.altominho.tv\\\/site\\\/2020\\\/11\\\/19\\\/empresarios-do-alto-minho-exigem-mais-e-melhores-apoios\\\/\"]}]},{\"@type\":\"ImageObject\",\"inLanguage\":\"pt-PT\",\"@id\":\"https:\\\/\\\/www.altominho.tv\\\/site\\\/2020\\\/11\\\/19\\\/empresarios-do-alto-minho-exigem-mais-e-melhores-apoios\\\/#primaryimage\",\"url\":\"https:\\\/\\\/www.altominho.tv\\\/site\\\/wp-content\\\/uploads\\\/2020\\\/11\\\/aevc.jpg\",\"contentUrl\":\"https:\\\/\\\/www.altominho.tv\\\/site\\\/wp-content\\\/uploads\\\/2020\\\/11\\\/aevc.jpg\",\"width\":776,\"height\":465},{\"@type\":\"BreadcrumbList\",\"@id\":\"https:\\\/\\\/www.altominho.tv\\\/site\\\/2020\\\/11\\\/19\\\/empresarios-do-alto-minho-exigem-mais-e-melhores-apoios\\\/#breadcrumb\",\"itemListElement\":[{\"@type\":\"ListItem\",\"position\":1,\"name\":\"In\u00edcio\",\"item\":\"https:\\\/\\\/www.altominho.tv\\\/site\\\/\"},{\"@type\":\"ListItem\",\"position\":2,\"name\":\"Empres\u00e1rios do Alto Minho exigem \u201cmais e melhores apoios\u201d\"}]},{\"@type\":\"WebSite\",\"@id\":\"https:\\\/\\\/www.altominho.tv\\\/site\\\/#website\",\"url\":\"https:\\\/\\\/www.altominho.tv\\\/site\\\/\",\"name\":\"Altominho.tv\",\"description\":\"A sua regi\u00e3o \u00e0 dist\u00e2ncia de um clique...\",\"potentialAction\":[{\"@type\":\"SearchAction\",\"target\":{\"@type\":\"EntryPoint\",\"urlTemplate\":\"https:\\\/\\\/www.altominho.tv\\\/site\\\/?s={search_term_string}\"},\"query-input\":{\"@type\":\"PropertyValueSpecification\",\"valueRequired\":true,\"valueName\":\"search_term_string\"}}],\"inLanguage\":\"pt-PT\"},{\"@type\":\"Person\",\"@id\":\"https:\\\/\\\/www.altominho.tv\\\/site\\\/#\\\/schema\\\/person\\\/a0e4ef6d041f98ca284393d8f1d97153\",\"name\":\"Andreia Cunha\",\"image\":{\"@type\":\"ImageObject\",\"inLanguage\":\"pt-PT\",\"@id\":\"https:\\\/\\\/www.altominho.tv\\\/site\\\/wp-content\\\/uploads\\\/2017\\\/11\\\/Andreia_Cunha-1-150x150.jpg\",\"url\":\"https:\\\/\\\/www.altominho.tv\\\/site\\\/wp-content\\\/uploads\\\/2017\\\/11\\\/Andreia_Cunha-1-150x150.jpg\",\"contentUrl\":\"https:\\\/\\\/www.altominho.tv\\\/site\\\/wp-content\\\/uploads\\\/2017\\\/11\\\/Andreia_Cunha-1-150x150.jpg\",\"caption\":\"Andreia Cunha\"},\"url\":\"https:\\\/\\\/www.altominho.tv\\\/site\\\/author\\\/andreiacunha\\\/\"}]}<\/script>\n<!-- \/ Yoast SEO Premium plugin. -->","yoast_head_json":{"title":"Empres\u00e1rios do Alto Minho exigem \u201cmais e melhores apoios\u201d","robots":{"index":"index","follow":"follow","max-snippet":"max-snippet:-1","max-image-preview":"max-image-preview:large","max-video-preview":"max-video-preview:-1"},"canonical":"https:\/\/www.altominho.tv\/site\/2020\/11\/19\/empresarios-do-alto-minho-exigem-mais-e-melhores-apoios\/","og_locale":"pt_PT","og_type":"article","og_title":"Empres\u00e1rios do Alto Minho exigem \u201cmais e melhores apoios\u201d","og_description":"A Associa\u00e7\u00e3o Empresarial de Viana do Castelo (AEVC) exigiu hoje ao Governo &#8220;mais e melhores apoios&#8221; para &#8220;salvar&#8221; as micro e pequenas empresas e manter &#8220;muitos postos de trabalho&#8221;. &#8220;Para salvar empresas e postos de trabalho, as empresas necessitam urgentemente de liquidez&#8221;, avisou a AEVC.\u00a0 Em comunicado hoje enviado \u00e0s reda\u00e7\u00f5es, a AEVC, que representa [&hellip;]","og_url":"https:\/\/www.altominho.tv\/site\/2020\/11\/19\/empresarios-do-alto-minho-exigem-mais-e-melhores-apoios\/","og_site_name":"Altominho.tv","article_publisher":"https:\/\/www.facebook.com\/altominhotv","article_published_time":"2020-11-19T20:49:20+00:00","article_modified_time":"2020-11-19T20:49:25+00:00","og_image":[{"width":776,"height":465,"url":"https:\/\/www.altominho.tv\/site\/wp-content\/uploads\/2020\/11\/aevc.jpg","type":"image\/jpeg"}],"author":"Andreia Cunha","twitter_card":"summary_large_image","twitter_creator":"@altominhoTV","twitter_site":"@altominhoTV","twitter_misc":{"Escrito por":"Andreia Cunha","Tempo estimado de leitura":"2 minutos"},"schema":{"@context":"https:\/\/schema.org","@graph":[{"@type":"Article","@id":"https:\/\/www.altominho.tv\/site\/2020\/11\/19\/empresarios-do-alto-minho-exigem-mais-e-melhores-apoios\/#article","isPartOf":{"@id":"https:\/\/www.altominho.tv\/site\/2020\/11\/19\/empresarios-do-alto-minho-exigem-mais-e-melhores-apoios\/"},"author":{"name":"Andreia Cunha","@id":"https:\/\/www.altominho.tv\/site\/#\/schema\/person\/a0e4ef6d041f98ca284393d8f1d97153"},"headline":"Empres\u00e1rios do Alto Minho exigem \u201cmais e melhores apoios\u201d","datePublished":"2020-11-19T20:49:20+00:00","dateModified":"2020-11-19T20:49:25+00:00","mainEntityOfPage":{"@id":"https:\/\/www.altominho.tv\/site\/2020\/11\/19\/empresarios-do-alto-minho-exigem-mais-e-melhores-apoios\/"},"wordCount":433,"image":{"@id":"https:\/\/www.altominho.tv\/site\/2020\/11\/19\/empresarios-do-alto-minho-exigem-mais-e-melhores-apoios\/#primaryimage"},"thumbnailUrl":"https:\/\/www.altominho.tv\/site\/wp-content\/uploads\/2020\/11\/aevc.jpg","keywords":["Economia","Sociedade"],"articleSection":["Alto Minho"],"inLanguage":"pt-PT","copyrightYear":"2020","copyrightHolder":{"@id":"https:\/\/www.altominho.tv\/site\/#organization"}},{"@type":"WebPage","@id":"https:\/\/www.altominho.tv\/site\/2020\/11\/19\/empresarios-do-alto-minho-exigem-mais-e-melhores-apoios\/","url":"https:\/\/www.altominho.tv\/site\/2020\/11\/19\/empresarios-do-alto-minho-exigem-mais-e-melhores-apoios\/","name":"Empres\u00e1rios do Alto Minho exigem \u201cmais e melhores apoios\u201d","isPartOf":{"@id":"https:\/\/www.altominho.tv\/site\/#website"},"primaryImageOfPage":{"@id":"https:\/\/www.altominho.tv\/site\/2020\/11\/19\/empresarios-do-alto-minho-exigem-mais-e-melhores-apoios\/#primaryimage"},"image":{"@id":"https:\/\/www.altominho.tv\/site\/2020\/11\/19\/empresarios-do-alto-minho-exigem-mais-e-melhores-apoios\/#primaryimage"},"thumbnailUrl":"https:\/\/www.altominho.tv\/site\/wp-content\/uploads\/2020\/11\/aevc.jpg","datePublished":"2020-11-19T20:49:20+00:00","dateModified":"2020-11-19T20:49:25+00:00","author":{"@id":"https:\/\/www.altominho.tv\/site\/#\/schema\/person\/a0e4ef6d041f98ca284393d8f1d97153"},"breadcrumb":{"@id":"https:\/\/www.altominho.tv\/site\/2020\/11\/19\/empresarios-do-alto-minho-exigem-mais-e-melhores-apoios\/#breadcrumb"},"inLanguage":"pt-PT","potentialAction":[{"@type":"ReadAction","target":["https:\/\/www.altominho.tv\/site\/2020\/11\/19\/empresarios-do-alto-minho-exigem-mais-e-melhores-apoios\/"]}]},{"@type":"ImageObject","inLanguage":"pt-PT","@id":"https:\/\/www.altominho.tv\/site\/2020\/11\/19\/empresarios-do-alto-minho-exigem-mais-e-melhores-apoios\/#primaryimage","url":"https:\/\/www.altominho.tv\/site\/wp-content\/uploads\/2020\/11\/aevc.jpg","contentUrl":"https:\/\/www.altominho.tv\/site\/wp-content\/uploads\/2020\/11\/aevc.jpg","width":776,"height":465},{"@type":"BreadcrumbList","@id":"https:\/\/www.altominho.tv\/site\/2020\/11\/19\/empresarios-do-alto-minho-exigem-mais-e-melhores-apoios\/#breadcrumb","itemListElement":[{"@type":"ListItem","position":1,"name":"In\u00edcio","item":"https:\/\/www.altominho.tv\/site\/"},{"@type":"ListItem","position":2,"name":"Empres\u00e1rios do Alto Minho exigem \u201cmais e melhores apoios\u201d"}]},{"@type":"WebSite","@id":"https:\/\/www.altominho.tv\/site\/#website","url":"https:\/\/www.altominho.tv\/site\/","name":"Altominho.tv","description":"A sua regi\u00e3o \u00e0 dist\u00e2ncia de um clique...","potentialAction":[{"@type":"SearchAction","target":{"@type":"EntryPoint","urlTemplate":"https:\/\/www.altominho.tv\/site\/?s={search_term_string}"},"query-input":{"@type":"PropertyValueSpecification","valueRequired":true,"valueName":"search_term_string"}}],"inLanguage":"pt-PT"},{"@type":"Person","@id":"https:\/\/www.altominho.tv\/site\/#\/schema\/person\/a0e4ef6d041f98ca284393d8f1d97153","name":"Andreia Cunha","image":{"@type":"ImageObject","inLanguage":"pt-PT","@id":"https:\/\/www.altominho.tv\/site\/wp-content\/uploads\/2017\/11\/Andreia_Cunha-1-150x150.jpg","url":"https:\/\/www.altominho.tv\/site\/wp-content\/uploads\/2017\/11\/Andreia_Cunha-1-150x150.jpg","contentUrl":"https:\/\/www.altominho.tv\/site\/wp-content\/uploads\/2017\/11\/Andreia_Cunha-1-150x150.jpg","caption":"Andreia Cunha"},"url":"https:\/\/www.altominho.tv\/site\/author\/andreiacunha\/"}]}},"_links":{"self":[{"href":"https:\/\/www.altominho.tv\/site\/wp-json\/wp\/v2\/posts\/56251","targetHints":{"allow":["GET"]}}],"collection":[{"href":"https:\/\/www.altominho.tv\/site\/wp-json\/wp\/v2\/posts"}],"about":[{"href":"https:\/\/www.altominho.tv\/site\/wp-json\/wp\/v2\/types\/post"}],"author":[{"embeddable":true,"href":"https:\/\/www.altominho.tv\/site\/wp-json\/wp\/v2\/users\/7"}],"replies":[{"embeddable":true,"href":"https:\/\/www.altominho.tv\/site\/wp-json\/wp\/v2\/comments?post=56251"}],"version-history":[{"count":0,"href":"https:\/\/www.altominho.tv\/site\/wp-json\/wp\/v2\/posts\/56251\/revisions"}],"wp:featuredmedia":[{"embeddable":true,"href":"https:\/\/www.altominho.tv\/site\/wp-json\/wp\/v2\/media\/56252"}],"wp:attachment":[{"href":"https:\/\/www.altominho.tv\/site\/wp-json\/wp\/v2\/media?parent=56251"}],"wp:term":[{"taxonomy":"category","embeddable":true,"href":"https:\/\/www.altominho.tv\/site\/wp-json\/wp\/v2\/categories?post=56251"},{"taxonomy":"post_tag","embeddable":true,"href":"https:\/\/www.altominho.tv\/site\/wp-json\/wp\/v2\/tags?post=56251"}],"curies":[{"name":"wp","href":"https:\/\/api.w.org\/{rel}","templated":true}]}}