{"id":56071,"date":"2020-11-17T16:21:41","date_gmt":"2020-11-17T16:21:41","guid":{"rendered":"https:\/\/www.altominho.tv\/site\/?p=56071"},"modified":"2020-11-17T16:21:44","modified_gmt":"2020-11-17T16:21:44","slug":"cerca-de-metade-da-populacao-com-idade-igual-ou-superior-aos-65-anos-ja-foi-vacinada-contra-a-vacina-sazonal","status":"publish","type":"post","link":"https:\/\/www.altominho.tv\/site\/2020\/11\/17\/cerca-de-metade-da-populacao-com-idade-igual-ou-superior-aos-65-anos-ja-foi-vacinada-contra-a-vacina-sazonal\/","title":{"rendered":"Cerca de metade da popula\u00e7\u00e3o com idade igual ou superior aos 65 anos j\u00e1 foi vacinada contra a vacina sazonal"},"content":{"rendered":"\n<p>A Campanha de Preven\u00e7\u00e3o da Gripe Sazonal, dirigida \u00e0s pessoas com idade igual ou superior a 65 anos, est\u00e1 a ter uma grande ades\u00e3o no concelho de Caminha. A iniciativa decorre desde 19 de outubro e prolonga-se at\u00e9 20 de dezembro, mas nesta altura cerca de metade da popula\u00e7\u00e3o s\u00e9nior j\u00e1 foi vacinada. A vacina \u00e9 gratuita.<\/p>\n\n\n\n<p><br>A C\u00e2mara Municipal de Caminha, as Juntas de Freguesia e a Unidade Local de Sa\u00fade do Alto Minho (ULSAM) est\u00e3o a desenvolver, sem quaisquer custos para esta popula\u00e7\u00e3o, a Campanha de Preven\u00e7\u00e3o da Gripe Sazonal dirigida \u00e0s pessoas com idade igual ou superior a 65 anos. O prop\u00f3sito \u00e9 descentralizar a vacina\u00e7\u00e3o, ou seja, simplificar procedimentos e fazer com que os mun\u00edcipes recebam a sua vacina\u00e7\u00e3o em<br>seguran\u00e7a, sem terem necessidade de se deslocar aos Centros de Sa\u00fade de Caminha ou de Vila Praia de \u00c2ncora.<\/p>\n\n\n\n<p><br>Os n\u00fameros oficiais mostram que, at\u00e9 ao passado dia 11 de novembro, 45% da nossa popula\u00e7\u00e3o s\u00e9nior (2246 utentes) foi vacinada atrav\u00e9s do Projeto \u201cVacina\u00e7\u00e3o descentralizada da gripe sazonal no Concelho de Caminha\u201d.<\/p>\n\n\n\n<p><br>A campanha, articulada este ano de uma forma distinta do habitual, para al\u00e9m de alertar para a import\u00e2ncia da vacina da gripe, tem como objetivo salvaguardar os grupos de maior risco \u00e0 transmiss\u00e3o do v\u00edrus COVID19. Conforme j\u00e1 referimos anteriormente, os interessados devem contactar a sua Junta de Freguesia e<br>fazer a respetiva inscri\u00e7\u00e3o. Como tamb\u00e9m referimos, a vacina \u00e9 gratuita. At\u00e9 20 de dezembro, uma equipa de enfermeiros desloca-se a cada freguesia para vacinar cada um dos mun\u00edcipes inscritos.<\/p>\n\n\n\n<p><br>A vacina \u00e9 recomendada para determinados grupos populacionais, nomeadamente para aqueles em maior risco de sofrerem complica\u00e7\u00f5es, e deve ser administrada anualmente, sobretudo em pessoas com idade igual ou superior a 65 anos, consideradas as mais vulner\u00e1veis \u00e0s complica\u00e7\u00f5es da doen\u00e7a.<\/p>\n","protected":false},"excerpt":{"rendered":"<p>A Campanha de Preven\u00e7\u00e3o da Gripe Sazonal, dirigida \u00e0s pessoas com idade igual ou superior a 65 anos, est\u00e1 a ter uma grande ades\u00e3o no concelho de Caminha. A iniciativa decorre desde 19 de outubro e prolonga-se at\u00e9 20 de dezembro, mas nesta altura cerca de metade da popula\u00e7\u00e3o s\u00e9nior j\u00e1 foi vacinada. A vacina [&hellip;]<\/p>\n","protected":false},"author":9,"featured_media":54741,"comment_status":"closed","ping_status":"closed","sticky":false,"template":"","format":"standard","meta":{"_exactmetrics_skip_tracking":false,"_exactmetrics_sitenote_active":false,"_exactmetrics_sitenote_note":"","_exactmetrics_sitenote_category":0,"footnotes":""},"categories":[7],"tags":[26,27],"class_list":["post-56071","post","type-post","status-publish","format-standard","has-post-thumbnail","hentry","category-caminha","tag-saude","tag-sociedade"],"yoast_head":"<!-- This site is optimized with the Yoast SEO Premium plugin v27.5 (Yoast SEO v27.5) - https:\/\/yoast.com\/product\/yoast-seo-premium-wordpress\/ -->\n<title>Cerca de metade da popula\u00e7\u00e3o com idade igual ou superior aos 65 anos j\u00e1 foi vacinada contra a vacina sazonal<\/title>\n<meta name=\"robots\" content=\"index, follow, max-snippet:-1, max-image-preview:large, max-video-preview:-1\" \/>\n<link rel=\"canonical\" href=\"https:\/\/www.altominho.tv\/site\/2020\/11\/17\/cerca-de-metade-da-populacao-com-idade-igual-ou-superior-aos-65-anos-ja-foi-vacinada-contra-a-vacina-sazonal\/\" \/>\n<meta property=\"og:locale\" content=\"pt_PT\" \/>\n<meta property=\"og:type\" content=\"article\" \/>\n<meta property=\"og:title\" content=\"Cerca de metade da popula\u00e7\u00e3o com idade igual ou superior aos 65 anos j\u00e1 foi vacinada contra a vacina sazonal\" \/>\n<meta property=\"og:description\" content=\"A Campanha de Preven\u00e7\u00e3o da Gripe Sazonal, dirigida \u00e0s pessoas com idade igual ou superior a 65 anos, est\u00e1 a ter uma grande ades\u00e3o no concelho de Caminha. A iniciativa decorre desde 19 de outubro e prolonga-se at\u00e9 20 de dezembro, mas nesta altura cerca de metade da popula\u00e7\u00e3o s\u00e9nior j\u00e1 foi vacinada. A vacina [&hellip;]\" \/>\n<meta property=\"og:url\" content=\"https:\/\/www.altominho.tv\/site\/2020\/11\/17\/cerca-de-metade-da-populacao-com-idade-igual-ou-superior-aos-65-anos-ja-foi-vacinada-contra-a-vacina-sazonal\/\" \/>\n<meta property=\"og:site_name\" content=\"Altominho.tv\" \/>\n<meta property=\"article:publisher\" content=\"https:\/\/www.facebook.com\/altominhotv\" \/>\n<meta property=\"article:published_time\" content=\"2020-11-17T16:21:41+00:00\" \/>\n<meta property=\"article:modified_time\" content=\"2020-11-17T16:21:44+00:00\" \/>\n<meta property=\"og:image\" content=\"https:\/\/www.altominho.tv\/site\/wp-content\/uploads\/2020\/10\/gripe.jpg\" \/>\n\t<meta property=\"og:image:width\" content=\"1920\" \/>\n\t<meta property=\"og:image:height\" content=\"1080\" \/>\n\t<meta property=\"og:image:type\" content=\"image\/jpeg\" \/>\n<meta name=\"author\" content=\"Rafael Pereira\" \/>\n<meta name=\"twitter:card\" content=\"summary_large_image\" \/>\n<meta name=\"twitter:creator\" content=\"@altominhoTV\" \/>\n<meta name=\"twitter:site\" content=\"@altominhoTV\" \/>\n<meta name=\"twitter:label1\" content=\"Escrito por\" \/>\n\t<meta name=\"twitter:data1\" content=\"Rafael Pereira\" \/>\n\t<meta name=\"twitter:label2\" content=\"Tempo estimado de leitura\" \/>\n\t<meta name=\"twitter:data2\" content=\"2 minutos\" \/>\n<script type=\"application\/ld+json\" class=\"yoast-schema-graph\">{\"@context\":\"https:\\\/\\\/schema.org\",\"@graph\":[{\"@type\":\"Article\",\"@id\":\"https:\\\/\\\/www.altominho.tv\\\/site\\\/2020\\\/11\\\/17\\\/cerca-de-metade-da-populacao-com-idade-igual-ou-superior-aos-65-anos-ja-foi-vacinada-contra-a-vacina-sazonal\\\/#article\",\"isPartOf\":{\"@id\":\"https:\\\/\\\/www.altominho.tv\\\/site\\\/2020\\\/11\\\/17\\\/cerca-de-metade-da-populacao-com-idade-igual-ou-superior-aos-65-anos-ja-foi-vacinada-contra-a-vacina-sazonal\\\/\"},\"author\":{\"name\":\"Rafael Pereira\",\"@id\":\"https:\\\/\\\/www.altominho.tv\\\/site\\\/#\\\/schema\\\/person\\\/2690abd4f0b3984514ce0607afbfced7\"},\"headline\":\"Cerca de metade da popula\u00e7\u00e3o com idade igual ou superior aos 65 anos j\u00e1 foi vacinada contra a vacina sazonal\",\"datePublished\":\"2020-11-17T16:21:41+00:00\",\"dateModified\":\"2020-11-17T16:21:44+00:00\",\"mainEntityOfPage\":{\"@id\":\"https:\\\/\\\/www.altominho.tv\\\/site\\\/2020\\\/11\\\/17\\\/cerca-de-metade-da-populacao-com-idade-igual-ou-superior-aos-65-anos-ja-foi-vacinada-contra-a-vacina-sazonal\\\/\"},\"wordCount\":332,\"image\":{\"@id\":\"https:\\\/\\\/www.altominho.tv\\\/site\\\/2020\\\/11\\\/17\\\/cerca-de-metade-da-populacao-com-idade-igual-ou-superior-aos-65-anos-ja-foi-vacinada-contra-a-vacina-sazonal\\\/#primaryimage\"},\"thumbnailUrl\":\"https:\\\/\\\/www.altominho.tv\\\/site\\\/wp-content\\\/uploads\\\/2020\\\/10\\\/gripe.jpg\",\"keywords\":[\"Sa\u00fade\",\"Sociedade\"],\"articleSection\":[\"Caminha\"],\"inLanguage\":\"pt-PT\",\"copyrightYear\":\"2020\",\"copyrightHolder\":{\"@id\":\"https:\\\/\\\/www.altominho.tv\\\/site\\\/#organization\"}},{\"@type\":\"WebPage\",\"@id\":\"https:\\\/\\\/www.altominho.tv\\\/site\\\/2020\\\/11\\\/17\\\/cerca-de-metade-da-populacao-com-idade-igual-ou-superior-aos-65-anos-ja-foi-vacinada-contra-a-vacina-sazonal\\\/\",\"url\":\"https:\\\/\\\/www.altominho.tv\\\/site\\\/2020\\\/11\\\/17\\\/cerca-de-metade-da-populacao-com-idade-igual-ou-superior-aos-65-anos-ja-foi-vacinada-contra-a-vacina-sazonal\\\/\",\"name\":\"Cerca de metade da popula\u00e7\u00e3o com idade igual ou superior aos 65 anos j\u00e1 foi vacinada contra a vacina sazonal\",\"isPartOf\":{\"@id\":\"https:\\\/\\\/www.altominho.tv\\\/site\\\/#website\"},\"primaryImageOfPage\":{\"@id\":\"https:\\\/\\\/www.altominho.tv\\\/site\\\/2020\\\/11\\\/17\\\/cerca-de-metade-da-populacao-com-idade-igual-ou-superior-aos-65-anos-ja-foi-vacinada-contra-a-vacina-sazonal\\\/#primaryimage\"},\"image\":{\"@id\":\"https:\\\/\\\/www.altominho.tv\\\/site\\\/2020\\\/11\\\/17\\\/cerca-de-metade-da-populacao-com-idade-igual-ou-superior-aos-65-anos-ja-foi-vacinada-contra-a-vacina-sazonal\\\/#primaryimage\"},\"thumbnailUrl\":\"https:\\\/\\\/www.altominho.tv\\\/site\\\/wp-content\\\/uploads\\\/2020\\\/10\\\/gripe.jpg\",\"datePublished\":\"2020-11-17T16:21:41+00:00\",\"dateModified\":\"2020-11-17T16:21:44+00:00\",\"author\":{\"@id\":\"https:\\\/\\\/www.altominho.tv\\\/site\\\/#\\\/schema\\\/person\\\/2690abd4f0b3984514ce0607afbfced7\"},\"breadcrumb\":{\"@id\":\"https:\\\/\\\/www.altominho.tv\\\/site\\\/2020\\\/11\\\/17\\\/cerca-de-metade-da-populacao-com-idade-igual-ou-superior-aos-65-anos-ja-foi-vacinada-contra-a-vacina-sazonal\\\/#breadcrumb\"},\"inLanguage\":\"pt-PT\",\"potentialAction\":[{\"@type\":\"ReadAction\",\"target\":[\"https:\\\/\\\/www.altominho.tv\\\/site\\\/2020\\\/11\\\/17\\\/cerca-de-metade-da-populacao-com-idade-igual-ou-superior-aos-65-anos-ja-foi-vacinada-contra-a-vacina-sazonal\\\/\"]}]},{\"@type\":\"ImageObject\",\"inLanguage\":\"pt-PT\",\"@id\":\"https:\\\/\\\/www.altominho.tv\\\/site\\\/2020\\\/11\\\/17\\\/cerca-de-metade-da-populacao-com-idade-igual-ou-superior-aos-65-anos-ja-foi-vacinada-contra-a-vacina-sazonal\\\/#primaryimage\",\"url\":\"https:\\\/\\\/www.altominho.tv\\\/site\\\/wp-content\\\/uploads\\\/2020\\\/10\\\/gripe.jpg\",\"contentUrl\":\"https:\\\/\\\/www.altominho.tv\\\/site\\\/wp-content\\\/uploads\\\/2020\\\/10\\\/gripe.jpg\",\"width\":1920,\"height\":1080},{\"@type\":\"BreadcrumbList\",\"@id\":\"https:\\\/\\\/www.altominho.tv\\\/site\\\/2020\\\/11\\\/17\\\/cerca-de-metade-da-populacao-com-idade-igual-ou-superior-aos-65-anos-ja-foi-vacinada-contra-a-vacina-sazonal\\\/#breadcrumb\",\"itemListElement\":[{\"@type\":\"ListItem\",\"position\":1,\"name\":\"In\u00edcio\",\"item\":\"https:\\\/\\\/www.altominho.tv\\\/site\\\/\"},{\"@type\":\"ListItem\",\"position\":2,\"name\":\"Cerca de metade da popula\u00e7\u00e3o com idade igual ou superior aos 65 anos j\u00e1 foi vacinada contra a vacina sazonal\"}]},{\"@type\":\"WebSite\",\"@id\":\"https:\\\/\\\/www.altominho.tv\\\/site\\\/#website\",\"url\":\"https:\\\/\\\/www.altominho.tv\\\/site\\\/\",\"name\":\"Altominho.tv\",\"description\":\"A sua regi\u00e3o \u00e0 dist\u00e2ncia de um clique...\",\"potentialAction\":[{\"@type\":\"SearchAction\",\"target\":{\"@type\":\"EntryPoint\",\"urlTemplate\":\"https:\\\/\\\/www.altominho.tv\\\/site\\\/?s={search_term_string}\"},\"query-input\":{\"@type\":\"PropertyValueSpecification\",\"valueRequired\":true,\"valueName\":\"search_term_string\"}}],\"inLanguage\":\"pt-PT\"},{\"@type\":\"Person\",\"@id\":\"https:\\\/\\\/www.altominho.tv\\\/site\\\/#\\\/schema\\\/person\\\/2690abd4f0b3984514ce0607afbfced7\",\"name\":\"Rafael Pereira\",\"image\":{\"@type\":\"ImageObject\",\"inLanguage\":\"pt-PT\",\"@id\":\"https:\\\/\\\/www.altominho.tv\\\/site\\\/wp-content\\\/uploads\\\/2021\\\/08\\\/42996867_1705603802900752_8292335788369117184_n-150x150.jpeg\",\"url\":\"https:\\\/\\\/www.altominho.tv\\\/site\\\/wp-content\\\/uploads\\\/2021\\\/08\\\/42996867_1705603802900752_8292335788369117184_n-150x150.jpeg\",\"contentUrl\":\"https:\\\/\\\/www.altominho.tv\\\/site\\\/wp-content\\\/uploads\\\/2021\\\/08\\\/42996867_1705603802900752_8292335788369117184_n-150x150.jpeg\",\"caption\":\"Rafael Pereira\"},\"url\":\"https:\\\/\\\/www.altominho.tv\\\/site\\\/author\\\/rafaelpereira\\\/\"}]}<\/script>\n<!-- \/ Yoast SEO Premium plugin. -->","yoast_head_json":{"title":"Cerca de metade da popula\u00e7\u00e3o com idade igual ou superior aos 65 anos j\u00e1 foi vacinada contra a vacina sazonal","robots":{"index":"index","follow":"follow","max-snippet":"max-snippet:-1","max-image-preview":"max-image-preview:large","max-video-preview":"max-video-preview:-1"},"canonical":"https:\/\/www.altominho.tv\/site\/2020\/11\/17\/cerca-de-metade-da-populacao-com-idade-igual-ou-superior-aos-65-anos-ja-foi-vacinada-contra-a-vacina-sazonal\/","og_locale":"pt_PT","og_type":"article","og_title":"Cerca de metade da popula\u00e7\u00e3o com idade igual ou superior aos 65 anos j\u00e1 foi vacinada contra a vacina sazonal","og_description":"A Campanha de Preven\u00e7\u00e3o da Gripe Sazonal, dirigida \u00e0s pessoas com idade igual ou superior a 65 anos, est\u00e1 a ter uma grande ades\u00e3o no concelho de Caminha. A iniciativa decorre desde 19 de outubro e prolonga-se at\u00e9 20 de dezembro, mas nesta altura cerca de metade da popula\u00e7\u00e3o s\u00e9nior j\u00e1 foi vacinada. A vacina [&hellip;]","og_url":"https:\/\/www.altominho.tv\/site\/2020\/11\/17\/cerca-de-metade-da-populacao-com-idade-igual-ou-superior-aos-65-anos-ja-foi-vacinada-contra-a-vacina-sazonal\/","og_site_name":"Altominho.tv","article_publisher":"https:\/\/www.facebook.com\/altominhotv","article_published_time":"2020-11-17T16:21:41+00:00","article_modified_time":"2020-11-17T16:21:44+00:00","og_image":[{"width":1920,"height":1080,"url":"https:\/\/www.altominho.tv\/site\/wp-content\/uploads\/2020\/10\/gripe.jpg","type":"image\/jpeg"}],"author":"Rafael Pereira","twitter_card":"summary_large_image","twitter_creator":"@altominhoTV","twitter_site":"@altominhoTV","twitter_misc":{"Escrito por":"Rafael Pereira","Tempo estimado de leitura":"2 minutos"},"schema":{"@context":"https:\/\/schema.org","@graph":[{"@type":"Article","@id":"https:\/\/www.altominho.tv\/site\/2020\/11\/17\/cerca-de-metade-da-populacao-com-idade-igual-ou-superior-aos-65-anos-ja-foi-vacinada-contra-a-vacina-sazonal\/#article","isPartOf":{"@id":"https:\/\/www.altominho.tv\/site\/2020\/11\/17\/cerca-de-metade-da-populacao-com-idade-igual-ou-superior-aos-65-anos-ja-foi-vacinada-contra-a-vacina-sazonal\/"},"author":{"name":"Rafael Pereira","@id":"https:\/\/www.altominho.tv\/site\/#\/schema\/person\/2690abd4f0b3984514ce0607afbfced7"},"headline":"Cerca de metade da popula\u00e7\u00e3o com idade igual ou superior aos 65 anos j\u00e1 foi vacinada contra a vacina sazonal","datePublished":"2020-11-17T16:21:41+00:00","dateModified":"2020-11-17T16:21:44+00:00","mainEntityOfPage":{"@id":"https:\/\/www.altominho.tv\/site\/2020\/11\/17\/cerca-de-metade-da-populacao-com-idade-igual-ou-superior-aos-65-anos-ja-foi-vacinada-contra-a-vacina-sazonal\/"},"wordCount":332,"image":{"@id":"https:\/\/www.altominho.tv\/site\/2020\/11\/17\/cerca-de-metade-da-populacao-com-idade-igual-ou-superior-aos-65-anos-ja-foi-vacinada-contra-a-vacina-sazonal\/#primaryimage"},"thumbnailUrl":"https:\/\/www.altominho.tv\/site\/wp-content\/uploads\/2020\/10\/gripe.jpg","keywords":["Sa\u00fade","Sociedade"],"articleSection":["Caminha"],"inLanguage":"pt-PT","copyrightYear":"2020","copyrightHolder":{"@id":"https:\/\/www.altominho.tv\/site\/#organization"}},{"@type":"WebPage","@id":"https:\/\/www.altominho.tv\/site\/2020\/11\/17\/cerca-de-metade-da-populacao-com-idade-igual-ou-superior-aos-65-anos-ja-foi-vacinada-contra-a-vacina-sazonal\/","url":"https:\/\/www.altominho.tv\/site\/2020\/11\/17\/cerca-de-metade-da-populacao-com-idade-igual-ou-superior-aos-65-anos-ja-foi-vacinada-contra-a-vacina-sazonal\/","name":"Cerca de metade da popula\u00e7\u00e3o com idade igual ou superior aos 65 anos j\u00e1 foi vacinada contra a vacina sazonal","isPartOf":{"@id":"https:\/\/www.altominho.tv\/site\/#website"},"primaryImageOfPage":{"@id":"https:\/\/www.altominho.tv\/site\/2020\/11\/17\/cerca-de-metade-da-populacao-com-idade-igual-ou-superior-aos-65-anos-ja-foi-vacinada-contra-a-vacina-sazonal\/#primaryimage"},"image":{"@id":"https:\/\/www.altominho.tv\/site\/2020\/11\/17\/cerca-de-metade-da-populacao-com-idade-igual-ou-superior-aos-65-anos-ja-foi-vacinada-contra-a-vacina-sazonal\/#primaryimage"},"thumbnailUrl":"https:\/\/www.altominho.tv\/site\/wp-content\/uploads\/2020\/10\/gripe.jpg","datePublished":"2020-11-17T16:21:41+00:00","dateModified":"2020-11-17T16:21:44+00:00","author":{"@id":"https:\/\/www.altominho.tv\/site\/#\/schema\/person\/2690abd4f0b3984514ce0607afbfced7"},"breadcrumb":{"@id":"https:\/\/www.altominho.tv\/site\/2020\/11\/17\/cerca-de-metade-da-populacao-com-idade-igual-ou-superior-aos-65-anos-ja-foi-vacinada-contra-a-vacina-sazonal\/#breadcrumb"},"inLanguage":"pt-PT","potentialAction":[{"@type":"ReadAction","target":["https:\/\/www.altominho.tv\/site\/2020\/11\/17\/cerca-de-metade-da-populacao-com-idade-igual-ou-superior-aos-65-anos-ja-foi-vacinada-contra-a-vacina-sazonal\/"]}]},{"@type":"ImageObject","inLanguage":"pt-PT","@id":"https:\/\/www.altominho.tv\/site\/2020\/11\/17\/cerca-de-metade-da-populacao-com-idade-igual-ou-superior-aos-65-anos-ja-foi-vacinada-contra-a-vacina-sazonal\/#primaryimage","url":"https:\/\/www.altominho.tv\/site\/wp-content\/uploads\/2020\/10\/gripe.jpg","contentUrl":"https:\/\/www.altominho.tv\/site\/wp-content\/uploads\/2020\/10\/gripe.jpg","width":1920,"height":1080},{"@type":"BreadcrumbList","@id":"https:\/\/www.altominho.tv\/site\/2020\/11\/17\/cerca-de-metade-da-populacao-com-idade-igual-ou-superior-aos-65-anos-ja-foi-vacinada-contra-a-vacina-sazonal\/#breadcrumb","itemListElement":[{"@type":"ListItem","position":1,"name":"In\u00edcio","item":"https:\/\/www.altominho.tv\/site\/"},{"@type":"ListItem","position":2,"name":"Cerca de metade da popula\u00e7\u00e3o com idade igual ou superior aos 65 anos j\u00e1 foi vacinada contra a vacina sazonal"}]},{"@type":"WebSite","@id":"https:\/\/www.altominho.tv\/site\/#website","url":"https:\/\/www.altominho.tv\/site\/","name":"Altominho.tv","description":"A sua regi\u00e3o \u00e0 dist\u00e2ncia de um clique...","potentialAction":[{"@type":"SearchAction","target":{"@type":"EntryPoint","urlTemplate":"https:\/\/www.altominho.tv\/site\/?s={search_term_string}"},"query-input":{"@type":"PropertyValueSpecification","valueRequired":true,"valueName":"search_term_string"}}],"inLanguage":"pt-PT"},{"@type":"Person","@id":"https:\/\/www.altominho.tv\/site\/#\/schema\/person\/2690abd4f0b3984514ce0607afbfced7","name":"Rafael Pereira","image":{"@type":"ImageObject","inLanguage":"pt-PT","@id":"https:\/\/www.altominho.tv\/site\/wp-content\/uploads\/2021\/08\/42996867_1705603802900752_8292335788369117184_n-150x150.jpeg","url":"https:\/\/www.altominho.tv\/site\/wp-content\/uploads\/2021\/08\/42996867_1705603802900752_8292335788369117184_n-150x150.jpeg","contentUrl":"https:\/\/www.altominho.tv\/site\/wp-content\/uploads\/2021\/08\/42996867_1705603802900752_8292335788369117184_n-150x150.jpeg","caption":"Rafael Pereira"},"url":"https:\/\/www.altominho.tv\/site\/author\/rafaelpereira\/"}]}},"_links":{"self":[{"href":"https:\/\/www.altominho.tv\/site\/wp-json\/wp\/v2\/posts\/56071","targetHints":{"allow":["GET"]}}],"collection":[{"href":"https:\/\/www.altominho.tv\/site\/wp-json\/wp\/v2\/posts"}],"about":[{"href":"https:\/\/www.altominho.tv\/site\/wp-json\/wp\/v2\/types\/post"}],"author":[{"embeddable":true,"href":"https:\/\/www.altominho.tv\/site\/wp-json\/wp\/v2\/users\/9"}],"replies":[{"embeddable":true,"href":"https:\/\/www.altominho.tv\/site\/wp-json\/wp\/v2\/comments?post=56071"}],"version-history":[{"count":0,"href":"https:\/\/www.altominho.tv\/site\/wp-json\/wp\/v2\/posts\/56071\/revisions"}],"wp:featuredmedia":[{"embeddable":true,"href":"https:\/\/www.altominho.tv\/site\/wp-json\/wp\/v2\/media\/54741"}],"wp:attachment":[{"href":"https:\/\/www.altominho.tv\/site\/wp-json\/wp\/v2\/media?parent=56071"}],"wp:term":[{"taxonomy":"category","embeddable":true,"href":"https:\/\/www.altominho.tv\/site\/wp-json\/wp\/v2\/categories?post=56071"},{"taxonomy":"post_tag","embeddable":true,"href":"https:\/\/www.altominho.tv\/site\/wp-json\/wp\/v2\/tags?post=56071"}],"curies":[{"name":"wp","href":"https:\/\/api.w.org\/{rel}","templated":true}]}}