{"id":56068,"date":"2020-11-17T16:01:29","date_gmt":"2020-11-17T16:01:29","guid":{"rendered":"https:\/\/www.altominho.tv\/site\/?p=56068"},"modified":"2020-11-17T16:01:34","modified_gmt":"2020-11-17T16:01:34","slug":"camara-municipal-investe-mais-de-100-mil-euros-na-melhoria-da-seguranca-das-escolas","status":"publish","type":"post","link":"https:\/\/www.altominho.tv\/site\/2020\/11\/17\/camara-municipal-investe-mais-de-100-mil-euros-na-melhoria-da-seguranca-das-escolas\/","title":{"rendered":"C\u00e2mara Municipal investe mais de 100 mil euros na melhoria da seguran\u00e7a das escolas"},"content":{"rendered":"\n<p>Para fazer face \u00e0s condicionantes derivadas da pandemia Covid-19 em contexto escolar no presente ano letivo 2020\/2021, a C\u00e2mara Municipal de Vila Nova de Cerveira adquiriu 500 mesas individuais, mais de 600 cacifos, equipamento de videoconfer\u00eancia para todas as salas de aula, acr\u00edlicos para as salas de aula e cantinas do pr\u00e9-escolar e 1o ciclo e refor\u00e7ou a contrata\u00e7\u00e3o de assistentes operacionais, num investimento superior a 100 mil euros.<\/p>\n\n\n\n<p><br>Em estreita colabora\u00e7\u00e3o com a C\u00e2mara Municipal, o Agrupamento de Escolas de Vila Nova de Cerveira implementou todas as diretrizes e recomenda\u00e7\u00f5es emanadas pelo Minist\u00e9rio da Educa\u00e7\u00e3o e pela Dire\u00e7\u00e3o Geral de Sa\u00fade, ao n\u00edvel de procedimentos e circuitos internos e externos. Com implementa\u00e7\u00e3o gradual desde o in\u00edcio do ano letivo, mediante a disponibilidade do equipamento no mercado, este investimento visa oferecer as melhores e mais adequadas condi\u00e7\u00f5es de seguran\u00e7a neste ano letivo<br>marcado por uma diferente forma de estar dentro e fora da sala de aula.<\/p>\n\n\n\n<p><br>A Covid-19 veio colocar novos desafios \u00e0 aprendizagem das crian\u00e7as e jovens, numa primeira fase atrav\u00e9s do ensino \u00e0 dist\u00e2ncia, onde imperou o recurso \u00e0s novas tecnologias, e atualmente com as adapta\u00e7\u00f5es necess\u00e1rias e imperiosas para um ensino condicionado (presencial, \u00e0 dist\u00e2ncia e\/ou misto).<\/p>\n\n\n\n<p><br>Para garantir qualquer uma das modalidades de ensino, a autarquia cerveirense tem dotado, progressivamente, as salas de aula com equipamentos de videoconfer\u00eancia, contribuindo para a igualdade no acesso \u00e0 aprendizagem.<br>Adaptando o mobili\u00e1rio escolar, considerado no atual contexto inapropriado e at\u00e9 escasso, com mesas duplas que n\u00e3o garantiam o suficiente distanciamento social e o n\u00famero de cacifos individuais para guardar os pertences em seguran\u00e7a inferior ao total de alunos, a C\u00e2mara Municipal concretizou o presente esfor\u00e7o financeiro, que n\u00e3o se dilui apenas neste per\u00edodo pand\u00e9mico, pois o novo material apresenta-se como uma mais-valia para os n\u00edveis de ensino do 2o ciclo ao secund\u00e1rio.<\/p>\n\n\n\n<p> Para o pr\u00e9-escolar e o 1o ciclo foram adquiridos acr\u00edlicos para as salas de aula e cantinas, com o intuito de garantir o distanciamento dos alunos em prol da sua seguran\u00e7a. De forma a viabilizar o necess\u00e1rio funcionamento do refeit\u00f3rio, e por proposta do Agrupamento de Escolas, a C\u00e2mara Municipal tamb\u00e9m adquiriu material e equipamento para prestar o servi\u00e7o de refei\u00e7\u00e3o em \u2018efeito bolha\u2019 no ensino pr\u00e9-<br>escolar. <\/p>\n\n\n\n<p>N\u00e3o obstante, ao longo do dia s\u00e3o implementados todos os procedimentos de desinfe\u00e7\u00e3o necess\u00e1rios, tendo em conta as m\u00faltiplas utiliza\u00e7\u00f5es dos diferentes espa\u00e7os dos centros escolares, pelo que a C\u00e2mara Municipal comprou ainda v\u00e1rias m\u00e1quinas de vaporiza\u00e7\u00e3o.<\/p>\n\n\n\n<p> As equipas n\u00e3o docentes tamb\u00e9m foram refor\u00e7adas com a contrata\u00e7\u00e3o de 16 assistentes operacionais ao abrigo do Contrato de Emprego e Inser\u00e7\u00e3o, numa parceria entre a C\u00e2mara Municipal e o Instituto de Emprego e Forma\u00e7\u00e3o Profissional, com o prop\u00f3sito de intensificar a sensibiliza\u00e7\u00e3o e vigil\u00e2ncia dos alunos para a import\u00e2ncia do cumprimento das regras, assim como dar resposta \u00e0 maior frequ\u00eancia das opera\u00e7\u00f5es de limpeza.<\/p>\n","protected":false},"excerpt":{"rendered":"<p>Para fazer face \u00e0s condicionantes derivadas da pandemia Covid-19 em contexto escolar no presente ano letivo 2020\/2021, a C\u00e2mara Municipal de Vila Nova de Cerveira adquiriu 500 mesas individuais, mais de 600 cacifos, equipamento de videoconfer\u00eancia para todas as salas de aula, acr\u00edlicos para as salas de aula e cantinas do pr\u00e9-escolar e 1o ciclo [&hellip;]<\/p>\n","protected":false},"author":1,"featured_media":56069,"comment_status":"closed","ping_status":"closed","sticky":false,"template":"","format":"standard","meta":{"_exactmetrics_skip_tracking":false,"_exactmetrics_sitenote_active":false,"_exactmetrics_sitenote_note":"","_exactmetrics_sitenote_category":0,"footnotes":""},"categories":[15],"tags":[22,27],"class_list":["post-56068","post","type-post","status-publish","format-standard","has-post-thumbnail","hentry","category-vila-nova-de-cerveira","tag-educacao","tag-sociedade"],"yoast_head":"<!-- This site is optimized with the Yoast SEO Premium plugin v27.5 (Yoast SEO v27.5) - https:\/\/yoast.com\/product\/yoast-seo-premium-wordpress\/ -->\n<title>C\u00e2mara Municipal investe mais de 100 mil euros na melhoria da seguran\u00e7a das escolas<\/title>\n<meta name=\"robots\" content=\"index, follow, max-snippet:-1, max-image-preview:large, max-video-preview:-1\" \/>\n<link rel=\"canonical\" href=\"https:\/\/www.altominho.tv\/site\/2020\/11\/17\/camara-municipal-investe-mais-de-100-mil-euros-na-melhoria-da-seguranca-das-escolas\/\" \/>\n<meta property=\"og:locale\" content=\"pt_PT\" \/>\n<meta property=\"og:type\" content=\"article\" \/>\n<meta property=\"og:title\" content=\"C\u00e2mara Municipal investe mais de 100 mil euros na melhoria da seguran\u00e7a das escolas\" \/>\n<meta property=\"og:description\" content=\"Para fazer face \u00e0s condicionantes derivadas da pandemia Covid-19 em contexto escolar no presente ano letivo 2020\/2021, a C\u00e2mara Municipal de Vila Nova de Cerveira adquiriu 500 mesas individuais, mais de 600 cacifos, equipamento de videoconfer\u00eancia para todas as salas de aula, acr\u00edlicos para as salas de aula e cantinas do pr\u00e9-escolar e 1o ciclo [&hellip;]\" \/>\n<meta property=\"og:url\" content=\"https:\/\/www.altominho.tv\/site\/2020\/11\/17\/camara-municipal-investe-mais-de-100-mil-euros-na-melhoria-da-seguranca-das-escolas\/\" \/>\n<meta property=\"og:site_name\" content=\"Altominho.tv\" \/>\n<meta property=\"article:publisher\" content=\"https:\/\/www.facebook.com\/altominhotv\" \/>\n<meta property=\"article:published_time\" content=\"2020-11-17T16:01:29+00:00\" \/>\n<meta property=\"article:modified_time\" content=\"2020-11-17T16:01:34+00:00\" \/>\n<meta property=\"og:image\" content=\"https:\/\/www.altominho.tv\/site\/wp-content\/uploads\/2020\/11\/IMG_1824.jpg\" \/>\n\t<meta property=\"og:image:width\" content=\"2000\" \/>\n\t<meta property=\"og:image:height\" content=\"1334\" \/>\n\t<meta property=\"og:image:type\" content=\"image\/jpeg\" \/>\n<meta name=\"author\" content=\"Altominho.tv\" \/>\n<meta name=\"twitter:card\" content=\"summary_large_image\" \/>\n<meta name=\"twitter:creator\" content=\"@altominhoTV\" \/>\n<meta name=\"twitter:site\" content=\"@altominhoTV\" \/>\n<meta name=\"twitter:label1\" content=\"Escrito por\" \/>\n\t<meta name=\"twitter:data1\" content=\"Altominho.tv\" \/>\n\t<meta name=\"twitter:label2\" content=\"Tempo estimado de leitura\" \/>\n\t<meta name=\"twitter:data2\" content=\"3 minutos\" \/>\n<script type=\"application\/ld+json\" class=\"yoast-schema-graph\">{\"@context\":\"https:\\\/\\\/schema.org\",\"@graph\":[{\"@type\":\"Article\",\"@id\":\"https:\\\/\\\/www.altominho.tv\\\/site\\\/2020\\\/11\\\/17\\\/camara-municipal-investe-mais-de-100-mil-euros-na-melhoria-da-seguranca-das-escolas\\\/#article\",\"isPartOf\":{\"@id\":\"https:\\\/\\\/www.altominho.tv\\\/site\\\/2020\\\/11\\\/17\\\/camara-municipal-investe-mais-de-100-mil-euros-na-melhoria-da-seguranca-das-escolas\\\/\"},\"author\":{\"name\":\"Altominho.tv\",\"@id\":\"https:\\\/\\\/www.altominho.tv\\\/site\\\/#\\\/schema\\\/person\\\/4e536851627d7914baf3dac752b6af22\"},\"headline\":\"C\u00e2mara Municipal investe mais de 100 mil euros na melhoria da seguran\u00e7a das escolas\",\"datePublished\":\"2020-11-17T16:01:29+00:00\",\"dateModified\":\"2020-11-17T16:01:34+00:00\",\"mainEntityOfPage\":{\"@id\":\"https:\\\/\\\/www.altominho.tv\\\/site\\\/2020\\\/11\\\/17\\\/camara-municipal-investe-mais-de-100-mil-euros-na-melhoria-da-seguranca-das-escolas\\\/\"},\"wordCount\":547,\"image\":{\"@id\":\"https:\\\/\\\/www.altominho.tv\\\/site\\\/2020\\\/11\\\/17\\\/camara-municipal-investe-mais-de-100-mil-euros-na-melhoria-da-seguranca-das-escolas\\\/#primaryimage\"},\"thumbnailUrl\":\"https:\\\/\\\/www.altominho.tv\\\/site\\\/wp-content\\\/uploads\\\/2020\\\/11\\\/IMG_1824.jpg\",\"keywords\":[\"Educa\u00e7\u00e3o\",\"Sociedade\"],\"articleSection\":[\"Vila Nova de Cerveira\"],\"inLanguage\":\"pt-PT\",\"copyrightYear\":\"2020\",\"copyrightHolder\":{\"@id\":\"https:\\\/\\\/www.altominho.tv\\\/site\\\/#organization\"}},{\"@type\":\"WebPage\",\"@id\":\"https:\\\/\\\/www.altominho.tv\\\/site\\\/2020\\\/11\\\/17\\\/camara-municipal-investe-mais-de-100-mil-euros-na-melhoria-da-seguranca-das-escolas\\\/\",\"url\":\"https:\\\/\\\/www.altominho.tv\\\/site\\\/2020\\\/11\\\/17\\\/camara-municipal-investe-mais-de-100-mil-euros-na-melhoria-da-seguranca-das-escolas\\\/\",\"name\":\"C\u00e2mara Municipal investe mais de 100 mil euros na melhoria da seguran\u00e7a das escolas\",\"isPartOf\":{\"@id\":\"https:\\\/\\\/www.altominho.tv\\\/site\\\/#website\"},\"primaryImageOfPage\":{\"@id\":\"https:\\\/\\\/www.altominho.tv\\\/site\\\/2020\\\/11\\\/17\\\/camara-municipal-investe-mais-de-100-mil-euros-na-melhoria-da-seguranca-das-escolas\\\/#primaryimage\"},\"image\":{\"@id\":\"https:\\\/\\\/www.altominho.tv\\\/site\\\/2020\\\/11\\\/17\\\/camara-municipal-investe-mais-de-100-mil-euros-na-melhoria-da-seguranca-das-escolas\\\/#primaryimage\"},\"thumbnailUrl\":\"https:\\\/\\\/www.altominho.tv\\\/site\\\/wp-content\\\/uploads\\\/2020\\\/11\\\/IMG_1824.jpg\",\"datePublished\":\"2020-11-17T16:01:29+00:00\",\"dateModified\":\"2020-11-17T16:01:34+00:00\",\"author\":{\"@id\":\"https:\\\/\\\/www.altominho.tv\\\/site\\\/#\\\/schema\\\/person\\\/4e536851627d7914baf3dac752b6af22\"},\"breadcrumb\":{\"@id\":\"https:\\\/\\\/www.altominho.tv\\\/site\\\/2020\\\/11\\\/17\\\/camara-municipal-investe-mais-de-100-mil-euros-na-melhoria-da-seguranca-das-escolas\\\/#breadcrumb\"},\"inLanguage\":\"pt-PT\",\"potentialAction\":[{\"@type\":\"ReadAction\",\"target\":[\"https:\\\/\\\/www.altominho.tv\\\/site\\\/2020\\\/11\\\/17\\\/camara-municipal-investe-mais-de-100-mil-euros-na-melhoria-da-seguranca-das-escolas\\\/\"]}]},{\"@type\":\"ImageObject\",\"inLanguage\":\"pt-PT\",\"@id\":\"https:\\\/\\\/www.altominho.tv\\\/site\\\/2020\\\/11\\\/17\\\/camara-municipal-investe-mais-de-100-mil-euros-na-melhoria-da-seguranca-das-escolas\\\/#primaryimage\",\"url\":\"https:\\\/\\\/www.altominho.tv\\\/site\\\/wp-content\\\/uploads\\\/2020\\\/11\\\/IMG_1824.jpg\",\"contentUrl\":\"https:\\\/\\\/www.altominho.tv\\\/site\\\/wp-content\\\/uploads\\\/2020\\\/11\\\/IMG_1824.jpg\",\"width\":2000,\"height\":1334},{\"@type\":\"BreadcrumbList\",\"@id\":\"https:\\\/\\\/www.altominho.tv\\\/site\\\/2020\\\/11\\\/17\\\/camara-municipal-investe-mais-de-100-mil-euros-na-melhoria-da-seguranca-das-escolas\\\/#breadcrumb\",\"itemListElement\":[{\"@type\":\"ListItem\",\"position\":1,\"name\":\"In\u00edcio\",\"item\":\"https:\\\/\\\/www.altominho.tv\\\/site\\\/\"},{\"@type\":\"ListItem\",\"position\":2,\"name\":\"C\u00e2mara Municipal investe mais de 100 mil euros na melhoria da seguran\u00e7a das escolas\"}]},{\"@type\":\"WebSite\",\"@id\":\"https:\\\/\\\/www.altominho.tv\\\/site\\\/#website\",\"url\":\"https:\\\/\\\/www.altominho.tv\\\/site\\\/\",\"name\":\"Altominho.tv\",\"description\":\"A sua regi\u00e3o \u00e0 dist\u00e2ncia de um clique...\",\"potentialAction\":[{\"@type\":\"SearchAction\",\"target\":{\"@type\":\"EntryPoint\",\"urlTemplate\":\"https:\\\/\\\/www.altominho.tv\\\/site\\\/?s={search_term_string}\"},\"query-input\":{\"@type\":\"PropertyValueSpecification\",\"valueRequired\":true,\"valueName\":\"search_term_string\"}}],\"inLanguage\":\"pt-PT\"},{\"@type\":\"Person\",\"@id\":\"https:\\\/\\\/www.altominho.tv\\\/site\\\/#\\\/schema\\\/person\\\/4e536851627d7914baf3dac752b6af22\",\"name\":\"Altominho.tv\",\"image\":{\"@type\":\"ImageObject\",\"inLanguage\":\"pt-PT\",\"@id\":\"https:\\\/\\\/www.altominho.tv\\\/site\\\/wp-content\\\/uploads\\\/2019\\\/11\\\/Logo_Avatar_2-150x150.jpg\",\"url\":\"https:\\\/\\\/www.altominho.tv\\\/site\\\/wp-content\\\/uploads\\\/2019\\\/11\\\/Logo_Avatar_2-150x150.jpg\",\"contentUrl\":\"https:\\\/\\\/www.altominho.tv\\\/site\\\/wp-content\\\/uploads\\\/2019\\\/11\\\/Logo_Avatar_2-150x150.jpg\",\"caption\":\"Altominho.tv\"},\"url\":\"https:\\\/\\\/www.altominho.tv\\\/site\\\/author\\\/altominhotv-tecnico\\\/\"}]}<\/script>\n<!-- \/ Yoast SEO Premium plugin. -->","yoast_head_json":{"title":"C\u00e2mara Municipal investe mais de 100 mil euros na melhoria da seguran\u00e7a das escolas","robots":{"index":"index","follow":"follow","max-snippet":"max-snippet:-1","max-image-preview":"max-image-preview:large","max-video-preview":"max-video-preview:-1"},"canonical":"https:\/\/www.altominho.tv\/site\/2020\/11\/17\/camara-municipal-investe-mais-de-100-mil-euros-na-melhoria-da-seguranca-das-escolas\/","og_locale":"pt_PT","og_type":"article","og_title":"C\u00e2mara Municipal investe mais de 100 mil euros na melhoria da seguran\u00e7a das escolas","og_description":"Para fazer face \u00e0s condicionantes derivadas da pandemia Covid-19 em contexto escolar no presente ano letivo 2020\/2021, a C\u00e2mara Municipal de Vila Nova de Cerveira adquiriu 500 mesas individuais, mais de 600 cacifos, equipamento de videoconfer\u00eancia para todas as salas de aula, acr\u00edlicos para as salas de aula e cantinas do pr\u00e9-escolar e 1o ciclo [&hellip;]","og_url":"https:\/\/www.altominho.tv\/site\/2020\/11\/17\/camara-municipal-investe-mais-de-100-mil-euros-na-melhoria-da-seguranca-das-escolas\/","og_site_name":"Altominho.tv","article_publisher":"https:\/\/www.facebook.com\/altominhotv","article_published_time":"2020-11-17T16:01:29+00:00","article_modified_time":"2020-11-17T16:01:34+00:00","og_image":[{"width":2000,"height":1334,"url":"https:\/\/www.altominho.tv\/site\/wp-content\/uploads\/2020\/11\/IMG_1824.jpg","type":"image\/jpeg"}],"author":"Altominho.tv","twitter_card":"summary_large_image","twitter_creator":"@altominhoTV","twitter_site":"@altominhoTV","twitter_misc":{"Escrito por":"Altominho.tv","Tempo estimado de leitura":"3 minutos"},"schema":{"@context":"https:\/\/schema.org","@graph":[{"@type":"Article","@id":"https:\/\/www.altominho.tv\/site\/2020\/11\/17\/camara-municipal-investe-mais-de-100-mil-euros-na-melhoria-da-seguranca-das-escolas\/#article","isPartOf":{"@id":"https:\/\/www.altominho.tv\/site\/2020\/11\/17\/camara-municipal-investe-mais-de-100-mil-euros-na-melhoria-da-seguranca-das-escolas\/"},"author":{"name":"Altominho.tv","@id":"https:\/\/www.altominho.tv\/site\/#\/schema\/person\/4e536851627d7914baf3dac752b6af22"},"headline":"C\u00e2mara Municipal investe mais de 100 mil euros na melhoria da seguran\u00e7a das escolas","datePublished":"2020-11-17T16:01:29+00:00","dateModified":"2020-11-17T16:01:34+00:00","mainEntityOfPage":{"@id":"https:\/\/www.altominho.tv\/site\/2020\/11\/17\/camara-municipal-investe-mais-de-100-mil-euros-na-melhoria-da-seguranca-das-escolas\/"},"wordCount":547,"image":{"@id":"https:\/\/www.altominho.tv\/site\/2020\/11\/17\/camara-municipal-investe-mais-de-100-mil-euros-na-melhoria-da-seguranca-das-escolas\/#primaryimage"},"thumbnailUrl":"https:\/\/www.altominho.tv\/site\/wp-content\/uploads\/2020\/11\/IMG_1824.jpg","keywords":["Educa\u00e7\u00e3o","Sociedade"],"articleSection":["Vila Nova de Cerveira"],"inLanguage":"pt-PT","copyrightYear":"2020","copyrightHolder":{"@id":"https:\/\/www.altominho.tv\/site\/#organization"}},{"@type":"WebPage","@id":"https:\/\/www.altominho.tv\/site\/2020\/11\/17\/camara-municipal-investe-mais-de-100-mil-euros-na-melhoria-da-seguranca-das-escolas\/","url":"https:\/\/www.altominho.tv\/site\/2020\/11\/17\/camara-municipal-investe-mais-de-100-mil-euros-na-melhoria-da-seguranca-das-escolas\/","name":"C\u00e2mara Municipal investe mais de 100 mil euros na melhoria da seguran\u00e7a das escolas","isPartOf":{"@id":"https:\/\/www.altominho.tv\/site\/#website"},"primaryImageOfPage":{"@id":"https:\/\/www.altominho.tv\/site\/2020\/11\/17\/camara-municipal-investe-mais-de-100-mil-euros-na-melhoria-da-seguranca-das-escolas\/#primaryimage"},"image":{"@id":"https:\/\/www.altominho.tv\/site\/2020\/11\/17\/camara-municipal-investe-mais-de-100-mil-euros-na-melhoria-da-seguranca-das-escolas\/#primaryimage"},"thumbnailUrl":"https:\/\/www.altominho.tv\/site\/wp-content\/uploads\/2020\/11\/IMG_1824.jpg","datePublished":"2020-11-17T16:01:29+00:00","dateModified":"2020-11-17T16:01:34+00:00","author":{"@id":"https:\/\/www.altominho.tv\/site\/#\/schema\/person\/4e536851627d7914baf3dac752b6af22"},"breadcrumb":{"@id":"https:\/\/www.altominho.tv\/site\/2020\/11\/17\/camara-municipal-investe-mais-de-100-mil-euros-na-melhoria-da-seguranca-das-escolas\/#breadcrumb"},"inLanguage":"pt-PT","potentialAction":[{"@type":"ReadAction","target":["https:\/\/www.altominho.tv\/site\/2020\/11\/17\/camara-municipal-investe-mais-de-100-mil-euros-na-melhoria-da-seguranca-das-escolas\/"]}]},{"@type":"ImageObject","inLanguage":"pt-PT","@id":"https:\/\/www.altominho.tv\/site\/2020\/11\/17\/camara-municipal-investe-mais-de-100-mil-euros-na-melhoria-da-seguranca-das-escolas\/#primaryimage","url":"https:\/\/www.altominho.tv\/site\/wp-content\/uploads\/2020\/11\/IMG_1824.jpg","contentUrl":"https:\/\/www.altominho.tv\/site\/wp-content\/uploads\/2020\/11\/IMG_1824.jpg","width":2000,"height":1334},{"@type":"BreadcrumbList","@id":"https:\/\/www.altominho.tv\/site\/2020\/11\/17\/camara-municipal-investe-mais-de-100-mil-euros-na-melhoria-da-seguranca-das-escolas\/#breadcrumb","itemListElement":[{"@type":"ListItem","position":1,"name":"In\u00edcio","item":"https:\/\/www.altominho.tv\/site\/"},{"@type":"ListItem","position":2,"name":"C\u00e2mara Municipal investe mais de 100 mil euros na melhoria da seguran\u00e7a das escolas"}]},{"@type":"WebSite","@id":"https:\/\/www.altominho.tv\/site\/#website","url":"https:\/\/www.altominho.tv\/site\/","name":"Altominho.tv","description":"A sua regi\u00e3o \u00e0 dist\u00e2ncia de um clique...","potentialAction":[{"@type":"SearchAction","target":{"@type":"EntryPoint","urlTemplate":"https:\/\/www.altominho.tv\/site\/?s={search_term_string}"},"query-input":{"@type":"PropertyValueSpecification","valueRequired":true,"valueName":"search_term_string"}}],"inLanguage":"pt-PT"},{"@type":"Person","@id":"https:\/\/www.altominho.tv\/site\/#\/schema\/person\/4e536851627d7914baf3dac752b6af22","name":"Altominho.tv","image":{"@type":"ImageObject","inLanguage":"pt-PT","@id":"https:\/\/www.altominho.tv\/site\/wp-content\/uploads\/2019\/11\/Logo_Avatar_2-150x150.jpg","url":"https:\/\/www.altominho.tv\/site\/wp-content\/uploads\/2019\/11\/Logo_Avatar_2-150x150.jpg","contentUrl":"https:\/\/www.altominho.tv\/site\/wp-content\/uploads\/2019\/11\/Logo_Avatar_2-150x150.jpg","caption":"Altominho.tv"},"url":"https:\/\/www.altominho.tv\/site\/author\/altominhotv-tecnico\/"}]}},"_links":{"self":[{"href":"https:\/\/www.altominho.tv\/site\/wp-json\/wp\/v2\/posts\/56068","targetHints":{"allow":["GET"]}}],"collection":[{"href":"https:\/\/www.altominho.tv\/site\/wp-json\/wp\/v2\/posts"}],"about":[{"href":"https:\/\/www.altominho.tv\/site\/wp-json\/wp\/v2\/types\/post"}],"author":[{"embeddable":true,"href":"https:\/\/www.altominho.tv\/site\/wp-json\/wp\/v2\/users\/1"}],"replies":[{"embeddable":true,"href":"https:\/\/www.altominho.tv\/site\/wp-json\/wp\/v2\/comments?post=56068"}],"version-history":[{"count":0,"href":"https:\/\/www.altominho.tv\/site\/wp-json\/wp\/v2\/posts\/56068\/revisions"}],"wp:featuredmedia":[{"embeddable":true,"href":"https:\/\/www.altominho.tv\/site\/wp-json\/wp\/v2\/media\/56069"}],"wp:attachment":[{"href":"https:\/\/www.altominho.tv\/site\/wp-json\/wp\/v2\/media?parent=56068"}],"wp:term":[{"taxonomy":"category","embeddable":true,"href":"https:\/\/www.altominho.tv\/site\/wp-json\/wp\/v2\/categories?post=56068"},{"taxonomy":"post_tag","embeddable":true,"href":"https:\/\/www.altominho.tv\/site\/wp-json\/wp\/v2\/tags?post=56068"}],"curies":[{"name":"wp","href":"https:\/\/api.w.org\/{rel}","templated":true}]}}