{"id":56041,"date":"2020-11-17T08:56:45","date_gmt":"2020-11-17T08:56:45","guid":{"rendered":"https:\/\/www.altominho.tv\/site\/?p=56041"},"modified":"2020-11-17T08:56:49","modified_gmt":"2020-11-17T08:56:49","slug":"ruas-requalificadas-em-longos-vales-apos-instalacao-de-saneamento-basico","status":"publish","type":"post","link":"https:\/\/www.altominho.tv\/site\/2020\/11\/17\/ruas-requalificadas-em-longos-vales-apos-instalacao-de-saneamento-basico\/","title":{"rendered":"Ruas requalificadas em Longos Vales ap\u00f3s instala\u00e7\u00e3o de saneamento b\u00e1sico"},"content":{"rendered":"<p>Tr\u00eas ruas da freguesia de Longos Vales, concelho de Mon\u00e7\u00e3o, foram alvo de obras de beneficia\u00e7\u00e3o, num investimento superior a 60 mil euros, ap\u00f3s instala\u00e7\u00e3o da rede de saneamento b\u00e1sico.<\/p>\n<p>Em comunicado, o munic\u00edpio refere que a Rua de Doude, a Rua de Ch\u00e3o e parte da Rua da Padaria, numa extens\u00e3o total superior a um quil\u00f3metro, receberam um novo asfaltamento.<\/p>\n<p>Estes trabalhos &#8220;tiveram como finalidade a regulariza\u00e7\u00e3o do pavimento naqueles trajetos, os quais haviam ficado com diversas mazelas, ap\u00f3s a empreitada de saneamento b\u00e1sico na freguesia&#8221;, afirma a autarquia.<\/p>\n<p>Representando um investimento global de 60.268,22 euros, a interven\u00e7\u00e3o &#8220;garante uma circula\u00e7\u00e3o autom\u00f3vel e pedonal mais c\u00f3moda e segura, assegurando, ao mesmo tempo, melhores condi\u00e7\u00f5es de acesso \u00e0s habita\u00e7\u00f5es localizadas naquela \u00e1rea&#8221;.<\/p>\n<p>A empreitada &#8220;Rede de Saneamento de Serzedo (Longos Vales) e Aglomerado Urbano de Monte Redondo (Troviscoso)&#8221; compreendeu os lugares da Bou\u00e7a, Corgo, Serzedo, Pedra e Monte Redondo, pertencentes \u00e0s duas freguesias.<\/p>\n<p>Os trabalhos, comparticipados pelo Programa Operacional de Sustentabilidade e Efici\u00eancia no Uso de Recursos (POSEUR), consistiram na &#8220;constru\u00e7\u00e3o de infraestruturas de saneamento de \u00e1guas residuais, incluindo a rede de drenagem e condutas elevat\u00f3rias&#8221;.<\/p>\n<p>O investimento global de 563.775,46 euros permitiu beneficiar &#8220;os lugares mais densamente urbanizados daquelas freguesias&#8221;, que ainda n\u00e3o dispunham de rede de drenagem e que s\u00e3o habitados por cerca de quatrocentas pessoas.<\/p>\n<p>&#8220;Assumindo-se de extrema import\u00e2ncia para a resolu\u00e7\u00e3o de graves problemas sanit\u00e1rios existentes, os quais resultavam do deficiente funcionamento das fossas s\u00e9ticas individuais, decorrente das m\u00e1s condi\u00e7\u00f5es naturais de drenagem do solo, a interven\u00e7\u00e3o constituiu, igualmente, um ganho consider\u00e1vel em termos ambientais&#8221;, sustenta a autarquia.<\/p>\n","protected":false},"excerpt":{"rendered":"<p>Tr\u00eas ruas da freguesia de Longos Vales, concelho de Mon\u00e7\u00e3o, foram alvo de obras de beneficia\u00e7\u00e3o, num investimento superior a 60 mil euros, ap\u00f3s instala\u00e7\u00e3o da rede de saneamento b\u00e1sico. Em comunicado, o munic\u00edpio refere que a Rua de Doude, a Rua de Ch\u00e3o e parte da Rua da Padaria, numa extens\u00e3o total superior a [&hellip;]<\/p>\n","protected":false},"author":12,"featured_media":56043,"comment_status":"closed","ping_status":"closed","sticky":false,"template":"","format":"standard","meta":{"_exactmetrics_skip_tracking":false,"footnotes":""},"categories":[9],"tags":[27],"class_list":["post-56041","post","type-post","status-publish","format-standard","has-post-thumbnail","hentry","category-moncao","tag-sociedade"],"yoast_head":"<!-- This site is optimized with the Yoast SEO Premium plugin v28.3 (Yoast SEO v28.3) - https:\/\/yoast.com\/product\/yoast-seo-premium-wordpress\/ -->\n<title>Ruas requalificadas em Longos Vales ap\u00f3s instala\u00e7\u00e3o de saneamento b\u00e1sico<\/title>\n<meta name=\"robots\" content=\"index, follow, max-snippet:-1, max-image-preview:large, max-video-preview:-1\" \/>\n<link rel=\"canonical\" href=\"https:\/\/www.altominho.tv\/site\/2020\/11\/17\/ruas-requalificadas-em-longos-vales-apos-instalacao-de-saneamento-basico\/\" \/>\n<meta property=\"og:locale\" content=\"pt_PT\" \/>\n<meta property=\"og:type\" content=\"article\" \/>\n<meta property=\"og:title\" content=\"Ruas requalificadas em Longos Vales ap\u00f3s instala\u00e7\u00e3o de saneamento b\u00e1sico\" \/>\n<meta property=\"og:description\" content=\"Tr\u00eas ruas da freguesia de Longos Vales, concelho de Mon\u00e7\u00e3o, foram alvo de obras de beneficia\u00e7\u00e3o, num investimento superior a 60 mil euros, ap\u00f3s instala\u00e7\u00e3o da rede de saneamento b\u00e1sico. Em comunicado, o munic\u00edpio refere que a Rua de Doude, a Rua de Ch\u00e3o e parte da Rua da Padaria, numa extens\u00e3o total superior a [&hellip;]\" \/>\n<meta property=\"og:url\" content=\"https:\/\/www.altominho.tv\/site\/2020\/11\/17\/ruas-requalificadas-em-longos-vales-apos-instalacao-de-saneamento-basico\/\" \/>\n<meta property=\"og:site_name\" content=\"Altominho.tv\" \/>\n<meta property=\"article:publisher\" content=\"https:\/\/www.facebook.com\/altominhotv\" \/>\n<meta property=\"article:published_time\" content=\"2020-11-17T08:56:45+00:00\" \/>\n<meta property=\"article:modified_time\" content=\"2020-11-17T08:56:49+00:00\" \/>\n<meta property=\"og:image\" content=\"https:\/\/www.altominho.tv\/site\/wp-content\/uploads\/2020\/11\/07.jpg\" \/>\n\t<meta property=\"og:image:width\" content=\"2518\" \/>\n\t<meta property=\"og:image:height\" content=\"1591\" \/>\n\t<meta property=\"og:image:type\" content=\"image\/jpeg\" \/>\n<meta name=\"author\" content=\"Andreia Ferreira\" \/>\n<meta name=\"twitter:card\" content=\"summary_large_image\" \/>\n<meta name=\"twitter:creator\" content=\"@altominhoTV\" \/>\n<meta name=\"twitter:site\" content=\"@altominhoTV\" \/>\n<meta name=\"twitter:label1\" content=\"Escrito por\" \/>\n\t<meta name=\"twitter:data1\" content=\"Andreia Ferreira\" \/>\n\t<meta name=\"twitter:label2\" content=\"Tempo estimado de leitura\" \/>\n\t<meta name=\"twitter:data2\" content=\"1 minuto\" \/>\n<script type=\"application\/ld+json\" class=\"yoast-schema-graph\">{\"@context\":\"https:\\\/\\\/schema.org\",\"@graph\":[{\"@type\":\"Article\",\"@id\":\"https:\\\/\\\/www.altominho.tv\\\/site\\\/2020\\\/11\\\/17\\\/ruas-requalificadas-em-longos-vales-apos-instalacao-de-saneamento-basico\\\/#article\",\"isPartOf\":{\"@id\":\"https:\\\/\\\/www.altominho.tv\\\/site\\\/2020\\\/11\\\/17\\\/ruas-requalificadas-em-longos-vales-apos-instalacao-de-saneamento-basico\\\/\"},\"author\":{\"name\":\"Andreia Ferreira\",\"@id\":\"https:\\\/\\\/www.altominho.tv\\\/site\\\/#\\\/schema\\\/person\\\/d9be4265364723f14ea8e0d56a1d38cd\"},\"headline\":\"Ruas requalificadas em Longos Vales ap\u00f3s instala\u00e7\u00e3o de saneamento b\u00e1sico\",\"datePublished\":\"2020-11-17T08:56:45+00:00\",\"dateModified\":\"2020-11-17T08:56:49+00:00\",\"mainEntityOfPage\":{\"@id\":\"https:\\\/\\\/www.altominho.tv\\\/site\\\/2020\\\/11\\\/17\\\/ruas-requalificadas-em-longos-vales-apos-instalacao-de-saneamento-basico\\\/\"},\"wordCount\":305,\"image\":{\"@id\":\"https:\\\/\\\/www.altominho.tv\\\/site\\\/2020\\\/11\\\/17\\\/ruas-requalificadas-em-longos-vales-apos-instalacao-de-saneamento-basico\\\/#primaryimage\"},\"thumbnailUrl\":\"https:\\\/\\\/www.altominho.tv\\\/site\\\/wp-content\\\/uploads\\\/2020\\\/11\\\/07.jpg\",\"keywords\":[\"Sociedade\"],\"articleSection\":[\"Mon\u00e7\u00e3o\"],\"inLanguage\":\"pt-PT\",\"copyrightYear\":\"2020\",\"copyrightHolder\":{\"@id\":\"https:\\\/\\\/www.altominho.tv\\\/site\\\/#organization\"}},{\"@type\":\"WebPage\",\"@id\":\"https:\\\/\\\/www.altominho.tv\\\/site\\\/2020\\\/11\\\/17\\\/ruas-requalificadas-em-longos-vales-apos-instalacao-de-saneamento-basico\\\/\",\"url\":\"https:\\\/\\\/www.altominho.tv\\\/site\\\/2020\\\/11\\\/17\\\/ruas-requalificadas-em-longos-vales-apos-instalacao-de-saneamento-basico\\\/\",\"name\":\"Ruas requalificadas em Longos Vales ap\u00f3s instala\u00e7\u00e3o de saneamento b\u00e1sico\",\"isPartOf\":{\"@id\":\"https:\\\/\\\/www.altominho.tv\\\/site\\\/#website\"},\"primaryImageOfPage\":{\"@id\":\"https:\\\/\\\/www.altominho.tv\\\/site\\\/2020\\\/11\\\/17\\\/ruas-requalificadas-em-longos-vales-apos-instalacao-de-saneamento-basico\\\/#primaryimage\"},\"image\":{\"@id\":\"https:\\\/\\\/www.altominho.tv\\\/site\\\/2020\\\/11\\\/17\\\/ruas-requalificadas-em-longos-vales-apos-instalacao-de-saneamento-basico\\\/#primaryimage\"},\"thumbnailUrl\":\"https:\\\/\\\/www.altominho.tv\\\/site\\\/wp-content\\\/uploads\\\/2020\\\/11\\\/07.jpg\",\"datePublished\":\"2020-11-17T08:56:45+00:00\",\"dateModified\":\"2020-11-17T08:56:49+00:00\",\"author\":{\"@id\":\"https:\\\/\\\/www.altominho.tv\\\/site\\\/#\\\/schema\\\/person\\\/d9be4265364723f14ea8e0d56a1d38cd\"},\"breadcrumb\":{\"@id\":\"https:\\\/\\\/www.altominho.tv\\\/site\\\/2020\\\/11\\\/17\\\/ruas-requalificadas-em-longos-vales-apos-instalacao-de-saneamento-basico\\\/#breadcrumb\"},\"inLanguage\":\"pt-PT\",\"potentialAction\":[{\"@type\":\"ReadAction\",\"target\":[\"https:\\\/\\\/www.altominho.tv\\\/site\\\/2020\\\/11\\\/17\\\/ruas-requalificadas-em-longos-vales-apos-instalacao-de-saneamento-basico\\\/\"]}]},{\"@type\":\"ImageObject\",\"inLanguage\":\"pt-PT\",\"@id\":\"https:\\\/\\\/www.altominho.tv\\\/site\\\/2020\\\/11\\\/17\\\/ruas-requalificadas-em-longos-vales-apos-instalacao-de-saneamento-basico\\\/#primaryimage\",\"url\":\"https:\\\/\\\/www.altominho.tv\\\/site\\\/wp-content\\\/uploads\\\/2020\\\/11\\\/07.jpg\",\"contentUrl\":\"https:\\\/\\\/www.altominho.tv\\\/site\\\/wp-content\\\/uploads\\\/2020\\\/11\\\/07.jpg\",\"width\":2518,\"height\":1591},{\"@type\":\"BreadcrumbList\",\"@id\":\"https:\\\/\\\/www.altominho.tv\\\/site\\\/2020\\\/11\\\/17\\\/ruas-requalificadas-em-longos-vales-apos-instalacao-de-saneamento-basico\\\/#breadcrumb\",\"itemListElement\":[{\"@type\":\"ListItem\",\"position\":1,\"name\":\"In\u00edcio\",\"item\":\"https:\\\/\\\/www.altominho.tv\\\/site\\\/\"},{\"@type\":\"ListItem\",\"position\":2,\"name\":\"Ruas requalificadas em Longos Vales ap\u00f3s instala\u00e7\u00e3o de saneamento b\u00e1sico\"}]},{\"@type\":\"WebSite\",\"@id\":\"https:\\\/\\\/www.altominho.tv\\\/site\\\/#website\",\"url\":\"https:\\\/\\\/www.altominho.tv\\\/site\\\/\",\"name\":\"Altominho.tv\",\"description\":\"A sua regi\u00e3o \u00e0 dist\u00e2ncia de um clique...\",\"potentialAction\":[{\"@type\":\"SearchAction\",\"target\":{\"@type\":\"EntryPoint\",\"urlTemplate\":\"https:\\\/\\\/www.altominho.tv\\\/site\\\/?s={search_term_string}\"},\"query-input\":{\"@type\":\"PropertyValueSpecification\",\"valueRequired\":true,\"valueName\":\"search_term_string\"}}],\"inLanguage\":\"pt-PT\"},{\"@type\":\"Person\",\"@id\":\"https:\\\/\\\/www.altominho.tv\\\/site\\\/#\\\/schema\\\/person\\\/d9be4265364723f14ea8e0d56a1d38cd\",\"name\":\"Andreia Ferreira\",\"image\":{\"@type\":\"ImageObject\",\"inLanguage\":\"pt-PT\",\"@id\":\"https:\\\/\\\/www.altominho.tv\\\/site\\\/wp-content\\\/uploads\\\/2021\\\/01\\\/AndreiaFerreira-150x150.jpg\",\"url\":\"https:\\\/\\\/www.altominho.tv\\\/site\\\/wp-content\\\/uploads\\\/2021\\\/01\\\/AndreiaFerreira-150x150.jpg\",\"contentUrl\":\"https:\\\/\\\/www.altominho.tv\\\/site\\\/wp-content\\\/uploads\\\/2021\\\/01\\\/AndreiaFerreira-150x150.jpg\",\"caption\":\"Andreia Ferreira\"},\"url\":\"https:\\\/\\\/www.altominho.tv\\\/site\\\/author\\\/andreiaferreira\\\/\"}]}<\/script>\n<!-- \/ Yoast SEO Premium plugin. -->","yoast_head_json":{"title":"Ruas requalificadas em Longos Vales ap\u00f3s instala\u00e7\u00e3o de saneamento b\u00e1sico","robots":{"index":"index","follow":"follow","max-snippet":"max-snippet:-1","max-image-preview":"max-image-preview:large","max-video-preview":"max-video-preview:-1"},"canonical":"https:\/\/www.altominho.tv\/site\/2020\/11\/17\/ruas-requalificadas-em-longos-vales-apos-instalacao-de-saneamento-basico\/","og_locale":"pt_PT","og_type":"article","og_title":"Ruas requalificadas em Longos Vales ap\u00f3s instala\u00e7\u00e3o de saneamento b\u00e1sico","og_description":"Tr\u00eas ruas da freguesia de Longos Vales, concelho de Mon\u00e7\u00e3o, foram alvo de obras de beneficia\u00e7\u00e3o, num investimento superior a 60 mil euros, ap\u00f3s instala\u00e7\u00e3o da rede de saneamento b\u00e1sico. Em comunicado, o munic\u00edpio refere que a Rua de Doude, a Rua de Ch\u00e3o e parte da Rua da Padaria, numa extens\u00e3o total superior a [&hellip;]","og_url":"https:\/\/www.altominho.tv\/site\/2020\/11\/17\/ruas-requalificadas-em-longos-vales-apos-instalacao-de-saneamento-basico\/","og_site_name":"Altominho.tv","article_publisher":"https:\/\/www.facebook.com\/altominhotv","article_published_time":"2020-11-17T08:56:45+00:00","article_modified_time":"2020-11-17T08:56:49+00:00","og_image":[{"width":2518,"height":1591,"url":"https:\/\/www.altominho.tv\/site\/wp-content\/uploads\/2020\/11\/07.jpg","type":"image\/jpeg"}],"author":"Andreia Ferreira","twitter_card":"summary_large_image","twitter_creator":"@altominhoTV","twitter_site":"@altominhoTV","twitter_misc":{"Escrito por":"Andreia Ferreira","Tempo estimado de leitura":"1 minuto"},"schema":{"@context":"https:\/\/schema.org","@graph":[{"@type":"Article","@id":"https:\/\/www.altominho.tv\/site\/2020\/11\/17\/ruas-requalificadas-em-longos-vales-apos-instalacao-de-saneamento-basico\/#article","isPartOf":{"@id":"https:\/\/www.altominho.tv\/site\/2020\/11\/17\/ruas-requalificadas-em-longos-vales-apos-instalacao-de-saneamento-basico\/"},"author":{"name":"Andreia Ferreira","@id":"https:\/\/www.altominho.tv\/site\/#\/schema\/person\/d9be4265364723f14ea8e0d56a1d38cd"},"headline":"Ruas requalificadas em Longos Vales ap\u00f3s instala\u00e7\u00e3o de saneamento b\u00e1sico","datePublished":"2020-11-17T08:56:45+00:00","dateModified":"2020-11-17T08:56:49+00:00","mainEntityOfPage":{"@id":"https:\/\/www.altominho.tv\/site\/2020\/11\/17\/ruas-requalificadas-em-longos-vales-apos-instalacao-de-saneamento-basico\/"},"wordCount":305,"image":{"@id":"https:\/\/www.altominho.tv\/site\/2020\/11\/17\/ruas-requalificadas-em-longos-vales-apos-instalacao-de-saneamento-basico\/#primaryimage"},"thumbnailUrl":"https:\/\/www.altominho.tv\/site\/wp-content\/uploads\/2020\/11\/07.jpg","keywords":["Sociedade"],"articleSection":["Mon\u00e7\u00e3o"],"inLanguage":"pt-PT","copyrightYear":"2020","copyrightHolder":{"@id":"https:\/\/www.altominho.tv\/site\/#organization"}},{"@type":"WebPage","@id":"https:\/\/www.altominho.tv\/site\/2020\/11\/17\/ruas-requalificadas-em-longos-vales-apos-instalacao-de-saneamento-basico\/","url":"https:\/\/www.altominho.tv\/site\/2020\/11\/17\/ruas-requalificadas-em-longos-vales-apos-instalacao-de-saneamento-basico\/","name":"Ruas requalificadas em Longos Vales ap\u00f3s instala\u00e7\u00e3o de saneamento b\u00e1sico","isPartOf":{"@id":"https:\/\/www.altominho.tv\/site\/#website"},"primaryImageOfPage":{"@id":"https:\/\/www.altominho.tv\/site\/2020\/11\/17\/ruas-requalificadas-em-longos-vales-apos-instalacao-de-saneamento-basico\/#primaryimage"},"image":{"@id":"https:\/\/www.altominho.tv\/site\/2020\/11\/17\/ruas-requalificadas-em-longos-vales-apos-instalacao-de-saneamento-basico\/#primaryimage"},"thumbnailUrl":"https:\/\/www.altominho.tv\/site\/wp-content\/uploads\/2020\/11\/07.jpg","datePublished":"2020-11-17T08:56:45+00:00","dateModified":"2020-11-17T08:56:49+00:00","author":{"@id":"https:\/\/www.altominho.tv\/site\/#\/schema\/person\/d9be4265364723f14ea8e0d56a1d38cd"},"breadcrumb":{"@id":"https:\/\/www.altominho.tv\/site\/2020\/11\/17\/ruas-requalificadas-em-longos-vales-apos-instalacao-de-saneamento-basico\/#breadcrumb"},"inLanguage":"pt-PT","potentialAction":[{"@type":"ReadAction","target":["https:\/\/www.altominho.tv\/site\/2020\/11\/17\/ruas-requalificadas-em-longos-vales-apos-instalacao-de-saneamento-basico\/"]}]},{"@type":"ImageObject","inLanguage":"pt-PT","@id":"https:\/\/www.altominho.tv\/site\/2020\/11\/17\/ruas-requalificadas-em-longos-vales-apos-instalacao-de-saneamento-basico\/#primaryimage","url":"https:\/\/www.altominho.tv\/site\/wp-content\/uploads\/2020\/11\/07.jpg","contentUrl":"https:\/\/www.altominho.tv\/site\/wp-content\/uploads\/2020\/11\/07.jpg","width":2518,"height":1591},{"@type":"BreadcrumbList","@id":"https:\/\/www.altominho.tv\/site\/2020\/11\/17\/ruas-requalificadas-em-longos-vales-apos-instalacao-de-saneamento-basico\/#breadcrumb","itemListElement":[{"@type":"ListItem","position":1,"name":"In\u00edcio","item":"https:\/\/www.altominho.tv\/site\/"},{"@type":"ListItem","position":2,"name":"Ruas requalificadas em Longos Vales ap\u00f3s instala\u00e7\u00e3o de saneamento b\u00e1sico"}]},{"@type":"WebSite","@id":"https:\/\/www.altominho.tv\/site\/#website","url":"https:\/\/www.altominho.tv\/site\/","name":"Altominho.tv","description":"A sua regi\u00e3o \u00e0 dist\u00e2ncia de um clique...","potentialAction":[{"@type":"SearchAction","target":{"@type":"EntryPoint","urlTemplate":"https:\/\/www.altominho.tv\/site\/?s={search_term_string}"},"query-input":{"@type":"PropertyValueSpecification","valueRequired":true,"valueName":"search_term_string"}}],"inLanguage":"pt-PT"},{"@type":"Person","@id":"https:\/\/www.altominho.tv\/site\/#\/schema\/person\/d9be4265364723f14ea8e0d56a1d38cd","name":"Andreia Ferreira","image":{"@type":"ImageObject","inLanguage":"pt-PT","@id":"https:\/\/www.altominho.tv\/site\/wp-content\/uploads\/2021\/01\/AndreiaFerreira-150x150.jpg","url":"https:\/\/www.altominho.tv\/site\/wp-content\/uploads\/2021\/01\/AndreiaFerreira-150x150.jpg","contentUrl":"https:\/\/www.altominho.tv\/site\/wp-content\/uploads\/2021\/01\/AndreiaFerreira-150x150.jpg","caption":"Andreia Ferreira"},"url":"https:\/\/www.altominho.tv\/site\/author\/andreiaferreira\/"}]}},"_links":{"self":[{"href":"https:\/\/www.altominho.tv\/site\/wp-json\/wp\/v2\/posts\/56041","targetHints":{"allow":["GET"]}}],"collection":[{"href":"https:\/\/www.altominho.tv\/site\/wp-json\/wp\/v2\/posts"}],"about":[{"href":"https:\/\/www.altominho.tv\/site\/wp-json\/wp\/v2\/types\/post"}],"author":[{"embeddable":true,"href":"https:\/\/www.altominho.tv\/site\/wp-json\/wp\/v2\/users\/12"}],"replies":[{"embeddable":true,"href":"https:\/\/www.altominho.tv\/site\/wp-json\/wp\/v2\/comments?post=56041"}],"version-history":[{"count":0,"href":"https:\/\/www.altominho.tv\/site\/wp-json\/wp\/v2\/posts\/56041\/revisions"}],"wp:featuredmedia":[{"embeddable":true,"href":"https:\/\/www.altominho.tv\/site\/wp-json\/wp\/v2\/media\/56043"}],"wp:attachment":[{"href":"https:\/\/www.altominho.tv\/site\/wp-json\/wp\/v2\/media?parent=56041"}],"wp:term":[{"taxonomy":"category","embeddable":true,"href":"https:\/\/www.altominho.tv\/site\/wp-json\/wp\/v2\/categories?post=56041"},{"taxonomy":"post_tag","embeddable":true,"href":"https:\/\/www.altominho.tv\/site\/wp-json\/wp\/v2\/tags?post=56041"}],"curies":[{"name":"wp","href":"https:\/\/api.w.org\/{rel}","templated":true}]}}