{"id":55966,"date":"2020-11-16T14:54:17","date_gmt":"2020-11-16T14:54:17","guid":{"rendered":"https:\/\/www.altominho.tv\/site\/?p=55966"},"modified":"2020-11-16T14:54:21","modified_gmt":"2020-11-16T14:54:21","slug":"arrancou-empreitada-de-prolongamento-da-ecovia-caminho-do-rio-minho","status":"publish","type":"post","link":"https:\/\/www.altominho.tv\/site\/2020\/11\/16\/arrancou-empreitada-de-prolongamento-da-ecovia-caminho-do-rio-minho\/","title":{"rendered":"Arrancou empreitada de prolongamento da ecovia Caminho do Rio Minho"},"content":{"rendered":"<p>As obras que v\u00e3o permitir prolongar a ecovia que atravessa a zona da marginal da freguesia de Seixas, em Caminha, j\u00e1 est\u00e3o a decorrer. O novo tro\u00e7o at\u00e9 Pedras Ruivas ter\u00e1 uma extens\u00e3o de cerca de um quil\u00f3metro.<\/p>\n<p>Em comunicado, o munic\u00edpio refere que a empreitada \u201cEcovia Caminha \u2013 Caminho do Rio Minho \u2013 Caminha\/Seixas \u2013 Tro\u00e7o Pedras Ruivas e Cais de S. Bento\u201d, num investimento de 271.241,28 euros, &#8220;tem in\u00edcio junto \u00e0 bolsa em terra batida existente na zona sul de Pedras Ruivas, junto ao aglomerado urbano existente, e vai prosseguir, junto ao leito do rio, at\u00e9 ao atual parque de estacionamento junto ao Posto da Guarda Fiscal de Pedras Ruivas&#8221;.<\/p>\n<p>Ainda de acordo com o projeto, &#8220;prev\u00ea-se que a bolsa de estacionamento seja repavimentada e todo o tro\u00e7o de ecovia ser\u00e1 constru\u00eddo em pavimento perme\u00e1vel (bet\u00e3o poroso) entre a zona urbana de Pedras Ruivas at\u00e9 \u00e0 ecovia j\u00e1 existente no Cais de S\u00e3o Bento&#8221;.<\/p>\n<p>Para o presidente da autarquia, &#8220;este investimento valoriza as margens do rio Minho e a freguesia de Seixas em particular&#8221;. &#8220;Temos feito uma aposta forte na cria\u00e7\u00e3o de percursos pedonais que permitam o bem-estar das pessoas, a pr\u00e1tica desportiva e o aproveitamento da beleza natural da nossa terra. Esta \u00e9 mais uma pe\u00e7a do puzzle que temos vindo a fazer em Caminha. A ecovia Caminho do Rio Minho cresce mais de um quil\u00f3metro para sul e o nosso objetivo \u00e9 ir mais longe, ir at\u00e9 Caminha&#8221;, afirma Miguel Alves, citado na nota enviada \u00e0 imprensa.<\/p>\n<p>Esta obra surge de um contrato interadministrativo entre a C\u00e2mara Municipal de Caminha e a Ag\u00eancia Portuguesa do Ambiente (APA) para a interven\u00e7\u00e3o de reabilita\u00e7\u00e3o da margem do rio Minho entre Pedras Ruivas e o Cais de S\u00e3o Bento. Os trabalhos dever\u00e3o prolongar-se durante 150 dias.<\/p>\n","protected":false},"excerpt":{"rendered":"<p>As obras que v\u00e3o permitir prolongar a ecovia que atravessa a zona da marginal da freguesia de Seixas, em Caminha, j\u00e1 est\u00e3o a decorrer. O novo tro\u00e7o at\u00e9 Pedras Ruivas ter\u00e1 uma extens\u00e3o de cerca de um quil\u00f3metro. Em comunicado, o munic\u00edpio refere que a empreitada \u201cEcovia Caminha \u2013 Caminho do Rio Minho \u2013 Caminha\/Seixas [&hellip;]<\/p>\n","protected":false},"author":12,"featured_media":55967,"comment_status":"closed","ping_status":"closed","sticky":false,"template":"","format":"standard","meta":{"_exactmetrics_skip_tracking":false,"_exactmetrics_sitenote_active":false,"_exactmetrics_sitenote_note":"","_exactmetrics_sitenote_category":0,"footnotes":""},"categories":[7],"tags":[24],"class_list":["post-55966","post","type-post","status-publish","format-standard","has-post-thumbnail","hentry","category-caminha","tag-lazer"],"yoast_head":"<!-- This site is optimized with the Yoast SEO Premium plugin v27.5 (Yoast SEO v27.5) - https:\/\/yoast.com\/product\/yoast-seo-premium-wordpress\/ -->\n<title>Arrancou empreitada de prolongamento da ecovia Caminho do Rio Minho<\/title>\n<meta name=\"robots\" content=\"index, follow, max-snippet:-1, max-image-preview:large, max-video-preview:-1\" \/>\n<link rel=\"canonical\" href=\"https:\/\/www.altominho.tv\/site\/2020\/11\/16\/arrancou-empreitada-de-prolongamento-da-ecovia-caminho-do-rio-minho\/\" \/>\n<meta property=\"og:locale\" content=\"pt_PT\" \/>\n<meta property=\"og:type\" content=\"article\" \/>\n<meta property=\"og:title\" content=\"Arrancou empreitada de prolongamento da ecovia Caminho do Rio Minho\" \/>\n<meta property=\"og:description\" content=\"As obras que v\u00e3o permitir prolongar a ecovia que atravessa a zona da marginal da freguesia de Seixas, em Caminha, j\u00e1 est\u00e3o a decorrer. O novo tro\u00e7o at\u00e9 Pedras Ruivas ter\u00e1 uma extens\u00e3o de cerca de um quil\u00f3metro. Em comunicado, o munic\u00edpio refere que a empreitada \u201cEcovia Caminha \u2013 Caminho do Rio Minho \u2013 Caminha\/Seixas [&hellip;]\" \/>\n<meta property=\"og:url\" content=\"https:\/\/www.altominho.tv\/site\/2020\/11\/16\/arrancou-empreitada-de-prolongamento-da-ecovia-caminho-do-rio-minho\/\" \/>\n<meta property=\"og:site_name\" content=\"Altominho.tv\" \/>\n<meta property=\"article:publisher\" content=\"https:\/\/www.facebook.com\/altominhotv\" \/>\n<meta property=\"article:published_time\" content=\"2020-11-16T14:54:17+00:00\" \/>\n<meta property=\"article:modified_time\" content=\"2020-11-16T14:54:21+00:00\" \/>\n<meta property=\"og:image\" content=\"https:\/\/www.altominho.tv\/site\/wp-content\/uploads\/2020\/11\/ecovia-rio-Minho-6.jpg\" \/>\n\t<meta property=\"og:image:width\" content=\"1620\" \/>\n\t<meta property=\"og:image:height\" content=\"1080\" \/>\n\t<meta property=\"og:image:type\" content=\"image\/jpeg\" \/>\n<meta name=\"author\" content=\"Andreia Ferreira\" \/>\n<meta name=\"twitter:card\" content=\"summary_large_image\" \/>\n<meta name=\"twitter:creator\" content=\"@altominhoTV\" \/>\n<meta name=\"twitter:site\" content=\"@altominhoTV\" \/>\n<meta name=\"twitter:label1\" content=\"Escrito por\" \/>\n\t<meta name=\"twitter:data1\" content=\"Andreia Ferreira\" \/>\n\t<meta name=\"twitter:label2\" content=\"Tempo estimado de leitura\" \/>\n\t<meta name=\"twitter:data2\" content=\"2 minutos\" \/>\n<script type=\"application\/ld+json\" class=\"yoast-schema-graph\">{\"@context\":\"https:\\\/\\\/schema.org\",\"@graph\":[{\"@type\":\"Article\",\"@id\":\"https:\\\/\\\/www.altominho.tv\\\/site\\\/2020\\\/11\\\/16\\\/arrancou-empreitada-de-prolongamento-da-ecovia-caminho-do-rio-minho\\\/#article\",\"isPartOf\":{\"@id\":\"https:\\\/\\\/www.altominho.tv\\\/site\\\/2020\\\/11\\\/16\\\/arrancou-empreitada-de-prolongamento-da-ecovia-caminho-do-rio-minho\\\/\"},\"author\":{\"name\":\"Andreia Ferreira\",\"@id\":\"https:\\\/\\\/www.altominho.tv\\\/site\\\/#\\\/schema\\\/person\\\/d9be4265364723f14ea8e0d56a1d38cd\"},\"headline\":\"Arrancou empreitada de prolongamento da ecovia Caminho do Rio Minho\",\"datePublished\":\"2020-11-16T14:54:17+00:00\",\"dateModified\":\"2020-11-16T14:54:21+00:00\",\"mainEntityOfPage\":{\"@id\":\"https:\\\/\\\/www.altominho.tv\\\/site\\\/2020\\\/11\\\/16\\\/arrancou-empreitada-de-prolongamento-da-ecovia-caminho-do-rio-minho\\\/\"},\"wordCount\":322,\"image\":{\"@id\":\"https:\\\/\\\/www.altominho.tv\\\/site\\\/2020\\\/11\\\/16\\\/arrancou-empreitada-de-prolongamento-da-ecovia-caminho-do-rio-minho\\\/#primaryimage\"},\"thumbnailUrl\":\"https:\\\/\\\/www.altominho.tv\\\/site\\\/wp-content\\\/uploads\\\/2020\\\/11\\\/ecovia-rio-Minho-6.jpg\",\"keywords\":[\"Lazer\"],\"articleSection\":[\"Caminha\"],\"inLanguage\":\"pt-PT\",\"copyrightYear\":\"2020\",\"copyrightHolder\":{\"@id\":\"https:\\\/\\\/www.altominho.tv\\\/site\\\/#organization\"}},{\"@type\":\"WebPage\",\"@id\":\"https:\\\/\\\/www.altominho.tv\\\/site\\\/2020\\\/11\\\/16\\\/arrancou-empreitada-de-prolongamento-da-ecovia-caminho-do-rio-minho\\\/\",\"url\":\"https:\\\/\\\/www.altominho.tv\\\/site\\\/2020\\\/11\\\/16\\\/arrancou-empreitada-de-prolongamento-da-ecovia-caminho-do-rio-minho\\\/\",\"name\":\"Arrancou empreitada de prolongamento da ecovia Caminho do Rio Minho\",\"isPartOf\":{\"@id\":\"https:\\\/\\\/www.altominho.tv\\\/site\\\/#website\"},\"primaryImageOfPage\":{\"@id\":\"https:\\\/\\\/www.altominho.tv\\\/site\\\/2020\\\/11\\\/16\\\/arrancou-empreitada-de-prolongamento-da-ecovia-caminho-do-rio-minho\\\/#primaryimage\"},\"image\":{\"@id\":\"https:\\\/\\\/www.altominho.tv\\\/site\\\/2020\\\/11\\\/16\\\/arrancou-empreitada-de-prolongamento-da-ecovia-caminho-do-rio-minho\\\/#primaryimage\"},\"thumbnailUrl\":\"https:\\\/\\\/www.altominho.tv\\\/site\\\/wp-content\\\/uploads\\\/2020\\\/11\\\/ecovia-rio-Minho-6.jpg\",\"datePublished\":\"2020-11-16T14:54:17+00:00\",\"dateModified\":\"2020-11-16T14:54:21+00:00\",\"author\":{\"@id\":\"https:\\\/\\\/www.altominho.tv\\\/site\\\/#\\\/schema\\\/person\\\/d9be4265364723f14ea8e0d56a1d38cd\"},\"breadcrumb\":{\"@id\":\"https:\\\/\\\/www.altominho.tv\\\/site\\\/2020\\\/11\\\/16\\\/arrancou-empreitada-de-prolongamento-da-ecovia-caminho-do-rio-minho\\\/#breadcrumb\"},\"inLanguage\":\"pt-PT\",\"potentialAction\":[{\"@type\":\"ReadAction\",\"target\":[\"https:\\\/\\\/www.altominho.tv\\\/site\\\/2020\\\/11\\\/16\\\/arrancou-empreitada-de-prolongamento-da-ecovia-caminho-do-rio-minho\\\/\"]}]},{\"@type\":\"ImageObject\",\"inLanguage\":\"pt-PT\",\"@id\":\"https:\\\/\\\/www.altominho.tv\\\/site\\\/2020\\\/11\\\/16\\\/arrancou-empreitada-de-prolongamento-da-ecovia-caminho-do-rio-minho\\\/#primaryimage\",\"url\":\"https:\\\/\\\/www.altominho.tv\\\/site\\\/wp-content\\\/uploads\\\/2020\\\/11\\\/ecovia-rio-Minho-6.jpg\",\"contentUrl\":\"https:\\\/\\\/www.altominho.tv\\\/site\\\/wp-content\\\/uploads\\\/2020\\\/11\\\/ecovia-rio-Minho-6.jpg\",\"width\":1620,\"height\":1080},{\"@type\":\"BreadcrumbList\",\"@id\":\"https:\\\/\\\/www.altominho.tv\\\/site\\\/2020\\\/11\\\/16\\\/arrancou-empreitada-de-prolongamento-da-ecovia-caminho-do-rio-minho\\\/#breadcrumb\",\"itemListElement\":[{\"@type\":\"ListItem\",\"position\":1,\"name\":\"In\u00edcio\",\"item\":\"https:\\\/\\\/www.altominho.tv\\\/site\\\/\"},{\"@type\":\"ListItem\",\"position\":2,\"name\":\"Arrancou empreitada de prolongamento da ecovia Caminho do Rio Minho\"}]},{\"@type\":\"WebSite\",\"@id\":\"https:\\\/\\\/www.altominho.tv\\\/site\\\/#website\",\"url\":\"https:\\\/\\\/www.altominho.tv\\\/site\\\/\",\"name\":\"Altominho.tv\",\"description\":\"A sua regi\u00e3o \u00e0 dist\u00e2ncia de um clique...\",\"potentialAction\":[{\"@type\":\"SearchAction\",\"target\":{\"@type\":\"EntryPoint\",\"urlTemplate\":\"https:\\\/\\\/www.altominho.tv\\\/site\\\/?s={search_term_string}\"},\"query-input\":{\"@type\":\"PropertyValueSpecification\",\"valueRequired\":true,\"valueName\":\"search_term_string\"}}],\"inLanguage\":\"pt-PT\"},{\"@type\":\"Person\",\"@id\":\"https:\\\/\\\/www.altominho.tv\\\/site\\\/#\\\/schema\\\/person\\\/d9be4265364723f14ea8e0d56a1d38cd\",\"name\":\"Andreia Ferreira\",\"image\":{\"@type\":\"ImageObject\",\"inLanguage\":\"pt-PT\",\"@id\":\"https:\\\/\\\/www.altominho.tv\\\/site\\\/wp-content\\\/uploads\\\/2021\\\/01\\\/AndreiaFerreira-150x150.jpg\",\"url\":\"https:\\\/\\\/www.altominho.tv\\\/site\\\/wp-content\\\/uploads\\\/2021\\\/01\\\/AndreiaFerreira-150x150.jpg\",\"contentUrl\":\"https:\\\/\\\/www.altominho.tv\\\/site\\\/wp-content\\\/uploads\\\/2021\\\/01\\\/AndreiaFerreira-150x150.jpg\",\"caption\":\"Andreia Ferreira\"},\"url\":\"https:\\\/\\\/www.altominho.tv\\\/site\\\/author\\\/andreiaferreira\\\/\"}]}<\/script>\n<!-- \/ Yoast SEO Premium plugin. -->","yoast_head_json":{"title":"Arrancou empreitada de prolongamento da ecovia Caminho do Rio Minho","robots":{"index":"index","follow":"follow","max-snippet":"max-snippet:-1","max-image-preview":"max-image-preview:large","max-video-preview":"max-video-preview:-1"},"canonical":"https:\/\/www.altominho.tv\/site\/2020\/11\/16\/arrancou-empreitada-de-prolongamento-da-ecovia-caminho-do-rio-minho\/","og_locale":"pt_PT","og_type":"article","og_title":"Arrancou empreitada de prolongamento da ecovia Caminho do Rio Minho","og_description":"As obras que v\u00e3o permitir prolongar a ecovia que atravessa a zona da marginal da freguesia de Seixas, em Caminha, j\u00e1 est\u00e3o a decorrer. O novo tro\u00e7o at\u00e9 Pedras Ruivas ter\u00e1 uma extens\u00e3o de cerca de um quil\u00f3metro. Em comunicado, o munic\u00edpio refere que a empreitada \u201cEcovia Caminha \u2013 Caminho do Rio Minho \u2013 Caminha\/Seixas [&hellip;]","og_url":"https:\/\/www.altominho.tv\/site\/2020\/11\/16\/arrancou-empreitada-de-prolongamento-da-ecovia-caminho-do-rio-minho\/","og_site_name":"Altominho.tv","article_publisher":"https:\/\/www.facebook.com\/altominhotv","article_published_time":"2020-11-16T14:54:17+00:00","article_modified_time":"2020-11-16T14:54:21+00:00","og_image":[{"width":1620,"height":1080,"url":"https:\/\/www.altominho.tv\/site\/wp-content\/uploads\/2020\/11\/ecovia-rio-Minho-6.jpg","type":"image\/jpeg"}],"author":"Andreia Ferreira","twitter_card":"summary_large_image","twitter_creator":"@altominhoTV","twitter_site":"@altominhoTV","twitter_misc":{"Escrito por":"Andreia Ferreira","Tempo estimado de leitura":"2 minutos"},"schema":{"@context":"https:\/\/schema.org","@graph":[{"@type":"Article","@id":"https:\/\/www.altominho.tv\/site\/2020\/11\/16\/arrancou-empreitada-de-prolongamento-da-ecovia-caminho-do-rio-minho\/#article","isPartOf":{"@id":"https:\/\/www.altominho.tv\/site\/2020\/11\/16\/arrancou-empreitada-de-prolongamento-da-ecovia-caminho-do-rio-minho\/"},"author":{"name":"Andreia Ferreira","@id":"https:\/\/www.altominho.tv\/site\/#\/schema\/person\/d9be4265364723f14ea8e0d56a1d38cd"},"headline":"Arrancou empreitada de prolongamento da ecovia Caminho do Rio Minho","datePublished":"2020-11-16T14:54:17+00:00","dateModified":"2020-11-16T14:54:21+00:00","mainEntityOfPage":{"@id":"https:\/\/www.altominho.tv\/site\/2020\/11\/16\/arrancou-empreitada-de-prolongamento-da-ecovia-caminho-do-rio-minho\/"},"wordCount":322,"image":{"@id":"https:\/\/www.altominho.tv\/site\/2020\/11\/16\/arrancou-empreitada-de-prolongamento-da-ecovia-caminho-do-rio-minho\/#primaryimage"},"thumbnailUrl":"https:\/\/www.altominho.tv\/site\/wp-content\/uploads\/2020\/11\/ecovia-rio-Minho-6.jpg","keywords":["Lazer"],"articleSection":["Caminha"],"inLanguage":"pt-PT","copyrightYear":"2020","copyrightHolder":{"@id":"https:\/\/www.altominho.tv\/site\/#organization"}},{"@type":"WebPage","@id":"https:\/\/www.altominho.tv\/site\/2020\/11\/16\/arrancou-empreitada-de-prolongamento-da-ecovia-caminho-do-rio-minho\/","url":"https:\/\/www.altominho.tv\/site\/2020\/11\/16\/arrancou-empreitada-de-prolongamento-da-ecovia-caminho-do-rio-minho\/","name":"Arrancou empreitada de prolongamento da ecovia Caminho do Rio Minho","isPartOf":{"@id":"https:\/\/www.altominho.tv\/site\/#website"},"primaryImageOfPage":{"@id":"https:\/\/www.altominho.tv\/site\/2020\/11\/16\/arrancou-empreitada-de-prolongamento-da-ecovia-caminho-do-rio-minho\/#primaryimage"},"image":{"@id":"https:\/\/www.altominho.tv\/site\/2020\/11\/16\/arrancou-empreitada-de-prolongamento-da-ecovia-caminho-do-rio-minho\/#primaryimage"},"thumbnailUrl":"https:\/\/www.altominho.tv\/site\/wp-content\/uploads\/2020\/11\/ecovia-rio-Minho-6.jpg","datePublished":"2020-11-16T14:54:17+00:00","dateModified":"2020-11-16T14:54:21+00:00","author":{"@id":"https:\/\/www.altominho.tv\/site\/#\/schema\/person\/d9be4265364723f14ea8e0d56a1d38cd"},"breadcrumb":{"@id":"https:\/\/www.altominho.tv\/site\/2020\/11\/16\/arrancou-empreitada-de-prolongamento-da-ecovia-caminho-do-rio-minho\/#breadcrumb"},"inLanguage":"pt-PT","potentialAction":[{"@type":"ReadAction","target":["https:\/\/www.altominho.tv\/site\/2020\/11\/16\/arrancou-empreitada-de-prolongamento-da-ecovia-caminho-do-rio-minho\/"]}]},{"@type":"ImageObject","inLanguage":"pt-PT","@id":"https:\/\/www.altominho.tv\/site\/2020\/11\/16\/arrancou-empreitada-de-prolongamento-da-ecovia-caminho-do-rio-minho\/#primaryimage","url":"https:\/\/www.altominho.tv\/site\/wp-content\/uploads\/2020\/11\/ecovia-rio-Minho-6.jpg","contentUrl":"https:\/\/www.altominho.tv\/site\/wp-content\/uploads\/2020\/11\/ecovia-rio-Minho-6.jpg","width":1620,"height":1080},{"@type":"BreadcrumbList","@id":"https:\/\/www.altominho.tv\/site\/2020\/11\/16\/arrancou-empreitada-de-prolongamento-da-ecovia-caminho-do-rio-minho\/#breadcrumb","itemListElement":[{"@type":"ListItem","position":1,"name":"In\u00edcio","item":"https:\/\/www.altominho.tv\/site\/"},{"@type":"ListItem","position":2,"name":"Arrancou empreitada de prolongamento da ecovia Caminho do Rio Minho"}]},{"@type":"WebSite","@id":"https:\/\/www.altominho.tv\/site\/#website","url":"https:\/\/www.altominho.tv\/site\/","name":"Altominho.tv","description":"A sua regi\u00e3o \u00e0 dist\u00e2ncia de um clique...","potentialAction":[{"@type":"SearchAction","target":{"@type":"EntryPoint","urlTemplate":"https:\/\/www.altominho.tv\/site\/?s={search_term_string}"},"query-input":{"@type":"PropertyValueSpecification","valueRequired":true,"valueName":"search_term_string"}}],"inLanguage":"pt-PT"},{"@type":"Person","@id":"https:\/\/www.altominho.tv\/site\/#\/schema\/person\/d9be4265364723f14ea8e0d56a1d38cd","name":"Andreia Ferreira","image":{"@type":"ImageObject","inLanguage":"pt-PT","@id":"https:\/\/www.altominho.tv\/site\/wp-content\/uploads\/2021\/01\/AndreiaFerreira-150x150.jpg","url":"https:\/\/www.altominho.tv\/site\/wp-content\/uploads\/2021\/01\/AndreiaFerreira-150x150.jpg","contentUrl":"https:\/\/www.altominho.tv\/site\/wp-content\/uploads\/2021\/01\/AndreiaFerreira-150x150.jpg","caption":"Andreia Ferreira"},"url":"https:\/\/www.altominho.tv\/site\/author\/andreiaferreira\/"}]}},"_links":{"self":[{"href":"https:\/\/www.altominho.tv\/site\/wp-json\/wp\/v2\/posts\/55966","targetHints":{"allow":["GET"]}}],"collection":[{"href":"https:\/\/www.altominho.tv\/site\/wp-json\/wp\/v2\/posts"}],"about":[{"href":"https:\/\/www.altominho.tv\/site\/wp-json\/wp\/v2\/types\/post"}],"author":[{"embeddable":true,"href":"https:\/\/www.altominho.tv\/site\/wp-json\/wp\/v2\/users\/12"}],"replies":[{"embeddable":true,"href":"https:\/\/www.altominho.tv\/site\/wp-json\/wp\/v2\/comments?post=55966"}],"version-history":[{"count":0,"href":"https:\/\/www.altominho.tv\/site\/wp-json\/wp\/v2\/posts\/55966\/revisions"}],"wp:featuredmedia":[{"embeddable":true,"href":"https:\/\/www.altominho.tv\/site\/wp-json\/wp\/v2\/media\/55967"}],"wp:attachment":[{"href":"https:\/\/www.altominho.tv\/site\/wp-json\/wp\/v2\/media?parent=55966"}],"wp:term":[{"taxonomy":"category","embeddable":true,"href":"https:\/\/www.altominho.tv\/site\/wp-json\/wp\/v2\/categories?post=55966"},{"taxonomy":"post_tag","embeddable":true,"href":"https:\/\/www.altominho.tv\/site\/wp-json\/wp\/v2\/tags?post=55966"}],"curies":[{"name":"wp","href":"https:\/\/api.w.org\/{rel}","templated":true}]}}