{"id":55943,"date":"2020-11-15T13:39:15","date_gmt":"2020-11-15T13:39:15","guid":{"rendered":"https:\/\/www.altominho.tv\/site\/?p=55943"},"modified":"2020-11-15T13:39:20","modified_gmt":"2020-11-15T13:39:20","slug":"presidente-da-camara-pede-ajuda-face-a-situacao-caotica-de-lar-em-caminha","status":"publish","type":"post","link":"https:\/\/www.altominho.tv\/site\/2020\/11\/15\/presidente-da-camara-pede-ajuda-face-a-situacao-caotica-de-lar-em-caminha\/","title":{"rendered":"Presidente da C\u00e2mara pede ajuda face a situa\u00e7\u00e3o \u201cca\u00f3tica\u201d de lar em Caminha"},"content":{"rendered":"<p>O presidente da C\u00e2mara de Caminha pediu hoje ajuda para fazer face \u00e0 situa\u00e7\u00e3o &#8220;ca\u00f3tica&#8221;, do lar do Bom Jesus dos Mareantes que j\u00e1 registou quatro mortes e tem 59 utentes e 24 funcion\u00e1rios infetados.<\/p>\n<p>&#8220;A situa\u00e7\u00e3o na Casa de Repouso da Confraria do Bom Jesus dos Mareantes est\u00e1 descontrolada. \u00c9 ca\u00f3tica, apesar das ajudas que nos foram chegando da Seguran\u00e7a Social que j\u00e1 tem, h\u00e1 alguns dias, uma brigada de Interven\u00e7\u00e3o R\u00e1pida com tr\u00eas pessoas. Precisamos de ajuda&#8221;, apelou Miguel Alves.<\/p>\n<p>Em declara\u00e7\u00f5es hoje \u00e0 ag\u00eancia Lusa, o autarca socialista destacou que &#8220;os funcion\u00e1rios t\u00eam dado tudo e as fam\u00edlias podem ter a certeza de total empenho da equipa, mas as pessoas s\u00e3o poucas e est\u00e3o cansadas&#8221;, alertou, sublinhando que &#8220;70% dos funcion\u00e1rios da institui\u00e7\u00e3o est\u00e3o infetados e foram enviados para casa&#8221;.<\/p>\n<p>No s\u00e1bado, a institui\u00e7\u00e3o recebeu os resultados &#8220;de uma segunda vaga de testes&#8221; que confirmaram a infe\u00e7\u00e3o pelo novo coronav\u00edrus em 59 utentes, sendo dois est\u00e3o hospitalizados&#8221;, especificou.<\/p>\n<p>&#8220;Quatro utentes n\u00e3o est\u00e3o infetados.\u00a0 Temos a lamentar quatro \u00f3bitos de utentes nos \u00faltimos dias, um deles ocorreu esta noite&#8221;, destacou.<\/p>\n<p>Segundo Miguel Alves, &#8220;neste momento, mais de 60 utentes est\u00e3o na institui\u00e7\u00e3o e existem apenas dez funcion\u00e1rios para os acompanhar&#8221;.<\/p>\n<p>&#8220;Pior, auxiliares de a\u00e7\u00e3o direta da Institui\u00e7\u00f5es Particulares de Seguran\u00e7a Social (IPSS) s\u00e3o apenas tr\u00eas, os outros funcion\u00e1rios s\u00e3o de servi\u00e7os gerais (cozinha e limpeza) e t\u00e9cnicos, incluindo uma enfermeira e a pr\u00f3pria diretora do lar&#8221;, refor\u00e7ou Miguel Alves.<br \/>O autarca socialista apelou ao voluntariado ou quem esteja em condi\u00e7\u00f5es de prestar servi\u00e7os \u00e0 institui\u00e7\u00e3o.<\/p>\n<p>&#8220;Se as pessoas tiverem experi\u00eancia no cuidado a idosos ou se t\u00eam vontade de ajudar num trabalho de aux\u00edlio indireto, devem contactar a C\u00e2mara ou a institui\u00e7\u00e3o. Da parte da C\u00e2mara, tudo ser\u00e1 feito para ajudar. Temos tentado encontrar solu\u00e7\u00f5es institucionais, apoiamos financeiramente a institui\u00e7\u00e3o, suportamos os custos de estadia da brigada de interven\u00e7\u00e3o r\u00e1pida e estamos dispon\u00edveis para ir mais longe, mas precisamos de gente imediatamente&#8221;, referiu.<\/p>\n<p>O autarca disse que, no s\u00e1bado, contactou as autoridades de sa\u00fade, &#8220;pedindo mais proximidade e acompanhamento&#8221;, e a Seguran\u00e7a Social &#8220;solicitando a coloca\u00e7\u00e3o de mais recursos humanos em Caminha, ainda hoje ou na segunda-feira&#8221;.<\/p>\n<p>&#8220;Precisamos de recursos humanos. Precisamos de pessoas que se disponham a auxiliar os idosos diretamente ou a trabalhar em servi\u00e7os como os de lavandaria. Temos este problema no lar dos Mareantes, problemas noutras institui\u00e7\u00f5es e o concelho est\u00e1 a viver o seu pior momento desde o in\u00edcio da pandemia&#8221;, disse.<\/p>\n<p>Segundo Miguel Alves, &#8220;a diretora regional da Seguran\u00e7a Social est\u00e1 empenhada em colocar mais funcion\u00e1rios no lar ainda durante o dia de hoje&#8221;, adiantou.<\/p>\n<p>&#8220;Outubro foi um m\u00eas medonho em que triplicamos o n\u00famero de casos relativamente ao acumulado dos meses anteriores. Mas novembro est\u00e1 a ser pior: no dia 13 de novembro, j\u00e1 t\u00ednhamos mais casos novos do que os que tivemos durante todo o m\u00eas anterior. Em m\u00e9dia, temos 11 novos casos por dia em Caminha. Por isso, compreendendo o cansa\u00e7o, a necessidade de afetos, a vontade de ver a fam\u00edlia, pe\u00e7o a todos que cumpram as regras, que evitem os almo\u00e7os e jantares de fam\u00edlia, que adiem as festas de anivers\u00e1rio, que tenham cuidado com as tradi\u00e7\u00f5es como as matan\u00e7as de porcos. Este ano tudo tem de ser diferente. Casos como o dos Mareantes n\u00e3o acontecem espontaneamente, v\u00eam do exterior, do contacto com familiares, de uma festa ou se esteve mais \u00e0 vontade. N\u00e3o pode ser. O outro tem costas largas, mas este desafio \u00e9 mesmo de cada um de n\u00f3s&#8221;, exortou.\u00a0 \u00a0<\/p>\n","protected":false},"excerpt":{"rendered":"<p>O presidente da C\u00e2mara de Caminha pediu hoje ajuda para fazer face \u00e0 situa\u00e7\u00e3o &#8220;ca\u00f3tica&#8221;, do lar do Bom Jesus dos Mareantes que j\u00e1 registou quatro mortes e tem 59 utentes e 24 funcion\u00e1rios infetados. &#8220;A situa\u00e7\u00e3o na Casa de Repouso da Confraria do Bom Jesus dos Mareantes est\u00e1 descontrolada. \u00c9 ca\u00f3tica, apesar das ajudas [&hellip;]<\/p>\n","protected":false},"author":13,"featured_media":54875,"comment_status":"closed","ping_status":"closed","sticky":false,"template":"","format":"standard","meta":{"_exactmetrics_skip_tracking":false,"_exactmetrics_sitenote_active":false,"_exactmetrics_sitenote_note":"","_exactmetrics_sitenote_category":0,"footnotes":""},"categories":[7],"tags":[26,27],"class_list":["post-55943","post","type-post","status-publish","format-standard","has-post-thumbnail","hentry","category-caminha","tag-saude","tag-sociedade"],"yoast_head":"<!-- This site is optimized with the Yoast SEO Premium plugin v27.5 (Yoast SEO v27.5) - https:\/\/yoast.com\/product\/yoast-seo-premium-wordpress\/ -->\n<title>Presidente da C\u00e2mara pede ajuda face a situa\u00e7\u00e3o \u201cca\u00f3tica\u201d de lar em Caminha<\/title>\n<meta name=\"robots\" content=\"index, follow, max-snippet:-1, max-image-preview:large, max-video-preview:-1\" \/>\n<link rel=\"canonical\" href=\"https:\/\/www.altominho.tv\/site\/2020\/11\/15\/presidente-da-camara-pede-ajuda-face-a-situacao-caotica-de-lar-em-caminha\/\" \/>\n<meta property=\"og:locale\" content=\"pt_PT\" \/>\n<meta property=\"og:type\" content=\"article\" \/>\n<meta property=\"og:title\" content=\"Presidente da C\u00e2mara pede ajuda face a situa\u00e7\u00e3o \u201cca\u00f3tica\u201d de lar em Caminha\" \/>\n<meta property=\"og:description\" content=\"O presidente da C\u00e2mara de Caminha pediu hoje ajuda para fazer face \u00e0 situa\u00e7\u00e3o &#8220;ca\u00f3tica&#8221;, do lar do Bom Jesus dos Mareantes que j\u00e1 registou quatro mortes e tem 59 utentes e 24 funcion\u00e1rios infetados. &#8220;A situa\u00e7\u00e3o na Casa de Repouso da Confraria do Bom Jesus dos Mareantes est\u00e1 descontrolada. \u00c9 ca\u00f3tica, apesar das ajudas [&hellip;]\" \/>\n<meta property=\"og:url\" content=\"https:\/\/www.altominho.tv\/site\/2020\/11\/15\/presidente-da-camara-pede-ajuda-face-a-situacao-caotica-de-lar-em-caminha\/\" \/>\n<meta property=\"og:site_name\" content=\"Altominho.tv\" \/>\n<meta property=\"article:publisher\" content=\"https:\/\/www.facebook.com\/altominhotv\" \/>\n<meta property=\"article:published_time\" content=\"2020-11-15T13:39:15+00:00\" \/>\n<meta property=\"article:modified_time\" content=\"2020-11-15T13:39:20+00:00\" \/>\n<meta property=\"og:image\" content=\"https:\/\/www.altominho.tv\/site\/wp-content\/uploads\/2020\/10\/Miguel_Alves_ATV.jpg\" \/>\n\t<meta property=\"og:image:width\" content=\"1920\" \/>\n\t<meta property=\"og:image:height\" content=\"1080\" \/>\n\t<meta property=\"og:image:type\" content=\"image\/jpeg\" \/>\n<meta name=\"author\" content=\"Lusa\" \/>\n<meta name=\"twitter:card\" content=\"summary_large_image\" \/>\n<meta name=\"twitter:creator\" content=\"@altominhoTV\" \/>\n<meta name=\"twitter:site\" content=\"@altominhoTV\" \/>\n<meta name=\"twitter:label1\" content=\"Escrito por\" \/>\n\t<meta name=\"twitter:data1\" content=\"Lusa\" \/>\n\t<meta name=\"twitter:label2\" content=\"Tempo estimado de leitura\" \/>\n\t<meta name=\"twitter:data2\" content=\"3 minutos\" \/>\n<script type=\"application\/ld+json\" class=\"yoast-schema-graph\">{\"@context\":\"https:\\\/\\\/schema.org\",\"@graph\":[{\"@type\":\"Article\",\"@id\":\"https:\\\/\\\/www.altominho.tv\\\/site\\\/2020\\\/11\\\/15\\\/presidente-da-camara-pede-ajuda-face-a-situacao-caotica-de-lar-em-caminha\\\/#article\",\"isPartOf\":{\"@id\":\"https:\\\/\\\/www.altominho.tv\\\/site\\\/2020\\\/11\\\/15\\\/presidente-da-camara-pede-ajuda-face-a-situacao-caotica-de-lar-em-caminha\\\/\"},\"author\":{\"name\":\"Lusa\",\"@id\":\"https:\\\/\\\/www.altominho.tv\\\/site\\\/#\\\/schema\\\/person\\\/63f693da3e1899361cbe955c46f3232e\"},\"headline\":\"Presidente da C\u00e2mara pede ajuda face a situa\u00e7\u00e3o \u201cca\u00f3tica\u201d de lar em Caminha\",\"datePublished\":\"2020-11-15T13:39:15+00:00\",\"dateModified\":\"2020-11-15T13:39:20+00:00\",\"mainEntityOfPage\":{\"@id\":\"https:\\\/\\\/www.altominho.tv\\\/site\\\/2020\\\/11\\\/15\\\/presidente-da-camara-pede-ajuda-face-a-situacao-caotica-de-lar-em-caminha\\\/\"},\"wordCount\":668,\"image\":{\"@id\":\"https:\\\/\\\/www.altominho.tv\\\/site\\\/2020\\\/11\\\/15\\\/presidente-da-camara-pede-ajuda-face-a-situacao-caotica-de-lar-em-caminha\\\/#primaryimage\"},\"thumbnailUrl\":\"https:\\\/\\\/www.altominho.tv\\\/site\\\/wp-content\\\/uploads\\\/2020\\\/10\\\/Miguel_Alves_ATV.jpg\",\"keywords\":[\"Sa\u00fade\",\"Sociedade\"],\"articleSection\":[\"Caminha\"],\"inLanguage\":\"pt-PT\",\"copyrightYear\":\"2020\",\"copyrightHolder\":{\"@id\":\"https:\\\/\\\/www.altominho.tv\\\/site\\\/#organization\"}},{\"@type\":\"WebPage\",\"@id\":\"https:\\\/\\\/www.altominho.tv\\\/site\\\/2020\\\/11\\\/15\\\/presidente-da-camara-pede-ajuda-face-a-situacao-caotica-de-lar-em-caminha\\\/\",\"url\":\"https:\\\/\\\/www.altominho.tv\\\/site\\\/2020\\\/11\\\/15\\\/presidente-da-camara-pede-ajuda-face-a-situacao-caotica-de-lar-em-caminha\\\/\",\"name\":\"Presidente da C\u00e2mara pede ajuda face a situa\u00e7\u00e3o \u201cca\u00f3tica\u201d de lar em Caminha\",\"isPartOf\":{\"@id\":\"https:\\\/\\\/www.altominho.tv\\\/site\\\/#website\"},\"primaryImageOfPage\":{\"@id\":\"https:\\\/\\\/www.altominho.tv\\\/site\\\/2020\\\/11\\\/15\\\/presidente-da-camara-pede-ajuda-face-a-situacao-caotica-de-lar-em-caminha\\\/#primaryimage\"},\"image\":{\"@id\":\"https:\\\/\\\/www.altominho.tv\\\/site\\\/2020\\\/11\\\/15\\\/presidente-da-camara-pede-ajuda-face-a-situacao-caotica-de-lar-em-caminha\\\/#primaryimage\"},\"thumbnailUrl\":\"https:\\\/\\\/www.altominho.tv\\\/site\\\/wp-content\\\/uploads\\\/2020\\\/10\\\/Miguel_Alves_ATV.jpg\",\"datePublished\":\"2020-11-15T13:39:15+00:00\",\"dateModified\":\"2020-11-15T13:39:20+00:00\",\"author\":{\"@id\":\"https:\\\/\\\/www.altominho.tv\\\/site\\\/#\\\/schema\\\/person\\\/63f693da3e1899361cbe955c46f3232e\"},\"breadcrumb\":{\"@id\":\"https:\\\/\\\/www.altominho.tv\\\/site\\\/2020\\\/11\\\/15\\\/presidente-da-camara-pede-ajuda-face-a-situacao-caotica-de-lar-em-caminha\\\/#breadcrumb\"},\"inLanguage\":\"pt-PT\",\"potentialAction\":[{\"@type\":\"ReadAction\",\"target\":[\"https:\\\/\\\/www.altominho.tv\\\/site\\\/2020\\\/11\\\/15\\\/presidente-da-camara-pede-ajuda-face-a-situacao-caotica-de-lar-em-caminha\\\/\"]}]},{\"@type\":\"ImageObject\",\"inLanguage\":\"pt-PT\",\"@id\":\"https:\\\/\\\/www.altominho.tv\\\/site\\\/2020\\\/11\\\/15\\\/presidente-da-camara-pede-ajuda-face-a-situacao-caotica-de-lar-em-caminha\\\/#primaryimage\",\"url\":\"https:\\\/\\\/www.altominho.tv\\\/site\\\/wp-content\\\/uploads\\\/2020\\\/10\\\/Miguel_Alves_ATV.jpg\",\"contentUrl\":\"https:\\\/\\\/www.altominho.tv\\\/site\\\/wp-content\\\/uploads\\\/2020\\\/10\\\/Miguel_Alves_ATV.jpg\",\"width\":1920,\"height\":1080},{\"@type\":\"BreadcrumbList\",\"@id\":\"https:\\\/\\\/www.altominho.tv\\\/site\\\/2020\\\/11\\\/15\\\/presidente-da-camara-pede-ajuda-face-a-situacao-caotica-de-lar-em-caminha\\\/#breadcrumb\",\"itemListElement\":[{\"@type\":\"ListItem\",\"position\":1,\"name\":\"In\u00edcio\",\"item\":\"https:\\\/\\\/www.altominho.tv\\\/site\\\/\"},{\"@type\":\"ListItem\",\"position\":2,\"name\":\"Presidente da C\u00e2mara pede ajuda face a situa\u00e7\u00e3o \u201cca\u00f3tica\u201d de lar em Caminha\"}]},{\"@type\":\"WebSite\",\"@id\":\"https:\\\/\\\/www.altominho.tv\\\/site\\\/#website\",\"url\":\"https:\\\/\\\/www.altominho.tv\\\/site\\\/\",\"name\":\"Altominho.tv\",\"description\":\"A sua regi\u00e3o \u00e0 dist\u00e2ncia de um clique...\",\"potentialAction\":[{\"@type\":\"SearchAction\",\"target\":{\"@type\":\"EntryPoint\",\"urlTemplate\":\"https:\\\/\\\/www.altominho.tv\\\/site\\\/?s={search_term_string}\"},\"query-input\":{\"@type\":\"PropertyValueSpecification\",\"valueRequired\":true,\"valueName\":\"search_term_string\"}}],\"inLanguage\":\"pt-PT\"},{\"@type\":\"Person\",\"@id\":\"https:\\\/\\\/www.altominho.tv\\\/site\\\/#\\\/schema\\\/person\\\/63f693da3e1899361cbe955c46f3232e\",\"name\":\"Lusa\",\"image\":{\"@type\":\"ImageObject\",\"inLanguage\":\"pt-PT\",\"@id\":\"https:\\\/\\\/www.altominho.tv\\\/site\\\/wp-content\\\/uploads\\\/2019\\\/08\\\/LUSA_Logo.gif\",\"url\":\"https:\\\/\\\/www.altominho.tv\\\/site\\\/wp-content\\\/uploads\\\/2019\\\/08\\\/LUSA_Logo.gif\",\"contentUrl\":\"https:\\\/\\\/www.altominho.tv\\\/site\\\/wp-content\\\/uploads\\\/2019\\\/08\\\/LUSA_Logo.gif\",\"caption\":\"Lusa\"},\"sameAs\":[\"http:\\\/\\\/\\\/\\\/www.altominho.tv\\\/site\"],\"url\":\"https:\\\/\\\/www.altominho.tv\\\/site\\\/author\\\/lusa\\\/\"}]}<\/script>\n<!-- \/ Yoast SEO Premium plugin. -->","yoast_head_json":{"title":"Presidente da C\u00e2mara pede ajuda face a situa\u00e7\u00e3o \u201cca\u00f3tica\u201d de lar em Caminha","robots":{"index":"index","follow":"follow","max-snippet":"max-snippet:-1","max-image-preview":"max-image-preview:large","max-video-preview":"max-video-preview:-1"},"canonical":"https:\/\/www.altominho.tv\/site\/2020\/11\/15\/presidente-da-camara-pede-ajuda-face-a-situacao-caotica-de-lar-em-caminha\/","og_locale":"pt_PT","og_type":"article","og_title":"Presidente da C\u00e2mara pede ajuda face a situa\u00e7\u00e3o \u201cca\u00f3tica\u201d de lar em Caminha","og_description":"O presidente da C\u00e2mara de Caminha pediu hoje ajuda para fazer face \u00e0 situa\u00e7\u00e3o &#8220;ca\u00f3tica&#8221;, do lar do Bom Jesus dos Mareantes que j\u00e1 registou quatro mortes e tem 59 utentes e 24 funcion\u00e1rios infetados. &#8220;A situa\u00e7\u00e3o na Casa de Repouso da Confraria do Bom Jesus dos Mareantes est\u00e1 descontrolada. \u00c9 ca\u00f3tica, apesar das ajudas [&hellip;]","og_url":"https:\/\/www.altominho.tv\/site\/2020\/11\/15\/presidente-da-camara-pede-ajuda-face-a-situacao-caotica-de-lar-em-caminha\/","og_site_name":"Altominho.tv","article_publisher":"https:\/\/www.facebook.com\/altominhotv","article_published_time":"2020-11-15T13:39:15+00:00","article_modified_time":"2020-11-15T13:39:20+00:00","og_image":[{"width":1920,"height":1080,"url":"https:\/\/www.altominho.tv\/site\/wp-content\/uploads\/2020\/10\/Miguel_Alves_ATV.jpg","type":"image\/jpeg"}],"author":"Lusa","twitter_card":"summary_large_image","twitter_creator":"@altominhoTV","twitter_site":"@altominhoTV","twitter_misc":{"Escrito por":"Lusa","Tempo estimado de leitura":"3 minutos"},"schema":{"@context":"https:\/\/schema.org","@graph":[{"@type":"Article","@id":"https:\/\/www.altominho.tv\/site\/2020\/11\/15\/presidente-da-camara-pede-ajuda-face-a-situacao-caotica-de-lar-em-caminha\/#article","isPartOf":{"@id":"https:\/\/www.altominho.tv\/site\/2020\/11\/15\/presidente-da-camara-pede-ajuda-face-a-situacao-caotica-de-lar-em-caminha\/"},"author":{"name":"Lusa","@id":"https:\/\/www.altominho.tv\/site\/#\/schema\/person\/63f693da3e1899361cbe955c46f3232e"},"headline":"Presidente da C\u00e2mara pede ajuda face a situa\u00e7\u00e3o \u201cca\u00f3tica\u201d de lar em Caminha","datePublished":"2020-11-15T13:39:15+00:00","dateModified":"2020-11-15T13:39:20+00:00","mainEntityOfPage":{"@id":"https:\/\/www.altominho.tv\/site\/2020\/11\/15\/presidente-da-camara-pede-ajuda-face-a-situacao-caotica-de-lar-em-caminha\/"},"wordCount":668,"image":{"@id":"https:\/\/www.altominho.tv\/site\/2020\/11\/15\/presidente-da-camara-pede-ajuda-face-a-situacao-caotica-de-lar-em-caminha\/#primaryimage"},"thumbnailUrl":"https:\/\/www.altominho.tv\/site\/wp-content\/uploads\/2020\/10\/Miguel_Alves_ATV.jpg","keywords":["Sa\u00fade","Sociedade"],"articleSection":["Caminha"],"inLanguage":"pt-PT","copyrightYear":"2020","copyrightHolder":{"@id":"https:\/\/www.altominho.tv\/site\/#organization"}},{"@type":"WebPage","@id":"https:\/\/www.altominho.tv\/site\/2020\/11\/15\/presidente-da-camara-pede-ajuda-face-a-situacao-caotica-de-lar-em-caminha\/","url":"https:\/\/www.altominho.tv\/site\/2020\/11\/15\/presidente-da-camara-pede-ajuda-face-a-situacao-caotica-de-lar-em-caminha\/","name":"Presidente da C\u00e2mara pede ajuda face a situa\u00e7\u00e3o \u201cca\u00f3tica\u201d de lar em Caminha","isPartOf":{"@id":"https:\/\/www.altominho.tv\/site\/#website"},"primaryImageOfPage":{"@id":"https:\/\/www.altominho.tv\/site\/2020\/11\/15\/presidente-da-camara-pede-ajuda-face-a-situacao-caotica-de-lar-em-caminha\/#primaryimage"},"image":{"@id":"https:\/\/www.altominho.tv\/site\/2020\/11\/15\/presidente-da-camara-pede-ajuda-face-a-situacao-caotica-de-lar-em-caminha\/#primaryimage"},"thumbnailUrl":"https:\/\/www.altominho.tv\/site\/wp-content\/uploads\/2020\/10\/Miguel_Alves_ATV.jpg","datePublished":"2020-11-15T13:39:15+00:00","dateModified":"2020-11-15T13:39:20+00:00","author":{"@id":"https:\/\/www.altominho.tv\/site\/#\/schema\/person\/63f693da3e1899361cbe955c46f3232e"},"breadcrumb":{"@id":"https:\/\/www.altominho.tv\/site\/2020\/11\/15\/presidente-da-camara-pede-ajuda-face-a-situacao-caotica-de-lar-em-caminha\/#breadcrumb"},"inLanguage":"pt-PT","potentialAction":[{"@type":"ReadAction","target":["https:\/\/www.altominho.tv\/site\/2020\/11\/15\/presidente-da-camara-pede-ajuda-face-a-situacao-caotica-de-lar-em-caminha\/"]}]},{"@type":"ImageObject","inLanguage":"pt-PT","@id":"https:\/\/www.altominho.tv\/site\/2020\/11\/15\/presidente-da-camara-pede-ajuda-face-a-situacao-caotica-de-lar-em-caminha\/#primaryimage","url":"https:\/\/www.altominho.tv\/site\/wp-content\/uploads\/2020\/10\/Miguel_Alves_ATV.jpg","contentUrl":"https:\/\/www.altominho.tv\/site\/wp-content\/uploads\/2020\/10\/Miguel_Alves_ATV.jpg","width":1920,"height":1080},{"@type":"BreadcrumbList","@id":"https:\/\/www.altominho.tv\/site\/2020\/11\/15\/presidente-da-camara-pede-ajuda-face-a-situacao-caotica-de-lar-em-caminha\/#breadcrumb","itemListElement":[{"@type":"ListItem","position":1,"name":"In\u00edcio","item":"https:\/\/www.altominho.tv\/site\/"},{"@type":"ListItem","position":2,"name":"Presidente da C\u00e2mara pede ajuda face a situa\u00e7\u00e3o \u201cca\u00f3tica\u201d de lar em Caminha"}]},{"@type":"WebSite","@id":"https:\/\/www.altominho.tv\/site\/#website","url":"https:\/\/www.altominho.tv\/site\/","name":"Altominho.tv","description":"A sua regi\u00e3o \u00e0 dist\u00e2ncia de um clique...","potentialAction":[{"@type":"SearchAction","target":{"@type":"EntryPoint","urlTemplate":"https:\/\/www.altominho.tv\/site\/?s={search_term_string}"},"query-input":{"@type":"PropertyValueSpecification","valueRequired":true,"valueName":"search_term_string"}}],"inLanguage":"pt-PT"},{"@type":"Person","@id":"https:\/\/www.altominho.tv\/site\/#\/schema\/person\/63f693da3e1899361cbe955c46f3232e","name":"Lusa","image":{"@type":"ImageObject","inLanguage":"pt-PT","@id":"https:\/\/www.altominho.tv\/site\/wp-content\/uploads\/2019\/08\/LUSA_Logo.gif","url":"https:\/\/www.altominho.tv\/site\/wp-content\/uploads\/2019\/08\/LUSA_Logo.gif","contentUrl":"https:\/\/www.altominho.tv\/site\/wp-content\/uploads\/2019\/08\/LUSA_Logo.gif","caption":"Lusa"},"sameAs":["http:\/\/\/\/www.altominho.tv\/site"],"url":"https:\/\/www.altominho.tv\/site\/author\/lusa\/"}]}},"_links":{"self":[{"href":"https:\/\/www.altominho.tv\/site\/wp-json\/wp\/v2\/posts\/55943","targetHints":{"allow":["GET"]}}],"collection":[{"href":"https:\/\/www.altominho.tv\/site\/wp-json\/wp\/v2\/posts"}],"about":[{"href":"https:\/\/www.altominho.tv\/site\/wp-json\/wp\/v2\/types\/post"}],"author":[{"embeddable":true,"href":"https:\/\/www.altominho.tv\/site\/wp-json\/wp\/v2\/users\/13"}],"replies":[{"embeddable":true,"href":"https:\/\/www.altominho.tv\/site\/wp-json\/wp\/v2\/comments?post=55943"}],"version-history":[{"count":0,"href":"https:\/\/www.altominho.tv\/site\/wp-json\/wp\/v2\/posts\/55943\/revisions"}],"wp:featuredmedia":[{"embeddable":true,"href":"https:\/\/www.altominho.tv\/site\/wp-json\/wp\/v2\/media\/54875"}],"wp:attachment":[{"href":"https:\/\/www.altominho.tv\/site\/wp-json\/wp\/v2\/media?parent=55943"}],"wp:term":[{"taxonomy":"category","embeddable":true,"href":"https:\/\/www.altominho.tv\/site\/wp-json\/wp\/v2\/categories?post=55943"},{"taxonomy":"post_tag","embeddable":true,"href":"https:\/\/www.altominho.tv\/site\/wp-json\/wp\/v2\/tags?post=55943"}],"curies":[{"name":"wp","href":"https:\/\/api.w.org\/{rel}","templated":true}]}}