{"id":55643,"date":"2020-11-11T11:46:19","date_gmt":"2020-11-11T11:46:19","guid":{"rendered":"https:\/\/www.altominho.tv\/site\/?p=55643"},"modified":"2020-11-11T11:46:23","modified_gmt":"2020-11-11T11:46:23","slug":"navio-gil-eannes-encerra-aos-fins-de-semana","status":"publish","type":"post","link":"https:\/\/www.altominho.tv\/site\/2020\/11\/11\/navio-gil-eannes-encerra-aos-fins-de-semana\/","title":{"rendered":"Navio Gil Eannes encerra aos fins de semana"},"content":{"rendered":"<p><span style=\"font-size: inherit\">O navio-museu <\/span><span class=\"il\" style=\"font-size: inherit\">Gil<\/span><span style=\"font-size: inherit\">\u00a0<\/span><span class=\"il\" style=\"font-size: inherit\">Eannes<\/span><span style=\"font-size: inherit\">, ancorado h\u00e1 quase 21 anos na doca comercial de Viana do Castelo, tem agora um novo hor\u00e1rio de funcionamento com encerramento aos fins de semanas, em virtude do estado de emerg\u00eancia que entrou em vigor na segunda-feira.<\/span><\/p>\n<p>&#8220;O navio-museu estar\u00e1 aberto a visitas de segunda a sexta-feira, das 10h00 \u00e0s 12h30 e das 13h30 \u00e0s 17h00, estando encerrado aos s\u00e1bados e domingos&#8221;, anunciou a funda\u00e7\u00e3o <span class=\"il\">Gil<\/span>\u00a0<span class=\"il\">Eannes<\/span> em comunicado.<\/p>\n<p>A partir da pr\u00f3xima semana, o Gil Eannes acolhe uma exposi\u00e7\u00e3o de fotografia da autoria de Jos\u00e9 Pastor, denominada \u201cInstrumentos de Urdir Paisagens \u2013 Um Tempo, Um Espa\u00e7o e Um Olhar\u201d.<\/p>\n<p>A exposi\u00e7\u00e3o, organizada pelo Centro de Mem\u00f3ria, Identidade e Imagem da C\u00e2mara Municipal de Viana do Castelo e pela funda\u00e7\u00e3o Gil Eannes, pode ser visitada, gratuitamente, todas as quartas-feiras \u00e0 tarde.<\/p>\n","protected":false},"excerpt":{"rendered":"<p>O navio-museu Gil\u00a0Eannes, ancorado h\u00e1 quase 21 anos na doca comercial de Viana do Castelo, tem agora um novo hor\u00e1rio de funcionamento com encerramento aos fins de semanas, em virtude do estado de emerg\u00eancia que entrou em vigor na segunda-feira. &#8220;O navio-museu estar\u00e1 aberto a visitas de segunda a sexta-feira, das 10h00 \u00e0s 12h30 e [&hellip;]<\/p>\n","protected":false},"author":12,"featured_media":55645,"comment_status":"closed","ping_status":"closed","sticky":false,"template":"","format":"standard","meta":{"_exactmetrics_skip_tracking":false,"_exactmetrics_sitenote_active":false,"_exactmetrics_sitenote_note":"","_exactmetrics_sitenote_category":0,"footnotes":""},"categories":[14],"tags":[19],"class_list":["post-55643","post","type-post","status-publish","format-standard","has-post-thumbnail","hentry","category-viana-do-castelo","tag-cultura"],"yoast_head":"<!-- This site is optimized with the Yoast SEO Premium plugin v27.4 (Yoast SEO v27.4) - https:\/\/yoast.com\/product\/yoast-seo-premium-wordpress\/ -->\n<title>Navio Gil Eannes encerra aos fins de semana<\/title>\n<meta name=\"robots\" content=\"index, follow, max-snippet:-1, max-image-preview:large, max-video-preview:-1\" \/>\n<link rel=\"canonical\" href=\"https:\/\/www.altominho.tv\/site\/2020\/11\/11\/navio-gil-eannes-encerra-aos-fins-de-semana\/\" \/>\n<meta property=\"og:locale\" content=\"pt_PT\" \/>\n<meta property=\"og:type\" content=\"article\" \/>\n<meta property=\"og:title\" content=\"Navio Gil Eannes encerra aos fins de semana\" \/>\n<meta property=\"og:description\" content=\"O navio-museu Gil\u00a0Eannes, ancorado h\u00e1 quase 21 anos na doca comercial de Viana do Castelo, tem agora um novo hor\u00e1rio de funcionamento com encerramento aos fins de semanas, em virtude do estado de emerg\u00eancia que entrou em vigor na segunda-feira. &#8220;O navio-museu estar\u00e1 aberto a visitas de segunda a sexta-feira, das 10h00 \u00e0s 12h30 e [&hellip;]\" \/>\n<meta property=\"og:url\" content=\"https:\/\/www.altominho.tv\/site\/2020\/11\/11\/navio-gil-eannes-encerra-aos-fins-de-semana\/\" \/>\n<meta property=\"og:site_name\" content=\"Altominho.tv\" \/>\n<meta property=\"article:publisher\" content=\"https:\/\/www.facebook.com\/altominhotv\" \/>\n<meta property=\"article:published_time\" content=\"2020-11-11T11:46:19+00:00\" \/>\n<meta property=\"article:modified_time\" content=\"2020-11-11T11:46:23+00:00\" \/>\n<meta property=\"og:image\" content=\"https:\/\/www.altominho.tv\/site\/wp-content\/uploads\/2020\/11\/Navio-Gil-Eannes.jpg\" \/>\n\t<meta property=\"og:image:width\" content=\"740\" \/>\n\t<meta property=\"og:image:height\" content=\"336\" \/>\n\t<meta property=\"og:image:type\" content=\"image\/jpeg\" \/>\n<meta name=\"author\" content=\"Andreia Ferreira\" \/>\n<meta name=\"twitter:card\" content=\"summary_large_image\" \/>\n<meta name=\"twitter:creator\" content=\"@altominhoTV\" \/>\n<meta name=\"twitter:site\" content=\"@altominhoTV\" \/>\n<meta name=\"twitter:label1\" content=\"Escrito por\" \/>\n\t<meta name=\"twitter:data1\" content=\"Andreia Ferreira\" \/>\n\t<meta name=\"twitter:label2\" content=\"Tempo estimado de leitura\" \/>\n\t<meta name=\"twitter:data2\" content=\"1 minuto\" \/>\n<script type=\"application\/ld+json\" class=\"yoast-schema-graph\">{\"@context\":\"https:\\\/\\\/schema.org\",\"@graph\":[{\"@type\":\"Article\",\"@id\":\"https:\\\/\\\/www.altominho.tv\\\/site\\\/2020\\\/11\\\/11\\\/navio-gil-eannes-encerra-aos-fins-de-semana\\\/#article\",\"isPartOf\":{\"@id\":\"https:\\\/\\\/www.altominho.tv\\\/site\\\/2020\\\/11\\\/11\\\/navio-gil-eannes-encerra-aos-fins-de-semana\\\/\"},\"author\":{\"name\":\"Andreia Ferreira\",\"@id\":\"https:\\\/\\\/www.altominho.tv\\\/site\\\/#\\\/schema\\\/person\\\/d9be4265364723f14ea8e0d56a1d38cd\"},\"headline\":\"Navio Gil Eannes encerra aos fins de semana\",\"datePublished\":\"2020-11-11T11:46:19+00:00\",\"dateModified\":\"2020-11-11T11:46:23+00:00\",\"mainEntityOfPage\":{\"@id\":\"https:\\\/\\\/www.altominho.tv\\\/site\\\/2020\\\/11\\\/11\\\/navio-gil-eannes-encerra-aos-fins-de-semana\\\/\"},\"wordCount\":151,\"image\":{\"@id\":\"https:\\\/\\\/www.altominho.tv\\\/site\\\/2020\\\/11\\\/11\\\/navio-gil-eannes-encerra-aos-fins-de-semana\\\/#primaryimage\"},\"thumbnailUrl\":\"https:\\\/\\\/www.altominho.tv\\\/site\\\/wp-content\\\/uploads\\\/2020\\\/11\\\/Navio-Gil-Eannes.jpg\",\"keywords\":[\"Cultura\"],\"articleSection\":[\"Viana do Castelo\"],\"inLanguage\":\"pt-PT\",\"copyrightYear\":\"2020\",\"copyrightHolder\":{\"@id\":\"https:\\\/\\\/www.altominho.tv\\\/site\\\/#organization\"}},{\"@type\":\"WebPage\",\"@id\":\"https:\\\/\\\/www.altominho.tv\\\/site\\\/2020\\\/11\\\/11\\\/navio-gil-eannes-encerra-aos-fins-de-semana\\\/\",\"url\":\"https:\\\/\\\/www.altominho.tv\\\/site\\\/2020\\\/11\\\/11\\\/navio-gil-eannes-encerra-aos-fins-de-semana\\\/\",\"name\":\"Navio Gil Eannes encerra aos fins de semana\",\"isPartOf\":{\"@id\":\"https:\\\/\\\/www.altominho.tv\\\/site\\\/#website\"},\"primaryImageOfPage\":{\"@id\":\"https:\\\/\\\/www.altominho.tv\\\/site\\\/2020\\\/11\\\/11\\\/navio-gil-eannes-encerra-aos-fins-de-semana\\\/#primaryimage\"},\"image\":{\"@id\":\"https:\\\/\\\/www.altominho.tv\\\/site\\\/2020\\\/11\\\/11\\\/navio-gil-eannes-encerra-aos-fins-de-semana\\\/#primaryimage\"},\"thumbnailUrl\":\"https:\\\/\\\/www.altominho.tv\\\/site\\\/wp-content\\\/uploads\\\/2020\\\/11\\\/Navio-Gil-Eannes.jpg\",\"datePublished\":\"2020-11-11T11:46:19+00:00\",\"dateModified\":\"2020-11-11T11:46:23+00:00\",\"author\":{\"@id\":\"https:\\\/\\\/www.altominho.tv\\\/site\\\/#\\\/schema\\\/person\\\/d9be4265364723f14ea8e0d56a1d38cd\"},\"breadcrumb\":{\"@id\":\"https:\\\/\\\/www.altominho.tv\\\/site\\\/2020\\\/11\\\/11\\\/navio-gil-eannes-encerra-aos-fins-de-semana\\\/#breadcrumb\"},\"inLanguage\":\"pt-PT\",\"potentialAction\":[{\"@type\":\"ReadAction\",\"target\":[\"https:\\\/\\\/www.altominho.tv\\\/site\\\/2020\\\/11\\\/11\\\/navio-gil-eannes-encerra-aos-fins-de-semana\\\/\"]}]},{\"@type\":\"ImageObject\",\"inLanguage\":\"pt-PT\",\"@id\":\"https:\\\/\\\/www.altominho.tv\\\/site\\\/2020\\\/11\\\/11\\\/navio-gil-eannes-encerra-aos-fins-de-semana\\\/#primaryimage\",\"url\":\"https:\\\/\\\/www.altominho.tv\\\/site\\\/wp-content\\\/uploads\\\/2020\\\/11\\\/Navio-Gil-Eannes.jpg\",\"contentUrl\":\"https:\\\/\\\/www.altominho.tv\\\/site\\\/wp-content\\\/uploads\\\/2020\\\/11\\\/Navio-Gil-Eannes.jpg\",\"width\":740,\"height\":336},{\"@type\":\"BreadcrumbList\",\"@id\":\"https:\\\/\\\/www.altominho.tv\\\/site\\\/2020\\\/11\\\/11\\\/navio-gil-eannes-encerra-aos-fins-de-semana\\\/#breadcrumb\",\"itemListElement\":[{\"@type\":\"ListItem\",\"position\":1,\"name\":\"In\u00edcio\",\"item\":\"https:\\\/\\\/www.altominho.tv\\\/site\\\/\"},{\"@type\":\"ListItem\",\"position\":2,\"name\":\"Navio Gil Eannes encerra aos fins de semana\"}]},{\"@type\":\"WebSite\",\"@id\":\"https:\\\/\\\/www.altominho.tv\\\/site\\\/#website\",\"url\":\"https:\\\/\\\/www.altominho.tv\\\/site\\\/\",\"name\":\"Altominho.tv\",\"description\":\"A sua regi\u00e3o \u00e0 dist\u00e2ncia de um clique...\",\"potentialAction\":[{\"@type\":\"SearchAction\",\"target\":{\"@type\":\"EntryPoint\",\"urlTemplate\":\"https:\\\/\\\/www.altominho.tv\\\/site\\\/?s={search_term_string}\"},\"query-input\":{\"@type\":\"PropertyValueSpecification\",\"valueRequired\":true,\"valueName\":\"search_term_string\"}}],\"inLanguage\":\"pt-PT\"},{\"@type\":\"Person\",\"@id\":\"https:\\\/\\\/www.altominho.tv\\\/site\\\/#\\\/schema\\\/person\\\/d9be4265364723f14ea8e0d56a1d38cd\",\"name\":\"Andreia Ferreira\",\"image\":{\"@type\":\"ImageObject\",\"inLanguage\":\"pt-PT\",\"@id\":\"https:\\\/\\\/www.altominho.tv\\\/site\\\/wp-content\\\/uploads\\\/2021\\\/01\\\/AndreiaFerreira-150x150.jpg\",\"url\":\"https:\\\/\\\/www.altominho.tv\\\/site\\\/wp-content\\\/uploads\\\/2021\\\/01\\\/AndreiaFerreira-150x150.jpg\",\"contentUrl\":\"https:\\\/\\\/www.altominho.tv\\\/site\\\/wp-content\\\/uploads\\\/2021\\\/01\\\/AndreiaFerreira-150x150.jpg\",\"caption\":\"Andreia Ferreira\"},\"url\":\"https:\\\/\\\/www.altominho.tv\\\/site\\\/author\\\/andreiaferreira\\\/\"}]}<\/script>\n<!-- \/ Yoast SEO Premium plugin. -->","yoast_head_json":{"title":"Navio Gil Eannes encerra aos fins de semana","robots":{"index":"index","follow":"follow","max-snippet":"max-snippet:-1","max-image-preview":"max-image-preview:large","max-video-preview":"max-video-preview:-1"},"canonical":"https:\/\/www.altominho.tv\/site\/2020\/11\/11\/navio-gil-eannes-encerra-aos-fins-de-semana\/","og_locale":"pt_PT","og_type":"article","og_title":"Navio Gil Eannes encerra aos fins de semana","og_description":"O navio-museu Gil\u00a0Eannes, ancorado h\u00e1 quase 21 anos na doca comercial de Viana do Castelo, tem agora um novo hor\u00e1rio de funcionamento com encerramento aos fins de semanas, em virtude do estado de emerg\u00eancia que entrou em vigor na segunda-feira. &#8220;O navio-museu estar\u00e1 aberto a visitas de segunda a sexta-feira, das 10h00 \u00e0s 12h30 e [&hellip;]","og_url":"https:\/\/www.altominho.tv\/site\/2020\/11\/11\/navio-gil-eannes-encerra-aos-fins-de-semana\/","og_site_name":"Altominho.tv","article_publisher":"https:\/\/www.facebook.com\/altominhotv","article_published_time":"2020-11-11T11:46:19+00:00","article_modified_time":"2020-11-11T11:46:23+00:00","og_image":[{"width":740,"height":336,"url":"https:\/\/www.altominho.tv\/site\/wp-content\/uploads\/2020\/11\/Navio-Gil-Eannes.jpg","type":"image\/jpeg"}],"author":"Andreia Ferreira","twitter_card":"summary_large_image","twitter_creator":"@altominhoTV","twitter_site":"@altominhoTV","twitter_misc":{"Escrito por":"Andreia Ferreira","Tempo estimado de leitura":"1 minuto"},"schema":{"@context":"https:\/\/schema.org","@graph":[{"@type":"Article","@id":"https:\/\/www.altominho.tv\/site\/2020\/11\/11\/navio-gil-eannes-encerra-aos-fins-de-semana\/#article","isPartOf":{"@id":"https:\/\/www.altominho.tv\/site\/2020\/11\/11\/navio-gil-eannes-encerra-aos-fins-de-semana\/"},"author":{"name":"Andreia Ferreira","@id":"https:\/\/www.altominho.tv\/site\/#\/schema\/person\/d9be4265364723f14ea8e0d56a1d38cd"},"headline":"Navio Gil Eannes encerra aos fins de semana","datePublished":"2020-11-11T11:46:19+00:00","dateModified":"2020-11-11T11:46:23+00:00","mainEntityOfPage":{"@id":"https:\/\/www.altominho.tv\/site\/2020\/11\/11\/navio-gil-eannes-encerra-aos-fins-de-semana\/"},"wordCount":151,"image":{"@id":"https:\/\/www.altominho.tv\/site\/2020\/11\/11\/navio-gil-eannes-encerra-aos-fins-de-semana\/#primaryimage"},"thumbnailUrl":"https:\/\/www.altominho.tv\/site\/wp-content\/uploads\/2020\/11\/Navio-Gil-Eannes.jpg","keywords":["Cultura"],"articleSection":["Viana do Castelo"],"inLanguage":"pt-PT","copyrightYear":"2020","copyrightHolder":{"@id":"https:\/\/www.altominho.tv\/site\/#organization"}},{"@type":"WebPage","@id":"https:\/\/www.altominho.tv\/site\/2020\/11\/11\/navio-gil-eannes-encerra-aos-fins-de-semana\/","url":"https:\/\/www.altominho.tv\/site\/2020\/11\/11\/navio-gil-eannes-encerra-aos-fins-de-semana\/","name":"Navio Gil Eannes encerra aos fins de semana","isPartOf":{"@id":"https:\/\/www.altominho.tv\/site\/#website"},"primaryImageOfPage":{"@id":"https:\/\/www.altominho.tv\/site\/2020\/11\/11\/navio-gil-eannes-encerra-aos-fins-de-semana\/#primaryimage"},"image":{"@id":"https:\/\/www.altominho.tv\/site\/2020\/11\/11\/navio-gil-eannes-encerra-aos-fins-de-semana\/#primaryimage"},"thumbnailUrl":"https:\/\/www.altominho.tv\/site\/wp-content\/uploads\/2020\/11\/Navio-Gil-Eannes.jpg","datePublished":"2020-11-11T11:46:19+00:00","dateModified":"2020-11-11T11:46:23+00:00","author":{"@id":"https:\/\/www.altominho.tv\/site\/#\/schema\/person\/d9be4265364723f14ea8e0d56a1d38cd"},"breadcrumb":{"@id":"https:\/\/www.altominho.tv\/site\/2020\/11\/11\/navio-gil-eannes-encerra-aos-fins-de-semana\/#breadcrumb"},"inLanguage":"pt-PT","potentialAction":[{"@type":"ReadAction","target":["https:\/\/www.altominho.tv\/site\/2020\/11\/11\/navio-gil-eannes-encerra-aos-fins-de-semana\/"]}]},{"@type":"ImageObject","inLanguage":"pt-PT","@id":"https:\/\/www.altominho.tv\/site\/2020\/11\/11\/navio-gil-eannes-encerra-aos-fins-de-semana\/#primaryimage","url":"https:\/\/www.altominho.tv\/site\/wp-content\/uploads\/2020\/11\/Navio-Gil-Eannes.jpg","contentUrl":"https:\/\/www.altominho.tv\/site\/wp-content\/uploads\/2020\/11\/Navio-Gil-Eannes.jpg","width":740,"height":336},{"@type":"BreadcrumbList","@id":"https:\/\/www.altominho.tv\/site\/2020\/11\/11\/navio-gil-eannes-encerra-aos-fins-de-semana\/#breadcrumb","itemListElement":[{"@type":"ListItem","position":1,"name":"In\u00edcio","item":"https:\/\/www.altominho.tv\/site\/"},{"@type":"ListItem","position":2,"name":"Navio Gil Eannes encerra aos fins de semana"}]},{"@type":"WebSite","@id":"https:\/\/www.altominho.tv\/site\/#website","url":"https:\/\/www.altominho.tv\/site\/","name":"Altominho.tv","description":"A sua regi\u00e3o \u00e0 dist\u00e2ncia de um clique...","potentialAction":[{"@type":"SearchAction","target":{"@type":"EntryPoint","urlTemplate":"https:\/\/www.altominho.tv\/site\/?s={search_term_string}"},"query-input":{"@type":"PropertyValueSpecification","valueRequired":true,"valueName":"search_term_string"}}],"inLanguage":"pt-PT"},{"@type":"Person","@id":"https:\/\/www.altominho.tv\/site\/#\/schema\/person\/d9be4265364723f14ea8e0d56a1d38cd","name":"Andreia Ferreira","image":{"@type":"ImageObject","inLanguage":"pt-PT","@id":"https:\/\/www.altominho.tv\/site\/wp-content\/uploads\/2021\/01\/AndreiaFerreira-150x150.jpg","url":"https:\/\/www.altominho.tv\/site\/wp-content\/uploads\/2021\/01\/AndreiaFerreira-150x150.jpg","contentUrl":"https:\/\/www.altominho.tv\/site\/wp-content\/uploads\/2021\/01\/AndreiaFerreira-150x150.jpg","caption":"Andreia Ferreira"},"url":"https:\/\/www.altominho.tv\/site\/author\/andreiaferreira\/"}]}},"_links":{"self":[{"href":"https:\/\/www.altominho.tv\/site\/wp-json\/wp\/v2\/posts\/55643","targetHints":{"allow":["GET"]}}],"collection":[{"href":"https:\/\/www.altominho.tv\/site\/wp-json\/wp\/v2\/posts"}],"about":[{"href":"https:\/\/www.altominho.tv\/site\/wp-json\/wp\/v2\/types\/post"}],"author":[{"embeddable":true,"href":"https:\/\/www.altominho.tv\/site\/wp-json\/wp\/v2\/users\/12"}],"replies":[{"embeddable":true,"href":"https:\/\/www.altominho.tv\/site\/wp-json\/wp\/v2\/comments?post=55643"}],"version-history":[{"count":0,"href":"https:\/\/www.altominho.tv\/site\/wp-json\/wp\/v2\/posts\/55643\/revisions"}],"wp:featuredmedia":[{"embeddable":true,"href":"https:\/\/www.altominho.tv\/site\/wp-json\/wp\/v2\/media\/55645"}],"wp:attachment":[{"href":"https:\/\/www.altominho.tv\/site\/wp-json\/wp\/v2\/media?parent=55643"}],"wp:term":[{"taxonomy":"category","embeddable":true,"href":"https:\/\/www.altominho.tv\/site\/wp-json\/wp\/v2\/categories?post=55643"},{"taxonomy":"post_tag","embeddable":true,"href":"https:\/\/www.altominho.tv\/site\/wp-json\/wp\/v2\/tags?post=55643"}],"curies":[{"name":"wp","href":"https:\/\/api.w.org\/{rel}","templated":true}]}}