{"id":55540,"date":"2020-11-10T12:48:15","date_gmt":"2020-11-10T12:48:15","guid":{"rendered":"https:\/\/www.altominho.tv\/site\/?p=55540"},"modified":"2020-11-11T12:28:36","modified_gmt":"2020-11-11T12:28:36","slug":"alto-minho-ultrapassa-os-mil-casos-de-covid-19","status":"publish","type":"post","link":"https:\/\/www.altominho.tv\/site\/2020\/11\/10\/alto-minho-ultrapassa-os-mil-casos-de-covid-19\/","title":{"rendered":"Alto Minho ultrapassa os mil casos de Covid-19"},"content":{"rendered":"<p><strong>A regi\u00e3o do Alto Minho registou mais tr\u00eas mortes associadas \u00e0 Covid-19 e 199 novas infe\u00e7\u00f5es. Nos \u00faltimos tr\u00eas dias, recuperaram mais 28 pessoas. No total, h\u00e1 1057 casos ativos.<\/strong><\/p>\n<p>Segundo os dados da Unidade Local de Sa\u00fade do Alto Minho (ULSAM), o concelho de Viana do Castelo registou mais 37 novos casos e 12 recuperados. Com 300 infetados, continua a ser o concelho com o maior n\u00famero de casos ativos.<\/p>\n<p>Ponte de Lima tem agora <a href=\"https:\/\/www.altominho.tv\/site\/2020\/11\/10\/ponte-de-lima-com-250-casos-ativos\/\">250 casos<\/a>, depois de registar mais duas mortes e 37 novos casos. J\u00e1 Caminha foi o concelho que registou maior subida de casos nos \u00faltimos tr\u00eas dias, com mais 59 infe\u00e7\u00f5es. H\u00e1 <a href=\"https:\/\/www.altominho.tv\/site\/2020\/11\/10\/sobe-para-150-numero-de-casos-ativos-em-caminha\/\">150 casos ativos<\/a>.<\/p>\n<p>Valen\u00e7a subiu para os <a href=\"https:\/\/www.altominho.tv\/site\/2020\/11\/10\/mais-27-casos-de-covid-19-em-valenca-ha-agora-119-ativos\/\">119 casos positivos<\/a>, depois da confirma\u00e7\u00e3o de mais 27 infetados.<\/p>\n<p>Em Arcos de Valdevez, <a href=\"https:\/\/www.altominho.tv\/site\/2020\/11\/10\/arcos-de-valdevez-regista-15-novos-casos-de-infecao\/\">mais 15 pessoas testaram positivo \u00e0 Covid-19<\/a> e o concelho tem agora 61 casos ativos.<\/p>\n<p>Mais <a href=\"https:\/\/www.altominho.tv\/site\/2020\/11\/10\/moncao-regista-mais-uma-morte-e-nove-casos-de-infecao\/\">uma morte por Covid-19<\/a> foi registada em Mon\u00e7\u00e3o. O concelho teve ainda mais nove casos de infe\u00e7\u00e3o, elevando para 36 o n\u00famero total de casos ativos.<\/p>\n<p>Paredes de Coura, com <a href=\"https:\/\/www.altominho.tv\/site\/2020\/11\/10\/mais-tres-novas-infecoes-e-dois-recuperados-em-paredes-de-coura\/\">mais tr\u00eas casos confirmados e dois recuperados<\/a>, apresenta um total de 57 casos ativos.<\/p>\n<p>Mais oito casos positivos e duas recupera\u00e7\u00f5es levaram a uma subida de 50 para <a href=\"https:\/\/www.altominho.tv\/site\/2020\/11\/10\/vila-nova-de-cerveira-tem-56-casos-ativos-de-covid-19\/\">56 casos ativos<\/a> em Vila Nova de Cerveira.<\/p>\n<p>Melga\u00e7o tem atualmente 16 casos ativos, uma subida que se deve \u00e0 confirma\u00e7\u00e3o de <a href=\"https:\/\/www.altominho.tv\/site\/2020\/11\/10\/mais-tres-casos-de-covid-19-em-melgaco\/\">mais tr\u00eas infe\u00e7\u00f5es<\/a> neste concelho.<\/p>\n<p>Ponte da Barca registou <a href=\"https:\/\/www.altominho.tv\/site\/2020\/11\/10\/um-novo-caso-e-um-recuperado-em-ponte-da-barca\/\">um novo caso e uma recupera\u00e7\u00e3o<\/a>, mantendo-se assim com 12 infetados.<\/p>\n<figure id=\"attachment_55595\" aria-describedby=\"caption-attachment-55595\" style=\"width: 770px\" class=\"wp-caption alignnone\"><img loading=\"lazy\" decoding=\"async\" class=\"size-large wp-image-55595\" src=\"https:\/\/www.altominho.tv\/site\/wp-content\/uploads\/2020\/11\/Tabela-10-11-1024x715.jpg\" alt=\"\" width=\"770\" height=\"538\" srcset=\"https:\/\/www.altominho.tv\/site\/wp-content\/uploads\/2020\/11\/Tabela-10-11-1024x715.jpg 1024w, https:\/\/www.altominho.tv\/site\/wp-content\/uploads\/2020\/11\/Tabela-10-11-620x433.jpg 620w, https:\/\/www.altominho.tv\/site\/wp-content\/uploads\/2020\/11\/Tabela-10-11-768x536.jpg 768w, https:\/\/www.altominho.tv\/site\/wp-content\/uploads\/2020\/11\/Tabela-10-11-370x258.jpg 370w, https:\/\/www.altominho.tv\/site\/wp-content\/uploads\/2020\/11\/Tabela-10-11-270x189.jpg 270w, https:\/\/www.altominho.tv\/site\/wp-content\/uploads\/2020\/11\/Tabela-10-11-570x398.jpg 570w, https:\/\/www.altominho.tv\/site\/wp-content\/uploads\/2020\/11\/Tabela-10-11-740x517.jpg 740w, https:\/\/www.altominho.tv\/site\/wp-content\/uploads\/2020\/11\/Tabela-10-11.jpg 1054w\" sizes=\"auto, (max-width: 770px) 100vw, 770px\" \/><figcaption id=\"caption-attachment-55595\" class=\"wp-caption-text\">ULSAM<\/figcaption><\/figure>\n<figure id=\"attachment_55594\" aria-describedby=\"caption-attachment-55594\" style=\"width: 1021px\" class=\"wp-caption alignnone\"><img loading=\"lazy\" decoding=\"async\" class=\"size-full wp-image-55594\" src=\"https:\/\/www.altominho.tv\/site\/wp-content\/uploads\/2020\/11\/Grafico-10-11.jpg\" alt=\"\" width=\"1021\" height=\"619\" srcset=\"https:\/\/www.altominho.tv\/site\/wp-content\/uploads\/2020\/11\/Grafico-10-11.jpg 1021w, https:\/\/www.altominho.tv\/site\/wp-content\/uploads\/2020\/11\/Grafico-10-11-714x433.jpg 714w, https:\/\/www.altominho.tv\/site\/wp-content\/uploads\/2020\/11\/Grafico-10-11-768x466.jpg 768w, https:\/\/www.altominho.tv\/site\/wp-content\/uploads\/2020\/11\/Grafico-10-11-370x224.jpg 370w, https:\/\/www.altominho.tv\/site\/wp-content\/uploads\/2020\/11\/Grafico-10-11-270x164.jpg 270w, https:\/\/www.altominho.tv\/site\/wp-content\/uploads\/2020\/11\/Grafico-10-11-570x346.jpg 570w, https:\/\/www.altominho.tv\/site\/wp-content\/uploads\/2020\/11\/Grafico-10-11-740x449.jpg 740w\" sizes=\"auto, (max-width: 1021px) 100vw, 1021px\" \/><figcaption id=\"caption-attachment-55594\" class=\"wp-caption-text\">ULSAM<\/figcaption><\/figure>\n","protected":false},"excerpt":{"rendered":"<p>A regi\u00e3o do Alto Minho registou mais tr\u00eas mortes associadas \u00e0 Covid-19 e 199 novas infe\u00e7\u00f5es. Nos \u00faltimos tr\u00eas dias, recuperaram mais 28 pessoas. No total, h\u00e1 1057 casos ativos. Segundo os dados da Unidade Local de Sa\u00fade do Alto Minho (ULSAM), o concelho de Viana do Castelo registou mais 37 novos casos e 12 [&hellip;]<\/p>\n","protected":false},"author":12,"featured_media":53051,"comment_status":"closed","ping_status":"closed","sticky":false,"template":"","format":"standard","meta":{"_exactmetrics_skip_tracking":false,"footnotes":""},"categories":[73],"tags":[26,27],"class_list":["post-55540","post","type-post","status-publish","format-standard","has-post-thumbnail","hentry","category-alto-minho","tag-saude","tag-sociedade"],"yoast_head":"<!-- This site is optimized with the Yoast SEO Premium plugin v28.3 (Yoast SEO v28.3) - https:\/\/yoast.com\/product\/yoast-seo-premium-wordpress\/ -->\n<title>Alto Minho ultrapassa os mil casos de Covid-19<\/title>\n<meta name=\"robots\" content=\"index, follow, max-snippet:-1, max-image-preview:large, max-video-preview:-1\" \/>\n<link rel=\"canonical\" href=\"https:\/\/www.altominho.tv\/site\/2020\/11\/10\/alto-minho-ultrapassa-os-mil-casos-de-covid-19\/\" \/>\n<meta property=\"og:locale\" content=\"pt_PT\" \/>\n<meta property=\"og:type\" content=\"article\" \/>\n<meta property=\"og:title\" content=\"Alto Minho ultrapassa os mil casos de Covid-19\" \/>\n<meta property=\"og:description\" content=\"A regi\u00e3o do Alto Minho registou mais tr\u00eas mortes associadas \u00e0 Covid-19 e 199 novas infe\u00e7\u00f5es. Nos \u00faltimos tr\u00eas dias, recuperaram mais 28 pessoas. No total, h\u00e1 1057 casos ativos. Segundo os dados da Unidade Local de Sa\u00fade do Alto Minho (ULSAM), o concelho de Viana do Castelo registou mais 37 novos casos e 12 [&hellip;]\" \/>\n<meta property=\"og:url\" content=\"https:\/\/www.altominho.tv\/site\/2020\/11\/10\/alto-minho-ultrapassa-os-mil-casos-de-covid-19\/\" \/>\n<meta property=\"og:site_name\" content=\"Altominho.tv\" \/>\n<meta property=\"article:publisher\" content=\"https:\/\/www.facebook.com\/altominhotv\" \/>\n<meta property=\"article:published_time\" content=\"2020-11-10T12:48:15+00:00\" \/>\n<meta property=\"article:modified_time\" content=\"2020-11-11T12:28:36+00:00\" \/>\n<meta property=\"og:image\" content=\"https:\/\/www.altominho.tv\/site\/wp-content\/uploads\/2020\/09\/ulsam_ATV-1.jpg\" \/>\n\t<meta property=\"og:image:width\" content=\"940\" \/>\n\t<meta property=\"og:image:height\" content=\"490\" \/>\n\t<meta property=\"og:image:type\" content=\"image\/jpeg\" \/>\n<meta name=\"author\" content=\"Andreia Ferreira\" \/>\n<meta name=\"twitter:card\" content=\"summary_large_image\" \/>\n<meta name=\"twitter:creator\" content=\"@altominhoTV\" \/>\n<meta name=\"twitter:site\" content=\"@altominhoTV\" \/>\n<meta name=\"twitter:label1\" content=\"Escrito por\" \/>\n\t<meta name=\"twitter:data1\" content=\"Andreia Ferreira\" \/>\n\t<meta name=\"twitter:label2\" content=\"Tempo estimado de leitura\" \/>\n\t<meta name=\"twitter:data2\" content=\"1 minuto\" \/>\n<script type=\"application\/ld+json\" class=\"yoast-schema-graph\">{\"@context\":\"https:\\\/\\\/schema.org\",\"@graph\":[{\"@type\":\"Article\",\"@id\":\"https:\\\/\\\/www.altominho.tv\\\/site\\\/2020\\\/11\\\/10\\\/alto-minho-ultrapassa-os-mil-casos-de-covid-19\\\/#article\",\"isPartOf\":{\"@id\":\"https:\\\/\\\/www.altominho.tv\\\/site\\\/2020\\\/11\\\/10\\\/alto-minho-ultrapassa-os-mil-casos-de-covid-19\\\/\"},\"author\":{\"name\":\"Andreia Ferreira\",\"@id\":\"https:\\\/\\\/www.altominho.tv\\\/site\\\/#\\\/schema\\\/person\\\/d9be4265364723f14ea8e0d56a1d38cd\"},\"headline\":\"Alto Minho ultrapassa os mil casos de Covid-19\",\"datePublished\":\"2020-11-10T12:48:15+00:00\",\"dateModified\":\"2020-11-11T12:28:36+00:00\",\"mainEntityOfPage\":{\"@id\":\"https:\\\/\\\/www.altominho.tv\\\/site\\\/2020\\\/11\\\/10\\\/alto-minho-ultrapassa-os-mil-casos-de-covid-19\\\/\"},\"wordCount\":266,\"image\":{\"@id\":\"https:\\\/\\\/www.altominho.tv\\\/site\\\/2020\\\/11\\\/10\\\/alto-minho-ultrapassa-os-mil-casos-de-covid-19\\\/#primaryimage\"},\"thumbnailUrl\":\"https:\\\/\\\/www.altominho.tv\\\/site\\\/wp-content\\\/uploads\\\/2020\\\/09\\\/ulsam_ATV-1.jpg\",\"keywords\":[\"Sa\u00fade\",\"Sociedade\"],\"articleSection\":[\"Alto Minho\"],\"inLanguage\":\"pt-PT\",\"copyrightYear\":\"2020\",\"copyrightHolder\":{\"@id\":\"https:\\\/\\\/www.altominho.tv\\\/site\\\/#organization\"}},{\"@type\":\"WebPage\",\"@id\":\"https:\\\/\\\/www.altominho.tv\\\/site\\\/2020\\\/11\\\/10\\\/alto-minho-ultrapassa-os-mil-casos-de-covid-19\\\/\",\"url\":\"https:\\\/\\\/www.altominho.tv\\\/site\\\/2020\\\/11\\\/10\\\/alto-minho-ultrapassa-os-mil-casos-de-covid-19\\\/\",\"name\":\"Alto Minho ultrapassa os mil casos de Covid-19\",\"isPartOf\":{\"@id\":\"https:\\\/\\\/www.altominho.tv\\\/site\\\/#website\"},\"primaryImageOfPage\":{\"@id\":\"https:\\\/\\\/www.altominho.tv\\\/site\\\/2020\\\/11\\\/10\\\/alto-minho-ultrapassa-os-mil-casos-de-covid-19\\\/#primaryimage\"},\"image\":{\"@id\":\"https:\\\/\\\/www.altominho.tv\\\/site\\\/2020\\\/11\\\/10\\\/alto-minho-ultrapassa-os-mil-casos-de-covid-19\\\/#primaryimage\"},\"thumbnailUrl\":\"https:\\\/\\\/www.altominho.tv\\\/site\\\/wp-content\\\/uploads\\\/2020\\\/09\\\/ulsam_ATV-1.jpg\",\"datePublished\":\"2020-11-10T12:48:15+00:00\",\"dateModified\":\"2020-11-11T12:28:36+00:00\",\"author\":{\"@id\":\"https:\\\/\\\/www.altominho.tv\\\/site\\\/#\\\/schema\\\/person\\\/d9be4265364723f14ea8e0d56a1d38cd\"},\"breadcrumb\":{\"@id\":\"https:\\\/\\\/www.altominho.tv\\\/site\\\/2020\\\/11\\\/10\\\/alto-minho-ultrapassa-os-mil-casos-de-covid-19\\\/#breadcrumb\"},\"inLanguage\":\"pt-PT\",\"potentialAction\":[{\"@type\":\"ReadAction\",\"target\":[\"https:\\\/\\\/www.altominho.tv\\\/site\\\/2020\\\/11\\\/10\\\/alto-minho-ultrapassa-os-mil-casos-de-covid-19\\\/\"]}]},{\"@type\":\"ImageObject\",\"inLanguage\":\"pt-PT\",\"@id\":\"https:\\\/\\\/www.altominho.tv\\\/site\\\/2020\\\/11\\\/10\\\/alto-minho-ultrapassa-os-mil-casos-de-covid-19\\\/#primaryimage\",\"url\":\"https:\\\/\\\/www.altominho.tv\\\/site\\\/wp-content\\\/uploads\\\/2020\\\/09\\\/ulsam_ATV-1.jpg\",\"contentUrl\":\"https:\\\/\\\/www.altominho.tv\\\/site\\\/wp-content\\\/uploads\\\/2020\\\/09\\\/ulsam_ATV-1.jpg\",\"width\":940,\"height\":490},{\"@type\":\"BreadcrumbList\",\"@id\":\"https:\\\/\\\/www.altominho.tv\\\/site\\\/2020\\\/11\\\/10\\\/alto-minho-ultrapassa-os-mil-casos-de-covid-19\\\/#breadcrumb\",\"itemListElement\":[{\"@type\":\"ListItem\",\"position\":1,\"name\":\"In\u00edcio\",\"item\":\"https:\\\/\\\/www.altominho.tv\\\/site\\\/\"},{\"@type\":\"ListItem\",\"position\":2,\"name\":\"Alto Minho ultrapassa os mil casos de Covid-19\"}]},{\"@type\":\"WebSite\",\"@id\":\"https:\\\/\\\/www.altominho.tv\\\/site\\\/#website\",\"url\":\"https:\\\/\\\/www.altominho.tv\\\/site\\\/\",\"name\":\"Altominho.tv\",\"description\":\"A sua regi\u00e3o \u00e0 dist\u00e2ncia de um clique...\",\"potentialAction\":[{\"@type\":\"SearchAction\",\"target\":{\"@type\":\"EntryPoint\",\"urlTemplate\":\"https:\\\/\\\/www.altominho.tv\\\/site\\\/?s={search_term_string}\"},\"query-input\":{\"@type\":\"PropertyValueSpecification\",\"valueRequired\":true,\"valueName\":\"search_term_string\"}}],\"inLanguage\":\"pt-PT\"},{\"@type\":\"Person\",\"@id\":\"https:\\\/\\\/www.altominho.tv\\\/site\\\/#\\\/schema\\\/person\\\/d9be4265364723f14ea8e0d56a1d38cd\",\"name\":\"Andreia Ferreira\",\"image\":{\"@type\":\"ImageObject\",\"inLanguage\":\"pt-PT\",\"@id\":\"https:\\\/\\\/www.altominho.tv\\\/site\\\/wp-content\\\/uploads\\\/2021\\\/01\\\/AndreiaFerreira-150x150.jpg\",\"url\":\"https:\\\/\\\/www.altominho.tv\\\/site\\\/wp-content\\\/uploads\\\/2021\\\/01\\\/AndreiaFerreira-150x150.jpg\",\"contentUrl\":\"https:\\\/\\\/www.altominho.tv\\\/site\\\/wp-content\\\/uploads\\\/2021\\\/01\\\/AndreiaFerreira-150x150.jpg\",\"caption\":\"Andreia Ferreira\"},\"url\":\"https:\\\/\\\/www.altominho.tv\\\/site\\\/author\\\/andreiaferreira\\\/\"}]}<\/script>\n<!-- \/ Yoast SEO Premium plugin. -->","yoast_head_json":{"title":"Alto Minho ultrapassa os mil casos de Covid-19","robots":{"index":"index","follow":"follow","max-snippet":"max-snippet:-1","max-image-preview":"max-image-preview:large","max-video-preview":"max-video-preview:-1"},"canonical":"https:\/\/www.altominho.tv\/site\/2020\/11\/10\/alto-minho-ultrapassa-os-mil-casos-de-covid-19\/","og_locale":"pt_PT","og_type":"article","og_title":"Alto Minho ultrapassa os mil casos de Covid-19","og_description":"A regi\u00e3o do Alto Minho registou mais tr\u00eas mortes associadas \u00e0 Covid-19 e 199 novas infe\u00e7\u00f5es. Nos \u00faltimos tr\u00eas dias, recuperaram mais 28 pessoas. No total, h\u00e1 1057 casos ativos. Segundo os dados da Unidade Local de Sa\u00fade do Alto Minho (ULSAM), o concelho de Viana do Castelo registou mais 37 novos casos e 12 [&hellip;]","og_url":"https:\/\/www.altominho.tv\/site\/2020\/11\/10\/alto-minho-ultrapassa-os-mil-casos-de-covid-19\/","og_site_name":"Altominho.tv","article_publisher":"https:\/\/www.facebook.com\/altominhotv","article_published_time":"2020-11-10T12:48:15+00:00","article_modified_time":"2020-11-11T12:28:36+00:00","og_image":[{"width":940,"height":490,"url":"https:\/\/www.altominho.tv\/site\/wp-content\/uploads\/2020\/09\/ulsam_ATV-1.jpg","type":"image\/jpeg"}],"author":"Andreia Ferreira","twitter_card":"summary_large_image","twitter_creator":"@altominhoTV","twitter_site":"@altominhoTV","twitter_misc":{"Escrito por":"Andreia Ferreira","Tempo estimado de leitura":"1 minuto"},"schema":{"@context":"https:\/\/schema.org","@graph":[{"@type":"Article","@id":"https:\/\/www.altominho.tv\/site\/2020\/11\/10\/alto-minho-ultrapassa-os-mil-casos-de-covid-19\/#article","isPartOf":{"@id":"https:\/\/www.altominho.tv\/site\/2020\/11\/10\/alto-minho-ultrapassa-os-mil-casos-de-covid-19\/"},"author":{"name":"Andreia Ferreira","@id":"https:\/\/www.altominho.tv\/site\/#\/schema\/person\/d9be4265364723f14ea8e0d56a1d38cd"},"headline":"Alto Minho ultrapassa os mil casos de Covid-19","datePublished":"2020-11-10T12:48:15+00:00","dateModified":"2020-11-11T12:28:36+00:00","mainEntityOfPage":{"@id":"https:\/\/www.altominho.tv\/site\/2020\/11\/10\/alto-minho-ultrapassa-os-mil-casos-de-covid-19\/"},"wordCount":266,"image":{"@id":"https:\/\/www.altominho.tv\/site\/2020\/11\/10\/alto-minho-ultrapassa-os-mil-casos-de-covid-19\/#primaryimage"},"thumbnailUrl":"https:\/\/www.altominho.tv\/site\/wp-content\/uploads\/2020\/09\/ulsam_ATV-1.jpg","keywords":["Sa\u00fade","Sociedade"],"articleSection":["Alto Minho"],"inLanguage":"pt-PT","copyrightYear":"2020","copyrightHolder":{"@id":"https:\/\/www.altominho.tv\/site\/#organization"}},{"@type":"WebPage","@id":"https:\/\/www.altominho.tv\/site\/2020\/11\/10\/alto-minho-ultrapassa-os-mil-casos-de-covid-19\/","url":"https:\/\/www.altominho.tv\/site\/2020\/11\/10\/alto-minho-ultrapassa-os-mil-casos-de-covid-19\/","name":"Alto Minho ultrapassa os mil casos de Covid-19","isPartOf":{"@id":"https:\/\/www.altominho.tv\/site\/#website"},"primaryImageOfPage":{"@id":"https:\/\/www.altominho.tv\/site\/2020\/11\/10\/alto-minho-ultrapassa-os-mil-casos-de-covid-19\/#primaryimage"},"image":{"@id":"https:\/\/www.altominho.tv\/site\/2020\/11\/10\/alto-minho-ultrapassa-os-mil-casos-de-covid-19\/#primaryimage"},"thumbnailUrl":"https:\/\/www.altominho.tv\/site\/wp-content\/uploads\/2020\/09\/ulsam_ATV-1.jpg","datePublished":"2020-11-10T12:48:15+00:00","dateModified":"2020-11-11T12:28:36+00:00","author":{"@id":"https:\/\/www.altominho.tv\/site\/#\/schema\/person\/d9be4265364723f14ea8e0d56a1d38cd"},"breadcrumb":{"@id":"https:\/\/www.altominho.tv\/site\/2020\/11\/10\/alto-minho-ultrapassa-os-mil-casos-de-covid-19\/#breadcrumb"},"inLanguage":"pt-PT","potentialAction":[{"@type":"ReadAction","target":["https:\/\/www.altominho.tv\/site\/2020\/11\/10\/alto-minho-ultrapassa-os-mil-casos-de-covid-19\/"]}]},{"@type":"ImageObject","inLanguage":"pt-PT","@id":"https:\/\/www.altominho.tv\/site\/2020\/11\/10\/alto-minho-ultrapassa-os-mil-casos-de-covid-19\/#primaryimage","url":"https:\/\/www.altominho.tv\/site\/wp-content\/uploads\/2020\/09\/ulsam_ATV-1.jpg","contentUrl":"https:\/\/www.altominho.tv\/site\/wp-content\/uploads\/2020\/09\/ulsam_ATV-1.jpg","width":940,"height":490},{"@type":"BreadcrumbList","@id":"https:\/\/www.altominho.tv\/site\/2020\/11\/10\/alto-minho-ultrapassa-os-mil-casos-de-covid-19\/#breadcrumb","itemListElement":[{"@type":"ListItem","position":1,"name":"In\u00edcio","item":"https:\/\/www.altominho.tv\/site\/"},{"@type":"ListItem","position":2,"name":"Alto Minho ultrapassa os mil casos de Covid-19"}]},{"@type":"WebSite","@id":"https:\/\/www.altominho.tv\/site\/#website","url":"https:\/\/www.altominho.tv\/site\/","name":"Altominho.tv","description":"A sua regi\u00e3o \u00e0 dist\u00e2ncia de um clique...","potentialAction":[{"@type":"SearchAction","target":{"@type":"EntryPoint","urlTemplate":"https:\/\/www.altominho.tv\/site\/?s={search_term_string}"},"query-input":{"@type":"PropertyValueSpecification","valueRequired":true,"valueName":"search_term_string"}}],"inLanguage":"pt-PT"},{"@type":"Person","@id":"https:\/\/www.altominho.tv\/site\/#\/schema\/person\/d9be4265364723f14ea8e0d56a1d38cd","name":"Andreia Ferreira","image":{"@type":"ImageObject","inLanguage":"pt-PT","@id":"https:\/\/www.altominho.tv\/site\/wp-content\/uploads\/2021\/01\/AndreiaFerreira-150x150.jpg","url":"https:\/\/www.altominho.tv\/site\/wp-content\/uploads\/2021\/01\/AndreiaFerreira-150x150.jpg","contentUrl":"https:\/\/www.altominho.tv\/site\/wp-content\/uploads\/2021\/01\/AndreiaFerreira-150x150.jpg","caption":"Andreia Ferreira"},"url":"https:\/\/www.altominho.tv\/site\/author\/andreiaferreira\/"}]}},"_links":{"self":[{"href":"https:\/\/www.altominho.tv\/site\/wp-json\/wp\/v2\/posts\/55540","targetHints":{"allow":["GET"]}}],"collection":[{"href":"https:\/\/www.altominho.tv\/site\/wp-json\/wp\/v2\/posts"}],"about":[{"href":"https:\/\/www.altominho.tv\/site\/wp-json\/wp\/v2\/types\/post"}],"author":[{"embeddable":true,"href":"https:\/\/www.altominho.tv\/site\/wp-json\/wp\/v2\/users\/12"}],"replies":[{"embeddable":true,"href":"https:\/\/www.altominho.tv\/site\/wp-json\/wp\/v2\/comments?post=55540"}],"version-history":[{"count":0,"href":"https:\/\/www.altominho.tv\/site\/wp-json\/wp\/v2\/posts\/55540\/revisions"}],"wp:featuredmedia":[{"embeddable":true,"href":"https:\/\/www.altominho.tv\/site\/wp-json\/wp\/v2\/media\/53051"}],"wp:attachment":[{"href":"https:\/\/www.altominho.tv\/site\/wp-json\/wp\/v2\/media?parent=55540"}],"wp:term":[{"taxonomy":"category","embeddable":true,"href":"https:\/\/www.altominho.tv\/site\/wp-json\/wp\/v2\/categories?post=55540"},{"taxonomy":"post_tag","embeddable":true,"href":"https:\/\/www.altominho.tv\/site\/wp-json\/wp\/v2\/tags?post=55540"}],"curies":[{"name":"wp","href":"https:\/\/api.w.org\/{rel}","templated":true}]}}