{"id":5554,"date":"2017-10-31T20:28:57","date_gmt":"2017-10-31T20:28:57","guid":{"rendered":"http:\/\/www.altominho.tv\/site\/?p=5554"},"modified":"2017-12-06T19:44:05","modified_gmt":"2017-12-06T19:44:05","slug":"cerdal-revive-a-tradicional-feira-dos-santos-em-1-e-2-de-novembro","status":"publish","type":"post","link":"https:\/\/www.altominho.tv\/site\/2017\/10\/31\/cerdal-revive-a-tradicional-feira-dos-santos-em-1-e-2-de-novembro\/","title":{"rendered":"Cerdal revive a tradicional Feira dos Santos em 1 e 2 de novembro"},"content":{"rendered":"<div class=\"news-body-top\">Cerdal vai reviver a tradicional Feira dos Santos nos dias 1 e 2 de novembro.<\/div>\n<div class=\"news-body-top\"><\/div>\n<div class=\"news-body-top\">Esta \u00e9 a maior do Noroeste Peninsular.<\/div>\n<div class=\"news-body-top\"><\/div>\n<div class=\"news-body-top\">A tradi\u00e7\u00e3o mant\u00e9m-se h\u00e1 s\u00e9culos atraindo portugueses e galegos a uma feira onde se vende de tudo.<\/div>\n<div class=\"news-body-top\"><\/div>\n<div class=\"news-body\">&#8220;Mais de 400 tendas de vestu\u00e1rio, lou\u00e7as e cal\u00e7ado, as tasquinhas, venda de gado, de \u00a0produtos do campo e maquinarias agr\u00edcolas, os parques de divers\u00f5es e uma infinidade de outros atrativos d\u00e3o corpo a este evento&#8221;, informou o Munic\u00edpio de Valen\u00e7a.<\/div>\n<div class=\"news-body\"><\/div>\n","protected":false},"excerpt":{"rendered":"<p>Cerdal vai reviver a tradicional Feira dos Santos nos dias 1 e 2 de novembro. Esta \u00e9 a maior do Noroeste Peninsular. A tradi\u00e7\u00e3o mant\u00e9m-se h\u00e1 s\u00e9culos atraindo portugueses e galegos a uma feira onde se vende de tudo. &#8220;Mais de 400 tendas de vestu\u00e1rio, lou\u00e7as e cal\u00e7ado, as tasquinhas, venda de gado, de \u00a0produtos [&hellip;]<\/p>\n","protected":false},"author":7,"featured_media":6435,"comment_status":"closed","ping_status":"closed","sticky":false,"template":"","format":"standard","meta":{"_exactmetrics_skip_tracking":false,"_exactmetrics_sitenote_active":false,"_exactmetrics_sitenote_note":"","_exactmetrics_sitenote_category":0,"footnotes":""},"categories":[13],"tags":[24,27],"class_list":["post-5554","post","type-post","status-publish","format-standard","has-post-thumbnail","hentry","category-valenca","tag-lazer","tag-sociedade"],"yoast_head":"<!-- This site is optimized with the Yoast SEO Premium plugin v27.5 (Yoast SEO v27.5) - https:\/\/yoast.com\/product\/yoast-seo-premium-wordpress\/ -->\n<title>Cerdal revive a tradicional Feira dos Santos em 1 e 2 de novembro<\/title>\n<meta name=\"robots\" content=\"index, follow, max-snippet:-1, max-image-preview:large, max-video-preview:-1\" \/>\n<link rel=\"canonical\" href=\"https:\/\/www.altominho.tv\/site\/2017\/10\/31\/cerdal-revive-a-tradicional-feira-dos-santos-em-1-e-2-de-novembro\/\" \/>\n<meta property=\"og:locale\" content=\"pt_PT\" \/>\n<meta property=\"og:type\" content=\"article\" \/>\n<meta property=\"og:title\" content=\"Cerdal revive a tradicional Feira dos Santos em 1 e 2 de novembro\" \/>\n<meta property=\"og:description\" content=\"Cerdal vai reviver a tradicional Feira dos Santos nos dias 1 e 2 de novembro. Esta \u00e9 a maior do Noroeste Peninsular. A tradi\u00e7\u00e3o mant\u00e9m-se h\u00e1 s\u00e9culos atraindo portugueses e galegos a uma feira onde se vende de tudo. &#8220;Mais de 400 tendas de vestu\u00e1rio, lou\u00e7as e cal\u00e7ado, as tasquinhas, venda de gado, de \u00a0produtos [&hellip;]\" \/>\n<meta property=\"og:url\" content=\"https:\/\/www.altominho.tv\/site\/2017\/10\/31\/cerdal-revive-a-tradicional-feira-dos-santos-em-1-e-2-de-novembro\/\" \/>\n<meta property=\"og:site_name\" content=\"Altominho.tv\" \/>\n<meta property=\"article:publisher\" content=\"https:\/\/www.facebook.com\/altominhotv\" \/>\n<meta property=\"article:published_time\" content=\"2017-10-31T20:28:57+00:00\" \/>\n<meta property=\"article:modified_time\" content=\"2017-12-06T19:44:05+00:00\" \/>\n<meta property=\"og:image\" content=\"https:\/\/www.altominho.tv\/site\/wp-content\/uploads\/2017\/10\/Feira-Cerdal.jpg\" \/>\n\t<meta property=\"og:image:width\" content=\"1595\" \/>\n\t<meta property=\"og:image:height\" content=\"957\" \/>\n\t<meta property=\"og:image:type\" content=\"image\/jpeg\" \/>\n<meta name=\"author\" content=\"Andreia Cunha\" \/>\n<meta name=\"twitter:card\" content=\"summary_large_image\" \/>\n<meta name=\"twitter:creator\" content=\"@altominhoTV\" \/>\n<meta name=\"twitter:site\" content=\"@altominhoTV\" \/>\n<meta name=\"twitter:label1\" content=\"Escrito por\" \/>\n\t<meta name=\"twitter:data1\" content=\"Andreia Cunha\" \/>\n<script type=\"application\/ld+json\" class=\"yoast-schema-graph\">{\"@context\":\"https:\\\/\\\/schema.org\",\"@graph\":[{\"@type\":\"Article\",\"@id\":\"https:\\\/\\\/www.altominho.tv\\\/site\\\/2017\\\/10\\\/31\\\/cerdal-revive-a-tradicional-feira-dos-santos-em-1-e-2-de-novembro\\\/#article\",\"isPartOf\":{\"@id\":\"https:\\\/\\\/www.altominho.tv\\\/site\\\/2017\\\/10\\\/31\\\/cerdal-revive-a-tradicional-feira-dos-santos-em-1-e-2-de-novembro\\\/\"},\"author\":{\"name\":\"Andreia Cunha\",\"@id\":\"https:\\\/\\\/www.altominho.tv\\\/site\\\/#\\\/schema\\\/person\\\/a0e4ef6d041f98ca284393d8f1d97153\"},\"headline\":\"Cerdal revive a tradicional Feira dos Santos em 1 e 2 de novembro\",\"datePublished\":\"2017-10-31T20:28:57+00:00\",\"dateModified\":\"2017-12-06T19:44:05+00:00\",\"mainEntityOfPage\":{\"@id\":\"https:\\\/\\\/www.altominho.tv\\\/site\\\/2017\\\/10\\\/31\\\/cerdal-revive-a-tradicional-feira-dos-santos-em-1-e-2-de-novembro\\\/\"},\"wordCount\":98,\"image\":{\"@id\":\"https:\\\/\\\/www.altominho.tv\\\/site\\\/2017\\\/10\\\/31\\\/cerdal-revive-a-tradicional-feira-dos-santos-em-1-e-2-de-novembro\\\/#primaryimage\"},\"thumbnailUrl\":\"https:\\\/\\\/www.altominho.tv\\\/site\\\/wp-content\\\/uploads\\\/2017\\\/10\\\/Feira-Cerdal.jpg\",\"keywords\":[\"Lazer\",\"Sociedade\"],\"articleSection\":[\"Valen\u00e7a\"],\"inLanguage\":\"pt-PT\",\"copyrightYear\":\"2017\",\"copyrightHolder\":{\"@id\":\"https:\\\/\\\/www.altominho.tv\\\/site\\\/#organization\"}},{\"@type\":\"WebPage\",\"@id\":\"https:\\\/\\\/www.altominho.tv\\\/site\\\/2017\\\/10\\\/31\\\/cerdal-revive-a-tradicional-feira-dos-santos-em-1-e-2-de-novembro\\\/\",\"url\":\"https:\\\/\\\/www.altominho.tv\\\/site\\\/2017\\\/10\\\/31\\\/cerdal-revive-a-tradicional-feira-dos-santos-em-1-e-2-de-novembro\\\/\",\"name\":\"Cerdal revive a tradicional Feira dos Santos em 1 e 2 de novembro\",\"isPartOf\":{\"@id\":\"https:\\\/\\\/www.altominho.tv\\\/site\\\/#website\"},\"primaryImageOfPage\":{\"@id\":\"https:\\\/\\\/www.altominho.tv\\\/site\\\/2017\\\/10\\\/31\\\/cerdal-revive-a-tradicional-feira-dos-santos-em-1-e-2-de-novembro\\\/#primaryimage\"},\"image\":{\"@id\":\"https:\\\/\\\/www.altominho.tv\\\/site\\\/2017\\\/10\\\/31\\\/cerdal-revive-a-tradicional-feira-dos-santos-em-1-e-2-de-novembro\\\/#primaryimage\"},\"thumbnailUrl\":\"https:\\\/\\\/www.altominho.tv\\\/site\\\/wp-content\\\/uploads\\\/2017\\\/10\\\/Feira-Cerdal.jpg\",\"datePublished\":\"2017-10-31T20:28:57+00:00\",\"dateModified\":\"2017-12-06T19:44:05+00:00\",\"author\":{\"@id\":\"https:\\\/\\\/www.altominho.tv\\\/site\\\/#\\\/schema\\\/person\\\/a0e4ef6d041f98ca284393d8f1d97153\"},\"breadcrumb\":{\"@id\":\"https:\\\/\\\/www.altominho.tv\\\/site\\\/2017\\\/10\\\/31\\\/cerdal-revive-a-tradicional-feira-dos-santos-em-1-e-2-de-novembro\\\/#breadcrumb\"},\"inLanguage\":\"pt-PT\",\"potentialAction\":[{\"@type\":\"ReadAction\",\"target\":[\"https:\\\/\\\/www.altominho.tv\\\/site\\\/2017\\\/10\\\/31\\\/cerdal-revive-a-tradicional-feira-dos-santos-em-1-e-2-de-novembro\\\/\"]}]},{\"@type\":\"ImageObject\",\"inLanguage\":\"pt-PT\",\"@id\":\"https:\\\/\\\/www.altominho.tv\\\/site\\\/2017\\\/10\\\/31\\\/cerdal-revive-a-tradicional-feira-dos-santos-em-1-e-2-de-novembro\\\/#primaryimage\",\"url\":\"https:\\\/\\\/www.altominho.tv\\\/site\\\/wp-content\\\/uploads\\\/2017\\\/10\\\/Feira-Cerdal.jpg\",\"contentUrl\":\"https:\\\/\\\/www.altominho.tv\\\/site\\\/wp-content\\\/uploads\\\/2017\\\/10\\\/Feira-Cerdal.jpg\",\"width\":1595,\"height\":957},{\"@type\":\"BreadcrumbList\",\"@id\":\"https:\\\/\\\/www.altominho.tv\\\/site\\\/2017\\\/10\\\/31\\\/cerdal-revive-a-tradicional-feira-dos-santos-em-1-e-2-de-novembro\\\/#breadcrumb\",\"itemListElement\":[{\"@type\":\"ListItem\",\"position\":1,\"name\":\"In\u00edcio\",\"item\":\"https:\\\/\\\/www.altominho.tv\\\/site\\\/\"},{\"@type\":\"ListItem\",\"position\":2,\"name\":\"Cerdal revive a tradicional Feira dos Santos em 1 e 2 de novembro\"}]},{\"@type\":\"WebSite\",\"@id\":\"https:\\\/\\\/www.altominho.tv\\\/site\\\/#website\",\"url\":\"https:\\\/\\\/www.altominho.tv\\\/site\\\/\",\"name\":\"Altominho.tv\",\"description\":\"A sua regi\u00e3o \u00e0 dist\u00e2ncia de um clique...\",\"potentialAction\":[{\"@type\":\"SearchAction\",\"target\":{\"@type\":\"EntryPoint\",\"urlTemplate\":\"https:\\\/\\\/www.altominho.tv\\\/site\\\/?s={search_term_string}\"},\"query-input\":{\"@type\":\"PropertyValueSpecification\",\"valueRequired\":true,\"valueName\":\"search_term_string\"}}],\"inLanguage\":\"pt-PT\"},{\"@type\":\"Person\",\"@id\":\"https:\\\/\\\/www.altominho.tv\\\/site\\\/#\\\/schema\\\/person\\\/a0e4ef6d041f98ca284393d8f1d97153\",\"name\":\"Andreia Cunha\",\"image\":{\"@type\":\"ImageObject\",\"inLanguage\":\"pt-PT\",\"@id\":\"https:\\\/\\\/www.altominho.tv\\\/site\\\/wp-content\\\/uploads\\\/2017\\\/11\\\/Andreia_Cunha-1-150x150.jpg\",\"url\":\"https:\\\/\\\/www.altominho.tv\\\/site\\\/wp-content\\\/uploads\\\/2017\\\/11\\\/Andreia_Cunha-1-150x150.jpg\",\"contentUrl\":\"https:\\\/\\\/www.altominho.tv\\\/site\\\/wp-content\\\/uploads\\\/2017\\\/11\\\/Andreia_Cunha-1-150x150.jpg\",\"caption\":\"Andreia Cunha\"},\"url\":\"https:\\\/\\\/www.altominho.tv\\\/site\\\/author\\\/andreiacunha\\\/\"}]}<\/script>\n<!-- \/ Yoast SEO Premium plugin. -->","yoast_head_json":{"title":"Cerdal revive a tradicional Feira dos Santos em 1 e 2 de novembro","robots":{"index":"index","follow":"follow","max-snippet":"max-snippet:-1","max-image-preview":"max-image-preview:large","max-video-preview":"max-video-preview:-1"},"canonical":"https:\/\/www.altominho.tv\/site\/2017\/10\/31\/cerdal-revive-a-tradicional-feira-dos-santos-em-1-e-2-de-novembro\/","og_locale":"pt_PT","og_type":"article","og_title":"Cerdal revive a tradicional Feira dos Santos em 1 e 2 de novembro","og_description":"Cerdal vai reviver a tradicional Feira dos Santos nos dias 1 e 2 de novembro. Esta \u00e9 a maior do Noroeste Peninsular. A tradi\u00e7\u00e3o mant\u00e9m-se h\u00e1 s\u00e9culos atraindo portugueses e galegos a uma feira onde se vende de tudo. &#8220;Mais de 400 tendas de vestu\u00e1rio, lou\u00e7as e cal\u00e7ado, as tasquinhas, venda de gado, de \u00a0produtos [&hellip;]","og_url":"https:\/\/www.altominho.tv\/site\/2017\/10\/31\/cerdal-revive-a-tradicional-feira-dos-santos-em-1-e-2-de-novembro\/","og_site_name":"Altominho.tv","article_publisher":"https:\/\/www.facebook.com\/altominhotv","article_published_time":"2017-10-31T20:28:57+00:00","article_modified_time":"2017-12-06T19:44:05+00:00","og_image":[{"width":1595,"height":957,"url":"https:\/\/www.altominho.tv\/site\/wp-content\/uploads\/2017\/10\/Feira-Cerdal.jpg","type":"image\/jpeg"}],"author":"Andreia Cunha","twitter_card":"summary_large_image","twitter_creator":"@altominhoTV","twitter_site":"@altominhoTV","twitter_misc":{"Escrito por":"Andreia Cunha"},"schema":{"@context":"https:\/\/schema.org","@graph":[{"@type":"Article","@id":"https:\/\/www.altominho.tv\/site\/2017\/10\/31\/cerdal-revive-a-tradicional-feira-dos-santos-em-1-e-2-de-novembro\/#article","isPartOf":{"@id":"https:\/\/www.altominho.tv\/site\/2017\/10\/31\/cerdal-revive-a-tradicional-feira-dos-santos-em-1-e-2-de-novembro\/"},"author":{"name":"Andreia Cunha","@id":"https:\/\/www.altominho.tv\/site\/#\/schema\/person\/a0e4ef6d041f98ca284393d8f1d97153"},"headline":"Cerdal revive a tradicional Feira dos Santos em 1 e 2 de novembro","datePublished":"2017-10-31T20:28:57+00:00","dateModified":"2017-12-06T19:44:05+00:00","mainEntityOfPage":{"@id":"https:\/\/www.altominho.tv\/site\/2017\/10\/31\/cerdal-revive-a-tradicional-feira-dos-santos-em-1-e-2-de-novembro\/"},"wordCount":98,"image":{"@id":"https:\/\/www.altominho.tv\/site\/2017\/10\/31\/cerdal-revive-a-tradicional-feira-dos-santos-em-1-e-2-de-novembro\/#primaryimage"},"thumbnailUrl":"https:\/\/www.altominho.tv\/site\/wp-content\/uploads\/2017\/10\/Feira-Cerdal.jpg","keywords":["Lazer","Sociedade"],"articleSection":["Valen\u00e7a"],"inLanguage":"pt-PT","copyrightYear":"2017","copyrightHolder":{"@id":"https:\/\/www.altominho.tv\/site\/#organization"}},{"@type":"WebPage","@id":"https:\/\/www.altominho.tv\/site\/2017\/10\/31\/cerdal-revive-a-tradicional-feira-dos-santos-em-1-e-2-de-novembro\/","url":"https:\/\/www.altominho.tv\/site\/2017\/10\/31\/cerdal-revive-a-tradicional-feira-dos-santos-em-1-e-2-de-novembro\/","name":"Cerdal revive a tradicional Feira dos Santos em 1 e 2 de novembro","isPartOf":{"@id":"https:\/\/www.altominho.tv\/site\/#website"},"primaryImageOfPage":{"@id":"https:\/\/www.altominho.tv\/site\/2017\/10\/31\/cerdal-revive-a-tradicional-feira-dos-santos-em-1-e-2-de-novembro\/#primaryimage"},"image":{"@id":"https:\/\/www.altominho.tv\/site\/2017\/10\/31\/cerdal-revive-a-tradicional-feira-dos-santos-em-1-e-2-de-novembro\/#primaryimage"},"thumbnailUrl":"https:\/\/www.altominho.tv\/site\/wp-content\/uploads\/2017\/10\/Feira-Cerdal.jpg","datePublished":"2017-10-31T20:28:57+00:00","dateModified":"2017-12-06T19:44:05+00:00","author":{"@id":"https:\/\/www.altominho.tv\/site\/#\/schema\/person\/a0e4ef6d041f98ca284393d8f1d97153"},"breadcrumb":{"@id":"https:\/\/www.altominho.tv\/site\/2017\/10\/31\/cerdal-revive-a-tradicional-feira-dos-santos-em-1-e-2-de-novembro\/#breadcrumb"},"inLanguage":"pt-PT","potentialAction":[{"@type":"ReadAction","target":["https:\/\/www.altominho.tv\/site\/2017\/10\/31\/cerdal-revive-a-tradicional-feira-dos-santos-em-1-e-2-de-novembro\/"]}]},{"@type":"ImageObject","inLanguage":"pt-PT","@id":"https:\/\/www.altominho.tv\/site\/2017\/10\/31\/cerdal-revive-a-tradicional-feira-dos-santos-em-1-e-2-de-novembro\/#primaryimage","url":"https:\/\/www.altominho.tv\/site\/wp-content\/uploads\/2017\/10\/Feira-Cerdal.jpg","contentUrl":"https:\/\/www.altominho.tv\/site\/wp-content\/uploads\/2017\/10\/Feira-Cerdal.jpg","width":1595,"height":957},{"@type":"BreadcrumbList","@id":"https:\/\/www.altominho.tv\/site\/2017\/10\/31\/cerdal-revive-a-tradicional-feira-dos-santos-em-1-e-2-de-novembro\/#breadcrumb","itemListElement":[{"@type":"ListItem","position":1,"name":"In\u00edcio","item":"https:\/\/www.altominho.tv\/site\/"},{"@type":"ListItem","position":2,"name":"Cerdal revive a tradicional Feira dos Santos em 1 e 2 de novembro"}]},{"@type":"WebSite","@id":"https:\/\/www.altominho.tv\/site\/#website","url":"https:\/\/www.altominho.tv\/site\/","name":"Altominho.tv","description":"A sua regi\u00e3o \u00e0 dist\u00e2ncia de um clique...","potentialAction":[{"@type":"SearchAction","target":{"@type":"EntryPoint","urlTemplate":"https:\/\/www.altominho.tv\/site\/?s={search_term_string}"},"query-input":{"@type":"PropertyValueSpecification","valueRequired":true,"valueName":"search_term_string"}}],"inLanguage":"pt-PT"},{"@type":"Person","@id":"https:\/\/www.altominho.tv\/site\/#\/schema\/person\/a0e4ef6d041f98ca284393d8f1d97153","name":"Andreia Cunha","image":{"@type":"ImageObject","inLanguage":"pt-PT","@id":"https:\/\/www.altominho.tv\/site\/wp-content\/uploads\/2017\/11\/Andreia_Cunha-1-150x150.jpg","url":"https:\/\/www.altominho.tv\/site\/wp-content\/uploads\/2017\/11\/Andreia_Cunha-1-150x150.jpg","contentUrl":"https:\/\/www.altominho.tv\/site\/wp-content\/uploads\/2017\/11\/Andreia_Cunha-1-150x150.jpg","caption":"Andreia Cunha"},"url":"https:\/\/www.altominho.tv\/site\/author\/andreiacunha\/"}]}},"_links":{"self":[{"href":"https:\/\/www.altominho.tv\/site\/wp-json\/wp\/v2\/posts\/5554","targetHints":{"allow":["GET"]}}],"collection":[{"href":"https:\/\/www.altominho.tv\/site\/wp-json\/wp\/v2\/posts"}],"about":[{"href":"https:\/\/www.altominho.tv\/site\/wp-json\/wp\/v2\/types\/post"}],"author":[{"embeddable":true,"href":"https:\/\/www.altominho.tv\/site\/wp-json\/wp\/v2\/users\/7"}],"replies":[{"embeddable":true,"href":"https:\/\/www.altominho.tv\/site\/wp-json\/wp\/v2\/comments?post=5554"}],"version-history":[{"count":0,"href":"https:\/\/www.altominho.tv\/site\/wp-json\/wp\/v2\/posts\/5554\/revisions"}],"wp:featuredmedia":[{"embeddable":true,"href":"https:\/\/www.altominho.tv\/site\/wp-json\/wp\/v2\/media\/6435"}],"wp:attachment":[{"href":"https:\/\/www.altominho.tv\/site\/wp-json\/wp\/v2\/media?parent=5554"}],"wp:term":[{"taxonomy":"category","embeddable":true,"href":"https:\/\/www.altominho.tv\/site\/wp-json\/wp\/v2\/categories?post=5554"},{"taxonomy":"post_tag","embeddable":true,"href":"https:\/\/www.altominho.tv\/site\/wp-json\/wp\/v2\/tags?post=5554"}],"curies":[{"name":"wp","href":"https:\/\/api.w.org\/{rel}","templated":true}]}}