{"id":55357,"date":"2020-11-06T19:06:44","date_gmt":"2020-11-06T19:06:44","guid":{"rendered":"https:\/\/www.altominho.tv\/site\/?p=55357"},"modified":"2020-11-06T19:06:48","modified_gmt":"2020-11-06T19:06:48","slug":"projeto-de-nova-residencia-universitaria-em-viana-do-castelo-pronto-em-2021","status":"publish","type":"post","link":"https:\/\/www.altominho.tv\/site\/2020\/11\/06\/projeto-de-nova-residencia-universitaria-em-viana-do-castelo-pronto-em-2021\/","title":{"rendered":"Projeto de nova resid\u00eancia universit\u00e1ria em Viana do Castelo pronto em 2021"},"content":{"rendered":"\n<p>O projeto da nova resid\u00eancia universit\u00e1ria do Instituto Polit\u00e9cnico de Viana do Castelo (IPVC), que ter\u00e1 at\u00e9 400 camas, vai estar pronto no fim do primeiro semestre de 2021 para ser candidatado a fundos comunit\u00e1rios, foi hoje divulgado.<br><\/p>\n\n\n\n<p>&#8220;Estamos a fazer o trabalho de casa para estarmos preparados para avan\u00e7ar se e quando abrirem avisos a financiamentos comunit\u00e1rios. Sozinho, o IPVC n\u00e3o consegue concretizar um projeto desta envergadura&#8221;, afirmou hoje \u00e0 ag\u00eancia Lusa Carlos Rodrigues, presidente do IPVC.<br><\/p>\n\n\n\n<p>A nova resid\u00eancia universit\u00e1ria do IPVC est\u00e1 prevista para os terrenos da Escola Superior de Tecnologia e Gest\u00e3o, situada na avenida do Atl\u00e2ntico, junto \u00e0 Praia Norte, em Viana do Castelo.<br><\/p>\n\n\n\n<p>O equipamento &#8220;com entre 350 e 400 camas&#8221; ainda n\u00e3o tem definido o valor do investimento, mas que o presidente do IPVC estimou &#8220;em v\u00e1rios milh\u00f5es de euros&#8221;.<br><\/p>\n\n\n\n<p>&#8220;Estamos a fazer um projeto mais abrangente. N\u00e3o queremos que seja s\u00f3 uma resid\u00eancia. Pretendemos dot\u00e1-la de outras val\u00eancias como refeit\u00f3rio e outras que n\u00e3o temos e que faz todo o sentido instalar no novo equipamento. Estou convencido que os avisos de financiamento vir\u00e3o, ou ainda no \u00e2mbito deste quadro comunit\u00e1rio ou no in\u00edcio do pr\u00f3ximo&#8221;, refor\u00e7ou.<br><\/p>\n\n\n\n<p>Atualmente, o IPVC disp\u00f5e de duas resid\u00eancias na cidade da Viana do Castelo, e uma Ponte de Lima, onde est\u00e1 localizada a Escola Superior Agr\u00e1ria.<br><\/p>\n\n\n\n<p>Ao n\u00edvel do alojamento, &#8220;o IPVC \u00e9, de acordo com o \u00faltimo relat\u00f3rio do PNAES &#8211; Plano Nacional para o Alojamento no Ensino Superior, o segundo instituto polit\u00e9cnico do pa\u00eds com maior n\u00famero de camas pr\u00f3prias dispon\u00edveis&#8221;, um total de 453.<br><\/p>\n\n\n\n<p>Com a constru\u00e7\u00e3o da nova resid\u00eancia universit\u00e1ria, o IPVC conseguiria &#8220;duplicar&#8221; a capacidade de alojamento, uma das &#8220;prioridades&#8221; da institui\u00e7\u00e3o.<br><\/p>\n\n\n\n<p>Em outubro, o IPVC celebrou cinco protocolos com unidades hoteleiras e com uma pousada de juventude, garantindo 157 camas na regi\u00e3o para alojar alunos deslocados.<br><\/p>\n\n\n\n<p>Aquele alojamento est\u00e1 situado nos concelhos de Viana do Castelo, Melga\u00e7o, Vila Nova de Cerveira, Ponte de Lima e Valen\u00e7a.<br><\/p>\n\n\n\n<p>Com cerca de cinco mil alunos, o IPVC tem seis escolas &#8211; de Educa\u00e7\u00e3o, Tecnologia e Gest\u00e3o, Agr\u00e1ria, Enfermagem, Ci\u00eancias Empresariais, Desporto e Lazer -, ministrando 28 licenciaturas, 40 mestrados, 34 Cursos de T\u00e9cnicos Superiores Profissionais (CTESP) e outras forma\u00e7\u00f5es de car\u00e1ter profissionalizante.<br><\/p>\n\n\n\n<p>Al\u00e9m das escolas superiores de sa\u00fade, educa\u00e7\u00e3o e tecnologia e gest\u00e3o, situadas em Viana do Castelo, o IPVC tem escolas superiores instaladas em Ponte de Lima (Agr\u00e1ria), Valen\u00e7a (Ci\u00eancias Empresariais) e Melga\u00e7o (Desporto e Lazer).<\/p>\n","protected":false},"excerpt":{"rendered":"<p>O projeto da nova resid\u00eancia universit\u00e1ria do Instituto Polit\u00e9cnico de Viana do Castelo (IPVC), que ter\u00e1 at\u00e9 400 camas, vai estar pronto no fim do primeiro semestre de 2021 para ser candidatado a fundos comunit\u00e1rios, foi hoje divulgado. &#8220;Estamos a fazer o trabalho de casa para estarmos preparados para avan\u00e7ar se e quando abrirem avisos [&hellip;]<\/p>\n","protected":false},"author":16,"featured_media":55358,"comment_status":"closed","ping_status":"closed","sticky":false,"template":"","format":"standard","meta":{"_exactmetrics_skip_tracking":false,"_exactmetrics_sitenote_active":false,"_exactmetrics_sitenote_note":"","_exactmetrics_sitenote_category":0,"footnotes":""},"categories":[14],"tags":[27],"class_list":["post-55357","post","type-post","status-publish","format-standard","has-post-thumbnail","hentry","category-viana-do-castelo","tag-sociedade"],"yoast_head":"<!-- This site is optimized with the Yoast SEO Premium plugin v27.5 (Yoast SEO v27.5) - https:\/\/yoast.com\/product\/yoast-seo-premium-wordpress\/ -->\n<title>Projeto de nova resid\u00eancia universit\u00e1ria em Viana do Castelo pronto em 2021<\/title>\n<meta name=\"robots\" content=\"index, follow, max-snippet:-1, max-image-preview:large, max-video-preview:-1\" \/>\n<link rel=\"canonical\" href=\"https:\/\/www.altominho.tv\/site\/2020\/11\/06\/projeto-de-nova-residencia-universitaria-em-viana-do-castelo-pronto-em-2021\/\" \/>\n<meta property=\"og:locale\" content=\"pt_PT\" \/>\n<meta property=\"og:type\" content=\"article\" \/>\n<meta property=\"og:title\" content=\"Projeto de nova resid\u00eancia universit\u00e1ria em Viana do Castelo pronto em 2021\" \/>\n<meta property=\"og:description\" content=\"O projeto da nova resid\u00eancia universit\u00e1ria do Instituto Polit\u00e9cnico de Viana do Castelo (IPVC), que ter\u00e1 at\u00e9 400 camas, vai estar pronto no fim do primeiro semestre de 2021 para ser candidatado a fundos comunit\u00e1rios, foi hoje divulgado. &#8220;Estamos a fazer o trabalho de casa para estarmos preparados para avan\u00e7ar se e quando abrirem avisos [&hellip;]\" \/>\n<meta property=\"og:url\" content=\"https:\/\/www.altominho.tv\/site\/2020\/11\/06\/projeto-de-nova-residencia-universitaria-em-viana-do-castelo-pronto-em-2021\/\" \/>\n<meta property=\"og:site_name\" content=\"Altominho.tv\" \/>\n<meta property=\"article:publisher\" content=\"https:\/\/www.facebook.com\/altominhotv\" \/>\n<meta property=\"article:published_time\" content=\"2020-11-06T19:06:44+00:00\" \/>\n<meta property=\"article:modified_time\" content=\"2020-11-06T19:06:48+00:00\" \/>\n<meta property=\"og:image\" content=\"https:\/\/www.altominho.tv\/site\/wp-content\/uploads\/2020\/11\/ipvc.jpg\" \/>\n\t<meta property=\"og:image:width\" content=\"1920\" \/>\n\t<meta property=\"og:image:height\" content=\"1080\" \/>\n\t<meta property=\"og:image:type\" content=\"image\/jpeg\" \/>\n<meta name=\"author\" content=\"Andreia Cunha | Lusa\" \/>\n<meta name=\"twitter:card\" content=\"summary_large_image\" \/>\n<meta name=\"twitter:creator\" content=\"@altominhoTV\" \/>\n<meta name=\"twitter:site\" content=\"@altominhoTV\" \/>\n<meta name=\"twitter:label1\" content=\"Escrito por\" \/>\n\t<meta name=\"twitter:data1\" content=\"Andreia Cunha | Lusa\" \/>\n\t<meta name=\"twitter:label2\" content=\"Tempo estimado de leitura\" \/>\n\t<meta name=\"twitter:data2\" content=\"2 minutos\" \/>\n<script type=\"application\/ld+json\" class=\"yoast-schema-graph\">{\"@context\":\"https:\\\/\\\/schema.org\",\"@graph\":[{\"@type\":\"Article\",\"@id\":\"https:\\\/\\\/www.altominho.tv\\\/site\\\/2020\\\/11\\\/06\\\/projeto-de-nova-residencia-universitaria-em-viana-do-castelo-pronto-em-2021\\\/#article\",\"isPartOf\":{\"@id\":\"https:\\\/\\\/www.altominho.tv\\\/site\\\/2020\\\/11\\\/06\\\/projeto-de-nova-residencia-universitaria-em-viana-do-castelo-pronto-em-2021\\\/\"},\"author\":{\"name\":\"Andreia Cunha | Lusa\",\"@id\":\"https:\\\/\\\/www.altominho.tv\\\/site\\\/#\\\/schema\\\/person\\\/dbaf181c01b51ff40c9f461a905d321e\"},\"headline\":\"Projeto de nova resid\u00eancia universit\u00e1ria em Viana do Castelo pronto em 2021\",\"datePublished\":\"2020-11-06T19:06:44+00:00\",\"dateModified\":\"2020-11-06T19:06:48+00:00\",\"mainEntityOfPage\":{\"@id\":\"https:\\\/\\\/www.altominho.tv\\\/site\\\/2020\\\/11\\\/06\\\/projeto-de-nova-residencia-universitaria-em-viana-do-castelo-pronto-em-2021\\\/\"},\"wordCount\":462,\"image\":{\"@id\":\"https:\\\/\\\/www.altominho.tv\\\/site\\\/2020\\\/11\\\/06\\\/projeto-de-nova-residencia-universitaria-em-viana-do-castelo-pronto-em-2021\\\/#primaryimage\"},\"thumbnailUrl\":\"https:\\\/\\\/www.altominho.tv\\\/site\\\/wp-content\\\/uploads\\\/2020\\\/11\\\/ipvc.jpg\",\"keywords\":[\"Sociedade\"],\"articleSection\":[\"Viana do Castelo\"],\"inLanguage\":\"pt-PT\",\"copyrightYear\":\"2020\",\"copyrightHolder\":{\"@id\":\"https:\\\/\\\/www.altominho.tv\\\/site\\\/#organization\"}},{\"@type\":\"WebPage\",\"@id\":\"https:\\\/\\\/www.altominho.tv\\\/site\\\/2020\\\/11\\\/06\\\/projeto-de-nova-residencia-universitaria-em-viana-do-castelo-pronto-em-2021\\\/\",\"url\":\"https:\\\/\\\/www.altominho.tv\\\/site\\\/2020\\\/11\\\/06\\\/projeto-de-nova-residencia-universitaria-em-viana-do-castelo-pronto-em-2021\\\/\",\"name\":\"Projeto de nova resid\u00eancia universit\u00e1ria em Viana do Castelo pronto em 2021\",\"isPartOf\":{\"@id\":\"https:\\\/\\\/www.altominho.tv\\\/site\\\/#website\"},\"primaryImageOfPage\":{\"@id\":\"https:\\\/\\\/www.altominho.tv\\\/site\\\/2020\\\/11\\\/06\\\/projeto-de-nova-residencia-universitaria-em-viana-do-castelo-pronto-em-2021\\\/#primaryimage\"},\"image\":{\"@id\":\"https:\\\/\\\/www.altominho.tv\\\/site\\\/2020\\\/11\\\/06\\\/projeto-de-nova-residencia-universitaria-em-viana-do-castelo-pronto-em-2021\\\/#primaryimage\"},\"thumbnailUrl\":\"https:\\\/\\\/www.altominho.tv\\\/site\\\/wp-content\\\/uploads\\\/2020\\\/11\\\/ipvc.jpg\",\"datePublished\":\"2020-11-06T19:06:44+00:00\",\"dateModified\":\"2020-11-06T19:06:48+00:00\",\"author\":{\"@id\":\"https:\\\/\\\/www.altominho.tv\\\/site\\\/#\\\/schema\\\/person\\\/dbaf181c01b51ff40c9f461a905d321e\"},\"breadcrumb\":{\"@id\":\"https:\\\/\\\/www.altominho.tv\\\/site\\\/2020\\\/11\\\/06\\\/projeto-de-nova-residencia-universitaria-em-viana-do-castelo-pronto-em-2021\\\/#breadcrumb\"},\"inLanguage\":\"pt-PT\",\"potentialAction\":[{\"@type\":\"ReadAction\",\"target\":[\"https:\\\/\\\/www.altominho.tv\\\/site\\\/2020\\\/11\\\/06\\\/projeto-de-nova-residencia-universitaria-em-viana-do-castelo-pronto-em-2021\\\/\"]}]},{\"@type\":\"ImageObject\",\"inLanguage\":\"pt-PT\",\"@id\":\"https:\\\/\\\/www.altominho.tv\\\/site\\\/2020\\\/11\\\/06\\\/projeto-de-nova-residencia-universitaria-em-viana-do-castelo-pronto-em-2021\\\/#primaryimage\",\"url\":\"https:\\\/\\\/www.altominho.tv\\\/site\\\/wp-content\\\/uploads\\\/2020\\\/11\\\/ipvc.jpg\",\"contentUrl\":\"https:\\\/\\\/www.altominho.tv\\\/site\\\/wp-content\\\/uploads\\\/2020\\\/11\\\/ipvc.jpg\",\"width\":1920,\"height\":1080},{\"@type\":\"BreadcrumbList\",\"@id\":\"https:\\\/\\\/www.altominho.tv\\\/site\\\/2020\\\/11\\\/06\\\/projeto-de-nova-residencia-universitaria-em-viana-do-castelo-pronto-em-2021\\\/#breadcrumb\",\"itemListElement\":[{\"@type\":\"ListItem\",\"position\":1,\"name\":\"In\u00edcio\",\"item\":\"https:\\\/\\\/www.altominho.tv\\\/site\\\/\"},{\"@type\":\"ListItem\",\"position\":2,\"name\":\"Projeto de nova resid\u00eancia universit\u00e1ria em Viana do Castelo pronto em 2021\"}]},{\"@type\":\"WebSite\",\"@id\":\"https:\\\/\\\/www.altominho.tv\\\/site\\\/#website\",\"url\":\"https:\\\/\\\/www.altominho.tv\\\/site\\\/\",\"name\":\"Altominho.tv\",\"description\":\"A sua regi\u00e3o \u00e0 dist\u00e2ncia de um clique...\",\"potentialAction\":[{\"@type\":\"SearchAction\",\"target\":{\"@type\":\"EntryPoint\",\"urlTemplate\":\"https:\\\/\\\/www.altominho.tv\\\/site\\\/?s={search_term_string}\"},\"query-input\":{\"@type\":\"PropertyValueSpecification\",\"valueRequired\":true,\"valueName\":\"search_term_string\"}}],\"inLanguage\":\"pt-PT\"},{\"@type\":\"Person\",\"@id\":\"https:\\\/\\\/www.altominho.tv\\\/site\\\/#\\\/schema\\\/person\\\/dbaf181c01b51ff40c9f461a905d321e\",\"name\":\"Andreia Cunha | Lusa\",\"image\":{\"@type\":\"ImageObject\",\"inLanguage\":\"pt-PT\",\"@id\":\"https:\\\/\\\/www.altominho.tv\\\/site\\\/wp-content\\\/uploads\\\/2017\\\/11\\\/Andreia_Cunha-1-150x150.jpg\",\"url\":\"https:\\\/\\\/www.altominho.tv\\\/site\\\/wp-content\\\/uploads\\\/2017\\\/11\\\/Andreia_Cunha-1-150x150.jpg\",\"contentUrl\":\"https:\\\/\\\/www.altominho.tv\\\/site\\\/wp-content\\\/uploads\\\/2017\\\/11\\\/Andreia_Cunha-1-150x150.jpg\",\"caption\":\"Andreia Cunha | Lusa\"},\"sameAs\":[\"https:\\\/\\\/www.altominho.tv\\\/site\"],\"url\":\"https:\\\/\\\/www.altominho.tv\\\/site\\\/author\\\/andreiacunhalusa\\\/\"}]}<\/script>\n<!-- \/ Yoast SEO Premium plugin. -->","yoast_head_json":{"title":"Projeto de nova resid\u00eancia universit\u00e1ria em Viana do Castelo pronto em 2021","robots":{"index":"index","follow":"follow","max-snippet":"max-snippet:-1","max-image-preview":"max-image-preview:large","max-video-preview":"max-video-preview:-1"},"canonical":"https:\/\/www.altominho.tv\/site\/2020\/11\/06\/projeto-de-nova-residencia-universitaria-em-viana-do-castelo-pronto-em-2021\/","og_locale":"pt_PT","og_type":"article","og_title":"Projeto de nova resid\u00eancia universit\u00e1ria em Viana do Castelo pronto em 2021","og_description":"O projeto da nova resid\u00eancia universit\u00e1ria do Instituto Polit\u00e9cnico de Viana do Castelo (IPVC), que ter\u00e1 at\u00e9 400 camas, vai estar pronto no fim do primeiro semestre de 2021 para ser candidatado a fundos comunit\u00e1rios, foi hoje divulgado. &#8220;Estamos a fazer o trabalho de casa para estarmos preparados para avan\u00e7ar se e quando abrirem avisos [&hellip;]","og_url":"https:\/\/www.altominho.tv\/site\/2020\/11\/06\/projeto-de-nova-residencia-universitaria-em-viana-do-castelo-pronto-em-2021\/","og_site_name":"Altominho.tv","article_publisher":"https:\/\/www.facebook.com\/altominhotv","article_published_time":"2020-11-06T19:06:44+00:00","article_modified_time":"2020-11-06T19:06:48+00:00","og_image":[{"width":1920,"height":1080,"url":"https:\/\/www.altominho.tv\/site\/wp-content\/uploads\/2020\/11\/ipvc.jpg","type":"image\/jpeg"}],"author":"Andreia Cunha | Lusa","twitter_card":"summary_large_image","twitter_creator":"@altominhoTV","twitter_site":"@altominhoTV","twitter_misc":{"Escrito por":"Andreia Cunha | Lusa","Tempo estimado de leitura":"2 minutos"},"schema":{"@context":"https:\/\/schema.org","@graph":[{"@type":"Article","@id":"https:\/\/www.altominho.tv\/site\/2020\/11\/06\/projeto-de-nova-residencia-universitaria-em-viana-do-castelo-pronto-em-2021\/#article","isPartOf":{"@id":"https:\/\/www.altominho.tv\/site\/2020\/11\/06\/projeto-de-nova-residencia-universitaria-em-viana-do-castelo-pronto-em-2021\/"},"author":{"name":"Andreia Cunha | Lusa","@id":"https:\/\/www.altominho.tv\/site\/#\/schema\/person\/dbaf181c01b51ff40c9f461a905d321e"},"headline":"Projeto de nova resid\u00eancia universit\u00e1ria em Viana do Castelo pronto em 2021","datePublished":"2020-11-06T19:06:44+00:00","dateModified":"2020-11-06T19:06:48+00:00","mainEntityOfPage":{"@id":"https:\/\/www.altominho.tv\/site\/2020\/11\/06\/projeto-de-nova-residencia-universitaria-em-viana-do-castelo-pronto-em-2021\/"},"wordCount":462,"image":{"@id":"https:\/\/www.altominho.tv\/site\/2020\/11\/06\/projeto-de-nova-residencia-universitaria-em-viana-do-castelo-pronto-em-2021\/#primaryimage"},"thumbnailUrl":"https:\/\/www.altominho.tv\/site\/wp-content\/uploads\/2020\/11\/ipvc.jpg","keywords":["Sociedade"],"articleSection":["Viana do Castelo"],"inLanguage":"pt-PT","copyrightYear":"2020","copyrightHolder":{"@id":"https:\/\/www.altominho.tv\/site\/#organization"}},{"@type":"WebPage","@id":"https:\/\/www.altominho.tv\/site\/2020\/11\/06\/projeto-de-nova-residencia-universitaria-em-viana-do-castelo-pronto-em-2021\/","url":"https:\/\/www.altominho.tv\/site\/2020\/11\/06\/projeto-de-nova-residencia-universitaria-em-viana-do-castelo-pronto-em-2021\/","name":"Projeto de nova resid\u00eancia universit\u00e1ria em Viana do Castelo pronto em 2021","isPartOf":{"@id":"https:\/\/www.altominho.tv\/site\/#website"},"primaryImageOfPage":{"@id":"https:\/\/www.altominho.tv\/site\/2020\/11\/06\/projeto-de-nova-residencia-universitaria-em-viana-do-castelo-pronto-em-2021\/#primaryimage"},"image":{"@id":"https:\/\/www.altominho.tv\/site\/2020\/11\/06\/projeto-de-nova-residencia-universitaria-em-viana-do-castelo-pronto-em-2021\/#primaryimage"},"thumbnailUrl":"https:\/\/www.altominho.tv\/site\/wp-content\/uploads\/2020\/11\/ipvc.jpg","datePublished":"2020-11-06T19:06:44+00:00","dateModified":"2020-11-06T19:06:48+00:00","author":{"@id":"https:\/\/www.altominho.tv\/site\/#\/schema\/person\/dbaf181c01b51ff40c9f461a905d321e"},"breadcrumb":{"@id":"https:\/\/www.altominho.tv\/site\/2020\/11\/06\/projeto-de-nova-residencia-universitaria-em-viana-do-castelo-pronto-em-2021\/#breadcrumb"},"inLanguage":"pt-PT","potentialAction":[{"@type":"ReadAction","target":["https:\/\/www.altominho.tv\/site\/2020\/11\/06\/projeto-de-nova-residencia-universitaria-em-viana-do-castelo-pronto-em-2021\/"]}]},{"@type":"ImageObject","inLanguage":"pt-PT","@id":"https:\/\/www.altominho.tv\/site\/2020\/11\/06\/projeto-de-nova-residencia-universitaria-em-viana-do-castelo-pronto-em-2021\/#primaryimage","url":"https:\/\/www.altominho.tv\/site\/wp-content\/uploads\/2020\/11\/ipvc.jpg","contentUrl":"https:\/\/www.altominho.tv\/site\/wp-content\/uploads\/2020\/11\/ipvc.jpg","width":1920,"height":1080},{"@type":"BreadcrumbList","@id":"https:\/\/www.altominho.tv\/site\/2020\/11\/06\/projeto-de-nova-residencia-universitaria-em-viana-do-castelo-pronto-em-2021\/#breadcrumb","itemListElement":[{"@type":"ListItem","position":1,"name":"In\u00edcio","item":"https:\/\/www.altominho.tv\/site\/"},{"@type":"ListItem","position":2,"name":"Projeto de nova resid\u00eancia universit\u00e1ria em Viana do Castelo pronto em 2021"}]},{"@type":"WebSite","@id":"https:\/\/www.altominho.tv\/site\/#website","url":"https:\/\/www.altominho.tv\/site\/","name":"Altominho.tv","description":"A sua regi\u00e3o \u00e0 dist\u00e2ncia de um clique...","potentialAction":[{"@type":"SearchAction","target":{"@type":"EntryPoint","urlTemplate":"https:\/\/www.altominho.tv\/site\/?s={search_term_string}"},"query-input":{"@type":"PropertyValueSpecification","valueRequired":true,"valueName":"search_term_string"}}],"inLanguage":"pt-PT"},{"@type":"Person","@id":"https:\/\/www.altominho.tv\/site\/#\/schema\/person\/dbaf181c01b51ff40c9f461a905d321e","name":"Andreia Cunha | Lusa","image":{"@type":"ImageObject","inLanguage":"pt-PT","@id":"https:\/\/www.altominho.tv\/site\/wp-content\/uploads\/2017\/11\/Andreia_Cunha-1-150x150.jpg","url":"https:\/\/www.altominho.tv\/site\/wp-content\/uploads\/2017\/11\/Andreia_Cunha-1-150x150.jpg","contentUrl":"https:\/\/www.altominho.tv\/site\/wp-content\/uploads\/2017\/11\/Andreia_Cunha-1-150x150.jpg","caption":"Andreia Cunha | Lusa"},"sameAs":["https:\/\/www.altominho.tv\/site"],"url":"https:\/\/www.altominho.tv\/site\/author\/andreiacunhalusa\/"}]}},"_links":{"self":[{"href":"https:\/\/www.altominho.tv\/site\/wp-json\/wp\/v2\/posts\/55357","targetHints":{"allow":["GET"]}}],"collection":[{"href":"https:\/\/www.altominho.tv\/site\/wp-json\/wp\/v2\/posts"}],"about":[{"href":"https:\/\/www.altominho.tv\/site\/wp-json\/wp\/v2\/types\/post"}],"author":[{"embeddable":true,"href":"https:\/\/www.altominho.tv\/site\/wp-json\/wp\/v2\/users\/16"}],"replies":[{"embeddable":true,"href":"https:\/\/www.altominho.tv\/site\/wp-json\/wp\/v2\/comments?post=55357"}],"version-history":[{"count":0,"href":"https:\/\/www.altominho.tv\/site\/wp-json\/wp\/v2\/posts\/55357\/revisions"}],"wp:featuredmedia":[{"embeddable":true,"href":"https:\/\/www.altominho.tv\/site\/wp-json\/wp\/v2\/media\/55358"}],"wp:attachment":[{"href":"https:\/\/www.altominho.tv\/site\/wp-json\/wp\/v2\/media?parent=55357"}],"wp:term":[{"taxonomy":"category","embeddable":true,"href":"https:\/\/www.altominho.tv\/site\/wp-json\/wp\/v2\/categories?post=55357"},{"taxonomy":"post_tag","embeddable":true,"href":"https:\/\/www.altominho.tv\/site\/wp-json\/wp\/v2\/tags?post=55357"}],"curies":[{"name":"wp","href":"https:\/\/api.w.org\/{rel}","templated":true}]}}