{"id":55350,"date":"2020-11-06T16:54:33","date_gmt":"2020-11-06T16:54:33","guid":{"rendered":"https:\/\/www.altominho.tv\/site\/?p=55350"},"modified":"2020-11-06T16:54:37","modified_gmt":"2020-11-06T16:54:37","slug":"politecnico-de-viana-do-castelo-com-14-alunos-e-professores-infetados","status":"publish","type":"post","link":"https:\/\/www.altominho.tv\/site\/2020\/11\/06\/politecnico-de-viana-do-castelo-com-14-alunos-e-professores-infetados\/","title":{"rendered":"Polit\u00e9cnico de Viana do Castelo com 14 alunos e professores infetados"},"content":{"rendered":"<p>O Instituto Polit\u00e9cnico de Viana do Castelo (IPVC) regista 14 casos de infe\u00e7\u00e3o pelo novo coronav\u00edrus, entre professores e docentes, todos em recupera\u00e7\u00e3o em casa, disse hoje o presidente da institui\u00e7\u00e3o de ensino superior.<\/p>\n<p>Em declara\u00e7\u00f5es \u00e0 ag\u00eancia Lusa, Carlos Rodrigues adiantou &#8220;n\u00e3o se registar, at\u00e9 ao momento, qualquer caso de infe\u00e7\u00e3o por SARS-CoV-2, o v\u00edrus da doen\u00e7a covid-19, entre os funcion\u00e1rios do IPVC&#8221;.<\/p>\n<p>De acordo com o respons\u00e1vel, segundo &#8220;a rastreabilidade que as autoridades de sa\u00fade conseguiram fazer, o cont\u00e1gio n\u00e3o ter\u00e1 ocorrido em ambiente escolar&#8221;.<\/p>\n<p>Carlos Rodrigues adiantou que &#8220;as 14 pessoas infetadas, a maioria estudantes, oriundos de v\u00e1rios concelhos do distrito de Viana do Castelo e de outras regi\u00f5es do pa\u00eds, est\u00e3o a recuperar em casa, n\u00e3o havendo relatos de situa\u00e7\u00f5es mais graves da doen\u00e7a&#8221;.<\/p>\n<p>O presidente do IPVC adiantou que os estudantes &#8220;est\u00e3o a ser acompanhados, diariamente, pelos coordenadores de curso.<\/p>\n<p>&#8220;Fazemos um acompanhamento com muita proximidade para que os alunos n\u00e3o serem prejudicados na sua atividade letiva&#8221;, referiu.<\/p>\n<p>Carlos Rodrigues adiantou que &#8220;o registo dos casos de covid-19 est\u00e1 a feito, de forma sistematizada, desde a semana passada&#8221;, e revelou que &#8220;na pr\u00f3xima ter\u00e7a-feira o IPVC vai disponibilizar um boletim atualizado dos casos da doen\u00e7a para informar de forma transparente e rigorosa a evolu\u00e7\u00e3o da doen\u00e7a&#8221;.<\/p>\n<p>Os dados ser\u00e3o divulgados, &#8220;uma vez por semana, na p\u00e1gina covid-19, criada em mar\u00e7o no portal oficial da institui\u00e7\u00e3o na Internet&#8221;, sendo que &#8220;internamente os dados ser\u00e3o enviados para as escolas, duas vezes por semana&#8221;.<\/p>\n<p>Segundo Carlos Rodrigues, o plano de conting\u00eancia do IPVC inclui dois apartamentos, um situado na cidade de Viana do Castelo e outro em Ponte de Lima, para acolher alunos ou docentes que n\u00e3o possam regressar \u00e0s suas casas.<\/p>\n<p>Com cerca de cinco mil alunos, o IPVC tem seis escolas &#8211; de Educa\u00e7\u00e3o, Tecnologia e Gest\u00e3o, Agr\u00e1ria, Enfermagem, Ci\u00eancias Empresariais, Desporto e Lazer -, ministrando 28 licenciaturas, 40 mestrados, 34 Cursos de T\u00e9cnicos Superiores Profissionais (CTESP) e outras forma\u00e7\u00f5es de car\u00e1ter profissionalizante.<\/p>\n<p>Al\u00e9m das escolas superiores de sa\u00fade, educa\u00e7\u00e3o e tecnologia e gest\u00e3o, situadas em Viana do Castelo, o IPVC tem escolas superiores instaladas em Ponte de Lima (Agr\u00e1ria), Valen\u00e7a (Ci\u00eancias Empresariais) e Melga\u00e7o (Desporto e Lazer).<\/p>\n<p>A pandemia de covid-19 j\u00e1 provocou mais de 1,2 milh\u00f5es de mortos em mais de 48,7 milh\u00f5es de casos de infe\u00e7\u00e3o em todo o mundo, segundo um balan\u00e7o feito pela ag\u00eancia francesa AFP.<\/p>\n<p>Em Portugal, morreram 2.792 pessoas dos 166.900 casos de infe\u00e7\u00e3o confirmados, de acordo com o boletim mais recente da Dire\u00e7\u00e3o-Geral da Sa\u00fade.<\/p>\n<p>A doen\u00e7a \u00e9 transmitida por um novo coronav\u00edrus detetado no final de dezembro de 2019, em Wuhan, uma cidade do centro da China.<\/p>\n","protected":false},"excerpt":{"rendered":"<p>O Instituto Polit\u00e9cnico de Viana do Castelo (IPVC) regista 14 casos de infe\u00e7\u00e3o pelo novo coronav\u00edrus, entre professores e docentes, todos em recupera\u00e7\u00e3o em casa, disse hoje o presidente da institui\u00e7\u00e3o de ensino superior. Em declara\u00e7\u00f5es \u00e0 ag\u00eancia Lusa, Carlos Rodrigues adiantou &#8220;n\u00e3o se registar, at\u00e9 ao momento, qualquer caso de infe\u00e7\u00e3o por SARS-CoV-2, o [&hellip;]<\/p>\n","protected":false},"author":13,"featured_media":55322,"comment_status":"closed","ping_status":"closed","sticky":false,"template":"","format":"standard","meta":{"_exactmetrics_skip_tracking":false,"_exactmetrics_sitenote_active":false,"_exactmetrics_sitenote_note":"","_exactmetrics_sitenote_category":0,"footnotes":""},"categories":[14],"tags":[26,27],"class_list":["post-55350","post","type-post","status-publish","format-standard","has-post-thumbnail","hentry","category-viana-do-castelo","tag-saude","tag-sociedade"],"yoast_head":"<!-- This site is optimized with the Yoast SEO Premium plugin v27.5 (Yoast SEO v27.5) - https:\/\/yoast.com\/product\/yoast-seo-premium-wordpress\/ -->\n<title>Polit\u00e9cnico de Viana do Castelo com 14 alunos e professores infetados<\/title>\n<meta name=\"robots\" content=\"index, follow, max-snippet:-1, max-image-preview:large, max-video-preview:-1\" \/>\n<link rel=\"canonical\" href=\"https:\/\/www.altominho.tv\/site\/2020\/11\/06\/politecnico-de-viana-do-castelo-com-14-alunos-e-professores-infetados\/\" \/>\n<meta property=\"og:locale\" content=\"pt_PT\" \/>\n<meta property=\"og:type\" content=\"article\" \/>\n<meta property=\"og:title\" content=\"Polit\u00e9cnico de Viana do Castelo com 14 alunos e professores infetados\" \/>\n<meta property=\"og:description\" content=\"O Instituto Polit\u00e9cnico de Viana do Castelo (IPVC) regista 14 casos de infe\u00e7\u00e3o pelo novo coronav\u00edrus, entre professores e docentes, todos em recupera\u00e7\u00e3o em casa, disse hoje o presidente da institui\u00e7\u00e3o de ensino superior. Em declara\u00e7\u00f5es \u00e0 ag\u00eancia Lusa, Carlos Rodrigues adiantou &#8220;n\u00e3o se registar, at\u00e9 ao momento, qualquer caso de infe\u00e7\u00e3o por SARS-CoV-2, o [&hellip;]\" \/>\n<meta property=\"og:url\" content=\"https:\/\/www.altominho.tv\/site\/2020\/11\/06\/politecnico-de-viana-do-castelo-com-14-alunos-e-professores-infetados\/\" \/>\n<meta property=\"og:site_name\" content=\"Altominho.tv\" \/>\n<meta property=\"article:publisher\" content=\"https:\/\/www.facebook.com\/altominhotv\" \/>\n<meta property=\"article:published_time\" content=\"2020-11-06T16:54:33+00:00\" \/>\n<meta property=\"article:modified_time\" content=\"2020-11-06T16:54:37+00:00\" \/>\n<meta property=\"og:image\" content=\"https:\/\/www.altominho.tv\/site\/wp-content\/uploads\/2020\/11\/naom_5e297649cecc6.jpg\" \/>\n\t<meta property=\"og:image:width\" content=\"1920\" \/>\n\t<meta property=\"og:image:height\" content=\"1080\" \/>\n\t<meta property=\"og:image:type\" content=\"image\/jpeg\" \/>\n<meta name=\"author\" content=\"Lusa\" \/>\n<meta name=\"twitter:card\" content=\"summary_large_image\" \/>\n<meta name=\"twitter:creator\" content=\"@altominhoTV\" \/>\n<meta name=\"twitter:site\" content=\"@altominhoTV\" \/>\n<meta name=\"twitter:label1\" content=\"Escrito por\" \/>\n\t<meta name=\"twitter:data1\" content=\"Lusa\" \/>\n\t<meta name=\"twitter:label2\" content=\"Tempo estimado de leitura\" \/>\n\t<meta name=\"twitter:data2\" content=\"2 minutos\" \/>\n<script type=\"application\/ld+json\" class=\"yoast-schema-graph\">{\"@context\":\"https:\\\/\\\/schema.org\",\"@graph\":[{\"@type\":\"Article\",\"@id\":\"https:\\\/\\\/www.altominho.tv\\\/site\\\/2020\\\/11\\\/06\\\/politecnico-de-viana-do-castelo-com-14-alunos-e-professores-infetados\\\/#article\",\"isPartOf\":{\"@id\":\"https:\\\/\\\/www.altominho.tv\\\/site\\\/2020\\\/11\\\/06\\\/politecnico-de-viana-do-castelo-com-14-alunos-e-professores-infetados\\\/\"},\"author\":{\"name\":\"Lusa\",\"@id\":\"https:\\\/\\\/www.altominho.tv\\\/site\\\/#\\\/schema\\\/person\\\/63f693da3e1899361cbe955c46f3232e\"},\"headline\":\"Polit\u00e9cnico de Viana do Castelo com 14 alunos e professores infetados\",\"datePublished\":\"2020-11-06T16:54:33+00:00\",\"dateModified\":\"2020-11-06T16:54:37+00:00\",\"mainEntityOfPage\":{\"@id\":\"https:\\\/\\\/www.altominho.tv\\\/site\\\/2020\\\/11\\\/06\\\/politecnico-de-viana-do-castelo-com-14-alunos-e-professores-infetados\\\/\"},\"wordCount\":501,\"image\":{\"@id\":\"https:\\\/\\\/www.altominho.tv\\\/site\\\/2020\\\/11\\\/06\\\/politecnico-de-viana-do-castelo-com-14-alunos-e-professores-infetados\\\/#primaryimage\"},\"thumbnailUrl\":\"https:\\\/\\\/www.altominho.tv\\\/site\\\/wp-content\\\/uploads\\\/2020\\\/11\\\/naom_5e297649cecc6.jpg\",\"keywords\":[\"Sa\u00fade\",\"Sociedade\"],\"articleSection\":[\"Viana do Castelo\"],\"inLanguage\":\"pt-PT\",\"copyrightYear\":\"2020\",\"copyrightHolder\":{\"@id\":\"https:\\\/\\\/www.altominho.tv\\\/site\\\/#organization\"}},{\"@type\":\"WebPage\",\"@id\":\"https:\\\/\\\/www.altominho.tv\\\/site\\\/2020\\\/11\\\/06\\\/politecnico-de-viana-do-castelo-com-14-alunos-e-professores-infetados\\\/\",\"url\":\"https:\\\/\\\/www.altominho.tv\\\/site\\\/2020\\\/11\\\/06\\\/politecnico-de-viana-do-castelo-com-14-alunos-e-professores-infetados\\\/\",\"name\":\"Polit\u00e9cnico de Viana do Castelo com 14 alunos e professores infetados\",\"isPartOf\":{\"@id\":\"https:\\\/\\\/www.altominho.tv\\\/site\\\/#website\"},\"primaryImageOfPage\":{\"@id\":\"https:\\\/\\\/www.altominho.tv\\\/site\\\/2020\\\/11\\\/06\\\/politecnico-de-viana-do-castelo-com-14-alunos-e-professores-infetados\\\/#primaryimage\"},\"image\":{\"@id\":\"https:\\\/\\\/www.altominho.tv\\\/site\\\/2020\\\/11\\\/06\\\/politecnico-de-viana-do-castelo-com-14-alunos-e-professores-infetados\\\/#primaryimage\"},\"thumbnailUrl\":\"https:\\\/\\\/www.altominho.tv\\\/site\\\/wp-content\\\/uploads\\\/2020\\\/11\\\/naom_5e297649cecc6.jpg\",\"datePublished\":\"2020-11-06T16:54:33+00:00\",\"dateModified\":\"2020-11-06T16:54:37+00:00\",\"author\":{\"@id\":\"https:\\\/\\\/www.altominho.tv\\\/site\\\/#\\\/schema\\\/person\\\/63f693da3e1899361cbe955c46f3232e\"},\"breadcrumb\":{\"@id\":\"https:\\\/\\\/www.altominho.tv\\\/site\\\/2020\\\/11\\\/06\\\/politecnico-de-viana-do-castelo-com-14-alunos-e-professores-infetados\\\/#breadcrumb\"},\"inLanguage\":\"pt-PT\",\"potentialAction\":[{\"@type\":\"ReadAction\",\"target\":[\"https:\\\/\\\/www.altominho.tv\\\/site\\\/2020\\\/11\\\/06\\\/politecnico-de-viana-do-castelo-com-14-alunos-e-professores-infetados\\\/\"]}]},{\"@type\":\"ImageObject\",\"inLanguage\":\"pt-PT\",\"@id\":\"https:\\\/\\\/www.altominho.tv\\\/site\\\/2020\\\/11\\\/06\\\/politecnico-de-viana-do-castelo-com-14-alunos-e-professores-infetados\\\/#primaryimage\",\"url\":\"https:\\\/\\\/www.altominho.tv\\\/site\\\/wp-content\\\/uploads\\\/2020\\\/11\\\/naom_5e297649cecc6.jpg\",\"contentUrl\":\"https:\\\/\\\/www.altominho.tv\\\/site\\\/wp-content\\\/uploads\\\/2020\\\/11\\\/naom_5e297649cecc6.jpg\",\"width\":1920,\"height\":1080},{\"@type\":\"BreadcrumbList\",\"@id\":\"https:\\\/\\\/www.altominho.tv\\\/site\\\/2020\\\/11\\\/06\\\/politecnico-de-viana-do-castelo-com-14-alunos-e-professores-infetados\\\/#breadcrumb\",\"itemListElement\":[{\"@type\":\"ListItem\",\"position\":1,\"name\":\"In\u00edcio\",\"item\":\"https:\\\/\\\/www.altominho.tv\\\/site\\\/\"},{\"@type\":\"ListItem\",\"position\":2,\"name\":\"Polit\u00e9cnico de Viana do Castelo com 14 alunos e professores infetados\"}]},{\"@type\":\"WebSite\",\"@id\":\"https:\\\/\\\/www.altominho.tv\\\/site\\\/#website\",\"url\":\"https:\\\/\\\/www.altominho.tv\\\/site\\\/\",\"name\":\"Altominho.tv\",\"description\":\"A sua regi\u00e3o \u00e0 dist\u00e2ncia de um clique...\",\"potentialAction\":[{\"@type\":\"SearchAction\",\"target\":{\"@type\":\"EntryPoint\",\"urlTemplate\":\"https:\\\/\\\/www.altominho.tv\\\/site\\\/?s={search_term_string}\"},\"query-input\":{\"@type\":\"PropertyValueSpecification\",\"valueRequired\":true,\"valueName\":\"search_term_string\"}}],\"inLanguage\":\"pt-PT\"},{\"@type\":\"Person\",\"@id\":\"https:\\\/\\\/www.altominho.tv\\\/site\\\/#\\\/schema\\\/person\\\/63f693da3e1899361cbe955c46f3232e\",\"name\":\"Lusa\",\"image\":{\"@type\":\"ImageObject\",\"inLanguage\":\"pt-PT\",\"@id\":\"https:\\\/\\\/www.altominho.tv\\\/site\\\/wp-content\\\/uploads\\\/2019\\\/08\\\/LUSA_Logo.gif\",\"url\":\"https:\\\/\\\/www.altominho.tv\\\/site\\\/wp-content\\\/uploads\\\/2019\\\/08\\\/LUSA_Logo.gif\",\"contentUrl\":\"https:\\\/\\\/www.altominho.tv\\\/site\\\/wp-content\\\/uploads\\\/2019\\\/08\\\/LUSA_Logo.gif\",\"caption\":\"Lusa\"},\"sameAs\":[\"http:\\\/\\\/\\\/\\\/www.altominho.tv\\\/site\"],\"url\":\"https:\\\/\\\/www.altominho.tv\\\/site\\\/author\\\/lusa\\\/\"}]}<\/script>\n<!-- \/ Yoast SEO Premium plugin. -->","yoast_head_json":{"title":"Polit\u00e9cnico de Viana do Castelo com 14 alunos e professores infetados","robots":{"index":"index","follow":"follow","max-snippet":"max-snippet:-1","max-image-preview":"max-image-preview:large","max-video-preview":"max-video-preview:-1"},"canonical":"https:\/\/www.altominho.tv\/site\/2020\/11\/06\/politecnico-de-viana-do-castelo-com-14-alunos-e-professores-infetados\/","og_locale":"pt_PT","og_type":"article","og_title":"Polit\u00e9cnico de Viana do Castelo com 14 alunos e professores infetados","og_description":"O Instituto Polit\u00e9cnico de Viana do Castelo (IPVC) regista 14 casos de infe\u00e7\u00e3o pelo novo coronav\u00edrus, entre professores e docentes, todos em recupera\u00e7\u00e3o em casa, disse hoje o presidente da institui\u00e7\u00e3o de ensino superior. Em declara\u00e7\u00f5es \u00e0 ag\u00eancia Lusa, Carlos Rodrigues adiantou &#8220;n\u00e3o se registar, at\u00e9 ao momento, qualquer caso de infe\u00e7\u00e3o por SARS-CoV-2, o [&hellip;]","og_url":"https:\/\/www.altominho.tv\/site\/2020\/11\/06\/politecnico-de-viana-do-castelo-com-14-alunos-e-professores-infetados\/","og_site_name":"Altominho.tv","article_publisher":"https:\/\/www.facebook.com\/altominhotv","article_published_time":"2020-11-06T16:54:33+00:00","article_modified_time":"2020-11-06T16:54:37+00:00","og_image":[{"width":1920,"height":1080,"url":"https:\/\/www.altominho.tv\/site\/wp-content\/uploads\/2020\/11\/naom_5e297649cecc6.jpg","type":"image\/jpeg"}],"author":"Lusa","twitter_card":"summary_large_image","twitter_creator":"@altominhoTV","twitter_site":"@altominhoTV","twitter_misc":{"Escrito por":"Lusa","Tempo estimado de leitura":"2 minutos"},"schema":{"@context":"https:\/\/schema.org","@graph":[{"@type":"Article","@id":"https:\/\/www.altominho.tv\/site\/2020\/11\/06\/politecnico-de-viana-do-castelo-com-14-alunos-e-professores-infetados\/#article","isPartOf":{"@id":"https:\/\/www.altominho.tv\/site\/2020\/11\/06\/politecnico-de-viana-do-castelo-com-14-alunos-e-professores-infetados\/"},"author":{"name":"Lusa","@id":"https:\/\/www.altominho.tv\/site\/#\/schema\/person\/63f693da3e1899361cbe955c46f3232e"},"headline":"Polit\u00e9cnico de Viana do Castelo com 14 alunos e professores infetados","datePublished":"2020-11-06T16:54:33+00:00","dateModified":"2020-11-06T16:54:37+00:00","mainEntityOfPage":{"@id":"https:\/\/www.altominho.tv\/site\/2020\/11\/06\/politecnico-de-viana-do-castelo-com-14-alunos-e-professores-infetados\/"},"wordCount":501,"image":{"@id":"https:\/\/www.altominho.tv\/site\/2020\/11\/06\/politecnico-de-viana-do-castelo-com-14-alunos-e-professores-infetados\/#primaryimage"},"thumbnailUrl":"https:\/\/www.altominho.tv\/site\/wp-content\/uploads\/2020\/11\/naom_5e297649cecc6.jpg","keywords":["Sa\u00fade","Sociedade"],"articleSection":["Viana do Castelo"],"inLanguage":"pt-PT","copyrightYear":"2020","copyrightHolder":{"@id":"https:\/\/www.altominho.tv\/site\/#organization"}},{"@type":"WebPage","@id":"https:\/\/www.altominho.tv\/site\/2020\/11\/06\/politecnico-de-viana-do-castelo-com-14-alunos-e-professores-infetados\/","url":"https:\/\/www.altominho.tv\/site\/2020\/11\/06\/politecnico-de-viana-do-castelo-com-14-alunos-e-professores-infetados\/","name":"Polit\u00e9cnico de Viana do Castelo com 14 alunos e professores infetados","isPartOf":{"@id":"https:\/\/www.altominho.tv\/site\/#website"},"primaryImageOfPage":{"@id":"https:\/\/www.altominho.tv\/site\/2020\/11\/06\/politecnico-de-viana-do-castelo-com-14-alunos-e-professores-infetados\/#primaryimage"},"image":{"@id":"https:\/\/www.altominho.tv\/site\/2020\/11\/06\/politecnico-de-viana-do-castelo-com-14-alunos-e-professores-infetados\/#primaryimage"},"thumbnailUrl":"https:\/\/www.altominho.tv\/site\/wp-content\/uploads\/2020\/11\/naom_5e297649cecc6.jpg","datePublished":"2020-11-06T16:54:33+00:00","dateModified":"2020-11-06T16:54:37+00:00","author":{"@id":"https:\/\/www.altominho.tv\/site\/#\/schema\/person\/63f693da3e1899361cbe955c46f3232e"},"breadcrumb":{"@id":"https:\/\/www.altominho.tv\/site\/2020\/11\/06\/politecnico-de-viana-do-castelo-com-14-alunos-e-professores-infetados\/#breadcrumb"},"inLanguage":"pt-PT","potentialAction":[{"@type":"ReadAction","target":["https:\/\/www.altominho.tv\/site\/2020\/11\/06\/politecnico-de-viana-do-castelo-com-14-alunos-e-professores-infetados\/"]}]},{"@type":"ImageObject","inLanguage":"pt-PT","@id":"https:\/\/www.altominho.tv\/site\/2020\/11\/06\/politecnico-de-viana-do-castelo-com-14-alunos-e-professores-infetados\/#primaryimage","url":"https:\/\/www.altominho.tv\/site\/wp-content\/uploads\/2020\/11\/naom_5e297649cecc6.jpg","contentUrl":"https:\/\/www.altominho.tv\/site\/wp-content\/uploads\/2020\/11\/naom_5e297649cecc6.jpg","width":1920,"height":1080},{"@type":"BreadcrumbList","@id":"https:\/\/www.altominho.tv\/site\/2020\/11\/06\/politecnico-de-viana-do-castelo-com-14-alunos-e-professores-infetados\/#breadcrumb","itemListElement":[{"@type":"ListItem","position":1,"name":"In\u00edcio","item":"https:\/\/www.altominho.tv\/site\/"},{"@type":"ListItem","position":2,"name":"Polit\u00e9cnico de Viana do Castelo com 14 alunos e professores infetados"}]},{"@type":"WebSite","@id":"https:\/\/www.altominho.tv\/site\/#website","url":"https:\/\/www.altominho.tv\/site\/","name":"Altominho.tv","description":"A sua regi\u00e3o \u00e0 dist\u00e2ncia de um clique...","potentialAction":[{"@type":"SearchAction","target":{"@type":"EntryPoint","urlTemplate":"https:\/\/www.altominho.tv\/site\/?s={search_term_string}"},"query-input":{"@type":"PropertyValueSpecification","valueRequired":true,"valueName":"search_term_string"}}],"inLanguage":"pt-PT"},{"@type":"Person","@id":"https:\/\/www.altominho.tv\/site\/#\/schema\/person\/63f693da3e1899361cbe955c46f3232e","name":"Lusa","image":{"@type":"ImageObject","inLanguage":"pt-PT","@id":"https:\/\/www.altominho.tv\/site\/wp-content\/uploads\/2019\/08\/LUSA_Logo.gif","url":"https:\/\/www.altominho.tv\/site\/wp-content\/uploads\/2019\/08\/LUSA_Logo.gif","contentUrl":"https:\/\/www.altominho.tv\/site\/wp-content\/uploads\/2019\/08\/LUSA_Logo.gif","caption":"Lusa"},"sameAs":["http:\/\/\/\/www.altominho.tv\/site"],"url":"https:\/\/www.altominho.tv\/site\/author\/lusa\/"}]}},"_links":{"self":[{"href":"https:\/\/www.altominho.tv\/site\/wp-json\/wp\/v2\/posts\/55350","targetHints":{"allow":["GET"]}}],"collection":[{"href":"https:\/\/www.altominho.tv\/site\/wp-json\/wp\/v2\/posts"}],"about":[{"href":"https:\/\/www.altominho.tv\/site\/wp-json\/wp\/v2\/types\/post"}],"author":[{"embeddable":true,"href":"https:\/\/www.altominho.tv\/site\/wp-json\/wp\/v2\/users\/13"}],"replies":[{"embeddable":true,"href":"https:\/\/www.altominho.tv\/site\/wp-json\/wp\/v2\/comments?post=55350"}],"version-history":[{"count":0,"href":"https:\/\/www.altominho.tv\/site\/wp-json\/wp\/v2\/posts\/55350\/revisions"}],"wp:featuredmedia":[{"embeddable":true,"href":"https:\/\/www.altominho.tv\/site\/wp-json\/wp\/v2\/media\/55322"}],"wp:attachment":[{"href":"https:\/\/www.altominho.tv\/site\/wp-json\/wp\/v2\/media?parent=55350"}],"wp:term":[{"taxonomy":"category","embeddable":true,"href":"https:\/\/www.altominho.tv\/site\/wp-json\/wp\/v2\/categories?post=55350"},{"taxonomy":"post_tag","embeddable":true,"href":"https:\/\/www.altominho.tv\/site\/wp-json\/wp\/v2\/tags?post=55350"}],"curies":[{"name":"wp","href":"https:\/\/api.w.org\/{rel}","templated":true}]}}