{"id":55294,"date":"2020-11-06T08:18:24","date_gmt":"2020-11-06T08:18:24","guid":{"rendered":"https:\/\/www.altominho.tv\/site\/?p=55294"},"modified":"2020-11-06T08:18:28","modified_gmt":"2020-11-06T08:18:28","slug":"viana-do-castelo-sob-aviso-amarelo-ate-as-0000-de-sabado","status":"publish","type":"post","link":"https:\/\/www.altominho.tv\/site\/2020\/11\/06\/viana-do-castelo-sob-aviso-amarelo-ate-as-0000-de-sabado\/","title":{"rendered":"Viana do Castelo sob aviso amarelo at\u00e9 \u00e0s 00:00 de s\u00e1bado"},"content":{"rendered":"\n<p>Todos os distritos de Portugal continental, exceto Bragan\u00e7a, est\u00e3o hoje sob aviso amarelo devido \u00e0 previs\u00e3o de aguaceiros, por vezes fortes, acompanhados de trovoada frequente e rajadas de vento, segundo o Instituto Portugu\u00eas do Mar e da Atmosfera (IPMA).<br><\/p>\n\n\n\n<p>Castelo Branco, Portalegre, Santar\u00e9m, Lisboa, Set\u00fabal, Beja, \u00c9vora e Faro est\u00e3o sob aviso amarelo devido \u00e0 previs\u00e3o de aguaceiros e rajadas de vento at\u00e9 \u00e0s 21:00 de hoje e trovoada frequente at\u00e9 \u00e0s 18:00 de hoje.<br><\/p>\n\n\n\n<p>O aviso amarelo para os distritos de Viana do Castelo, Braga, Porto, Vila Real, Viseu, Guarda, Aveiro, Coimbra e Leiria vai estar em vigor at\u00e9 \u00e0s 00:00 de s\u00e1bado.<br><\/p>\n\n\n\n<p>O IPMA colocou tamb\u00e9m o arquip\u00e9lago da Madeira sob aviso amarelo devido \u00e0 previs\u00e3o de vento forte com rajadas at\u00e9 100 quil\u00f3metros por hora at\u00e9 \u00e0s 12:00 de hoje.<br><\/p>\n\n\n\n<p>O aviso amarelo \u00e9 emitido pelo IPMA sempre que existe uma situa\u00e7\u00e3o de risco para determinadas atividades dependentes da situa\u00e7\u00e3o meteorol\u00f3gica.<br><\/p>\n\n\n\n<p>O IPMA prev\u00ea para hoje no continente c\u00e9u geralmente muito nublado e aguaceiros, por vezes fortes, ocasionalmente de granizo e acompanhados de trovoada.<br><\/p>\n\n\n\n<p>A previs\u00e3o aponta tamb\u00e9m para vento fraco a moderado do quadrante leste, por vezes forte no litoral, soprando forte nas terras altas, com rajadas at\u00e9 90 quil\u00f3metros por hora, rodando gradualmente para o quadrante sul.<br><\/p>\n\n\n\n<p>Est\u00e1 ainda prevista uma pequena subida da temperatura m\u00ednima nas regi\u00f5es Norte e Centro e descida da m\u00e1xima no litoral oeste.<br><\/p>\n\n\n\n<p>As temperaturas m\u00ednimas no continente v\u00e3o oscilar entre os 8 graus Celsius (em Bragan\u00e7a) e os 15 (em Faro) e as m\u00e1ximas entre os 12 graus (na Guarda) e os 19 (em Faro).<br><\/p>\n\n\n\n<p>O IPMA prev\u00ea para hoje na Madeira per\u00edodos de c\u00e9u muito nublado e aguaceiros, por vezes acompanhados de trovoada, diminuindo de intensidade e frequ\u00eancia a partir do meio da manh\u00e3.<br><\/p>\n\n\n\n<p>Est\u00e1 tamb\u00e9m previsto vento moderado a forte de oeste\/sudoeste, com rajadas at\u00e9 80 quil\u00f3metros por hora, em especial nas vertentes leste e oeste da ilha da Madeira, e soprando forte, com rajadas at\u00e9 100 quil\u00f3metros por hora, nas terras altas, diminuindo gradualmente de intensidade a partir da tarde e uma pequena subida da temperatura m\u00e1xima.<br><\/p>\n\n\n\n<p>No Funchal as temperaturas v\u00e3o oscilar entre os 15 e os 22 graus e no Porto Santo entre os 15 e os 20.<\/p>\n","protected":false},"excerpt":{"rendered":"<p>Todos os distritos de Portugal continental, exceto Bragan\u00e7a, est\u00e3o hoje sob aviso amarelo devido \u00e0 previs\u00e3o de aguaceiros, por vezes fortes, acompanhados de trovoada frequente e rajadas de vento, segundo o Instituto Portugu\u00eas do Mar e da Atmosfera (IPMA). Castelo Branco, Portalegre, Santar\u00e9m, Lisboa, Set\u00fabal, Beja, \u00c9vora e Faro est\u00e3o sob aviso amarelo devido \u00e0 [&hellip;]<\/p>\n","protected":false},"author":16,"featured_media":55295,"comment_status":"closed","ping_status":"closed","sticky":false,"template":"","format":"standard","meta":{"_exactmetrics_skip_tracking":false,"_exactmetrics_sitenote_active":false,"_exactmetrics_sitenote_note":"","_exactmetrics_sitenote_category":0,"footnotes":""},"categories":[14],"tags":[27],"class_list":["post-55294","post","type-post","status-publish","format-standard","has-post-thumbnail","hentry","category-viana-do-castelo","tag-sociedade"],"yoast_head":"<!-- This site is optimized with the Yoast SEO Premium plugin v27.5 (Yoast SEO v27.5) - https:\/\/yoast.com\/product\/yoast-seo-premium-wordpress\/ -->\n<title>Viana do Castelo sob aviso amarelo at\u00e9 \u00e0s 00:00 de s\u00e1bado<\/title>\n<meta name=\"robots\" content=\"index, follow, max-snippet:-1, max-image-preview:large, max-video-preview:-1\" \/>\n<link rel=\"canonical\" href=\"https:\/\/www.altominho.tv\/site\/2020\/11\/06\/viana-do-castelo-sob-aviso-amarelo-ate-as-0000-de-sabado\/\" \/>\n<meta property=\"og:locale\" content=\"pt_PT\" \/>\n<meta property=\"og:type\" content=\"article\" \/>\n<meta property=\"og:title\" content=\"Viana do Castelo sob aviso amarelo at\u00e9 \u00e0s 00:00 de s\u00e1bado\" \/>\n<meta property=\"og:description\" content=\"Todos os distritos de Portugal continental, exceto Bragan\u00e7a, est\u00e3o hoje sob aviso amarelo devido \u00e0 previs\u00e3o de aguaceiros, por vezes fortes, acompanhados de trovoada frequente e rajadas de vento, segundo o Instituto Portugu\u00eas do Mar e da Atmosfera (IPMA). Castelo Branco, Portalegre, Santar\u00e9m, Lisboa, Set\u00fabal, Beja, \u00c9vora e Faro est\u00e3o sob aviso amarelo devido \u00e0 [&hellip;]\" \/>\n<meta property=\"og:url\" content=\"https:\/\/www.altominho.tv\/site\/2020\/11\/06\/viana-do-castelo-sob-aviso-amarelo-ate-as-0000-de-sabado\/\" \/>\n<meta property=\"og:site_name\" content=\"Altominho.tv\" \/>\n<meta property=\"article:publisher\" content=\"https:\/\/www.facebook.com\/altominhotv\" \/>\n<meta property=\"article:published_time\" content=\"2020-11-06T08:18:24+00:00\" \/>\n<meta property=\"article:modified_time\" content=\"2020-11-06T08:18:28+00:00\" \/>\n<meta property=\"og:image\" content=\"https:\/\/www.altominho.tv\/site\/wp-content\/uploads\/2020\/11\/chuva.jpg\" \/>\n\t<meta property=\"og:image:width\" content=\"1386\" \/>\n\t<meta property=\"og:image:height\" content=\"780\" \/>\n\t<meta property=\"og:image:type\" content=\"image\/jpeg\" \/>\n<meta name=\"author\" content=\"Andreia Cunha | Lusa\" \/>\n<meta name=\"twitter:card\" content=\"summary_large_image\" \/>\n<meta name=\"twitter:creator\" content=\"@altominhoTV\" \/>\n<meta name=\"twitter:site\" content=\"@altominhoTV\" \/>\n<meta name=\"twitter:label1\" content=\"Escrito por\" \/>\n\t<meta name=\"twitter:data1\" content=\"Andreia Cunha | Lusa\" \/>\n\t<meta name=\"twitter:label2\" content=\"Tempo estimado de leitura\" \/>\n\t<meta name=\"twitter:data2\" content=\"2 minutos\" \/>\n<script type=\"application\/ld+json\" class=\"yoast-schema-graph\">{\"@context\":\"https:\\\/\\\/schema.org\",\"@graph\":[{\"@type\":\"Article\",\"@id\":\"https:\\\/\\\/www.altominho.tv\\\/site\\\/2020\\\/11\\\/06\\\/viana-do-castelo-sob-aviso-amarelo-ate-as-0000-de-sabado\\\/#article\",\"isPartOf\":{\"@id\":\"https:\\\/\\\/www.altominho.tv\\\/site\\\/2020\\\/11\\\/06\\\/viana-do-castelo-sob-aviso-amarelo-ate-as-0000-de-sabado\\\/\"},\"author\":{\"name\":\"Andreia Cunha | Lusa\",\"@id\":\"https:\\\/\\\/www.altominho.tv\\\/site\\\/#\\\/schema\\\/person\\\/dbaf181c01b51ff40c9f461a905d321e\"},\"headline\":\"Viana do Castelo sob aviso amarelo at\u00e9 \u00e0s 00:00 de s\u00e1bado\",\"datePublished\":\"2020-11-06T08:18:24+00:00\",\"dateModified\":\"2020-11-06T08:18:28+00:00\",\"mainEntityOfPage\":{\"@id\":\"https:\\\/\\\/www.altominho.tv\\\/site\\\/2020\\\/11\\\/06\\\/viana-do-castelo-sob-aviso-amarelo-ate-as-0000-de-sabado\\\/\"},\"wordCount\":401,\"image\":{\"@id\":\"https:\\\/\\\/www.altominho.tv\\\/site\\\/2020\\\/11\\\/06\\\/viana-do-castelo-sob-aviso-amarelo-ate-as-0000-de-sabado\\\/#primaryimage\"},\"thumbnailUrl\":\"https:\\\/\\\/www.altominho.tv\\\/site\\\/wp-content\\\/uploads\\\/2020\\\/11\\\/chuva.jpg\",\"keywords\":[\"Sociedade\"],\"articleSection\":[\"Viana do Castelo\"],\"inLanguage\":\"pt-PT\",\"copyrightYear\":\"2020\",\"copyrightHolder\":{\"@id\":\"https:\\\/\\\/www.altominho.tv\\\/site\\\/#organization\"}},{\"@type\":\"WebPage\",\"@id\":\"https:\\\/\\\/www.altominho.tv\\\/site\\\/2020\\\/11\\\/06\\\/viana-do-castelo-sob-aviso-amarelo-ate-as-0000-de-sabado\\\/\",\"url\":\"https:\\\/\\\/www.altominho.tv\\\/site\\\/2020\\\/11\\\/06\\\/viana-do-castelo-sob-aviso-amarelo-ate-as-0000-de-sabado\\\/\",\"name\":\"Viana do Castelo sob aviso amarelo at\u00e9 \u00e0s 00:00 de s\u00e1bado\",\"isPartOf\":{\"@id\":\"https:\\\/\\\/www.altominho.tv\\\/site\\\/#website\"},\"primaryImageOfPage\":{\"@id\":\"https:\\\/\\\/www.altominho.tv\\\/site\\\/2020\\\/11\\\/06\\\/viana-do-castelo-sob-aviso-amarelo-ate-as-0000-de-sabado\\\/#primaryimage\"},\"image\":{\"@id\":\"https:\\\/\\\/www.altominho.tv\\\/site\\\/2020\\\/11\\\/06\\\/viana-do-castelo-sob-aviso-amarelo-ate-as-0000-de-sabado\\\/#primaryimage\"},\"thumbnailUrl\":\"https:\\\/\\\/www.altominho.tv\\\/site\\\/wp-content\\\/uploads\\\/2020\\\/11\\\/chuva.jpg\",\"datePublished\":\"2020-11-06T08:18:24+00:00\",\"dateModified\":\"2020-11-06T08:18:28+00:00\",\"author\":{\"@id\":\"https:\\\/\\\/www.altominho.tv\\\/site\\\/#\\\/schema\\\/person\\\/dbaf181c01b51ff40c9f461a905d321e\"},\"breadcrumb\":{\"@id\":\"https:\\\/\\\/www.altominho.tv\\\/site\\\/2020\\\/11\\\/06\\\/viana-do-castelo-sob-aviso-amarelo-ate-as-0000-de-sabado\\\/#breadcrumb\"},\"inLanguage\":\"pt-PT\",\"potentialAction\":[{\"@type\":\"ReadAction\",\"target\":[\"https:\\\/\\\/www.altominho.tv\\\/site\\\/2020\\\/11\\\/06\\\/viana-do-castelo-sob-aviso-amarelo-ate-as-0000-de-sabado\\\/\"]}]},{\"@type\":\"ImageObject\",\"inLanguage\":\"pt-PT\",\"@id\":\"https:\\\/\\\/www.altominho.tv\\\/site\\\/2020\\\/11\\\/06\\\/viana-do-castelo-sob-aviso-amarelo-ate-as-0000-de-sabado\\\/#primaryimage\",\"url\":\"https:\\\/\\\/www.altominho.tv\\\/site\\\/wp-content\\\/uploads\\\/2020\\\/11\\\/chuva.jpg\",\"contentUrl\":\"https:\\\/\\\/www.altominho.tv\\\/site\\\/wp-content\\\/uploads\\\/2020\\\/11\\\/chuva.jpg\",\"width\":1386,\"height\":780},{\"@type\":\"BreadcrumbList\",\"@id\":\"https:\\\/\\\/www.altominho.tv\\\/site\\\/2020\\\/11\\\/06\\\/viana-do-castelo-sob-aviso-amarelo-ate-as-0000-de-sabado\\\/#breadcrumb\",\"itemListElement\":[{\"@type\":\"ListItem\",\"position\":1,\"name\":\"In\u00edcio\",\"item\":\"https:\\\/\\\/www.altominho.tv\\\/site\\\/\"},{\"@type\":\"ListItem\",\"position\":2,\"name\":\"Viana do Castelo sob aviso amarelo at\u00e9 \u00e0s 00:00 de s\u00e1bado\"}]},{\"@type\":\"WebSite\",\"@id\":\"https:\\\/\\\/www.altominho.tv\\\/site\\\/#website\",\"url\":\"https:\\\/\\\/www.altominho.tv\\\/site\\\/\",\"name\":\"Altominho.tv\",\"description\":\"A sua regi\u00e3o \u00e0 dist\u00e2ncia de um clique...\",\"potentialAction\":[{\"@type\":\"SearchAction\",\"target\":{\"@type\":\"EntryPoint\",\"urlTemplate\":\"https:\\\/\\\/www.altominho.tv\\\/site\\\/?s={search_term_string}\"},\"query-input\":{\"@type\":\"PropertyValueSpecification\",\"valueRequired\":true,\"valueName\":\"search_term_string\"}}],\"inLanguage\":\"pt-PT\"},{\"@type\":\"Person\",\"@id\":\"https:\\\/\\\/www.altominho.tv\\\/site\\\/#\\\/schema\\\/person\\\/dbaf181c01b51ff40c9f461a905d321e\",\"name\":\"Andreia Cunha | Lusa\",\"image\":{\"@type\":\"ImageObject\",\"inLanguage\":\"pt-PT\",\"@id\":\"https:\\\/\\\/www.altominho.tv\\\/site\\\/wp-content\\\/uploads\\\/2017\\\/11\\\/Andreia_Cunha-1-150x150.jpg\",\"url\":\"https:\\\/\\\/www.altominho.tv\\\/site\\\/wp-content\\\/uploads\\\/2017\\\/11\\\/Andreia_Cunha-1-150x150.jpg\",\"contentUrl\":\"https:\\\/\\\/www.altominho.tv\\\/site\\\/wp-content\\\/uploads\\\/2017\\\/11\\\/Andreia_Cunha-1-150x150.jpg\",\"caption\":\"Andreia Cunha | Lusa\"},\"sameAs\":[\"https:\\\/\\\/www.altominho.tv\\\/site\"],\"url\":\"https:\\\/\\\/www.altominho.tv\\\/site\\\/author\\\/andreiacunhalusa\\\/\"}]}<\/script>\n<!-- \/ Yoast SEO Premium plugin. -->","yoast_head_json":{"title":"Viana do Castelo sob aviso amarelo at\u00e9 \u00e0s 00:00 de s\u00e1bado","robots":{"index":"index","follow":"follow","max-snippet":"max-snippet:-1","max-image-preview":"max-image-preview:large","max-video-preview":"max-video-preview:-1"},"canonical":"https:\/\/www.altominho.tv\/site\/2020\/11\/06\/viana-do-castelo-sob-aviso-amarelo-ate-as-0000-de-sabado\/","og_locale":"pt_PT","og_type":"article","og_title":"Viana do Castelo sob aviso amarelo at\u00e9 \u00e0s 00:00 de s\u00e1bado","og_description":"Todos os distritos de Portugal continental, exceto Bragan\u00e7a, est\u00e3o hoje sob aviso amarelo devido \u00e0 previs\u00e3o de aguaceiros, por vezes fortes, acompanhados de trovoada frequente e rajadas de vento, segundo o Instituto Portugu\u00eas do Mar e da Atmosfera (IPMA). Castelo Branco, Portalegre, Santar\u00e9m, Lisboa, Set\u00fabal, Beja, \u00c9vora e Faro est\u00e3o sob aviso amarelo devido \u00e0 [&hellip;]","og_url":"https:\/\/www.altominho.tv\/site\/2020\/11\/06\/viana-do-castelo-sob-aviso-amarelo-ate-as-0000-de-sabado\/","og_site_name":"Altominho.tv","article_publisher":"https:\/\/www.facebook.com\/altominhotv","article_published_time":"2020-11-06T08:18:24+00:00","article_modified_time":"2020-11-06T08:18:28+00:00","og_image":[{"width":1386,"height":780,"url":"https:\/\/www.altominho.tv\/site\/wp-content\/uploads\/2020\/11\/chuva.jpg","type":"image\/jpeg"}],"author":"Andreia Cunha | Lusa","twitter_card":"summary_large_image","twitter_creator":"@altominhoTV","twitter_site":"@altominhoTV","twitter_misc":{"Escrito por":"Andreia Cunha | Lusa","Tempo estimado de leitura":"2 minutos"},"schema":{"@context":"https:\/\/schema.org","@graph":[{"@type":"Article","@id":"https:\/\/www.altominho.tv\/site\/2020\/11\/06\/viana-do-castelo-sob-aviso-amarelo-ate-as-0000-de-sabado\/#article","isPartOf":{"@id":"https:\/\/www.altominho.tv\/site\/2020\/11\/06\/viana-do-castelo-sob-aviso-amarelo-ate-as-0000-de-sabado\/"},"author":{"name":"Andreia Cunha | Lusa","@id":"https:\/\/www.altominho.tv\/site\/#\/schema\/person\/dbaf181c01b51ff40c9f461a905d321e"},"headline":"Viana do Castelo sob aviso amarelo at\u00e9 \u00e0s 00:00 de s\u00e1bado","datePublished":"2020-11-06T08:18:24+00:00","dateModified":"2020-11-06T08:18:28+00:00","mainEntityOfPage":{"@id":"https:\/\/www.altominho.tv\/site\/2020\/11\/06\/viana-do-castelo-sob-aviso-amarelo-ate-as-0000-de-sabado\/"},"wordCount":401,"image":{"@id":"https:\/\/www.altominho.tv\/site\/2020\/11\/06\/viana-do-castelo-sob-aviso-amarelo-ate-as-0000-de-sabado\/#primaryimage"},"thumbnailUrl":"https:\/\/www.altominho.tv\/site\/wp-content\/uploads\/2020\/11\/chuva.jpg","keywords":["Sociedade"],"articleSection":["Viana do Castelo"],"inLanguage":"pt-PT","copyrightYear":"2020","copyrightHolder":{"@id":"https:\/\/www.altominho.tv\/site\/#organization"}},{"@type":"WebPage","@id":"https:\/\/www.altominho.tv\/site\/2020\/11\/06\/viana-do-castelo-sob-aviso-amarelo-ate-as-0000-de-sabado\/","url":"https:\/\/www.altominho.tv\/site\/2020\/11\/06\/viana-do-castelo-sob-aviso-amarelo-ate-as-0000-de-sabado\/","name":"Viana do Castelo sob aviso amarelo at\u00e9 \u00e0s 00:00 de s\u00e1bado","isPartOf":{"@id":"https:\/\/www.altominho.tv\/site\/#website"},"primaryImageOfPage":{"@id":"https:\/\/www.altominho.tv\/site\/2020\/11\/06\/viana-do-castelo-sob-aviso-amarelo-ate-as-0000-de-sabado\/#primaryimage"},"image":{"@id":"https:\/\/www.altominho.tv\/site\/2020\/11\/06\/viana-do-castelo-sob-aviso-amarelo-ate-as-0000-de-sabado\/#primaryimage"},"thumbnailUrl":"https:\/\/www.altominho.tv\/site\/wp-content\/uploads\/2020\/11\/chuva.jpg","datePublished":"2020-11-06T08:18:24+00:00","dateModified":"2020-11-06T08:18:28+00:00","author":{"@id":"https:\/\/www.altominho.tv\/site\/#\/schema\/person\/dbaf181c01b51ff40c9f461a905d321e"},"breadcrumb":{"@id":"https:\/\/www.altominho.tv\/site\/2020\/11\/06\/viana-do-castelo-sob-aviso-amarelo-ate-as-0000-de-sabado\/#breadcrumb"},"inLanguage":"pt-PT","potentialAction":[{"@type":"ReadAction","target":["https:\/\/www.altominho.tv\/site\/2020\/11\/06\/viana-do-castelo-sob-aviso-amarelo-ate-as-0000-de-sabado\/"]}]},{"@type":"ImageObject","inLanguage":"pt-PT","@id":"https:\/\/www.altominho.tv\/site\/2020\/11\/06\/viana-do-castelo-sob-aviso-amarelo-ate-as-0000-de-sabado\/#primaryimage","url":"https:\/\/www.altominho.tv\/site\/wp-content\/uploads\/2020\/11\/chuva.jpg","contentUrl":"https:\/\/www.altominho.tv\/site\/wp-content\/uploads\/2020\/11\/chuva.jpg","width":1386,"height":780},{"@type":"BreadcrumbList","@id":"https:\/\/www.altominho.tv\/site\/2020\/11\/06\/viana-do-castelo-sob-aviso-amarelo-ate-as-0000-de-sabado\/#breadcrumb","itemListElement":[{"@type":"ListItem","position":1,"name":"In\u00edcio","item":"https:\/\/www.altominho.tv\/site\/"},{"@type":"ListItem","position":2,"name":"Viana do Castelo sob aviso amarelo at\u00e9 \u00e0s 00:00 de s\u00e1bado"}]},{"@type":"WebSite","@id":"https:\/\/www.altominho.tv\/site\/#website","url":"https:\/\/www.altominho.tv\/site\/","name":"Altominho.tv","description":"A sua regi\u00e3o \u00e0 dist\u00e2ncia de um clique...","potentialAction":[{"@type":"SearchAction","target":{"@type":"EntryPoint","urlTemplate":"https:\/\/www.altominho.tv\/site\/?s={search_term_string}"},"query-input":{"@type":"PropertyValueSpecification","valueRequired":true,"valueName":"search_term_string"}}],"inLanguage":"pt-PT"},{"@type":"Person","@id":"https:\/\/www.altominho.tv\/site\/#\/schema\/person\/dbaf181c01b51ff40c9f461a905d321e","name":"Andreia Cunha | Lusa","image":{"@type":"ImageObject","inLanguage":"pt-PT","@id":"https:\/\/www.altominho.tv\/site\/wp-content\/uploads\/2017\/11\/Andreia_Cunha-1-150x150.jpg","url":"https:\/\/www.altominho.tv\/site\/wp-content\/uploads\/2017\/11\/Andreia_Cunha-1-150x150.jpg","contentUrl":"https:\/\/www.altominho.tv\/site\/wp-content\/uploads\/2017\/11\/Andreia_Cunha-1-150x150.jpg","caption":"Andreia Cunha | Lusa"},"sameAs":["https:\/\/www.altominho.tv\/site"],"url":"https:\/\/www.altominho.tv\/site\/author\/andreiacunhalusa\/"}]}},"_links":{"self":[{"href":"https:\/\/www.altominho.tv\/site\/wp-json\/wp\/v2\/posts\/55294","targetHints":{"allow":["GET"]}}],"collection":[{"href":"https:\/\/www.altominho.tv\/site\/wp-json\/wp\/v2\/posts"}],"about":[{"href":"https:\/\/www.altominho.tv\/site\/wp-json\/wp\/v2\/types\/post"}],"author":[{"embeddable":true,"href":"https:\/\/www.altominho.tv\/site\/wp-json\/wp\/v2\/users\/16"}],"replies":[{"embeddable":true,"href":"https:\/\/www.altominho.tv\/site\/wp-json\/wp\/v2\/comments?post=55294"}],"version-history":[{"count":0,"href":"https:\/\/www.altominho.tv\/site\/wp-json\/wp\/v2\/posts\/55294\/revisions"}],"wp:featuredmedia":[{"embeddable":true,"href":"https:\/\/www.altominho.tv\/site\/wp-json\/wp\/v2\/media\/55295"}],"wp:attachment":[{"href":"https:\/\/www.altominho.tv\/site\/wp-json\/wp\/v2\/media?parent=55294"}],"wp:term":[{"taxonomy":"category","embeddable":true,"href":"https:\/\/www.altominho.tv\/site\/wp-json\/wp\/v2\/categories?post=55294"},{"taxonomy":"post_tag","embeddable":true,"href":"https:\/\/www.altominho.tv\/site\/wp-json\/wp\/v2\/tags?post=55294"}],"curies":[{"name":"wp","href":"https:\/\/api.w.org\/{rel}","templated":true}]}}