{"id":55287,"date":"2020-11-05T18:27:42","date_gmt":"2020-11-05T18:27:42","guid":{"rendered":"https:\/\/www.altominho.tv\/site\/?p=55287"},"modified":"2020-11-05T18:27:46","modified_gmt":"2020-11-05T18:27:46","slug":"camara-vai-contestar-acao-do-pan-que-travou-abate-de-arvores-em-viana-do-castelo","status":"publish","type":"post","link":"https:\/\/www.altominho.tv\/site\/2020\/11\/05\/camara-vai-contestar-acao-do-pan-que-travou-abate-de-arvores-em-viana-do-castelo\/","title":{"rendered":"C\u00e2mara vai contestar a\u00e7\u00e3o do PAN que travou abate de \u00e1rvores em Viana do Castelo"},"content":{"rendered":"\n<p>O presidente da C\u00e2mara de Viana do Castelo informou hoje que o munic\u00edpio ir\u00e1 contestar, na pr\u00f3xima semana, a provid\u00eancia cautelar movida pelo PAN para travar o abate de 30 \u00e1rvores previsto na empreitada dos acessos ao porto.<br><\/p>\n\n\n\n<p>&#8220;O nosso gabinete jur\u00eddico est\u00e1 a preparar a contesta\u00e7\u00e3o fundamentada. Penso que na pr\u00f3xima semana estaremos em condi\u00e7\u00f5es de fazer a nossa defesa&#8221;, afirmou Jos\u00e9 Maria Costa.<br><\/p>\n\n\n\n<p>O autarca socialista, que falava aos jornalistas no final da reuni\u00e3o camar\u00e1ria, explicou que a a\u00e7\u00e3o movida pelo Partido Pessoas, Animais e Natureza (PAN) &#8220;tem efeitos suspensivos at\u00e9 apresenta\u00e7\u00e3o da oposi\u00e7\u00e3o do munic\u00edpio&#8221;.<br><\/p>\n\n\n\n<p>&#8220;Neste momento, a execu\u00e7\u00e3o na rotunda de acesso ao porto de mar est\u00e1 parada&#8221;, referiu aos jornalistas.<br><\/p>\n\n\n\n<p>A quest\u00e3o da provid\u00eancia cautelar foi levantada na reuni\u00e3o camar\u00e1ria de hoje, por um mun\u00edcipe, no per\u00edodo aberto \u00e0 participa\u00e7\u00e3o do p\u00fablico.\u00a0<br><\/p>\n\n\n\n<p>Em causa est\u00e1 a constru\u00e7\u00e3o de uma rotunda, prevista na \u00faltima fase dos acessos ao porto de mar da cidade que, inicialmente, foi embargada por moradores na avenida do Cabedelo, em Darque, que contestam o abate de 30 dos 170 pl\u00e1tanos existentes nos 628 metros daquela art\u00e9ria.<br><\/p>\n\n\n\n<p>A constru\u00e7\u00e3o da rotunda est\u00e1 parada desde 11 de setembro.<br><\/p>\n\n\n\n<p>J\u00e1 a provid\u00eancia cautelar do PAN deu entrada no Tribunal Administrativo e Fiscal de Braga (TAFC) no dia 15 de outubro.<br><\/p>\n\n\n\n<p>&#8220;Uma pol\u00edtica de abate de \u00e1rvores saud\u00e1veis e fundamentais com a qual n\u00e3o poder\u00edamos alinhar. Estas \u00e1rvores s\u00e3o um s\u00edmbolo identit\u00e1rio desta zona e possuem um elevado valor ecol\u00f3gico, e o abate ir\u00e1 provocar danos irrepar\u00e1veis&#8221;, l\u00ea-se numa publica\u00e7\u00e3o do partido na sua p\u00e1gina oficial no Facebook.<br><\/p>\n\n\n\n<p>No documento, hoje consultado pela ag\u00eancia Lusa, o PAN explica que &#8220;o requerimento cautelar teve admiss\u00e3o liminar por parte do Tribunal&#8221;.<br><\/p>\n\n\n\n<p>&#8220;Isto significa que as obras e o abate das \u00e1rvores est\u00e3o suspensos, at\u00e9 \u00e0 C\u00e2mara Municipal se pronunciar. Esperamos que esta seja uma boa not\u00edcia e o princ\u00edpio do fim do abate destas \u00e1rvores&#8221;, refere a nota.<br><\/p>\n\n\n\n<p>No in\u00edcio de outubro, a C\u00e2mara e a Associa\u00e7\u00e3o de Moradores do Cabedelo, entidade que inicialmente embargou a obra, chegaram a acordo.<br><\/p>\n\n\n\n<p>O entendimento assinado pelas partes prev\u00ea que a constru\u00e7\u00e3o dos acessos ao porto de Viana do Castelo avance com o abate de 30 \u00e1rvores na avenida do Cabedelo, mas contempla &#8220;contrapartidas ambientais e de seguran\u00e7a&#8221;.<br><\/p>\n\n\n\n<p>A constru\u00e7\u00e3o dos acessos rodovi\u00e1rios ao porto de mar foi iniciada em fevereiro de 2019. <\/p>\n\n\n\n<p>Os novos acessos, com 8,8 quil\u00f3metros e reivindicados h\u00e1 mais de quatro d\u00e9cadas, ter\u00e3o duas faixas de rodagem de 3,5 metros de largura, e representam um investimento superior a nove milh\u00f5es de euros.<br><\/p>\n\n\n\n<p>A obra \u00e9 financiada pela C\u00e2mara de Viana do Castelo e pela Administra\u00e7\u00e3o dos Portos do Douro, Leix\u00f5es e Viana do Castelo (APDL).<\/p>\n","protected":false},"excerpt":{"rendered":"<p>O presidente da C\u00e2mara de Viana do Castelo informou hoje que o munic\u00edpio ir\u00e1 contestar, na pr\u00f3xima semana, a provid\u00eancia cautelar movida pelo PAN para travar o abate de 30 \u00e1rvores previsto na empreitada dos acessos ao porto. &#8220;O nosso gabinete jur\u00eddico est\u00e1 a preparar a contesta\u00e7\u00e3o fundamentada. Penso que na pr\u00f3xima semana estaremos em [&hellip;]<\/p>\n","protected":false},"author":16,"featured_media":55288,"comment_status":"closed","ping_status":"closed","sticky":false,"template":"","format":"standard","meta":{"_exactmetrics_skip_tracking":false,"_exactmetrics_sitenote_active":false,"_exactmetrics_sitenote_note":"","_exactmetrics_sitenote_category":0,"footnotes":""},"categories":[14],"tags":[27],"class_list":["post-55287","post","type-post","status-publish","format-standard","has-post-thumbnail","hentry","category-viana-do-castelo","tag-sociedade"],"yoast_head":"<!-- This site is optimized with the Yoast SEO Premium plugin v27.5 (Yoast SEO v27.5) - https:\/\/yoast.com\/product\/yoast-seo-premium-wordpress\/ -->\n<title>C\u00e2mara vai contestar a\u00e7\u00e3o do PAN que travou abate de \u00e1rvores em Viana do Castelo<\/title>\n<meta name=\"robots\" content=\"index, follow, max-snippet:-1, max-image-preview:large, max-video-preview:-1\" \/>\n<link rel=\"canonical\" href=\"https:\/\/www.altominho.tv\/site\/2020\/11\/05\/camara-vai-contestar-acao-do-pan-que-travou-abate-de-arvores-em-viana-do-castelo\/\" \/>\n<meta property=\"og:locale\" content=\"pt_PT\" \/>\n<meta property=\"og:type\" content=\"article\" \/>\n<meta property=\"og:title\" content=\"C\u00e2mara vai contestar a\u00e7\u00e3o do PAN que travou abate de \u00e1rvores em Viana do Castelo\" \/>\n<meta property=\"og:description\" content=\"O presidente da C\u00e2mara de Viana do Castelo informou hoje que o munic\u00edpio ir\u00e1 contestar, na pr\u00f3xima semana, a provid\u00eancia cautelar movida pelo PAN para travar o abate de 30 \u00e1rvores previsto na empreitada dos acessos ao porto. &#8220;O nosso gabinete jur\u00eddico est\u00e1 a preparar a contesta\u00e7\u00e3o fundamentada. Penso que na pr\u00f3xima semana estaremos em [&hellip;]\" \/>\n<meta property=\"og:url\" content=\"https:\/\/www.altominho.tv\/site\/2020\/11\/05\/camara-vai-contestar-acao-do-pan-que-travou-abate-de-arvores-em-viana-do-castelo\/\" \/>\n<meta property=\"og:site_name\" content=\"Altominho.tv\" \/>\n<meta property=\"article:publisher\" content=\"https:\/\/www.facebook.com\/altominhotv\" \/>\n<meta property=\"article:published_time\" content=\"2020-11-05T18:27:42+00:00\" \/>\n<meta property=\"article:modified_time\" content=\"2020-11-05T18:27:46+00:00\" \/>\n<meta property=\"og:image\" content=\"https:\/\/www.altominho.tv\/site\/wp-content\/uploads\/2020\/11\/Jose-Maria-Costa-autarca.jpg\" \/>\n\t<meta property=\"og:image:width\" content=\"761\" \/>\n\t<meta property=\"og:image:height\" content=\"434\" \/>\n\t<meta property=\"og:image:type\" content=\"image\/jpeg\" \/>\n<meta name=\"author\" content=\"Andreia Cunha | Lusa\" \/>\n<meta name=\"twitter:card\" content=\"summary_large_image\" \/>\n<meta name=\"twitter:creator\" content=\"@altominhoTV\" \/>\n<meta name=\"twitter:site\" content=\"@altominhoTV\" \/>\n<meta name=\"twitter:label1\" content=\"Escrito por\" \/>\n\t<meta name=\"twitter:data1\" content=\"Andreia Cunha | Lusa\" \/>\n\t<meta name=\"twitter:label2\" content=\"Tempo estimado de leitura\" \/>\n\t<meta name=\"twitter:data2\" content=\"2 minutos\" \/>\n<script type=\"application\/ld+json\" class=\"yoast-schema-graph\">{\"@context\":\"https:\\\/\\\/schema.org\",\"@graph\":[{\"@type\":\"Article\",\"@id\":\"https:\\\/\\\/www.altominho.tv\\\/site\\\/2020\\\/11\\\/05\\\/camara-vai-contestar-acao-do-pan-que-travou-abate-de-arvores-em-viana-do-castelo\\\/#article\",\"isPartOf\":{\"@id\":\"https:\\\/\\\/www.altominho.tv\\\/site\\\/2020\\\/11\\\/05\\\/camara-vai-contestar-acao-do-pan-que-travou-abate-de-arvores-em-viana-do-castelo\\\/\"},\"author\":{\"name\":\"Andreia Cunha | Lusa\",\"@id\":\"https:\\\/\\\/www.altominho.tv\\\/site\\\/#\\\/schema\\\/person\\\/dbaf181c01b51ff40c9f461a905d321e\"},\"headline\":\"C\u00e2mara vai contestar a\u00e7\u00e3o do PAN que travou abate de \u00e1rvores em Viana do Castelo\",\"datePublished\":\"2020-11-05T18:27:42+00:00\",\"dateModified\":\"2020-11-05T18:27:46+00:00\",\"mainEntityOfPage\":{\"@id\":\"https:\\\/\\\/www.altominho.tv\\\/site\\\/2020\\\/11\\\/05\\\/camara-vai-contestar-acao-do-pan-que-travou-abate-de-arvores-em-viana-do-castelo\\\/\"},\"wordCount\":512,\"image\":{\"@id\":\"https:\\\/\\\/www.altominho.tv\\\/site\\\/2020\\\/11\\\/05\\\/camara-vai-contestar-acao-do-pan-que-travou-abate-de-arvores-em-viana-do-castelo\\\/#primaryimage\"},\"thumbnailUrl\":\"https:\\\/\\\/www.altominho.tv\\\/site\\\/wp-content\\\/uploads\\\/2020\\\/11\\\/Jose-Maria-Costa-autarca.jpg\",\"keywords\":[\"Sociedade\"],\"articleSection\":[\"Viana do Castelo\"],\"inLanguage\":\"pt-PT\",\"copyrightYear\":\"2020\",\"copyrightHolder\":{\"@id\":\"https:\\\/\\\/www.altominho.tv\\\/site\\\/#organization\"}},{\"@type\":\"WebPage\",\"@id\":\"https:\\\/\\\/www.altominho.tv\\\/site\\\/2020\\\/11\\\/05\\\/camara-vai-contestar-acao-do-pan-que-travou-abate-de-arvores-em-viana-do-castelo\\\/\",\"url\":\"https:\\\/\\\/www.altominho.tv\\\/site\\\/2020\\\/11\\\/05\\\/camara-vai-contestar-acao-do-pan-que-travou-abate-de-arvores-em-viana-do-castelo\\\/\",\"name\":\"C\u00e2mara vai contestar a\u00e7\u00e3o do PAN que travou abate de \u00e1rvores em Viana do Castelo\",\"isPartOf\":{\"@id\":\"https:\\\/\\\/www.altominho.tv\\\/site\\\/#website\"},\"primaryImageOfPage\":{\"@id\":\"https:\\\/\\\/www.altominho.tv\\\/site\\\/2020\\\/11\\\/05\\\/camara-vai-contestar-acao-do-pan-que-travou-abate-de-arvores-em-viana-do-castelo\\\/#primaryimage\"},\"image\":{\"@id\":\"https:\\\/\\\/www.altominho.tv\\\/site\\\/2020\\\/11\\\/05\\\/camara-vai-contestar-acao-do-pan-que-travou-abate-de-arvores-em-viana-do-castelo\\\/#primaryimage\"},\"thumbnailUrl\":\"https:\\\/\\\/www.altominho.tv\\\/site\\\/wp-content\\\/uploads\\\/2020\\\/11\\\/Jose-Maria-Costa-autarca.jpg\",\"datePublished\":\"2020-11-05T18:27:42+00:00\",\"dateModified\":\"2020-11-05T18:27:46+00:00\",\"author\":{\"@id\":\"https:\\\/\\\/www.altominho.tv\\\/site\\\/#\\\/schema\\\/person\\\/dbaf181c01b51ff40c9f461a905d321e\"},\"breadcrumb\":{\"@id\":\"https:\\\/\\\/www.altominho.tv\\\/site\\\/2020\\\/11\\\/05\\\/camara-vai-contestar-acao-do-pan-que-travou-abate-de-arvores-em-viana-do-castelo\\\/#breadcrumb\"},\"inLanguage\":\"pt-PT\",\"potentialAction\":[{\"@type\":\"ReadAction\",\"target\":[\"https:\\\/\\\/www.altominho.tv\\\/site\\\/2020\\\/11\\\/05\\\/camara-vai-contestar-acao-do-pan-que-travou-abate-de-arvores-em-viana-do-castelo\\\/\"]}]},{\"@type\":\"ImageObject\",\"inLanguage\":\"pt-PT\",\"@id\":\"https:\\\/\\\/www.altominho.tv\\\/site\\\/2020\\\/11\\\/05\\\/camara-vai-contestar-acao-do-pan-que-travou-abate-de-arvores-em-viana-do-castelo\\\/#primaryimage\",\"url\":\"https:\\\/\\\/www.altominho.tv\\\/site\\\/wp-content\\\/uploads\\\/2020\\\/11\\\/Jose-Maria-Costa-autarca.jpg\",\"contentUrl\":\"https:\\\/\\\/www.altominho.tv\\\/site\\\/wp-content\\\/uploads\\\/2020\\\/11\\\/Jose-Maria-Costa-autarca.jpg\",\"width\":761,\"height\":434},{\"@type\":\"BreadcrumbList\",\"@id\":\"https:\\\/\\\/www.altominho.tv\\\/site\\\/2020\\\/11\\\/05\\\/camara-vai-contestar-acao-do-pan-que-travou-abate-de-arvores-em-viana-do-castelo\\\/#breadcrumb\",\"itemListElement\":[{\"@type\":\"ListItem\",\"position\":1,\"name\":\"In\u00edcio\",\"item\":\"https:\\\/\\\/www.altominho.tv\\\/site\\\/\"},{\"@type\":\"ListItem\",\"position\":2,\"name\":\"C\u00e2mara vai contestar a\u00e7\u00e3o do PAN que travou abate de \u00e1rvores em Viana do Castelo\"}]},{\"@type\":\"WebSite\",\"@id\":\"https:\\\/\\\/www.altominho.tv\\\/site\\\/#website\",\"url\":\"https:\\\/\\\/www.altominho.tv\\\/site\\\/\",\"name\":\"Altominho.tv\",\"description\":\"A sua regi\u00e3o \u00e0 dist\u00e2ncia de um clique...\",\"potentialAction\":[{\"@type\":\"SearchAction\",\"target\":{\"@type\":\"EntryPoint\",\"urlTemplate\":\"https:\\\/\\\/www.altominho.tv\\\/site\\\/?s={search_term_string}\"},\"query-input\":{\"@type\":\"PropertyValueSpecification\",\"valueRequired\":true,\"valueName\":\"search_term_string\"}}],\"inLanguage\":\"pt-PT\"},{\"@type\":\"Person\",\"@id\":\"https:\\\/\\\/www.altominho.tv\\\/site\\\/#\\\/schema\\\/person\\\/dbaf181c01b51ff40c9f461a905d321e\",\"name\":\"Andreia Cunha | Lusa\",\"image\":{\"@type\":\"ImageObject\",\"inLanguage\":\"pt-PT\",\"@id\":\"https:\\\/\\\/www.altominho.tv\\\/site\\\/wp-content\\\/uploads\\\/2017\\\/11\\\/Andreia_Cunha-1-150x150.jpg\",\"url\":\"https:\\\/\\\/www.altominho.tv\\\/site\\\/wp-content\\\/uploads\\\/2017\\\/11\\\/Andreia_Cunha-1-150x150.jpg\",\"contentUrl\":\"https:\\\/\\\/www.altominho.tv\\\/site\\\/wp-content\\\/uploads\\\/2017\\\/11\\\/Andreia_Cunha-1-150x150.jpg\",\"caption\":\"Andreia Cunha | Lusa\"},\"sameAs\":[\"https:\\\/\\\/www.altominho.tv\\\/site\"],\"url\":\"https:\\\/\\\/www.altominho.tv\\\/site\\\/author\\\/andreiacunhalusa\\\/\"}]}<\/script>\n<!-- \/ Yoast SEO Premium plugin. -->","yoast_head_json":{"title":"C\u00e2mara vai contestar a\u00e7\u00e3o do PAN que travou abate de \u00e1rvores em Viana do Castelo","robots":{"index":"index","follow":"follow","max-snippet":"max-snippet:-1","max-image-preview":"max-image-preview:large","max-video-preview":"max-video-preview:-1"},"canonical":"https:\/\/www.altominho.tv\/site\/2020\/11\/05\/camara-vai-contestar-acao-do-pan-que-travou-abate-de-arvores-em-viana-do-castelo\/","og_locale":"pt_PT","og_type":"article","og_title":"C\u00e2mara vai contestar a\u00e7\u00e3o do PAN que travou abate de \u00e1rvores em Viana do Castelo","og_description":"O presidente da C\u00e2mara de Viana do Castelo informou hoje que o munic\u00edpio ir\u00e1 contestar, na pr\u00f3xima semana, a provid\u00eancia cautelar movida pelo PAN para travar o abate de 30 \u00e1rvores previsto na empreitada dos acessos ao porto. &#8220;O nosso gabinete jur\u00eddico est\u00e1 a preparar a contesta\u00e7\u00e3o fundamentada. Penso que na pr\u00f3xima semana estaremos em [&hellip;]","og_url":"https:\/\/www.altominho.tv\/site\/2020\/11\/05\/camara-vai-contestar-acao-do-pan-que-travou-abate-de-arvores-em-viana-do-castelo\/","og_site_name":"Altominho.tv","article_publisher":"https:\/\/www.facebook.com\/altominhotv","article_published_time":"2020-11-05T18:27:42+00:00","article_modified_time":"2020-11-05T18:27:46+00:00","og_image":[{"width":761,"height":434,"url":"https:\/\/www.altominho.tv\/site\/wp-content\/uploads\/2020\/11\/Jose-Maria-Costa-autarca.jpg","type":"image\/jpeg"}],"author":"Andreia Cunha | Lusa","twitter_card":"summary_large_image","twitter_creator":"@altominhoTV","twitter_site":"@altominhoTV","twitter_misc":{"Escrito por":"Andreia Cunha | Lusa","Tempo estimado de leitura":"2 minutos"},"schema":{"@context":"https:\/\/schema.org","@graph":[{"@type":"Article","@id":"https:\/\/www.altominho.tv\/site\/2020\/11\/05\/camara-vai-contestar-acao-do-pan-que-travou-abate-de-arvores-em-viana-do-castelo\/#article","isPartOf":{"@id":"https:\/\/www.altominho.tv\/site\/2020\/11\/05\/camara-vai-contestar-acao-do-pan-que-travou-abate-de-arvores-em-viana-do-castelo\/"},"author":{"name":"Andreia Cunha | Lusa","@id":"https:\/\/www.altominho.tv\/site\/#\/schema\/person\/dbaf181c01b51ff40c9f461a905d321e"},"headline":"C\u00e2mara vai contestar a\u00e7\u00e3o do PAN que travou abate de \u00e1rvores em Viana do Castelo","datePublished":"2020-11-05T18:27:42+00:00","dateModified":"2020-11-05T18:27:46+00:00","mainEntityOfPage":{"@id":"https:\/\/www.altominho.tv\/site\/2020\/11\/05\/camara-vai-contestar-acao-do-pan-que-travou-abate-de-arvores-em-viana-do-castelo\/"},"wordCount":512,"image":{"@id":"https:\/\/www.altominho.tv\/site\/2020\/11\/05\/camara-vai-contestar-acao-do-pan-que-travou-abate-de-arvores-em-viana-do-castelo\/#primaryimage"},"thumbnailUrl":"https:\/\/www.altominho.tv\/site\/wp-content\/uploads\/2020\/11\/Jose-Maria-Costa-autarca.jpg","keywords":["Sociedade"],"articleSection":["Viana do Castelo"],"inLanguage":"pt-PT","copyrightYear":"2020","copyrightHolder":{"@id":"https:\/\/www.altominho.tv\/site\/#organization"}},{"@type":"WebPage","@id":"https:\/\/www.altominho.tv\/site\/2020\/11\/05\/camara-vai-contestar-acao-do-pan-que-travou-abate-de-arvores-em-viana-do-castelo\/","url":"https:\/\/www.altominho.tv\/site\/2020\/11\/05\/camara-vai-contestar-acao-do-pan-que-travou-abate-de-arvores-em-viana-do-castelo\/","name":"C\u00e2mara vai contestar a\u00e7\u00e3o do PAN que travou abate de \u00e1rvores em Viana do Castelo","isPartOf":{"@id":"https:\/\/www.altominho.tv\/site\/#website"},"primaryImageOfPage":{"@id":"https:\/\/www.altominho.tv\/site\/2020\/11\/05\/camara-vai-contestar-acao-do-pan-que-travou-abate-de-arvores-em-viana-do-castelo\/#primaryimage"},"image":{"@id":"https:\/\/www.altominho.tv\/site\/2020\/11\/05\/camara-vai-contestar-acao-do-pan-que-travou-abate-de-arvores-em-viana-do-castelo\/#primaryimage"},"thumbnailUrl":"https:\/\/www.altominho.tv\/site\/wp-content\/uploads\/2020\/11\/Jose-Maria-Costa-autarca.jpg","datePublished":"2020-11-05T18:27:42+00:00","dateModified":"2020-11-05T18:27:46+00:00","author":{"@id":"https:\/\/www.altominho.tv\/site\/#\/schema\/person\/dbaf181c01b51ff40c9f461a905d321e"},"breadcrumb":{"@id":"https:\/\/www.altominho.tv\/site\/2020\/11\/05\/camara-vai-contestar-acao-do-pan-que-travou-abate-de-arvores-em-viana-do-castelo\/#breadcrumb"},"inLanguage":"pt-PT","potentialAction":[{"@type":"ReadAction","target":["https:\/\/www.altominho.tv\/site\/2020\/11\/05\/camara-vai-contestar-acao-do-pan-que-travou-abate-de-arvores-em-viana-do-castelo\/"]}]},{"@type":"ImageObject","inLanguage":"pt-PT","@id":"https:\/\/www.altominho.tv\/site\/2020\/11\/05\/camara-vai-contestar-acao-do-pan-que-travou-abate-de-arvores-em-viana-do-castelo\/#primaryimage","url":"https:\/\/www.altominho.tv\/site\/wp-content\/uploads\/2020\/11\/Jose-Maria-Costa-autarca.jpg","contentUrl":"https:\/\/www.altominho.tv\/site\/wp-content\/uploads\/2020\/11\/Jose-Maria-Costa-autarca.jpg","width":761,"height":434},{"@type":"BreadcrumbList","@id":"https:\/\/www.altominho.tv\/site\/2020\/11\/05\/camara-vai-contestar-acao-do-pan-que-travou-abate-de-arvores-em-viana-do-castelo\/#breadcrumb","itemListElement":[{"@type":"ListItem","position":1,"name":"In\u00edcio","item":"https:\/\/www.altominho.tv\/site\/"},{"@type":"ListItem","position":2,"name":"C\u00e2mara vai contestar a\u00e7\u00e3o do PAN que travou abate de \u00e1rvores em Viana do Castelo"}]},{"@type":"WebSite","@id":"https:\/\/www.altominho.tv\/site\/#website","url":"https:\/\/www.altominho.tv\/site\/","name":"Altominho.tv","description":"A sua regi\u00e3o \u00e0 dist\u00e2ncia de um clique...","potentialAction":[{"@type":"SearchAction","target":{"@type":"EntryPoint","urlTemplate":"https:\/\/www.altominho.tv\/site\/?s={search_term_string}"},"query-input":{"@type":"PropertyValueSpecification","valueRequired":true,"valueName":"search_term_string"}}],"inLanguage":"pt-PT"},{"@type":"Person","@id":"https:\/\/www.altominho.tv\/site\/#\/schema\/person\/dbaf181c01b51ff40c9f461a905d321e","name":"Andreia Cunha | Lusa","image":{"@type":"ImageObject","inLanguage":"pt-PT","@id":"https:\/\/www.altominho.tv\/site\/wp-content\/uploads\/2017\/11\/Andreia_Cunha-1-150x150.jpg","url":"https:\/\/www.altominho.tv\/site\/wp-content\/uploads\/2017\/11\/Andreia_Cunha-1-150x150.jpg","contentUrl":"https:\/\/www.altominho.tv\/site\/wp-content\/uploads\/2017\/11\/Andreia_Cunha-1-150x150.jpg","caption":"Andreia Cunha | Lusa"},"sameAs":["https:\/\/www.altominho.tv\/site"],"url":"https:\/\/www.altominho.tv\/site\/author\/andreiacunhalusa\/"}]}},"_links":{"self":[{"href":"https:\/\/www.altominho.tv\/site\/wp-json\/wp\/v2\/posts\/55287","targetHints":{"allow":["GET"]}}],"collection":[{"href":"https:\/\/www.altominho.tv\/site\/wp-json\/wp\/v2\/posts"}],"about":[{"href":"https:\/\/www.altominho.tv\/site\/wp-json\/wp\/v2\/types\/post"}],"author":[{"embeddable":true,"href":"https:\/\/www.altominho.tv\/site\/wp-json\/wp\/v2\/users\/16"}],"replies":[{"embeddable":true,"href":"https:\/\/www.altominho.tv\/site\/wp-json\/wp\/v2\/comments?post=55287"}],"version-history":[{"count":0,"href":"https:\/\/www.altominho.tv\/site\/wp-json\/wp\/v2\/posts\/55287\/revisions"}],"wp:featuredmedia":[{"embeddable":true,"href":"https:\/\/www.altominho.tv\/site\/wp-json\/wp\/v2\/media\/55288"}],"wp:attachment":[{"href":"https:\/\/www.altominho.tv\/site\/wp-json\/wp\/v2\/media?parent=55287"}],"wp:term":[{"taxonomy":"category","embeddable":true,"href":"https:\/\/www.altominho.tv\/site\/wp-json\/wp\/v2\/categories?post=55287"},{"taxonomy":"post_tag","embeddable":true,"href":"https:\/\/www.altominho.tv\/site\/wp-json\/wp\/v2\/tags?post=55287"}],"curies":[{"name":"wp","href":"https:\/\/api.w.org\/{rel}","templated":true}]}}