{"id":54809,"date":"2020-10-30T19:08:38","date_gmt":"2020-10-30T19:08:38","guid":{"rendered":"https:\/\/www.altominho.tv\/site\/?p=54809"},"modified":"2020-10-30T19:08:42","modified_gmt":"2020-10-30T19:08:42","slug":"homem-detido-por-violencia-domestica-em-cerveira","status":"publish","type":"post","link":"https:\/\/www.altominho.tv\/site\/2020\/10\/30\/homem-detido-por-violencia-domestica-em-cerveira\/","title":{"rendered":"Homem detido por viol\u00eancia dom\u00e9stica em Cerveira"},"content":{"rendered":"\n<p>O Comando Territorial de Viana do Castelo, informou hoje que atrav\u00e9s do N\u00facleo de Investiga\u00e7\u00e3o e de Apoio a V\u00edtimas Espec\u00edficas (NIAVE), deteve na quinta-feira um homem de 27 anos por viol\u00eancia dom\u00e9stica, no concelho de Vila Nova de Cerveira.<\/p>\n\n\n\n<p>Em comunicado, a GNR informou que &#8220;No seguimento de uma investiga\u00e7\u00e3o pelo crime de viol\u00eancia dom\u00e9stica, os militares da Guarda detetaram que o suspeito, que j\u00e1 havia sido detido pelo mesmo crime no in\u00edcio de outubro, incumpriu com as medidas de coa\u00e7\u00e3o de afastamento da v\u00edtima, ainda que controlado por pulseira eletr\u00f3nica. Desta forma, foi dado cumprimento a um mandado de deten\u00e7\u00e3o&#8221;.<\/p>\n\n\n\n<p>O detido foi hoje presente ao Tribunal Judicial de Viana do Castelo, ficando a aguardar a aplica\u00e7\u00e3o das medidas de coa\u00e7\u00e3o.<\/p>\n","protected":false},"excerpt":{"rendered":"<p>O Comando Territorial de Viana do Castelo, informou hoje que atrav\u00e9s do N\u00facleo de Investiga\u00e7\u00e3o e de Apoio a V\u00edtimas Espec\u00edficas (NIAVE), deteve na quinta-feira um homem de 27 anos por viol\u00eancia dom\u00e9stica, no concelho de Vila Nova de Cerveira. Em comunicado, a GNR informou que &#8220;No seguimento de uma investiga\u00e7\u00e3o pelo crime de viol\u00eancia [&hellip;]<\/p>\n","protected":false},"author":7,"featured_media":54347,"comment_status":"closed","ping_status":"closed","sticky":false,"template":"","format":"standard","meta":{"_exactmetrics_skip_tracking":false,"_exactmetrics_sitenote_active":false,"_exactmetrics_sitenote_note":"","_exactmetrics_sitenote_category":0,"footnotes":""},"categories":[15],"tags":[27],"class_list":["post-54809","post","type-post","status-publish","format-standard","has-post-thumbnail","hentry","category-vila-nova-de-cerveira","tag-sociedade"],"yoast_head":"<!-- This site is optimized with the Yoast SEO Premium plugin v27.5 (Yoast SEO v27.5) - https:\/\/yoast.com\/product\/yoast-seo-premium-wordpress\/ -->\n<title>Homem detido por viol\u00eancia dom\u00e9stica em Cerveira<\/title>\n<meta name=\"robots\" content=\"index, follow, max-snippet:-1, max-image-preview:large, max-video-preview:-1\" \/>\n<link rel=\"canonical\" href=\"https:\/\/www.altominho.tv\/site\/2020\/10\/30\/homem-detido-por-violencia-domestica-em-cerveira\/\" \/>\n<meta property=\"og:locale\" content=\"pt_PT\" \/>\n<meta property=\"og:type\" content=\"article\" \/>\n<meta property=\"og:title\" content=\"Homem detido por viol\u00eancia dom\u00e9stica em Cerveira\" \/>\n<meta property=\"og:description\" content=\"O Comando Territorial de Viana do Castelo, informou hoje que atrav\u00e9s do N\u00facleo de Investiga\u00e7\u00e3o e de Apoio a V\u00edtimas Espec\u00edficas (NIAVE), deteve na quinta-feira um homem de 27 anos por viol\u00eancia dom\u00e9stica, no concelho de Vila Nova de Cerveira. Em comunicado, a GNR informou que &#8220;No seguimento de uma investiga\u00e7\u00e3o pelo crime de viol\u00eancia [&hellip;]\" \/>\n<meta property=\"og:url\" content=\"https:\/\/www.altominho.tv\/site\/2020\/10\/30\/homem-detido-por-violencia-domestica-em-cerveira\/\" \/>\n<meta property=\"og:site_name\" content=\"Altominho.tv\" \/>\n<meta property=\"article:publisher\" content=\"https:\/\/www.facebook.com\/altominhotv\" \/>\n<meta property=\"article:published_time\" content=\"2020-10-30T19:08:38+00:00\" \/>\n<meta property=\"article:modified_time\" content=\"2020-10-30T19:08:42+00:00\" \/>\n<meta property=\"og:image\" content=\"https:\/\/www.altominho.tv\/site\/wp-content\/uploads\/2020\/10\/750251.jpg\" \/>\n\t<meta property=\"og:image:width\" content=\"760\" \/>\n\t<meta property=\"og:image:height\" content=\"506\" \/>\n\t<meta property=\"og:image:type\" content=\"image\/jpeg\" \/>\n<meta name=\"author\" content=\"Andreia Cunha\" \/>\n<meta name=\"twitter:card\" content=\"summary_large_image\" \/>\n<meta name=\"twitter:creator\" content=\"@altominhoTV\" \/>\n<meta name=\"twitter:site\" content=\"@altominhoTV\" \/>\n<meta name=\"twitter:label1\" content=\"Escrito por\" \/>\n\t<meta name=\"twitter:data1\" content=\"Andreia Cunha\" \/>\n\t<meta name=\"twitter:label2\" content=\"Tempo estimado de leitura\" \/>\n\t<meta name=\"twitter:data2\" content=\"1 minuto\" \/>\n<script type=\"application\/ld+json\" class=\"yoast-schema-graph\">{\"@context\":\"https:\\\/\\\/schema.org\",\"@graph\":[{\"@type\":\"Article\",\"@id\":\"https:\\\/\\\/www.altominho.tv\\\/site\\\/2020\\\/10\\\/30\\\/homem-detido-por-violencia-domestica-em-cerveira\\\/#article\",\"isPartOf\":{\"@id\":\"https:\\\/\\\/www.altominho.tv\\\/site\\\/2020\\\/10\\\/30\\\/homem-detido-por-violencia-domestica-em-cerveira\\\/\"},\"author\":{\"name\":\"Andreia Cunha\",\"@id\":\"https:\\\/\\\/www.altominho.tv\\\/site\\\/#\\\/schema\\\/person\\\/a0e4ef6d041f98ca284393d8f1d97153\"},\"headline\":\"Homem detido por viol\u00eancia dom\u00e9stica em Cerveira\",\"datePublished\":\"2020-10-30T19:08:38+00:00\",\"dateModified\":\"2020-10-30T19:08:42+00:00\",\"mainEntityOfPage\":{\"@id\":\"https:\\\/\\\/www.altominho.tv\\\/site\\\/2020\\\/10\\\/30\\\/homem-detido-por-violencia-domestica-em-cerveira\\\/\"},\"wordCount\":148,\"image\":{\"@id\":\"https:\\\/\\\/www.altominho.tv\\\/site\\\/2020\\\/10\\\/30\\\/homem-detido-por-violencia-domestica-em-cerveira\\\/#primaryimage\"},\"thumbnailUrl\":\"https:\\\/\\\/www.altominho.tv\\\/site\\\/wp-content\\\/uploads\\\/2020\\\/10\\\/750251.jpg\",\"keywords\":[\"Sociedade\"],\"articleSection\":[\"Vila Nova de Cerveira\"],\"inLanguage\":\"pt-PT\",\"copyrightYear\":\"2020\",\"copyrightHolder\":{\"@id\":\"https:\\\/\\\/www.altominho.tv\\\/site\\\/#organization\"}},{\"@type\":\"WebPage\",\"@id\":\"https:\\\/\\\/www.altominho.tv\\\/site\\\/2020\\\/10\\\/30\\\/homem-detido-por-violencia-domestica-em-cerveira\\\/\",\"url\":\"https:\\\/\\\/www.altominho.tv\\\/site\\\/2020\\\/10\\\/30\\\/homem-detido-por-violencia-domestica-em-cerveira\\\/\",\"name\":\"Homem detido por viol\u00eancia dom\u00e9stica em Cerveira\",\"isPartOf\":{\"@id\":\"https:\\\/\\\/www.altominho.tv\\\/site\\\/#website\"},\"primaryImageOfPage\":{\"@id\":\"https:\\\/\\\/www.altominho.tv\\\/site\\\/2020\\\/10\\\/30\\\/homem-detido-por-violencia-domestica-em-cerveira\\\/#primaryimage\"},\"image\":{\"@id\":\"https:\\\/\\\/www.altominho.tv\\\/site\\\/2020\\\/10\\\/30\\\/homem-detido-por-violencia-domestica-em-cerveira\\\/#primaryimage\"},\"thumbnailUrl\":\"https:\\\/\\\/www.altominho.tv\\\/site\\\/wp-content\\\/uploads\\\/2020\\\/10\\\/750251.jpg\",\"datePublished\":\"2020-10-30T19:08:38+00:00\",\"dateModified\":\"2020-10-30T19:08:42+00:00\",\"author\":{\"@id\":\"https:\\\/\\\/www.altominho.tv\\\/site\\\/#\\\/schema\\\/person\\\/a0e4ef6d041f98ca284393d8f1d97153\"},\"breadcrumb\":{\"@id\":\"https:\\\/\\\/www.altominho.tv\\\/site\\\/2020\\\/10\\\/30\\\/homem-detido-por-violencia-domestica-em-cerveira\\\/#breadcrumb\"},\"inLanguage\":\"pt-PT\",\"potentialAction\":[{\"@type\":\"ReadAction\",\"target\":[\"https:\\\/\\\/www.altominho.tv\\\/site\\\/2020\\\/10\\\/30\\\/homem-detido-por-violencia-domestica-em-cerveira\\\/\"]}]},{\"@type\":\"ImageObject\",\"inLanguage\":\"pt-PT\",\"@id\":\"https:\\\/\\\/www.altominho.tv\\\/site\\\/2020\\\/10\\\/30\\\/homem-detido-por-violencia-domestica-em-cerveira\\\/#primaryimage\",\"url\":\"https:\\\/\\\/www.altominho.tv\\\/site\\\/wp-content\\\/uploads\\\/2020\\\/10\\\/750251.jpg\",\"contentUrl\":\"https:\\\/\\\/www.altominho.tv\\\/site\\\/wp-content\\\/uploads\\\/2020\\\/10\\\/750251.jpg\",\"width\":760,\"height\":506},{\"@type\":\"BreadcrumbList\",\"@id\":\"https:\\\/\\\/www.altominho.tv\\\/site\\\/2020\\\/10\\\/30\\\/homem-detido-por-violencia-domestica-em-cerveira\\\/#breadcrumb\",\"itemListElement\":[{\"@type\":\"ListItem\",\"position\":1,\"name\":\"In\u00edcio\",\"item\":\"https:\\\/\\\/www.altominho.tv\\\/site\\\/\"},{\"@type\":\"ListItem\",\"position\":2,\"name\":\"Homem detido por viol\u00eancia dom\u00e9stica em Cerveira\"}]},{\"@type\":\"WebSite\",\"@id\":\"https:\\\/\\\/www.altominho.tv\\\/site\\\/#website\",\"url\":\"https:\\\/\\\/www.altominho.tv\\\/site\\\/\",\"name\":\"Altominho.tv\",\"description\":\"A sua regi\u00e3o \u00e0 dist\u00e2ncia de um clique...\",\"potentialAction\":[{\"@type\":\"SearchAction\",\"target\":{\"@type\":\"EntryPoint\",\"urlTemplate\":\"https:\\\/\\\/www.altominho.tv\\\/site\\\/?s={search_term_string}\"},\"query-input\":{\"@type\":\"PropertyValueSpecification\",\"valueRequired\":true,\"valueName\":\"search_term_string\"}}],\"inLanguage\":\"pt-PT\"},{\"@type\":\"Person\",\"@id\":\"https:\\\/\\\/www.altominho.tv\\\/site\\\/#\\\/schema\\\/person\\\/a0e4ef6d041f98ca284393d8f1d97153\",\"name\":\"Andreia Cunha\",\"image\":{\"@type\":\"ImageObject\",\"inLanguage\":\"pt-PT\",\"@id\":\"https:\\\/\\\/www.altominho.tv\\\/site\\\/wp-content\\\/uploads\\\/2017\\\/11\\\/Andreia_Cunha-1-150x150.jpg\",\"url\":\"https:\\\/\\\/www.altominho.tv\\\/site\\\/wp-content\\\/uploads\\\/2017\\\/11\\\/Andreia_Cunha-1-150x150.jpg\",\"contentUrl\":\"https:\\\/\\\/www.altominho.tv\\\/site\\\/wp-content\\\/uploads\\\/2017\\\/11\\\/Andreia_Cunha-1-150x150.jpg\",\"caption\":\"Andreia Cunha\"},\"url\":\"https:\\\/\\\/www.altominho.tv\\\/site\\\/author\\\/andreiacunha\\\/\"}]}<\/script>\n<!-- \/ Yoast SEO Premium plugin. -->","yoast_head_json":{"title":"Homem detido por viol\u00eancia dom\u00e9stica em Cerveira","robots":{"index":"index","follow":"follow","max-snippet":"max-snippet:-1","max-image-preview":"max-image-preview:large","max-video-preview":"max-video-preview:-1"},"canonical":"https:\/\/www.altominho.tv\/site\/2020\/10\/30\/homem-detido-por-violencia-domestica-em-cerveira\/","og_locale":"pt_PT","og_type":"article","og_title":"Homem detido por viol\u00eancia dom\u00e9stica em Cerveira","og_description":"O Comando Territorial de Viana do Castelo, informou hoje que atrav\u00e9s do N\u00facleo de Investiga\u00e7\u00e3o e de Apoio a V\u00edtimas Espec\u00edficas (NIAVE), deteve na quinta-feira um homem de 27 anos por viol\u00eancia dom\u00e9stica, no concelho de Vila Nova de Cerveira. Em comunicado, a GNR informou que &#8220;No seguimento de uma investiga\u00e7\u00e3o pelo crime de viol\u00eancia [&hellip;]","og_url":"https:\/\/www.altominho.tv\/site\/2020\/10\/30\/homem-detido-por-violencia-domestica-em-cerveira\/","og_site_name":"Altominho.tv","article_publisher":"https:\/\/www.facebook.com\/altominhotv","article_published_time":"2020-10-30T19:08:38+00:00","article_modified_time":"2020-10-30T19:08:42+00:00","og_image":[{"width":760,"height":506,"url":"https:\/\/www.altominho.tv\/site\/wp-content\/uploads\/2020\/10\/750251.jpg","type":"image\/jpeg"}],"author":"Andreia Cunha","twitter_card":"summary_large_image","twitter_creator":"@altominhoTV","twitter_site":"@altominhoTV","twitter_misc":{"Escrito por":"Andreia Cunha","Tempo estimado de leitura":"1 minuto"},"schema":{"@context":"https:\/\/schema.org","@graph":[{"@type":"Article","@id":"https:\/\/www.altominho.tv\/site\/2020\/10\/30\/homem-detido-por-violencia-domestica-em-cerveira\/#article","isPartOf":{"@id":"https:\/\/www.altominho.tv\/site\/2020\/10\/30\/homem-detido-por-violencia-domestica-em-cerveira\/"},"author":{"name":"Andreia Cunha","@id":"https:\/\/www.altominho.tv\/site\/#\/schema\/person\/a0e4ef6d041f98ca284393d8f1d97153"},"headline":"Homem detido por viol\u00eancia dom\u00e9stica em Cerveira","datePublished":"2020-10-30T19:08:38+00:00","dateModified":"2020-10-30T19:08:42+00:00","mainEntityOfPage":{"@id":"https:\/\/www.altominho.tv\/site\/2020\/10\/30\/homem-detido-por-violencia-domestica-em-cerveira\/"},"wordCount":148,"image":{"@id":"https:\/\/www.altominho.tv\/site\/2020\/10\/30\/homem-detido-por-violencia-domestica-em-cerveira\/#primaryimage"},"thumbnailUrl":"https:\/\/www.altominho.tv\/site\/wp-content\/uploads\/2020\/10\/750251.jpg","keywords":["Sociedade"],"articleSection":["Vila Nova de Cerveira"],"inLanguage":"pt-PT","copyrightYear":"2020","copyrightHolder":{"@id":"https:\/\/www.altominho.tv\/site\/#organization"}},{"@type":"WebPage","@id":"https:\/\/www.altominho.tv\/site\/2020\/10\/30\/homem-detido-por-violencia-domestica-em-cerveira\/","url":"https:\/\/www.altominho.tv\/site\/2020\/10\/30\/homem-detido-por-violencia-domestica-em-cerveira\/","name":"Homem detido por viol\u00eancia dom\u00e9stica em Cerveira","isPartOf":{"@id":"https:\/\/www.altominho.tv\/site\/#website"},"primaryImageOfPage":{"@id":"https:\/\/www.altominho.tv\/site\/2020\/10\/30\/homem-detido-por-violencia-domestica-em-cerveira\/#primaryimage"},"image":{"@id":"https:\/\/www.altominho.tv\/site\/2020\/10\/30\/homem-detido-por-violencia-domestica-em-cerveira\/#primaryimage"},"thumbnailUrl":"https:\/\/www.altominho.tv\/site\/wp-content\/uploads\/2020\/10\/750251.jpg","datePublished":"2020-10-30T19:08:38+00:00","dateModified":"2020-10-30T19:08:42+00:00","author":{"@id":"https:\/\/www.altominho.tv\/site\/#\/schema\/person\/a0e4ef6d041f98ca284393d8f1d97153"},"breadcrumb":{"@id":"https:\/\/www.altominho.tv\/site\/2020\/10\/30\/homem-detido-por-violencia-domestica-em-cerveira\/#breadcrumb"},"inLanguage":"pt-PT","potentialAction":[{"@type":"ReadAction","target":["https:\/\/www.altominho.tv\/site\/2020\/10\/30\/homem-detido-por-violencia-domestica-em-cerveira\/"]}]},{"@type":"ImageObject","inLanguage":"pt-PT","@id":"https:\/\/www.altominho.tv\/site\/2020\/10\/30\/homem-detido-por-violencia-domestica-em-cerveira\/#primaryimage","url":"https:\/\/www.altominho.tv\/site\/wp-content\/uploads\/2020\/10\/750251.jpg","contentUrl":"https:\/\/www.altominho.tv\/site\/wp-content\/uploads\/2020\/10\/750251.jpg","width":760,"height":506},{"@type":"BreadcrumbList","@id":"https:\/\/www.altominho.tv\/site\/2020\/10\/30\/homem-detido-por-violencia-domestica-em-cerveira\/#breadcrumb","itemListElement":[{"@type":"ListItem","position":1,"name":"In\u00edcio","item":"https:\/\/www.altominho.tv\/site\/"},{"@type":"ListItem","position":2,"name":"Homem detido por viol\u00eancia dom\u00e9stica em Cerveira"}]},{"@type":"WebSite","@id":"https:\/\/www.altominho.tv\/site\/#website","url":"https:\/\/www.altominho.tv\/site\/","name":"Altominho.tv","description":"A sua regi\u00e3o \u00e0 dist\u00e2ncia de um clique...","potentialAction":[{"@type":"SearchAction","target":{"@type":"EntryPoint","urlTemplate":"https:\/\/www.altominho.tv\/site\/?s={search_term_string}"},"query-input":{"@type":"PropertyValueSpecification","valueRequired":true,"valueName":"search_term_string"}}],"inLanguage":"pt-PT"},{"@type":"Person","@id":"https:\/\/www.altominho.tv\/site\/#\/schema\/person\/a0e4ef6d041f98ca284393d8f1d97153","name":"Andreia Cunha","image":{"@type":"ImageObject","inLanguage":"pt-PT","@id":"https:\/\/www.altominho.tv\/site\/wp-content\/uploads\/2017\/11\/Andreia_Cunha-1-150x150.jpg","url":"https:\/\/www.altominho.tv\/site\/wp-content\/uploads\/2017\/11\/Andreia_Cunha-1-150x150.jpg","contentUrl":"https:\/\/www.altominho.tv\/site\/wp-content\/uploads\/2017\/11\/Andreia_Cunha-1-150x150.jpg","caption":"Andreia Cunha"},"url":"https:\/\/www.altominho.tv\/site\/author\/andreiacunha\/"}]}},"_links":{"self":[{"href":"https:\/\/www.altominho.tv\/site\/wp-json\/wp\/v2\/posts\/54809","targetHints":{"allow":["GET"]}}],"collection":[{"href":"https:\/\/www.altominho.tv\/site\/wp-json\/wp\/v2\/posts"}],"about":[{"href":"https:\/\/www.altominho.tv\/site\/wp-json\/wp\/v2\/types\/post"}],"author":[{"embeddable":true,"href":"https:\/\/www.altominho.tv\/site\/wp-json\/wp\/v2\/users\/7"}],"replies":[{"embeddable":true,"href":"https:\/\/www.altominho.tv\/site\/wp-json\/wp\/v2\/comments?post=54809"}],"version-history":[{"count":0,"href":"https:\/\/www.altominho.tv\/site\/wp-json\/wp\/v2\/posts\/54809\/revisions"}],"wp:featuredmedia":[{"embeddable":true,"href":"https:\/\/www.altominho.tv\/site\/wp-json\/wp\/v2\/media\/54347"}],"wp:attachment":[{"href":"https:\/\/www.altominho.tv\/site\/wp-json\/wp\/v2\/media?parent=54809"}],"wp:term":[{"taxonomy":"category","embeddable":true,"href":"https:\/\/www.altominho.tv\/site\/wp-json\/wp\/v2\/categories?post=54809"},{"taxonomy":"post_tag","embeddable":true,"href":"https:\/\/www.altominho.tv\/site\/wp-json\/wp\/v2\/tags?post=54809"}],"curies":[{"name":"wp","href":"https:\/\/api.w.org\/{rel}","templated":true}]}}