{"id":54600,"date":"2020-10-27T17:51:09","date_gmt":"2020-10-27T17:51:09","guid":{"rendered":"https:\/\/www.altominho.tv\/site\/?p=54600"},"modified":"2020-10-27T17:51:14","modified_gmt":"2020-10-27T17:51:14","slug":"melgaco-e-o-segundo-municipio-portugues-a-assinar-a-declaracao-europeia-das-cidades-circulares","status":"publish","type":"post","link":"https:\/\/www.altominho.tv\/site\/2020\/10\/27\/melgaco-e-o-segundo-municipio-portugues-a-assinar-a-declaracao-europeia-das-cidades-circulares\/","title":{"rendered":"Melga\u00e7o \u00e9 o segundo munic\u00edpio portugu\u00eas a assinar a Declara\u00e7\u00e3o Europeia das Cidades Circulares"},"content":{"rendered":"<p>Melga\u00e7o assinou a Declara\u00e7\u00e3o Europeia das Cidades Circulares, que prev\u00ea criar uma sociedade respons\u00e1vel e eficiente, atrav\u00e9s de recursos com baixo teor de emiss\u00f5es de carbono. Depois da cidade de Guimar\u00e3es, \u00e9 o segundo munic\u00edpio portugu\u00eas a assinar o documento.<\/p>\n<p>&#8220;Em Melga\u00e7o, os princ\u00edpios da economia circular est\u00e3o a ser experimentados e implementados de forma ampla em v\u00e1rios campos, como a sustentabilidade dos recursos naturais \u2013 \u00e1gua, recupera\u00e7\u00e3o de res\u00edduos org\u00e2nicos \u2013 com foco na aplica\u00e7\u00e3o de processos seletivos a materiais urbanos org\u00e2nicos e recicl\u00e1veis (papel, pl\u00e1stico, vidro, eletrodom\u00e9sticos), e em res\u00edduos provenientes de ind\u00fastrias rurais&#8221;, explica o munic\u00edpio em comunicado.<\/p>\n<p>Segundo o presidente da C\u00e2mara, Manoel Batista, citado naquela nota, &#8220;o munic\u00edpio est\u00e1 profundamente empenhado em investimentos em estrat\u00e9gias de descarboniza\u00e7\u00e3o e promo\u00e7\u00e3o de fontes de energia passiva&#8221;.<\/p>\n<p>De acordo com a autarquia, a assinatura da declara\u00e7\u00e3o, que pretende &#8220;auxiliar no processo de acelera\u00e7\u00e3o da transi\u00e7\u00e3o de uma economia linear para uma economia circular na Europa&#8221;, teve por base dois importantes eixos no concelho, nomeadamente, a promo\u00e7\u00e3o da coes\u00e3o territorial, socioecon\u00f3mica e cultural inerente \u00e0 preserva\u00e7\u00e3o e valoriza\u00e7\u00e3o da identidade do territ\u00f3rio e a necessidade de melhoria de processos, sistemas e curto-circuitos e implementar estrat\u00e9gias que garantam a coes\u00e3o urbana e rural.<\/p>\n<p>O documento cont\u00e9m uma vis\u00e3o comum e partilhada que ajuda a garantir que as cidades e regi\u00f5es que assinam a declara\u00e7\u00e3o atuam como uma for\u00e7a conjunta rumo \u00e0 circularidade.<\/p>\n","protected":false},"excerpt":{"rendered":"<p>Melga\u00e7o assinou a Declara\u00e7\u00e3o Europeia das Cidades Circulares, que prev\u00ea criar uma sociedade respons\u00e1vel e eficiente, atrav\u00e9s de recursos com baixo teor de emiss\u00f5es de carbono. Depois da cidade de Guimar\u00e3es, \u00e9 o segundo munic\u00edpio portugu\u00eas a assinar o documento. &#8220;Em Melga\u00e7o, os princ\u00edpios da economia circular est\u00e3o a ser experimentados e implementados de forma [&hellip;]<\/p>\n","protected":false},"author":12,"featured_media":54601,"comment_status":"closed","ping_status":"closed","sticky":false,"template":"","format":"standard","meta":{"_exactmetrics_skip_tracking":false,"_exactmetrics_sitenote_active":false,"_exactmetrics_sitenote_note":"","_exactmetrics_sitenote_category":0,"footnotes":""},"categories":[8],"tags":[27],"class_list":["post-54600","post","type-post","status-publish","format-standard","has-post-thumbnail","hentry","category-melgaco","tag-sociedade"],"yoast_head":"<!-- This site is optimized with the Yoast SEO Premium plugin v27.4 (Yoast SEO v27.4) - https:\/\/yoast.com\/product\/yoast-seo-premium-wordpress\/ -->\n<title>Melga\u00e7o \u00e9 o segundo munic\u00edpio portugu\u00eas a assinar a Declara\u00e7\u00e3o Europeia das Cidades Circulares<\/title>\n<meta name=\"robots\" content=\"index, follow, max-snippet:-1, max-image-preview:large, max-video-preview:-1\" \/>\n<link rel=\"canonical\" href=\"https:\/\/www.altominho.tv\/site\/2020\/10\/27\/melgaco-e-o-segundo-municipio-portugues-a-assinar-a-declaracao-europeia-das-cidades-circulares\/\" \/>\n<meta property=\"og:locale\" content=\"pt_PT\" \/>\n<meta property=\"og:type\" content=\"article\" \/>\n<meta property=\"og:title\" content=\"Melga\u00e7o \u00e9 o segundo munic\u00edpio portugu\u00eas a assinar a Declara\u00e7\u00e3o Europeia das Cidades Circulares\" \/>\n<meta property=\"og:description\" content=\"Melga\u00e7o assinou a Declara\u00e7\u00e3o Europeia das Cidades Circulares, que prev\u00ea criar uma sociedade respons\u00e1vel e eficiente, atrav\u00e9s de recursos com baixo teor de emiss\u00f5es de carbono. Depois da cidade de Guimar\u00e3es, \u00e9 o segundo munic\u00edpio portugu\u00eas a assinar o documento. &#8220;Em Melga\u00e7o, os princ\u00edpios da economia circular est\u00e3o a ser experimentados e implementados de forma [&hellip;]\" \/>\n<meta property=\"og:url\" content=\"https:\/\/www.altominho.tv\/site\/2020\/10\/27\/melgaco-e-o-segundo-municipio-portugues-a-assinar-a-declaracao-europeia-das-cidades-circulares\/\" \/>\n<meta property=\"og:site_name\" content=\"Altominho.tv\" \/>\n<meta property=\"article:publisher\" content=\"https:\/\/www.facebook.com\/altominhotv\" \/>\n<meta property=\"article:published_time\" content=\"2020-10-27T17:51:09+00:00\" \/>\n<meta property=\"article:modified_time\" content=\"2020-10-27T17:51:14+00:00\" \/>\n<meta property=\"og:image\" content=\"https:\/\/www.altominho.tv\/site\/wp-content\/uploads\/2020\/10\/Melgaco-1030x773-1-e1603818306952.jpg\" \/>\n\t<meta property=\"og:image:width\" content=\"1030\" \/>\n\t<meta property=\"og:image:height\" content=\"672\" \/>\n\t<meta property=\"og:image:type\" content=\"image\/jpeg\" \/>\n<meta name=\"author\" content=\"Andreia Ferreira\" \/>\n<meta name=\"twitter:card\" content=\"summary_large_image\" \/>\n<meta name=\"twitter:creator\" content=\"@altominhoTV\" \/>\n<meta name=\"twitter:site\" content=\"@altominhoTV\" \/>\n<meta name=\"twitter:label1\" content=\"Escrito por\" \/>\n\t<meta name=\"twitter:data1\" content=\"Andreia Ferreira\" \/>\n\t<meta name=\"twitter:label2\" content=\"Tempo estimado de leitura\" \/>\n\t<meta name=\"twitter:data2\" content=\"1 minuto\" \/>\n<script type=\"application\/ld+json\" class=\"yoast-schema-graph\">{\"@context\":\"https:\\\/\\\/schema.org\",\"@graph\":[{\"@type\":\"Article\",\"@id\":\"https:\\\/\\\/www.altominho.tv\\\/site\\\/2020\\\/10\\\/27\\\/melgaco-e-o-segundo-municipio-portugues-a-assinar-a-declaracao-europeia-das-cidades-circulares\\\/#article\",\"isPartOf\":{\"@id\":\"https:\\\/\\\/www.altominho.tv\\\/site\\\/2020\\\/10\\\/27\\\/melgaco-e-o-segundo-municipio-portugues-a-assinar-a-declaracao-europeia-das-cidades-circulares\\\/\"},\"author\":{\"name\":\"Andreia Ferreira\",\"@id\":\"https:\\\/\\\/www.altominho.tv\\\/site\\\/#\\\/schema\\\/person\\\/d9be4265364723f14ea8e0d56a1d38cd\"},\"headline\":\"Melga\u00e7o \u00e9 o segundo munic\u00edpio portugu\u00eas a assinar a Declara\u00e7\u00e3o Europeia das Cidades Circulares\",\"datePublished\":\"2020-10-27T17:51:09+00:00\",\"dateModified\":\"2020-10-27T17:51:14+00:00\",\"mainEntityOfPage\":{\"@id\":\"https:\\\/\\\/www.altominho.tv\\\/site\\\/2020\\\/10\\\/27\\\/melgaco-e-o-segundo-municipio-portugues-a-assinar-a-declaracao-europeia-das-cidades-circulares\\\/\"},\"wordCount\":288,\"image\":{\"@id\":\"https:\\\/\\\/www.altominho.tv\\\/site\\\/2020\\\/10\\\/27\\\/melgaco-e-o-segundo-municipio-portugues-a-assinar-a-declaracao-europeia-das-cidades-circulares\\\/#primaryimage\"},\"thumbnailUrl\":\"https:\\\/\\\/www.altominho.tv\\\/site\\\/wp-content\\\/uploads\\\/2020\\\/10\\\/Melgaco-1030x773-1-e1603818306952.jpg\",\"keywords\":[\"Sociedade\"],\"articleSection\":[\"Melga\u00e7o\"],\"inLanguage\":\"pt-PT\",\"copyrightYear\":\"2020\",\"copyrightHolder\":{\"@id\":\"https:\\\/\\\/www.altominho.tv\\\/site\\\/#organization\"}},{\"@type\":\"WebPage\",\"@id\":\"https:\\\/\\\/www.altominho.tv\\\/site\\\/2020\\\/10\\\/27\\\/melgaco-e-o-segundo-municipio-portugues-a-assinar-a-declaracao-europeia-das-cidades-circulares\\\/\",\"url\":\"https:\\\/\\\/www.altominho.tv\\\/site\\\/2020\\\/10\\\/27\\\/melgaco-e-o-segundo-municipio-portugues-a-assinar-a-declaracao-europeia-das-cidades-circulares\\\/\",\"name\":\"Melga\u00e7o \u00e9 o segundo munic\u00edpio portugu\u00eas a assinar a Declara\u00e7\u00e3o Europeia das Cidades Circulares\",\"isPartOf\":{\"@id\":\"https:\\\/\\\/www.altominho.tv\\\/site\\\/#website\"},\"primaryImageOfPage\":{\"@id\":\"https:\\\/\\\/www.altominho.tv\\\/site\\\/2020\\\/10\\\/27\\\/melgaco-e-o-segundo-municipio-portugues-a-assinar-a-declaracao-europeia-das-cidades-circulares\\\/#primaryimage\"},\"image\":{\"@id\":\"https:\\\/\\\/www.altominho.tv\\\/site\\\/2020\\\/10\\\/27\\\/melgaco-e-o-segundo-municipio-portugues-a-assinar-a-declaracao-europeia-das-cidades-circulares\\\/#primaryimage\"},\"thumbnailUrl\":\"https:\\\/\\\/www.altominho.tv\\\/site\\\/wp-content\\\/uploads\\\/2020\\\/10\\\/Melgaco-1030x773-1-e1603818306952.jpg\",\"datePublished\":\"2020-10-27T17:51:09+00:00\",\"dateModified\":\"2020-10-27T17:51:14+00:00\",\"author\":{\"@id\":\"https:\\\/\\\/www.altominho.tv\\\/site\\\/#\\\/schema\\\/person\\\/d9be4265364723f14ea8e0d56a1d38cd\"},\"breadcrumb\":{\"@id\":\"https:\\\/\\\/www.altominho.tv\\\/site\\\/2020\\\/10\\\/27\\\/melgaco-e-o-segundo-municipio-portugues-a-assinar-a-declaracao-europeia-das-cidades-circulares\\\/#breadcrumb\"},\"inLanguage\":\"pt-PT\",\"potentialAction\":[{\"@type\":\"ReadAction\",\"target\":[\"https:\\\/\\\/www.altominho.tv\\\/site\\\/2020\\\/10\\\/27\\\/melgaco-e-o-segundo-municipio-portugues-a-assinar-a-declaracao-europeia-das-cidades-circulares\\\/\"]}]},{\"@type\":\"ImageObject\",\"inLanguage\":\"pt-PT\",\"@id\":\"https:\\\/\\\/www.altominho.tv\\\/site\\\/2020\\\/10\\\/27\\\/melgaco-e-o-segundo-municipio-portugues-a-assinar-a-declaracao-europeia-das-cidades-circulares\\\/#primaryimage\",\"url\":\"https:\\\/\\\/www.altominho.tv\\\/site\\\/wp-content\\\/uploads\\\/2020\\\/10\\\/Melgaco-1030x773-1-e1603818306952.jpg\",\"contentUrl\":\"https:\\\/\\\/www.altominho.tv\\\/site\\\/wp-content\\\/uploads\\\/2020\\\/10\\\/Melgaco-1030x773-1-e1603818306952.jpg\",\"width\":1030,\"height\":672},{\"@type\":\"BreadcrumbList\",\"@id\":\"https:\\\/\\\/www.altominho.tv\\\/site\\\/2020\\\/10\\\/27\\\/melgaco-e-o-segundo-municipio-portugues-a-assinar-a-declaracao-europeia-das-cidades-circulares\\\/#breadcrumb\",\"itemListElement\":[{\"@type\":\"ListItem\",\"position\":1,\"name\":\"In\u00edcio\",\"item\":\"https:\\\/\\\/www.altominho.tv\\\/site\\\/\"},{\"@type\":\"ListItem\",\"position\":2,\"name\":\"Melga\u00e7o \u00e9 o segundo munic\u00edpio portugu\u00eas a assinar a Declara\u00e7\u00e3o Europeia das Cidades Circulares\"}]},{\"@type\":\"WebSite\",\"@id\":\"https:\\\/\\\/www.altominho.tv\\\/site\\\/#website\",\"url\":\"https:\\\/\\\/www.altominho.tv\\\/site\\\/\",\"name\":\"Altominho.tv\",\"description\":\"A sua regi\u00e3o \u00e0 dist\u00e2ncia de um clique...\",\"potentialAction\":[{\"@type\":\"SearchAction\",\"target\":{\"@type\":\"EntryPoint\",\"urlTemplate\":\"https:\\\/\\\/www.altominho.tv\\\/site\\\/?s={search_term_string}\"},\"query-input\":{\"@type\":\"PropertyValueSpecification\",\"valueRequired\":true,\"valueName\":\"search_term_string\"}}],\"inLanguage\":\"pt-PT\"},{\"@type\":\"Person\",\"@id\":\"https:\\\/\\\/www.altominho.tv\\\/site\\\/#\\\/schema\\\/person\\\/d9be4265364723f14ea8e0d56a1d38cd\",\"name\":\"Andreia Ferreira\",\"image\":{\"@type\":\"ImageObject\",\"inLanguage\":\"pt-PT\",\"@id\":\"https:\\\/\\\/www.altominho.tv\\\/site\\\/wp-content\\\/uploads\\\/2021\\\/01\\\/AndreiaFerreira-150x150.jpg\",\"url\":\"https:\\\/\\\/www.altominho.tv\\\/site\\\/wp-content\\\/uploads\\\/2021\\\/01\\\/AndreiaFerreira-150x150.jpg\",\"contentUrl\":\"https:\\\/\\\/www.altominho.tv\\\/site\\\/wp-content\\\/uploads\\\/2021\\\/01\\\/AndreiaFerreira-150x150.jpg\",\"caption\":\"Andreia Ferreira\"},\"url\":\"https:\\\/\\\/www.altominho.tv\\\/site\\\/author\\\/andreiaferreira\\\/\"}]}<\/script>\n<!-- \/ Yoast SEO Premium plugin. -->","yoast_head_json":{"title":"Melga\u00e7o \u00e9 o segundo munic\u00edpio portugu\u00eas a assinar a Declara\u00e7\u00e3o Europeia das Cidades Circulares","robots":{"index":"index","follow":"follow","max-snippet":"max-snippet:-1","max-image-preview":"max-image-preview:large","max-video-preview":"max-video-preview:-1"},"canonical":"https:\/\/www.altominho.tv\/site\/2020\/10\/27\/melgaco-e-o-segundo-municipio-portugues-a-assinar-a-declaracao-europeia-das-cidades-circulares\/","og_locale":"pt_PT","og_type":"article","og_title":"Melga\u00e7o \u00e9 o segundo munic\u00edpio portugu\u00eas a assinar a Declara\u00e7\u00e3o Europeia das Cidades Circulares","og_description":"Melga\u00e7o assinou a Declara\u00e7\u00e3o Europeia das Cidades Circulares, que prev\u00ea criar uma sociedade respons\u00e1vel e eficiente, atrav\u00e9s de recursos com baixo teor de emiss\u00f5es de carbono. Depois da cidade de Guimar\u00e3es, \u00e9 o segundo munic\u00edpio portugu\u00eas a assinar o documento. &#8220;Em Melga\u00e7o, os princ\u00edpios da economia circular est\u00e3o a ser experimentados e implementados de forma [&hellip;]","og_url":"https:\/\/www.altominho.tv\/site\/2020\/10\/27\/melgaco-e-o-segundo-municipio-portugues-a-assinar-a-declaracao-europeia-das-cidades-circulares\/","og_site_name":"Altominho.tv","article_publisher":"https:\/\/www.facebook.com\/altominhotv","article_published_time":"2020-10-27T17:51:09+00:00","article_modified_time":"2020-10-27T17:51:14+00:00","og_image":[{"width":1030,"height":672,"url":"https:\/\/www.altominho.tv\/site\/wp-content\/uploads\/2020\/10\/Melgaco-1030x773-1-e1603818306952.jpg","type":"image\/jpeg"}],"author":"Andreia Ferreira","twitter_card":"summary_large_image","twitter_creator":"@altominhoTV","twitter_site":"@altominhoTV","twitter_misc":{"Escrito por":"Andreia Ferreira","Tempo estimado de leitura":"1 minuto"},"schema":{"@context":"https:\/\/schema.org","@graph":[{"@type":"Article","@id":"https:\/\/www.altominho.tv\/site\/2020\/10\/27\/melgaco-e-o-segundo-municipio-portugues-a-assinar-a-declaracao-europeia-das-cidades-circulares\/#article","isPartOf":{"@id":"https:\/\/www.altominho.tv\/site\/2020\/10\/27\/melgaco-e-o-segundo-municipio-portugues-a-assinar-a-declaracao-europeia-das-cidades-circulares\/"},"author":{"name":"Andreia Ferreira","@id":"https:\/\/www.altominho.tv\/site\/#\/schema\/person\/d9be4265364723f14ea8e0d56a1d38cd"},"headline":"Melga\u00e7o \u00e9 o segundo munic\u00edpio portugu\u00eas a assinar a Declara\u00e7\u00e3o Europeia das Cidades Circulares","datePublished":"2020-10-27T17:51:09+00:00","dateModified":"2020-10-27T17:51:14+00:00","mainEntityOfPage":{"@id":"https:\/\/www.altominho.tv\/site\/2020\/10\/27\/melgaco-e-o-segundo-municipio-portugues-a-assinar-a-declaracao-europeia-das-cidades-circulares\/"},"wordCount":288,"image":{"@id":"https:\/\/www.altominho.tv\/site\/2020\/10\/27\/melgaco-e-o-segundo-municipio-portugues-a-assinar-a-declaracao-europeia-das-cidades-circulares\/#primaryimage"},"thumbnailUrl":"https:\/\/www.altominho.tv\/site\/wp-content\/uploads\/2020\/10\/Melgaco-1030x773-1-e1603818306952.jpg","keywords":["Sociedade"],"articleSection":["Melga\u00e7o"],"inLanguage":"pt-PT","copyrightYear":"2020","copyrightHolder":{"@id":"https:\/\/www.altominho.tv\/site\/#organization"}},{"@type":"WebPage","@id":"https:\/\/www.altominho.tv\/site\/2020\/10\/27\/melgaco-e-o-segundo-municipio-portugues-a-assinar-a-declaracao-europeia-das-cidades-circulares\/","url":"https:\/\/www.altominho.tv\/site\/2020\/10\/27\/melgaco-e-o-segundo-municipio-portugues-a-assinar-a-declaracao-europeia-das-cidades-circulares\/","name":"Melga\u00e7o \u00e9 o segundo munic\u00edpio portugu\u00eas a assinar a Declara\u00e7\u00e3o Europeia das Cidades Circulares","isPartOf":{"@id":"https:\/\/www.altominho.tv\/site\/#website"},"primaryImageOfPage":{"@id":"https:\/\/www.altominho.tv\/site\/2020\/10\/27\/melgaco-e-o-segundo-municipio-portugues-a-assinar-a-declaracao-europeia-das-cidades-circulares\/#primaryimage"},"image":{"@id":"https:\/\/www.altominho.tv\/site\/2020\/10\/27\/melgaco-e-o-segundo-municipio-portugues-a-assinar-a-declaracao-europeia-das-cidades-circulares\/#primaryimage"},"thumbnailUrl":"https:\/\/www.altominho.tv\/site\/wp-content\/uploads\/2020\/10\/Melgaco-1030x773-1-e1603818306952.jpg","datePublished":"2020-10-27T17:51:09+00:00","dateModified":"2020-10-27T17:51:14+00:00","author":{"@id":"https:\/\/www.altominho.tv\/site\/#\/schema\/person\/d9be4265364723f14ea8e0d56a1d38cd"},"breadcrumb":{"@id":"https:\/\/www.altominho.tv\/site\/2020\/10\/27\/melgaco-e-o-segundo-municipio-portugues-a-assinar-a-declaracao-europeia-das-cidades-circulares\/#breadcrumb"},"inLanguage":"pt-PT","potentialAction":[{"@type":"ReadAction","target":["https:\/\/www.altominho.tv\/site\/2020\/10\/27\/melgaco-e-o-segundo-municipio-portugues-a-assinar-a-declaracao-europeia-das-cidades-circulares\/"]}]},{"@type":"ImageObject","inLanguage":"pt-PT","@id":"https:\/\/www.altominho.tv\/site\/2020\/10\/27\/melgaco-e-o-segundo-municipio-portugues-a-assinar-a-declaracao-europeia-das-cidades-circulares\/#primaryimage","url":"https:\/\/www.altominho.tv\/site\/wp-content\/uploads\/2020\/10\/Melgaco-1030x773-1-e1603818306952.jpg","contentUrl":"https:\/\/www.altominho.tv\/site\/wp-content\/uploads\/2020\/10\/Melgaco-1030x773-1-e1603818306952.jpg","width":1030,"height":672},{"@type":"BreadcrumbList","@id":"https:\/\/www.altominho.tv\/site\/2020\/10\/27\/melgaco-e-o-segundo-municipio-portugues-a-assinar-a-declaracao-europeia-das-cidades-circulares\/#breadcrumb","itemListElement":[{"@type":"ListItem","position":1,"name":"In\u00edcio","item":"https:\/\/www.altominho.tv\/site\/"},{"@type":"ListItem","position":2,"name":"Melga\u00e7o \u00e9 o segundo munic\u00edpio portugu\u00eas a assinar a Declara\u00e7\u00e3o Europeia das Cidades Circulares"}]},{"@type":"WebSite","@id":"https:\/\/www.altominho.tv\/site\/#website","url":"https:\/\/www.altominho.tv\/site\/","name":"Altominho.tv","description":"A sua regi\u00e3o \u00e0 dist\u00e2ncia de um clique...","potentialAction":[{"@type":"SearchAction","target":{"@type":"EntryPoint","urlTemplate":"https:\/\/www.altominho.tv\/site\/?s={search_term_string}"},"query-input":{"@type":"PropertyValueSpecification","valueRequired":true,"valueName":"search_term_string"}}],"inLanguage":"pt-PT"},{"@type":"Person","@id":"https:\/\/www.altominho.tv\/site\/#\/schema\/person\/d9be4265364723f14ea8e0d56a1d38cd","name":"Andreia Ferreira","image":{"@type":"ImageObject","inLanguage":"pt-PT","@id":"https:\/\/www.altominho.tv\/site\/wp-content\/uploads\/2021\/01\/AndreiaFerreira-150x150.jpg","url":"https:\/\/www.altominho.tv\/site\/wp-content\/uploads\/2021\/01\/AndreiaFerreira-150x150.jpg","contentUrl":"https:\/\/www.altominho.tv\/site\/wp-content\/uploads\/2021\/01\/AndreiaFerreira-150x150.jpg","caption":"Andreia Ferreira"},"url":"https:\/\/www.altominho.tv\/site\/author\/andreiaferreira\/"}]}},"_links":{"self":[{"href":"https:\/\/www.altominho.tv\/site\/wp-json\/wp\/v2\/posts\/54600","targetHints":{"allow":["GET"]}}],"collection":[{"href":"https:\/\/www.altominho.tv\/site\/wp-json\/wp\/v2\/posts"}],"about":[{"href":"https:\/\/www.altominho.tv\/site\/wp-json\/wp\/v2\/types\/post"}],"author":[{"embeddable":true,"href":"https:\/\/www.altominho.tv\/site\/wp-json\/wp\/v2\/users\/12"}],"replies":[{"embeddable":true,"href":"https:\/\/www.altominho.tv\/site\/wp-json\/wp\/v2\/comments?post=54600"}],"version-history":[{"count":0,"href":"https:\/\/www.altominho.tv\/site\/wp-json\/wp\/v2\/posts\/54600\/revisions"}],"wp:featuredmedia":[{"embeddable":true,"href":"https:\/\/www.altominho.tv\/site\/wp-json\/wp\/v2\/media\/54601"}],"wp:attachment":[{"href":"https:\/\/www.altominho.tv\/site\/wp-json\/wp\/v2\/media?parent=54600"}],"wp:term":[{"taxonomy":"category","embeddable":true,"href":"https:\/\/www.altominho.tv\/site\/wp-json\/wp\/v2\/categories?post=54600"},{"taxonomy":"post_tag","embeddable":true,"href":"https:\/\/www.altominho.tv\/site\/wp-json\/wp\/v2\/tags?post=54600"}],"curies":[{"name":"wp","href":"https:\/\/api.w.org\/{rel}","templated":true}]}}