{"id":54597,"date":"2020-10-27T16:42:05","date_gmt":"2020-10-27T16:42:05","guid":{"rendered":"https:\/\/www.altominho.tv\/site\/?p=54597"},"modified":"2020-10-27T16:42:10","modified_gmt":"2020-10-27T16:42:10","slug":"cim-do-alto-minho-apela-a-participacao-de-escolas-em-concurso-sobre-a-regiao","status":"publish","type":"post","link":"https:\/\/www.altominho.tv\/site\/2020\/10\/27\/cim-do-alto-minho-apela-a-participacao-de-escolas-em-concurso-sobre-a-regiao\/","title":{"rendered":"CIM do Alto Minho apela \u00e0 participa\u00e7\u00e3o de escolas em concurso sobre a regi\u00e3o"},"content":{"rendered":"<p>O presidente do conselho intermunicipal da Comunidade Intermunicipal (CIM) do Alto Minho apelou esta ter\u00e7a-feira \u00e0 participa\u00e7\u00e3o de mais estabelecimentos de ensino e alunos no concurso escolar sobre a regi\u00e3o que promove desde 2017, e a um maior envolvimento das autarquias.<\/p>\n<p>V\u00edtor Paulo Pereira, que \u00e9 tamb\u00e9m presidente da C\u00e2mara de Paredes de Coura, que falava em confer\u00eancia de imprensa realizada em formato <em>online<\/em>, disse que o concurso escolar &#8220;Alto Minho School4All&#8221;, com tema &#8220;Alto Minho 2030 &#8211; Que futuro?&#8221;, &#8220;\u00e9 um laborat\u00f3rio para estimular a criatividade dos alunos&#8221;.<\/p>\n<p>&#8220;\u00c9 um concurso que leva a cultura \u00e0s escolas. \u00c9 uma oportunidade singular que os alunos t\u00eam para conhecerem o territ\u00f3rio onde habitam, atrav\u00e9s de din\u00e2micas art\u00edsticas e que deve ser incentivada, com maior envolvimento de todos, comunidade educativa e autarquias&#8221;, afirmou o autarca.<\/p>\n<p>V\u00edtor Paulo Pereira destacou que o concurso escolar, cuja quarta edi\u00e7\u00e3o foi apresentada esta ter\u00e7a-feira, depende &#8220;muito do empenho e da paix\u00e3o dos professores&#8221; para a mobiliza\u00e7\u00e3o de &#8220;cada mais vez mais turmas e alunos&#8221;.<\/p>\n<p>A iniciativa \u00e9 dirigida aos mais de 22 mil alunos dos 1.\u00ba, 2.\u00ba e 3.\u00ba ciclos e do ensino secund\u00e1rio, bem como das escolas profissionais do Alto Minho, englobando tr\u00eas categorias: ilustra\u00e7\u00e3o (pintura ou desenho), cria\u00e7\u00e3o liter\u00e1ria e v\u00eddeo. Tem como objetivo &#8220;promover o esp\u00edrito criativo e inovador no territ\u00f3rio do Alto Minho&#8221;.<\/p>\n<p>De acordo com dados avan\u00e7ados \u00e0 Lusa pela CIM do Alto Minho, que agrega os 10 concelhos do distrito de Viana do Castelo, nas tr\u00eas edi\u00e7\u00f5es at\u00e9 agora realizadas &#8220;participaram um total de 40 estabelecimentos de ensino, p\u00fablicos ou privados&#8221;. No total foram apresentados &#8220;105 trabalhos de turmas de diferentes n\u00edveis de ensino, quer do regular, quer do ensino profissional&#8221;.<\/p>\n<p>No primeiro ano do concurso, 2017\/2018, participaram 22 escolas e concorreram 46 trabalhos. No ano letivo 2018\/2019, o n\u00famero de escolas caiu para as 11 e de trabalhos para os 32. Na \u00faltima edi\u00e7\u00e3o, cujos vencedores foram divulgados esta ter\u00e7a-feira na sess\u00e3o <em>online<\/em>, participaram seis escolas, com 26 trabalhos.<\/p>\n<p>&#8220;A terceira edi\u00e7\u00e3o do concurso, relativo ano letivo 2019\/2020, decorreu em per\u00edodo de confinamento, o que tornou ainda mais merit\u00f3rio o trabalho e participa\u00e7\u00e3o de todos os alunos e professores que, apesar de todos os constrangimentos, participaram e submeteram os seus trabalhos&#8221;, sublinhou a CIM do Alto Minho.<\/p>\n<p>O prazo para a entrega dos trabalhos concorrentes \u00e0 quarta edi\u00e7\u00e3o, com o tema &#8220;Alto Minho 2030-Que Futuro?&#8221;, termina a 24 mar\u00e7o de 2021.<\/p>\n<p>O concurso integra o projeto &#8220;+REDE&#8221; &#8211; Coordena\u00e7\u00e3o, Dinamiza\u00e7\u00e3o, Acompanhamento e Monitoriza\u00e7\u00e3o Transversal&#8221;, do Plano Integrado e Inovador de Combate ao Insucesso Escolar &#8211; PIICIE &#8220;Alto Minho &#8211; School4All&#8221; e \u00e9 cofinanciado pelo Norte 2020.<\/p>\n","protected":false},"excerpt":{"rendered":"<p>O presidente do conselho intermunicipal da Comunidade Intermunicipal (CIM) do Alto Minho apelou esta ter\u00e7a-feira \u00e0 participa\u00e7\u00e3o de mais estabelecimentos de ensino e alunos no concurso escolar sobre a regi\u00e3o que promove desde 2017, e a um maior envolvimento das autarquias. V\u00edtor Paulo Pereira, que \u00e9 tamb\u00e9m presidente da C\u00e2mara de Paredes de Coura, que [&hellip;]<\/p>\n","protected":false},"author":13,"featured_media":54598,"comment_status":"closed","ping_status":"closed","sticky":false,"template":"","format":"standard","meta":{"_exactmetrics_skip_tracking":false,"footnotes":""},"categories":[73],"tags":[22],"class_list":["post-54597","post","type-post","status-publish","format-standard","has-post-thumbnail","hentry","category-alto-minho","tag-educacao"],"yoast_head":"<!-- This site is optimized with the Yoast SEO Premium plugin v28.3 (Yoast SEO v28.3) - https:\/\/yoast.com\/product\/yoast-seo-premium-wordpress\/ -->\n<title>CIM do Alto Minho apela \u00e0 participa\u00e7\u00e3o de escolas em concurso sobre a regi\u00e3o<\/title>\n<meta name=\"robots\" content=\"index, follow, max-snippet:-1, max-image-preview:large, max-video-preview:-1\" \/>\n<link rel=\"canonical\" href=\"https:\/\/www.altominho.tv\/site\/2020\/10\/27\/cim-do-alto-minho-apela-a-participacao-de-escolas-em-concurso-sobre-a-regiao\/\" \/>\n<meta property=\"og:locale\" content=\"pt_PT\" \/>\n<meta property=\"og:type\" content=\"article\" \/>\n<meta property=\"og:title\" content=\"CIM do Alto Minho apela \u00e0 participa\u00e7\u00e3o de escolas em concurso sobre a regi\u00e3o\" \/>\n<meta property=\"og:description\" content=\"O presidente do conselho intermunicipal da Comunidade Intermunicipal (CIM) do Alto Minho apelou esta ter\u00e7a-feira \u00e0 participa\u00e7\u00e3o de mais estabelecimentos de ensino e alunos no concurso escolar sobre a regi\u00e3o que promove desde 2017, e a um maior envolvimento das autarquias. V\u00edtor Paulo Pereira, que \u00e9 tamb\u00e9m presidente da C\u00e2mara de Paredes de Coura, que [&hellip;]\" \/>\n<meta property=\"og:url\" content=\"https:\/\/www.altominho.tv\/site\/2020\/10\/27\/cim-do-alto-minho-apela-a-participacao-de-escolas-em-concurso-sobre-a-regiao\/\" \/>\n<meta property=\"og:site_name\" content=\"Altominho.tv\" \/>\n<meta property=\"article:publisher\" content=\"https:\/\/www.facebook.com\/altominhotv\" \/>\n<meta property=\"article:published_time\" content=\"2020-10-27T16:42:05+00:00\" \/>\n<meta property=\"article:modified_time\" content=\"2020-10-27T16:42:10+00:00\" \/>\n<meta property=\"og:image\" content=\"https:\/\/www.altominho.tv\/site\/wp-content\/uploads\/2020\/10\/Aluna-desenhar-scaled.jpg\" \/>\n\t<meta property=\"og:image:width\" content=\"2560\" \/>\n\t<meta property=\"og:image:height\" content=\"1707\" \/>\n\t<meta property=\"og:image:type\" content=\"image\/jpeg\" \/>\n<meta name=\"author\" content=\"Lusa\" \/>\n<meta name=\"twitter:card\" content=\"summary_large_image\" \/>\n<meta name=\"twitter:creator\" content=\"@altominhoTV\" \/>\n<meta name=\"twitter:site\" content=\"@altominhoTV\" \/>\n<meta name=\"twitter:label1\" content=\"Escrito por\" \/>\n\t<meta name=\"twitter:data1\" content=\"Lusa\" \/>\n\t<meta name=\"twitter:label2\" content=\"Tempo estimado de leitura\" \/>\n\t<meta name=\"twitter:data2\" content=\"2 minutos\" \/>\n<script type=\"application\/ld+json\" class=\"yoast-schema-graph\">{\"@context\":\"https:\\\/\\\/schema.org\",\"@graph\":[{\"@type\":\"Article\",\"@id\":\"https:\\\/\\\/www.altominho.tv\\\/site\\\/2020\\\/10\\\/27\\\/cim-do-alto-minho-apela-a-participacao-de-escolas-em-concurso-sobre-a-regiao\\\/#article\",\"isPartOf\":{\"@id\":\"https:\\\/\\\/www.altominho.tv\\\/site\\\/2020\\\/10\\\/27\\\/cim-do-alto-minho-apela-a-participacao-de-escolas-em-concurso-sobre-a-regiao\\\/\"},\"author\":{\"name\":\"Lusa\",\"@id\":\"https:\\\/\\\/www.altominho.tv\\\/site\\\/#\\\/schema\\\/person\\\/63f693da3e1899361cbe955c46f3232e\"},\"headline\":\"CIM do Alto Minho apela \u00e0 participa\u00e7\u00e3o de escolas em concurso sobre a regi\u00e3o\",\"datePublished\":\"2020-10-27T16:42:05+00:00\",\"dateModified\":\"2020-10-27T16:42:10+00:00\",\"mainEntityOfPage\":{\"@id\":\"https:\\\/\\\/www.altominho.tv\\\/site\\\/2020\\\/10\\\/27\\\/cim-do-alto-minho-apela-a-participacao-de-escolas-em-concurso-sobre-a-regiao\\\/\"},\"wordCount\":469,\"image\":{\"@id\":\"https:\\\/\\\/www.altominho.tv\\\/site\\\/2020\\\/10\\\/27\\\/cim-do-alto-minho-apela-a-participacao-de-escolas-em-concurso-sobre-a-regiao\\\/#primaryimage\"},\"thumbnailUrl\":\"https:\\\/\\\/www.altominho.tv\\\/site\\\/wp-content\\\/uploads\\\/2020\\\/10\\\/Aluna-desenhar-scaled.jpg\",\"keywords\":[\"Educa\u00e7\u00e3o\"],\"articleSection\":[\"Alto Minho\"],\"inLanguage\":\"pt-PT\",\"copyrightYear\":\"2020\",\"copyrightHolder\":{\"@id\":\"https:\\\/\\\/www.altominho.tv\\\/site\\\/#organization\"}},{\"@type\":\"WebPage\",\"@id\":\"https:\\\/\\\/www.altominho.tv\\\/site\\\/2020\\\/10\\\/27\\\/cim-do-alto-minho-apela-a-participacao-de-escolas-em-concurso-sobre-a-regiao\\\/\",\"url\":\"https:\\\/\\\/www.altominho.tv\\\/site\\\/2020\\\/10\\\/27\\\/cim-do-alto-minho-apela-a-participacao-de-escolas-em-concurso-sobre-a-regiao\\\/\",\"name\":\"CIM do Alto Minho apela \u00e0 participa\u00e7\u00e3o de escolas em concurso sobre a regi\u00e3o\",\"isPartOf\":{\"@id\":\"https:\\\/\\\/www.altominho.tv\\\/site\\\/#website\"},\"primaryImageOfPage\":{\"@id\":\"https:\\\/\\\/www.altominho.tv\\\/site\\\/2020\\\/10\\\/27\\\/cim-do-alto-minho-apela-a-participacao-de-escolas-em-concurso-sobre-a-regiao\\\/#primaryimage\"},\"image\":{\"@id\":\"https:\\\/\\\/www.altominho.tv\\\/site\\\/2020\\\/10\\\/27\\\/cim-do-alto-minho-apela-a-participacao-de-escolas-em-concurso-sobre-a-regiao\\\/#primaryimage\"},\"thumbnailUrl\":\"https:\\\/\\\/www.altominho.tv\\\/site\\\/wp-content\\\/uploads\\\/2020\\\/10\\\/Aluna-desenhar-scaled.jpg\",\"datePublished\":\"2020-10-27T16:42:05+00:00\",\"dateModified\":\"2020-10-27T16:42:10+00:00\",\"author\":{\"@id\":\"https:\\\/\\\/www.altominho.tv\\\/site\\\/#\\\/schema\\\/person\\\/63f693da3e1899361cbe955c46f3232e\"},\"breadcrumb\":{\"@id\":\"https:\\\/\\\/www.altominho.tv\\\/site\\\/2020\\\/10\\\/27\\\/cim-do-alto-minho-apela-a-participacao-de-escolas-em-concurso-sobre-a-regiao\\\/#breadcrumb\"},\"inLanguage\":\"pt-PT\",\"potentialAction\":[{\"@type\":\"ReadAction\",\"target\":[\"https:\\\/\\\/www.altominho.tv\\\/site\\\/2020\\\/10\\\/27\\\/cim-do-alto-minho-apela-a-participacao-de-escolas-em-concurso-sobre-a-regiao\\\/\"]}]},{\"@type\":\"ImageObject\",\"inLanguage\":\"pt-PT\",\"@id\":\"https:\\\/\\\/www.altominho.tv\\\/site\\\/2020\\\/10\\\/27\\\/cim-do-alto-minho-apela-a-participacao-de-escolas-em-concurso-sobre-a-regiao\\\/#primaryimage\",\"url\":\"https:\\\/\\\/www.altominho.tv\\\/site\\\/wp-content\\\/uploads\\\/2020\\\/10\\\/Aluna-desenhar-scaled.jpg\",\"contentUrl\":\"https:\\\/\\\/www.altominho.tv\\\/site\\\/wp-content\\\/uploads\\\/2020\\\/10\\\/Aluna-desenhar-scaled.jpg\",\"width\":2560,\"height\":1707,\"caption\":\"PEXELS\"},{\"@type\":\"BreadcrumbList\",\"@id\":\"https:\\\/\\\/www.altominho.tv\\\/site\\\/2020\\\/10\\\/27\\\/cim-do-alto-minho-apela-a-participacao-de-escolas-em-concurso-sobre-a-regiao\\\/#breadcrumb\",\"itemListElement\":[{\"@type\":\"ListItem\",\"position\":1,\"name\":\"In\u00edcio\",\"item\":\"https:\\\/\\\/www.altominho.tv\\\/site\\\/\"},{\"@type\":\"ListItem\",\"position\":2,\"name\":\"CIM do Alto Minho apela \u00e0 participa\u00e7\u00e3o de escolas em concurso sobre a regi\u00e3o\"}]},{\"@type\":\"WebSite\",\"@id\":\"https:\\\/\\\/www.altominho.tv\\\/site\\\/#website\",\"url\":\"https:\\\/\\\/www.altominho.tv\\\/site\\\/\",\"name\":\"Altominho.tv\",\"description\":\"A sua regi\u00e3o \u00e0 dist\u00e2ncia de um clique...\",\"potentialAction\":[{\"@type\":\"SearchAction\",\"target\":{\"@type\":\"EntryPoint\",\"urlTemplate\":\"https:\\\/\\\/www.altominho.tv\\\/site\\\/?s={search_term_string}\"},\"query-input\":{\"@type\":\"PropertyValueSpecification\",\"valueRequired\":true,\"valueName\":\"search_term_string\"}}],\"inLanguage\":\"pt-PT\"},{\"@type\":\"Person\",\"@id\":\"https:\\\/\\\/www.altominho.tv\\\/site\\\/#\\\/schema\\\/person\\\/63f693da3e1899361cbe955c46f3232e\",\"name\":\"Lusa\",\"image\":{\"@type\":\"ImageObject\",\"inLanguage\":\"pt-PT\",\"@id\":\"https:\\\/\\\/www.altominho.tv\\\/site\\\/wp-content\\\/uploads\\\/2019\\\/08\\\/LUSA_Logo.gif\",\"url\":\"https:\\\/\\\/www.altominho.tv\\\/site\\\/wp-content\\\/uploads\\\/2019\\\/08\\\/LUSA_Logo.gif\",\"contentUrl\":\"https:\\\/\\\/www.altominho.tv\\\/site\\\/wp-content\\\/uploads\\\/2019\\\/08\\\/LUSA_Logo.gif\",\"caption\":\"Lusa\"},\"sameAs\":[\"http:\\\/\\\/\\\/\\\/www.altominho.tv\\\/site\"],\"url\":\"https:\\\/\\\/www.altominho.tv\\\/site\\\/author\\\/lusa\\\/\"}]}<\/script>\n<!-- \/ Yoast SEO Premium plugin. -->","yoast_head_json":{"title":"CIM do Alto Minho apela \u00e0 participa\u00e7\u00e3o de escolas em concurso sobre a regi\u00e3o","robots":{"index":"index","follow":"follow","max-snippet":"max-snippet:-1","max-image-preview":"max-image-preview:large","max-video-preview":"max-video-preview:-1"},"canonical":"https:\/\/www.altominho.tv\/site\/2020\/10\/27\/cim-do-alto-minho-apela-a-participacao-de-escolas-em-concurso-sobre-a-regiao\/","og_locale":"pt_PT","og_type":"article","og_title":"CIM do Alto Minho apela \u00e0 participa\u00e7\u00e3o de escolas em concurso sobre a regi\u00e3o","og_description":"O presidente do conselho intermunicipal da Comunidade Intermunicipal (CIM) do Alto Minho apelou esta ter\u00e7a-feira \u00e0 participa\u00e7\u00e3o de mais estabelecimentos de ensino e alunos no concurso escolar sobre a regi\u00e3o que promove desde 2017, e a um maior envolvimento das autarquias. V\u00edtor Paulo Pereira, que \u00e9 tamb\u00e9m presidente da C\u00e2mara de Paredes de Coura, que [&hellip;]","og_url":"https:\/\/www.altominho.tv\/site\/2020\/10\/27\/cim-do-alto-minho-apela-a-participacao-de-escolas-em-concurso-sobre-a-regiao\/","og_site_name":"Altominho.tv","article_publisher":"https:\/\/www.facebook.com\/altominhotv","article_published_time":"2020-10-27T16:42:05+00:00","article_modified_time":"2020-10-27T16:42:10+00:00","og_image":[{"width":2560,"height":1707,"url":"https:\/\/www.altominho.tv\/site\/wp-content\/uploads\/2020\/10\/Aluna-desenhar-scaled.jpg","type":"image\/jpeg"}],"author":"Lusa","twitter_card":"summary_large_image","twitter_creator":"@altominhoTV","twitter_site":"@altominhoTV","twitter_misc":{"Escrito por":"Lusa","Tempo estimado de leitura":"2 minutos"},"schema":{"@context":"https:\/\/schema.org","@graph":[{"@type":"Article","@id":"https:\/\/www.altominho.tv\/site\/2020\/10\/27\/cim-do-alto-minho-apela-a-participacao-de-escolas-em-concurso-sobre-a-regiao\/#article","isPartOf":{"@id":"https:\/\/www.altominho.tv\/site\/2020\/10\/27\/cim-do-alto-minho-apela-a-participacao-de-escolas-em-concurso-sobre-a-regiao\/"},"author":{"name":"Lusa","@id":"https:\/\/www.altominho.tv\/site\/#\/schema\/person\/63f693da3e1899361cbe955c46f3232e"},"headline":"CIM do Alto Minho apela \u00e0 participa\u00e7\u00e3o de escolas em concurso sobre a regi\u00e3o","datePublished":"2020-10-27T16:42:05+00:00","dateModified":"2020-10-27T16:42:10+00:00","mainEntityOfPage":{"@id":"https:\/\/www.altominho.tv\/site\/2020\/10\/27\/cim-do-alto-minho-apela-a-participacao-de-escolas-em-concurso-sobre-a-regiao\/"},"wordCount":469,"image":{"@id":"https:\/\/www.altominho.tv\/site\/2020\/10\/27\/cim-do-alto-minho-apela-a-participacao-de-escolas-em-concurso-sobre-a-regiao\/#primaryimage"},"thumbnailUrl":"https:\/\/www.altominho.tv\/site\/wp-content\/uploads\/2020\/10\/Aluna-desenhar-scaled.jpg","keywords":["Educa\u00e7\u00e3o"],"articleSection":["Alto Minho"],"inLanguage":"pt-PT","copyrightYear":"2020","copyrightHolder":{"@id":"https:\/\/www.altominho.tv\/site\/#organization"}},{"@type":"WebPage","@id":"https:\/\/www.altominho.tv\/site\/2020\/10\/27\/cim-do-alto-minho-apela-a-participacao-de-escolas-em-concurso-sobre-a-regiao\/","url":"https:\/\/www.altominho.tv\/site\/2020\/10\/27\/cim-do-alto-minho-apela-a-participacao-de-escolas-em-concurso-sobre-a-regiao\/","name":"CIM do Alto Minho apela \u00e0 participa\u00e7\u00e3o de escolas em concurso sobre a regi\u00e3o","isPartOf":{"@id":"https:\/\/www.altominho.tv\/site\/#website"},"primaryImageOfPage":{"@id":"https:\/\/www.altominho.tv\/site\/2020\/10\/27\/cim-do-alto-minho-apela-a-participacao-de-escolas-em-concurso-sobre-a-regiao\/#primaryimage"},"image":{"@id":"https:\/\/www.altominho.tv\/site\/2020\/10\/27\/cim-do-alto-minho-apela-a-participacao-de-escolas-em-concurso-sobre-a-regiao\/#primaryimage"},"thumbnailUrl":"https:\/\/www.altominho.tv\/site\/wp-content\/uploads\/2020\/10\/Aluna-desenhar-scaled.jpg","datePublished":"2020-10-27T16:42:05+00:00","dateModified":"2020-10-27T16:42:10+00:00","author":{"@id":"https:\/\/www.altominho.tv\/site\/#\/schema\/person\/63f693da3e1899361cbe955c46f3232e"},"breadcrumb":{"@id":"https:\/\/www.altominho.tv\/site\/2020\/10\/27\/cim-do-alto-minho-apela-a-participacao-de-escolas-em-concurso-sobre-a-regiao\/#breadcrumb"},"inLanguage":"pt-PT","potentialAction":[{"@type":"ReadAction","target":["https:\/\/www.altominho.tv\/site\/2020\/10\/27\/cim-do-alto-minho-apela-a-participacao-de-escolas-em-concurso-sobre-a-regiao\/"]}]},{"@type":"ImageObject","inLanguage":"pt-PT","@id":"https:\/\/www.altominho.tv\/site\/2020\/10\/27\/cim-do-alto-minho-apela-a-participacao-de-escolas-em-concurso-sobre-a-regiao\/#primaryimage","url":"https:\/\/www.altominho.tv\/site\/wp-content\/uploads\/2020\/10\/Aluna-desenhar-scaled.jpg","contentUrl":"https:\/\/www.altominho.tv\/site\/wp-content\/uploads\/2020\/10\/Aluna-desenhar-scaled.jpg","width":2560,"height":1707,"caption":"PEXELS"},{"@type":"BreadcrumbList","@id":"https:\/\/www.altominho.tv\/site\/2020\/10\/27\/cim-do-alto-minho-apela-a-participacao-de-escolas-em-concurso-sobre-a-regiao\/#breadcrumb","itemListElement":[{"@type":"ListItem","position":1,"name":"In\u00edcio","item":"https:\/\/www.altominho.tv\/site\/"},{"@type":"ListItem","position":2,"name":"CIM do Alto Minho apela \u00e0 participa\u00e7\u00e3o de escolas em concurso sobre a regi\u00e3o"}]},{"@type":"WebSite","@id":"https:\/\/www.altominho.tv\/site\/#website","url":"https:\/\/www.altominho.tv\/site\/","name":"Altominho.tv","description":"A sua regi\u00e3o \u00e0 dist\u00e2ncia de um clique...","potentialAction":[{"@type":"SearchAction","target":{"@type":"EntryPoint","urlTemplate":"https:\/\/www.altominho.tv\/site\/?s={search_term_string}"},"query-input":{"@type":"PropertyValueSpecification","valueRequired":true,"valueName":"search_term_string"}}],"inLanguage":"pt-PT"},{"@type":"Person","@id":"https:\/\/www.altominho.tv\/site\/#\/schema\/person\/63f693da3e1899361cbe955c46f3232e","name":"Lusa","image":{"@type":"ImageObject","inLanguage":"pt-PT","@id":"https:\/\/www.altominho.tv\/site\/wp-content\/uploads\/2019\/08\/LUSA_Logo.gif","url":"https:\/\/www.altominho.tv\/site\/wp-content\/uploads\/2019\/08\/LUSA_Logo.gif","contentUrl":"https:\/\/www.altominho.tv\/site\/wp-content\/uploads\/2019\/08\/LUSA_Logo.gif","caption":"Lusa"},"sameAs":["http:\/\/\/\/www.altominho.tv\/site"],"url":"https:\/\/www.altominho.tv\/site\/author\/lusa\/"}]}},"_links":{"self":[{"href":"https:\/\/www.altominho.tv\/site\/wp-json\/wp\/v2\/posts\/54597","targetHints":{"allow":["GET"]}}],"collection":[{"href":"https:\/\/www.altominho.tv\/site\/wp-json\/wp\/v2\/posts"}],"about":[{"href":"https:\/\/www.altominho.tv\/site\/wp-json\/wp\/v2\/types\/post"}],"author":[{"embeddable":true,"href":"https:\/\/www.altominho.tv\/site\/wp-json\/wp\/v2\/users\/13"}],"replies":[{"embeddable":true,"href":"https:\/\/www.altominho.tv\/site\/wp-json\/wp\/v2\/comments?post=54597"}],"version-history":[{"count":0,"href":"https:\/\/www.altominho.tv\/site\/wp-json\/wp\/v2\/posts\/54597\/revisions"}],"wp:featuredmedia":[{"embeddable":true,"href":"https:\/\/www.altominho.tv\/site\/wp-json\/wp\/v2\/media\/54598"}],"wp:attachment":[{"href":"https:\/\/www.altominho.tv\/site\/wp-json\/wp\/v2\/media?parent=54597"}],"wp:term":[{"taxonomy":"category","embeddable":true,"href":"https:\/\/www.altominho.tv\/site\/wp-json\/wp\/v2\/categories?post=54597"},{"taxonomy":"post_tag","embeddable":true,"href":"https:\/\/www.altominho.tv\/site\/wp-json\/wp\/v2\/tags?post=54597"}],"curies":[{"name":"wp","href":"https:\/\/api.w.org\/{rel}","templated":true}]}}