{"id":54371,"date":"2020-10-23T15:33:29","date_gmt":"2020-10-23T14:33:29","guid":{"rendered":"https:\/\/www.altominho.tv\/site\/?p=54371"},"modified":"2020-10-23T16:27:21","modified_gmt":"2020-10-23T15:27:21","slug":"homem-morre-apos-queda-de-arvore-em-moncao","status":"publish","type":"post","link":"https:\/\/www.altominho.tv\/site\/2020\/10\/23\/homem-morre-apos-queda-de-arvore-em-moncao\/","title":{"rendered":"Homem morre ap\u00f3s queda de \u00e1rvore em Mon\u00e7\u00e3o"},"content":{"rendered":"<p>Um homem morreu esta sexta-feira depois de ser atingido por uma \u00e1rvore quando procedia ao seu abate, no lugar de Barreiro, na freguesia de Pias, em Mon\u00e7\u00e3o.<\/p>\n<p>Fonte dos bombeiros locais adiantou que, \u00e0 chegada dos meios, a v\u00edtima com &#8220;cerca de 60 anos encontrava-se j\u00e1 em paragem cardiorrespirat\u00f3ria&#8221;.<\/p>\n<p>&#8220;Foram efetuadas manobras de reanima\u00e7\u00e3o sem sucesso. O \u00f3bito foi declarado no local pela equipa do helic\u00f3ptero do INEM&#8221;, refere.<\/p>\n<p>Ainda de acordo com a mesma fonte, tratou-se de um acidente de trabalho e a v\u00edtima, natural do concelho de Paredes de Coura, estaria a fazer trabalhos florestais, quando foi atingido pela \u00e1rvore.<\/p>\n<p>O alerta foi registado \u00e0s 14h25. Ao local compareceram 16 operacionais auxiliados por cinco viaturas, entre elas uma ambul\u00e2ncia e um carro de desencarceramento dos Bombeiros Volunt\u00e1rios de Mon\u00e7\u00e3o, uma ambul\u00e2ncia dos Bombeiros Volunt\u00e1rios de Valen\u00e7a, a ambul\u00e2ncia de Suporte Imediato de Vida (SIV) de Melga\u00e7o e a GNR.<\/p>\n<p>As informa\u00e7\u00f5es iniciais apontavam para a exist\u00eancia de dois feridos, o que n\u00e3o se veio a comprovar.<\/p>\n<p><em><strong>Not\u00edcia atualizada \u00e0s 16h02<\/strong><\/em><\/p>\n","protected":false},"excerpt":{"rendered":"<p>Um homem morreu esta sexta-feira depois de ser atingido por uma \u00e1rvore quando procedia ao seu abate, no lugar de Barreiro, na freguesia de Pias, em Mon\u00e7\u00e3o. Fonte dos bombeiros locais adiantou que, \u00e0 chegada dos meios, a v\u00edtima com &#8220;cerca de 60 anos encontrava-se j\u00e1 em paragem cardiorrespirat\u00f3ria&#8221;. &#8220;Foram efetuadas manobras de reanima\u00e7\u00e3o sem [&hellip;]<\/p>\n","protected":false},"author":12,"featured_media":54381,"comment_status":"closed","ping_status":"closed","sticky":false,"template":"","format":"standard","meta":{"_exactmetrics_skip_tracking":false,"footnotes":""},"categories":[9],"tags":[27],"class_list":["post-54371","post","type-post","status-publish","format-standard","has-post-thumbnail","hentry","category-moncao","tag-sociedade"],"yoast_head":"<!-- This site is optimized with the Yoast SEO Premium plugin v28.3 (Yoast SEO v28.3) - https:\/\/yoast.com\/product\/yoast-seo-premium-wordpress\/ -->\n<title>Homem morre ap\u00f3s queda de \u00e1rvore em Mon\u00e7\u00e3o<\/title>\n<meta name=\"robots\" content=\"index, follow, max-snippet:-1, max-image-preview:large, max-video-preview:-1\" \/>\n<link rel=\"canonical\" href=\"https:\/\/www.altominho.tv\/site\/2020\/10\/23\/homem-morre-apos-queda-de-arvore-em-moncao\/\" \/>\n<meta property=\"og:locale\" content=\"pt_PT\" \/>\n<meta property=\"og:type\" content=\"article\" \/>\n<meta property=\"og:title\" content=\"Homem morre ap\u00f3s queda de \u00e1rvore em Mon\u00e7\u00e3o\" \/>\n<meta property=\"og:description\" content=\"Um homem morreu esta sexta-feira depois de ser atingido por uma \u00e1rvore quando procedia ao seu abate, no lugar de Barreiro, na freguesia de Pias, em Mon\u00e7\u00e3o. Fonte dos bombeiros locais adiantou que, \u00e0 chegada dos meios, a v\u00edtima com &#8220;cerca de 60 anos encontrava-se j\u00e1 em paragem cardiorrespirat\u00f3ria&#8221;. &#8220;Foram efetuadas manobras de reanima\u00e7\u00e3o sem [&hellip;]\" \/>\n<meta property=\"og:url\" content=\"https:\/\/www.altominho.tv\/site\/2020\/10\/23\/homem-morre-apos-queda-de-arvore-em-moncao\/\" \/>\n<meta property=\"og:site_name\" content=\"Altominho.tv\" \/>\n<meta property=\"article:publisher\" content=\"https:\/\/www.facebook.com\/altominhotv\" \/>\n<meta property=\"article:published_time\" content=\"2020-10-23T14:33:29+00:00\" \/>\n<meta property=\"article:modified_time\" content=\"2020-10-23T15:27:21+00:00\" \/>\n<meta property=\"og:image\" content=\"https:\/\/www.altominho.tv\/site\/wp-content\/uploads\/2020\/10\/1dcfd751-7022-458c-bc43-33eb4bb0b6ab.jpg\" \/>\n\t<meta property=\"og:image:width\" content=\"1920\" \/>\n\t<meta property=\"og:image:height\" content=\"908\" \/>\n\t<meta property=\"og:image:type\" content=\"image\/jpeg\" \/>\n<meta name=\"author\" content=\"Andreia Ferreira\" \/>\n<meta name=\"twitter:card\" content=\"summary_large_image\" \/>\n<meta name=\"twitter:creator\" content=\"@altominhoTV\" \/>\n<meta name=\"twitter:site\" content=\"@altominhoTV\" \/>\n<meta name=\"twitter:label1\" content=\"Escrito por\" \/>\n\t<meta name=\"twitter:data1\" content=\"Andreia Ferreira\" \/>\n\t<meta name=\"twitter:label2\" content=\"Tempo estimado de leitura\" \/>\n\t<meta name=\"twitter:data2\" content=\"1 minuto\" \/>\n<script type=\"application\/ld+json\" class=\"yoast-schema-graph\">{\"@context\":\"https:\\\/\\\/schema.org\",\"@graph\":[{\"@type\":\"Article\",\"@id\":\"https:\\\/\\\/www.altominho.tv\\\/site\\\/2020\\\/10\\\/23\\\/homem-morre-apos-queda-de-arvore-em-moncao\\\/#article\",\"isPartOf\":{\"@id\":\"https:\\\/\\\/www.altominho.tv\\\/site\\\/2020\\\/10\\\/23\\\/homem-morre-apos-queda-de-arvore-em-moncao\\\/\"},\"author\":{\"name\":\"Andreia Ferreira\",\"@id\":\"https:\\\/\\\/www.altominho.tv\\\/site\\\/#\\\/schema\\\/person\\\/d9be4265364723f14ea8e0d56a1d38cd\"},\"headline\":\"Homem morre ap\u00f3s queda de \u00e1rvore em Mon\u00e7\u00e3o\",\"datePublished\":\"2020-10-23T14:33:29+00:00\",\"dateModified\":\"2020-10-23T15:27:21+00:00\",\"mainEntityOfPage\":{\"@id\":\"https:\\\/\\\/www.altominho.tv\\\/site\\\/2020\\\/10\\\/23\\\/homem-morre-apos-queda-de-arvore-em-moncao\\\/\"},\"wordCount\":197,\"image\":{\"@id\":\"https:\\\/\\\/www.altominho.tv\\\/site\\\/2020\\\/10\\\/23\\\/homem-morre-apos-queda-de-arvore-em-moncao\\\/#primaryimage\"},\"thumbnailUrl\":\"https:\\\/\\\/www.altominho.tv\\\/site\\\/wp-content\\\/uploads\\\/2020\\\/10\\\/1dcfd751-7022-458c-bc43-33eb4bb0b6ab.jpg\",\"keywords\":[\"Sociedade\"],\"articleSection\":[\"Mon\u00e7\u00e3o\"],\"inLanguage\":\"pt-PT\",\"copyrightYear\":\"2020\",\"copyrightHolder\":{\"@id\":\"https:\\\/\\\/www.altominho.tv\\\/site\\\/#organization\"}},{\"@type\":\"WebPage\",\"@id\":\"https:\\\/\\\/www.altominho.tv\\\/site\\\/2020\\\/10\\\/23\\\/homem-morre-apos-queda-de-arvore-em-moncao\\\/\",\"url\":\"https:\\\/\\\/www.altominho.tv\\\/site\\\/2020\\\/10\\\/23\\\/homem-morre-apos-queda-de-arvore-em-moncao\\\/\",\"name\":\"Homem morre ap\u00f3s queda de \u00e1rvore em Mon\u00e7\u00e3o\",\"isPartOf\":{\"@id\":\"https:\\\/\\\/www.altominho.tv\\\/site\\\/#website\"},\"primaryImageOfPage\":{\"@id\":\"https:\\\/\\\/www.altominho.tv\\\/site\\\/2020\\\/10\\\/23\\\/homem-morre-apos-queda-de-arvore-em-moncao\\\/#primaryimage\"},\"image\":{\"@id\":\"https:\\\/\\\/www.altominho.tv\\\/site\\\/2020\\\/10\\\/23\\\/homem-morre-apos-queda-de-arvore-em-moncao\\\/#primaryimage\"},\"thumbnailUrl\":\"https:\\\/\\\/www.altominho.tv\\\/site\\\/wp-content\\\/uploads\\\/2020\\\/10\\\/1dcfd751-7022-458c-bc43-33eb4bb0b6ab.jpg\",\"datePublished\":\"2020-10-23T14:33:29+00:00\",\"dateModified\":\"2020-10-23T15:27:21+00:00\",\"author\":{\"@id\":\"https:\\\/\\\/www.altominho.tv\\\/site\\\/#\\\/schema\\\/person\\\/d9be4265364723f14ea8e0d56a1d38cd\"},\"breadcrumb\":{\"@id\":\"https:\\\/\\\/www.altominho.tv\\\/site\\\/2020\\\/10\\\/23\\\/homem-morre-apos-queda-de-arvore-em-moncao\\\/#breadcrumb\"},\"inLanguage\":\"pt-PT\",\"potentialAction\":[{\"@type\":\"ReadAction\",\"target\":[\"https:\\\/\\\/www.altominho.tv\\\/site\\\/2020\\\/10\\\/23\\\/homem-morre-apos-queda-de-arvore-em-moncao\\\/\"]}]},{\"@type\":\"ImageObject\",\"inLanguage\":\"pt-PT\",\"@id\":\"https:\\\/\\\/www.altominho.tv\\\/site\\\/2020\\\/10\\\/23\\\/homem-morre-apos-queda-de-arvore-em-moncao\\\/#primaryimage\",\"url\":\"https:\\\/\\\/www.altominho.tv\\\/site\\\/wp-content\\\/uploads\\\/2020\\\/10\\\/1dcfd751-7022-458c-bc43-33eb4bb0b6ab.jpg\",\"contentUrl\":\"https:\\\/\\\/www.altominho.tv\\\/site\\\/wp-content\\\/uploads\\\/2020\\\/10\\\/1dcfd751-7022-458c-bc43-33eb4bb0b6ab.jpg\",\"width\":1920,\"height\":908,\"caption\":\"BOMBEIROS MON\u00c7\u00c3O\"},{\"@type\":\"BreadcrumbList\",\"@id\":\"https:\\\/\\\/www.altominho.tv\\\/site\\\/2020\\\/10\\\/23\\\/homem-morre-apos-queda-de-arvore-em-moncao\\\/#breadcrumb\",\"itemListElement\":[{\"@type\":\"ListItem\",\"position\":1,\"name\":\"In\u00edcio\",\"item\":\"https:\\\/\\\/www.altominho.tv\\\/site\\\/\"},{\"@type\":\"ListItem\",\"position\":2,\"name\":\"Homem morre ap\u00f3s queda de \u00e1rvore em Mon\u00e7\u00e3o\"}]},{\"@type\":\"WebSite\",\"@id\":\"https:\\\/\\\/www.altominho.tv\\\/site\\\/#website\",\"url\":\"https:\\\/\\\/www.altominho.tv\\\/site\\\/\",\"name\":\"Altominho.tv\",\"description\":\"A sua regi\u00e3o \u00e0 dist\u00e2ncia de um clique...\",\"potentialAction\":[{\"@type\":\"SearchAction\",\"target\":{\"@type\":\"EntryPoint\",\"urlTemplate\":\"https:\\\/\\\/www.altominho.tv\\\/site\\\/?s={search_term_string}\"},\"query-input\":{\"@type\":\"PropertyValueSpecification\",\"valueRequired\":true,\"valueName\":\"search_term_string\"}}],\"inLanguage\":\"pt-PT\"},{\"@type\":\"Person\",\"@id\":\"https:\\\/\\\/www.altominho.tv\\\/site\\\/#\\\/schema\\\/person\\\/d9be4265364723f14ea8e0d56a1d38cd\",\"name\":\"Andreia Ferreira\",\"image\":{\"@type\":\"ImageObject\",\"inLanguage\":\"pt-PT\",\"@id\":\"https:\\\/\\\/www.altominho.tv\\\/site\\\/wp-content\\\/uploads\\\/2021\\\/01\\\/AndreiaFerreira-150x150.jpg\",\"url\":\"https:\\\/\\\/www.altominho.tv\\\/site\\\/wp-content\\\/uploads\\\/2021\\\/01\\\/AndreiaFerreira-150x150.jpg\",\"contentUrl\":\"https:\\\/\\\/www.altominho.tv\\\/site\\\/wp-content\\\/uploads\\\/2021\\\/01\\\/AndreiaFerreira-150x150.jpg\",\"caption\":\"Andreia Ferreira\"},\"url\":\"https:\\\/\\\/www.altominho.tv\\\/site\\\/author\\\/andreiaferreira\\\/\"}]}<\/script>\n<!-- \/ Yoast SEO Premium plugin. -->","yoast_head_json":{"title":"Homem morre ap\u00f3s queda de \u00e1rvore em Mon\u00e7\u00e3o","robots":{"index":"index","follow":"follow","max-snippet":"max-snippet:-1","max-image-preview":"max-image-preview:large","max-video-preview":"max-video-preview:-1"},"canonical":"https:\/\/www.altominho.tv\/site\/2020\/10\/23\/homem-morre-apos-queda-de-arvore-em-moncao\/","og_locale":"pt_PT","og_type":"article","og_title":"Homem morre ap\u00f3s queda de \u00e1rvore em Mon\u00e7\u00e3o","og_description":"Um homem morreu esta sexta-feira depois de ser atingido por uma \u00e1rvore quando procedia ao seu abate, no lugar de Barreiro, na freguesia de Pias, em Mon\u00e7\u00e3o. Fonte dos bombeiros locais adiantou que, \u00e0 chegada dos meios, a v\u00edtima com &#8220;cerca de 60 anos encontrava-se j\u00e1 em paragem cardiorrespirat\u00f3ria&#8221;. &#8220;Foram efetuadas manobras de reanima\u00e7\u00e3o sem [&hellip;]","og_url":"https:\/\/www.altominho.tv\/site\/2020\/10\/23\/homem-morre-apos-queda-de-arvore-em-moncao\/","og_site_name":"Altominho.tv","article_publisher":"https:\/\/www.facebook.com\/altominhotv","article_published_time":"2020-10-23T14:33:29+00:00","article_modified_time":"2020-10-23T15:27:21+00:00","og_image":[{"width":1920,"height":908,"url":"https:\/\/www.altominho.tv\/site\/wp-content\/uploads\/2020\/10\/1dcfd751-7022-458c-bc43-33eb4bb0b6ab.jpg","type":"image\/jpeg"}],"author":"Andreia Ferreira","twitter_card":"summary_large_image","twitter_creator":"@altominhoTV","twitter_site":"@altominhoTV","twitter_misc":{"Escrito por":"Andreia Ferreira","Tempo estimado de leitura":"1 minuto"},"schema":{"@context":"https:\/\/schema.org","@graph":[{"@type":"Article","@id":"https:\/\/www.altominho.tv\/site\/2020\/10\/23\/homem-morre-apos-queda-de-arvore-em-moncao\/#article","isPartOf":{"@id":"https:\/\/www.altominho.tv\/site\/2020\/10\/23\/homem-morre-apos-queda-de-arvore-em-moncao\/"},"author":{"name":"Andreia Ferreira","@id":"https:\/\/www.altominho.tv\/site\/#\/schema\/person\/d9be4265364723f14ea8e0d56a1d38cd"},"headline":"Homem morre ap\u00f3s queda de \u00e1rvore em Mon\u00e7\u00e3o","datePublished":"2020-10-23T14:33:29+00:00","dateModified":"2020-10-23T15:27:21+00:00","mainEntityOfPage":{"@id":"https:\/\/www.altominho.tv\/site\/2020\/10\/23\/homem-morre-apos-queda-de-arvore-em-moncao\/"},"wordCount":197,"image":{"@id":"https:\/\/www.altominho.tv\/site\/2020\/10\/23\/homem-morre-apos-queda-de-arvore-em-moncao\/#primaryimage"},"thumbnailUrl":"https:\/\/www.altominho.tv\/site\/wp-content\/uploads\/2020\/10\/1dcfd751-7022-458c-bc43-33eb4bb0b6ab.jpg","keywords":["Sociedade"],"articleSection":["Mon\u00e7\u00e3o"],"inLanguage":"pt-PT","copyrightYear":"2020","copyrightHolder":{"@id":"https:\/\/www.altominho.tv\/site\/#organization"}},{"@type":"WebPage","@id":"https:\/\/www.altominho.tv\/site\/2020\/10\/23\/homem-morre-apos-queda-de-arvore-em-moncao\/","url":"https:\/\/www.altominho.tv\/site\/2020\/10\/23\/homem-morre-apos-queda-de-arvore-em-moncao\/","name":"Homem morre ap\u00f3s queda de \u00e1rvore em Mon\u00e7\u00e3o","isPartOf":{"@id":"https:\/\/www.altominho.tv\/site\/#website"},"primaryImageOfPage":{"@id":"https:\/\/www.altominho.tv\/site\/2020\/10\/23\/homem-morre-apos-queda-de-arvore-em-moncao\/#primaryimage"},"image":{"@id":"https:\/\/www.altominho.tv\/site\/2020\/10\/23\/homem-morre-apos-queda-de-arvore-em-moncao\/#primaryimage"},"thumbnailUrl":"https:\/\/www.altominho.tv\/site\/wp-content\/uploads\/2020\/10\/1dcfd751-7022-458c-bc43-33eb4bb0b6ab.jpg","datePublished":"2020-10-23T14:33:29+00:00","dateModified":"2020-10-23T15:27:21+00:00","author":{"@id":"https:\/\/www.altominho.tv\/site\/#\/schema\/person\/d9be4265364723f14ea8e0d56a1d38cd"},"breadcrumb":{"@id":"https:\/\/www.altominho.tv\/site\/2020\/10\/23\/homem-morre-apos-queda-de-arvore-em-moncao\/#breadcrumb"},"inLanguage":"pt-PT","potentialAction":[{"@type":"ReadAction","target":["https:\/\/www.altominho.tv\/site\/2020\/10\/23\/homem-morre-apos-queda-de-arvore-em-moncao\/"]}]},{"@type":"ImageObject","inLanguage":"pt-PT","@id":"https:\/\/www.altominho.tv\/site\/2020\/10\/23\/homem-morre-apos-queda-de-arvore-em-moncao\/#primaryimage","url":"https:\/\/www.altominho.tv\/site\/wp-content\/uploads\/2020\/10\/1dcfd751-7022-458c-bc43-33eb4bb0b6ab.jpg","contentUrl":"https:\/\/www.altominho.tv\/site\/wp-content\/uploads\/2020\/10\/1dcfd751-7022-458c-bc43-33eb4bb0b6ab.jpg","width":1920,"height":908,"caption":"BOMBEIROS MON\u00c7\u00c3O"},{"@type":"BreadcrumbList","@id":"https:\/\/www.altominho.tv\/site\/2020\/10\/23\/homem-morre-apos-queda-de-arvore-em-moncao\/#breadcrumb","itemListElement":[{"@type":"ListItem","position":1,"name":"In\u00edcio","item":"https:\/\/www.altominho.tv\/site\/"},{"@type":"ListItem","position":2,"name":"Homem morre ap\u00f3s queda de \u00e1rvore em Mon\u00e7\u00e3o"}]},{"@type":"WebSite","@id":"https:\/\/www.altominho.tv\/site\/#website","url":"https:\/\/www.altominho.tv\/site\/","name":"Altominho.tv","description":"A sua regi\u00e3o \u00e0 dist\u00e2ncia de um clique...","potentialAction":[{"@type":"SearchAction","target":{"@type":"EntryPoint","urlTemplate":"https:\/\/www.altominho.tv\/site\/?s={search_term_string}"},"query-input":{"@type":"PropertyValueSpecification","valueRequired":true,"valueName":"search_term_string"}}],"inLanguage":"pt-PT"},{"@type":"Person","@id":"https:\/\/www.altominho.tv\/site\/#\/schema\/person\/d9be4265364723f14ea8e0d56a1d38cd","name":"Andreia Ferreira","image":{"@type":"ImageObject","inLanguage":"pt-PT","@id":"https:\/\/www.altominho.tv\/site\/wp-content\/uploads\/2021\/01\/AndreiaFerreira-150x150.jpg","url":"https:\/\/www.altominho.tv\/site\/wp-content\/uploads\/2021\/01\/AndreiaFerreira-150x150.jpg","contentUrl":"https:\/\/www.altominho.tv\/site\/wp-content\/uploads\/2021\/01\/AndreiaFerreira-150x150.jpg","caption":"Andreia Ferreira"},"url":"https:\/\/www.altominho.tv\/site\/author\/andreiaferreira\/"}]}},"_links":{"self":[{"href":"https:\/\/www.altominho.tv\/site\/wp-json\/wp\/v2\/posts\/54371","targetHints":{"allow":["GET"]}}],"collection":[{"href":"https:\/\/www.altominho.tv\/site\/wp-json\/wp\/v2\/posts"}],"about":[{"href":"https:\/\/www.altominho.tv\/site\/wp-json\/wp\/v2\/types\/post"}],"author":[{"embeddable":true,"href":"https:\/\/www.altominho.tv\/site\/wp-json\/wp\/v2\/users\/12"}],"replies":[{"embeddable":true,"href":"https:\/\/www.altominho.tv\/site\/wp-json\/wp\/v2\/comments?post=54371"}],"version-history":[{"count":0,"href":"https:\/\/www.altominho.tv\/site\/wp-json\/wp\/v2\/posts\/54371\/revisions"}],"wp:featuredmedia":[{"embeddable":true,"href":"https:\/\/www.altominho.tv\/site\/wp-json\/wp\/v2\/media\/54381"}],"wp:attachment":[{"href":"https:\/\/www.altominho.tv\/site\/wp-json\/wp\/v2\/media?parent=54371"}],"wp:term":[{"taxonomy":"category","embeddable":true,"href":"https:\/\/www.altominho.tv\/site\/wp-json\/wp\/v2\/categories?post=54371"},{"taxonomy":"post_tag","embeddable":true,"href":"https:\/\/www.altominho.tv\/site\/wp-json\/wp\/v2\/tags?post=54371"}],"curies":[{"name":"wp","href":"https:\/\/api.w.org\/{rel}","templated":true}]}}